{"id":402473,"date":"2013-09-21T13:00:00","date_gmt":"2013-09-21T10:00:00","guid":{"rendered":"http:\/\/devrri.freshlemon.ro\/le-roumain-mot-a-mot\/consulter-les-lecons\/la-semaine-du-16-au-21-septembre-2013-id402473.html"},"modified":"2013-09-21T13:00:00","modified_gmt":"2013-09-21T10:00:00","slug":"la-semaine-du-16-au-21-septembre-2013","status":"publish","type":"post","link":"https:\/\/www.rri.ro\/fr\/actualites\/cette-semaine-en-roumanie\/la-semaine-du-16-au-21-septembre-2013-id402473.html","title":{"rendered":"La semaine du 16 au 21 septembre 2013"},"content":{"rendered":"<\/p>\n<p>&#13;<br \/>\n&#13;<\/p>\n<p><strong>1. Le Parlement roumain a d\u00e9cid\u00e9 de la cr\u00e9ation d\u2019une commission sp\u00e9ciale consacr\u00e9e au projet de l\u2019exploitation mini\u00e8re de <\/strong><strong>Ro\u015fia Montan\u0103<\/strong><\/p>\n<p>&#13;<br \/>\n&#13;<\/p>\n<p>&#13;<br \/>\n&#13;<\/p>\n<p>Le pl\u00e9num r\u00e9uni du S\u00e9nat et de la Chambre des d\u00e9put\u00e9s de Bucarest a vot\u00e9 la cr\u00e9ation d\u2019une commission sp\u00e9ciale consacr\u00e9e au projet minier canadien de Ro\u015fia Montan\u0103 (au centre du pays). Le 20 octobre, la Commission sp\u00e9ciale devrait pr\u00e9senter son rapport sur la question. Le projet de l\u2019exploitation aurif\u00e8re de Ro\u015fia Montan\u0103 a provoqu\u00e9 des tensions au sein de l\u2019USL, au pouvoir, apr\u00e8s que le cabinet de Victor Ponta a mis sur pied un projet de r\u00e9glementation de l\u2019exploitation. Une d\u00e9cision qui a enflamm\u00e9 les esprits des Roumains. Des dizaines de milliers de gens continuent \u00e0 protester dans les rues de Bucarest et d\u2019autres villes de Roumanie, en affirmant que la technique d\u2019exploitation de l\u2019or \u00e0 base de cyanures aura un impact n\u00e9gatif sur l\u2019environnement. De leur c\u00f4t\u00e9, les partisans du projet, des habitants de Ro\u015fia Montan\u0103 pour la plupart, insistent sur le fait que l\u2019ouverture du site cr\u00e9erait des emplois et r\u00e9soudrait les probl\u00e8mes \u00e9conomiques et sociaux de la r\u00e9gion. Les mines de Ro\u015fia Montan\u0103 renferment le plus gros gisement d\u2019or d\u2019Europe et le troisi\u00e8me au monde. Concr\u00e8tement, il s\u2019agirait de 300 tonnes d\u2019or et 1.600 tonnes d\u2019argent qui pourraient rapporter plusieurs milliards.<\/p>\n<p>&#13;<br \/>\n&#13;<\/p>\n<p>&#13;<br \/>\n&#13;<\/p>\n<p><strong>2. La Roumanie souhaite conclure un nouvel accord de type pr\u00e9ventif avec la Commission europ\u00e9enne, le FMI et la Banque Mondiale<\/strong><\/p>\n<p>&#13;<br \/>\n&#13;<\/p>\n<p>&#13;<br \/>\n&#13;<\/p>\n<p>Le premier ministre roumain, Victor Ponta, a pr\u00e9sent\u00e9 au Parlement la lettre d\u2019intention en vue de la signature d\u2019un nouvel accord de type pr\u00e9ventif avec Commission europ\u00e9enne, le FMI et la Banque Mondiale. Il s\u2019agit d\u2019un accord sur deux ans, pour un montant de 4 milliards d\u2019euros. Les institutions financi\u00e8res internationales ont exig\u00e9 des r\u00e9formes dans le domaine de la Sant\u00e9 et la privatisation de plusieurs compagnies d\u2019Etat. Les seules majorations de taxes convenues avec le FMI dans le cadre du nouvel accord concernent les contributions \u00e0 l\u2019assurance maladie, les revenus ayant pour source les loyers et les accises sur les produits de luxe, pour compenser entre autres la baisse, de 24 \u00e0 9%, de la TVA sur le pain &#8212; a pr\u00e9cis\u00e9 le premier ministre Victor Ponta. Le Conseil d\u2019administration du FMI examinera la lettre d\u2019intention du gouvernement de Bucarest cet automne.<\/p>\n<p>&#13;<br \/>\n&#13;<\/p>\n<p>&#13;<br \/>\n&#13;<\/p>\n<p> <strong>3. Les anciens tortionnaires communistes condamn\u00e9s \u00e0 indemniser leurs anciennes victimes<\/strong><\/p>\n<p>&#13;<br \/>\n&#13;<\/p>\n<p>&#13;<br \/>\n&#13;<\/p>\n<p>A plus de 23 ans depuis la chute du communisme, le minist\u00e8re roumain de la Justice lance un d\u00e9bat public sur un projet de loi obligeant les anciens tortionnaires du r\u00e9gime communiste \u00e0 indemniser leurs victimes. Aux dires des anciens d\u00e9tenus politiques, cette mesure intervient trop tard vu que plus de 95% d\u2019entre eux ne sont plus en vie. Sur la liste des 35 tortionnaires entr\u00e9s dans le collimateur de lInstitut roumain de recherche sur les crimes du communisme figurent aussi Ion Ficior, ancien responsable du camp de travail de Periprava, et Alexandru Visinescu, ancien commandant en chef de la prison de Ramnicu Sarat. Les deux sont accus\u00e9s d\u2019avoir mis en place un r\u00e9gime de d\u00e9tention r\u00e9pressif et abusif contre les d\u00e9tenus politiques. Les m\u00e9thodes de pers\u00e9cution allaient de la privation de nourriture et de m\u00e9dicaments jusqu\u2019aux tortures les plus abominables. Ce qui choque vraiment, c\u2019est le fait que ces deux anciens tortionnaires touchent actuellement des pensions de retraite allant jusqu\u2019\u00e0 1200 euros par mois dans un pays o\u00f9 le SMIC se monte \u00e0 175 euros.<\/p>\n<p>&#13;<br \/>\n&#13;<\/p>\n<p>&#13;<br \/>\n&#13;<\/p>\n<p><strong>4. Les salari\u00e9s des domaines de la Sant\u00e9 et des Transports  protestent \u00e0 Bucarest <\/strong><\/p>\n<p>&#13;<br \/>\n&#13;<\/p>\n<p>&#13;<br \/>\n&#13;<\/p>\n<p>Cette semaine, les syndicats de la Sant\u00e9, ainsi que des Transports et des services publics, ont organis\u00e9 des protestations \u00e0 Bucarest, m\u00e9contents, essentiellement, du niveau tr\u00e8s bas des salaires. Depuis des ann\u00e9es, le syst\u00e8me sanitaire de Roumanie se confronte \u00e0 une crise qui n\u2019en finit plus. Les m\u00e9decins demandent qu\u2019au moins 6% du PIB soient allou\u00e9s \u00e0 ce domaine. En 2012, la Sant\u00e9 s\u2019est vu accorder 2,9% du PIB. Les syndicalistes des Transports et des services publics sont m\u00e9contents du montant du fonds salarial, maintenu au m\u00eame niveau depuis 2008. Les protestataires ont \u00e9galement demand\u00e9 la modification de la l\u00e9gislation en vigueur dans le domaine des Transports et la possibilit\u00e9 de n\u00e9gocier les conventions collectives. Les salari\u00e9s du m\u00e9tro bucarestois ont lanc\u00e9 mardi une gr\u00e8ve d\u2019avertissement apr\u00e8s l\u2019\u00e9chec des n\u00e9gociations avec l\u2019administration sur la convention collective. Les travailleurs des transports menacent d\u2019arr\u00eater le travail pour une p\u00e9riode illimit\u00e9e, \u00e0 partir du 30 septembre, si leurs demandes ne sont pas satisfaites.<\/p>\n<p>&#13;<br \/>\n&#13;<\/p>\n<p>&#13;<br \/>\n&#13;<\/p>\n<p> <strong>5. Le premier ministre roumain, Victor Ponta, en visite officielle en Turquie.<\/strong><\/p>\n<p>&#13;<br \/>\n&#13;<\/p>\n<p>&#13;<br \/>\n&#13;<\/p>\n<p> Le Premier ministre roumain, Victor Ponta, a fait une visite officielle en Turquie pour des pourparlers avec le pr\u00e9sident turc, Abdullah G\u00fcl, et le premier ministre Recep Tayip Erdogan. Les discussions ont vis\u00e9 notamment le partenariat strat\u00e9gique roumano-turc sign\u00e9 en 2011 et des projets \u00e9nerg\u00e9tiques communs. A cette occasion, le chef du cabinet de Bucarest a pr\u00e9cis\u00e9 que la s\u00e9curit\u00e9 \u00e9nerg\u00e9tique repr\u00e9senterait d\u2019ici quelques ann\u00e9es un v\u00e9ritable enjeu aussi bien de Bucarest que d\u2019Ankara. Par ailleurs, Ponta a tenu \u00e0 r\u00e9it\u00e9rer le soutien de la Roumanie \u00e0 l\u2019adh\u00e9sion europ\u00e9enne de la Turquie. Celle-ci est le premier partenaire commercial de Bucarest \u00e0 l\u2019ext\u00e9rieur de l\u2019UE. (Trad. : Ioana St\u0103ncescu, Dominique)<\/p>\n<p>&#13;<\/p>\n","protected":false},"excerpt":{"rendered":"<p>&#13; &#13; 1. Le Parlement roumain a d\u00e9cid\u00e9 de la cr\u00e9ation d\u2019une commission sp\u00e9ciale consacr\u00e9e au projet de l\u2019exploitation mini\u00e8re de Ro\u015fia Montan\u0103 &#13; &#13; &#13; &#13; Le pl\u00e9num r\u00e9uni du S\u00e9nat et de la Chambre des d\u00e9put\u00e9s de Bucarest a vot\u00e9 la cr\u00e9ation d\u2019une commission sp\u00e9ciale consacr\u00e9e au projet minier canadien de Ro\u015fia Montan\u0103 [&hellip;]<\/p>\n","protected":false},"author":106,"featured_media":209839,"comment_status":"closed","ping_status":"closed","sticky":false,"template":"","format":"standard","meta":{"_acf_changed":false,"footnotes":""},"categories":[94426],"tags":[58337,116084,89320,89716,89554,85700,89560,31114,88141,29184],"coauthors":[],"class_list":["post-402473","post","type-post","status-publish","format-standard","has-post-thumbnail","hentry","category-cette-semaine-en-roumanie","tag-abdullah-gul","tag-fmi-fr","tag-la-banque-mondiale","tag-la-commission-europeenne","tag-lettre-dintention","tag-protestations","tag-recep-tayip-erdogan","tag-rosia-montana","tag-turquie","tag-victor-ponta"],"acf":[],"yoast_head":"<!-- This site is optimized with the Yoast SEO plugin v27.3 - https:\/\/yoast.com\/product\/yoast-seo-wordpress\/ -->\n<title>La semaine du 16 au 21 septembre 2013 - Radio Roumanie Internationale<\/title>\n<meta name=\"robots\" content=\"index, follow, max-snippet:-1, max-image-preview:large, max-video-preview:-1\" \/>\n<link rel=\"canonical\" href=\"https:\/\/www.rri.ro\/fr\/actualites\/cette-semaine-en-roumanie\/la-semaine-du-16-au-21-septembre-2013-id402473.html\" \/>\n<meta property=\"og:locale\" content=\"fr_FR\" \/>\n<meta property=\"og:type\" content=\"article\" \/>\n<meta property=\"og:title\" content=\"La semaine du 16 au 21 septembre 2013 - Radio Roumanie Internationale\" \/>\n<meta property=\"og:description\" content=\"&#013; &#013; 1. Le Parlement roumain a d\u00e9cid\u00e9 de la cr\u00e9ation d\u2019une commission sp\u00e9ciale consacr\u00e9e au projet de l\u2019exploitation mini\u00e8re de Ro\u015fia Montan\u0103 &#013; &#013; &#013; &#013; Le pl\u00e9num r\u00e9uni du S\u00e9nat et de la Chambre des d\u00e9put\u00e9s de Bucarest a vot\u00e9 la cr\u00e9ation d\u2019une commission sp\u00e9ciale consacr\u00e9e au projet minier canadien de Ro\u015fia Montan\u0103 [&hellip;]\" \/>\n<meta property=\"og:url\" content=\"https:\/\/www.rri.ro\/fr\/actualites\/cette-semaine-en-roumanie\/la-semaine-du-16-au-21-septembre-2013-id402473.html\" \/>\n<meta property=\"og:site_name\" content=\"Radio Roumanie Internationale\" \/>\n<meta property=\"article:published_time\" content=\"2013-09-21T10:00:00+00:00\" \/>\n<meta property=\"og:image\" content=\"https:\/\/www.rri.ro\/wp-content\/uploads\/2023\/10\/718px-Calendarmai.png\" \/>\n\t<meta property=\"og:image:width\" content=\"640\" \/>\n\t<meta property=\"og:image:height\" content=\"480\" \/>\n\t<meta property=\"og:image:type\" content=\"image\/png\" \/>\n<meta name=\"author\" content=\"Mihai Pelin\" \/>\n<meta name=\"twitter:card\" content=\"summary_large_image\" \/>\n<meta name=\"twitter:label1\" content=\"\u00c9crit par\" \/>\n\t<meta name=\"twitter:data1\" content=\"Mihai Pelin\" \/>\n\t<meta name=\"twitter:label2\" content=\"Dur\u00e9e de lecture estim\u00e9e\" \/>\n\t<meta name=\"twitter:data2\" content=\"5 minutes\" \/>\n\t<meta name=\"twitter:label3\" content=\"Written by\" \/>\n\t<meta name=\"twitter:data3\" content=\"Mihai Pelin\" \/>\n<script type=\"application\/ld+json\" class=\"yoast-schema-graph\">{\"@context\":\"https:\\\/\\\/schema.org\",\"@graph\":[{\"@type\":\"Article\",\"@id\":\"https:\\\/\\\/www.rri.ro\\\/fr\\\/actualites\\\/cette-semaine-en-roumanie\\\/la-semaine-du-16-au-21-septembre-2013-id402473.html#article\",\"isPartOf\":{\"@id\":\"https:\\\/\\\/www.rri.ro\\\/fr\\\/actualites\\\/cette-semaine-en-roumanie\\\/la-semaine-du-16-au-21-septembre-2013-id402473.html\"},\"author\":{\"name\":\"Mihai Pelin\",\"@id\":\"https:\\\/\\\/www.rri.ro\\\/#\\\/schema\\\/person\\\/c6036c822534c855dc3aad41a484f05d\"},\"headline\":\"La semaine du 16 au 21 septembre 2013\",\"datePublished\":\"2013-09-21T10:00:00+00:00\",\"mainEntityOfPage\":{\"@id\":\"https:\\\/\\\/www.rri.ro\\\/fr\\\/actualites\\\/cette-semaine-en-roumanie\\\/la-semaine-du-16-au-21-septembre-2013-id402473.html\"},\"wordCount\":959,\"image\":{\"@id\":\"https:\\\/\\\/www.rri.ro\\\/fr\\\/actualites\\\/cette-semaine-en-roumanie\\\/la-semaine-du-16-au-21-septembre-2013-id402473.html#primaryimage\"},\"thumbnailUrl\":\"https:\\\/\\\/www.rri.ro\\\/wp-content\\\/uploads\\\/2023\\\/10\\\/718px-Calendarmai.png\",\"keywords\":[\"Abdullah Gul\",\"FMI\",\"la Banque Mondiale\",\"la Commission europ\u00e9enne\",\"lettre d'intention\",\"protestations\",\"Recep Tayip Erdogan\",\"Rosia Montana\",\"Turquie\",\"Victor Ponta\"],\"articleSection\":[\"Cette semaine, en Roumanie\"],\"inLanguage\":\"fr-FR\"},{\"@type\":\"WebPage\",\"@id\":\"https:\\\/\\\/www.rri.ro\\\/fr\\\/actualites\\\/cette-semaine-en-roumanie\\\/la-semaine-du-16-au-21-septembre-2013-id402473.html\",\"url\":\"https:\\\/\\\/www.rri.ro\\\/fr\\\/actualites\\\/cette-semaine-en-roumanie\\\/la-semaine-du-16-au-21-septembre-2013-id402473.html\",\"name\":\"La semaine du 16 au 21 septembre 2013 - Radio Roumanie Internationale\",\"isPartOf\":{\"@id\":\"https:\\\/\\\/www.rri.ro\\\/#website\"},\"primaryImageOfPage\":{\"@id\":\"https:\\\/\\\/www.rri.ro\\\/fr\\\/actualites\\\/cette-semaine-en-roumanie\\\/la-semaine-du-16-au-21-septembre-2013-id402473.html#primaryimage\"},\"image\":{\"@id\":\"https:\\\/\\\/www.rri.ro\\\/fr\\\/actualites\\\/cette-semaine-en-roumanie\\\/la-semaine-du-16-au-21-septembre-2013-id402473.html#primaryimage\"},\"thumbnailUrl\":\"https:\\\/\\\/www.rri.ro\\\/wp-content\\\/uploads\\\/2023\\\/10\\\/718px-Calendarmai.png\",\"datePublished\":\"2013-09-21T10:00:00+00:00\",\"author\":{\"@id\":\"https:\\\/\\\/www.rri.ro\\\/#\\\/schema\\\/person\\\/c6036c822534c855dc3aad41a484f05d\"},\"breadcrumb\":{\"@id\":\"https:\\\/\\\/www.rri.ro\\\/fr\\\/actualites\\\/cette-semaine-en-roumanie\\\/la-semaine-du-16-au-21-septembre-2013-id402473.html#breadcrumb\"},\"inLanguage\":\"fr-FR\",\"potentialAction\":[{\"@type\":\"ReadAction\",\"target\":[\"https:\\\/\\\/www.rri.ro\\\/fr\\\/actualites\\\/cette-semaine-en-roumanie\\\/la-semaine-du-16-au-21-septembre-2013-id402473.html\"]}]},{\"@type\":\"ImageObject\",\"inLanguage\":\"fr-FR\",\"@id\":\"https:\\\/\\\/www.rri.ro\\\/fr\\\/actualites\\\/cette-semaine-en-roumanie\\\/la-semaine-du-16-au-21-septembre-2013-id402473.html#primaryimage\",\"url\":\"https:\\\/\\\/www.rri.ro\\\/wp-content\\\/uploads\\\/2023\\\/10\\\/718px-Calendarmai.png\",\"contentUrl\":\"https:\\\/\\\/www.rri.ro\\\/wp-content\\\/uploads\\\/2023\\\/10\\\/718px-Calendarmai.png\",\"width\":640,\"height\":480},{\"@type\":\"BreadcrumbList\",\"@id\":\"https:\\\/\\\/www.rri.ro\\\/fr\\\/actualites\\\/cette-semaine-en-roumanie\\\/la-semaine-du-16-au-21-septembre-2013-id402473.html#breadcrumb\",\"itemListElement\":[{\"@type\":\"ListItem\",\"position\":1,\"name\":\"Page d'accueil\",\"item\":\"https:\\\/\\\/www.rri.ro\\\/fr\"},{\"@type\":\"ListItem\",\"position\":2,\"name\":\"Actualit\u00e9s\",\"item\":\"https:\\\/\\\/www.rri.ro\\\/fr\\\/actualites\"},{\"@type\":\"ListItem\",\"position\":3,\"name\":\"Cette semaine, en Roumanie\",\"item\":\"https:\\\/\\\/www.rri.ro\\\/fr\\\/actualites\\\/cette-semaine-en-roumanie\"},{\"@type\":\"ListItem\",\"position\":4,\"name\":\"La semaine du 16 au 21 septembre 2013\"}]},{\"@type\":\"WebSite\",\"@id\":\"https:\\\/\\\/www.rri.ro\\\/#website\",\"url\":\"https:\\\/\\\/www.rri.ro\\\/\",\"name\":\"Radio Roumanie Internationale\",\"description\":\"Totul despre Rom\u00e2nia \u015fi rom\u00e2ni, \u00een 13 limbi\\\/dialecte!\",\"inLanguage\":\"fr-FR\"},{\"@type\":\"Person\",\"@id\":\"https:\\\/\\\/www.rri.ro\\\/#\\\/schema\\\/person\\\/c6036c822534c855dc3aad41a484f05d\",\"name\":\"Mihai Pelin\",\"url\":\"https:\\\/\\\/www.rri.ro\\\/fr\\\/author\\\/mihai-pelin\"}]}<\/script>\n<!-- \/ Yoast SEO plugin. -->","yoast_head_json":{"title":"La semaine du 16 au 21 septembre 2013 - Radio Roumanie Internationale","robots":{"index":"index","follow":"follow","max-snippet":"max-snippet:-1","max-image-preview":"max-image-preview:large","max-video-preview":"max-video-preview:-1"},"canonical":"https:\/\/www.rri.ro\/fr\/actualites\/cette-semaine-en-roumanie\/la-semaine-du-16-au-21-septembre-2013-id402473.html","og_locale":"fr_FR","og_type":"article","og_title":"La semaine du 16 au 21 septembre 2013 - Radio Roumanie Internationale","og_description":"&#13; &#13; 1. Le Parlement roumain a d\u00e9cid\u00e9 de la cr\u00e9ation d\u2019une commission sp\u00e9ciale consacr\u00e9e au projet de l\u2019exploitation mini\u00e8re de Ro\u015fia Montan\u0103 &#13; &#13; &#13; &#13; Le pl\u00e9num r\u00e9uni du S\u00e9nat et de la Chambre des d\u00e9put\u00e9s de Bucarest a vot\u00e9 la cr\u00e9ation d\u2019une commission sp\u00e9ciale consacr\u00e9e au projet minier canadien de Ro\u015fia Montan\u0103 [&hellip;]","og_url":"https:\/\/www.rri.ro\/fr\/actualites\/cette-semaine-en-roumanie\/la-semaine-du-16-au-21-septembre-2013-id402473.html","og_site_name":"Radio Roumanie Internationale","article_published_time":"2013-09-21T10:00:00+00:00","og_image":[{"width":640,"height":480,"url":"https:\/\/www.rri.ro\/wp-content\/uploads\/2023\/10\/718px-Calendarmai.png","type":"image\/png"}],"author":"Mihai Pelin","twitter_card":"summary_large_image","twitter_misc":{"\u00c9crit par":"Mihai Pelin","Dur\u00e9e de lecture estim\u00e9e":"5 minutes","Written by":"Mihai Pelin"},"schema":{"@context":"https:\/\/schema.org","@graph":[{"@type":"Article","@id":"https:\/\/www.rri.ro\/fr\/actualites\/cette-semaine-en-roumanie\/la-semaine-du-16-au-21-septembre-2013-id402473.html#article","isPartOf":{"@id":"https:\/\/www.rri.ro\/fr\/actualites\/cette-semaine-en-roumanie\/la-semaine-du-16-au-21-septembre-2013-id402473.html"},"author":{"name":"Mihai Pelin","@id":"https:\/\/www.rri.ro\/#\/schema\/person\/c6036c822534c855dc3aad41a484f05d"},"headline":"La semaine du 16 au 21 septembre 2013","datePublished":"2013-09-21T10:00:00+00:00","mainEntityOfPage":{"@id":"https:\/\/www.rri.ro\/fr\/actualites\/cette-semaine-en-roumanie\/la-semaine-du-16-au-21-septembre-2013-id402473.html"},"wordCount":959,"image":{"@id":"https:\/\/www.rri.ro\/fr\/actualites\/cette-semaine-en-roumanie\/la-semaine-du-16-au-21-septembre-2013-id402473.html#primaryimage"},"thumbnailUrl":"https:\/\/www.rri.ro\/wp-content\/uploads\/2023\/10\/718px-Calendarmai.png","keywords":["Abdullah Gul","FMI","la Banque Mondiale","la Commission europ\u00e9enne","lettre d'intention","protestations","Recep Tayip Erdogan","Rosia Montana","Turquie","Victor Ponta"],"articleSection":["Cette semaine, en Roumanie"],"inLanguage":"fr-FR"},{"@type":"WebPage","@id":"https:\/\/www.rri.ro\/fr\/actualites\/cette-semaine-en-roumanie\/la-semaine-du-16-au-21-septembre-2013-id402473.html","url":"https:\/\/www.rri.ro\/fr\/actualites\/cette-semaine-en-roumanie\/la-semaine-du-16-au-21-septembre-2013-id402473.html","name":"La semaine du 16 au 21 septembre 2013 - Radio Roumanie Internationale","isPartOf":{"@id":"https:\/\/www.rri.ro\/#website"},"primaryImageOfPage":{"@id":"https:\/\/www.rri.ro\/fr\/actualites\/cette-semaine-en-roumanie\/la-semaine-du-16-au-21-septembre-2013-id402473.html#primaryimage"},"image":{"@id":"https:\/\/www.rri.ro\/fr\/actualites\/cette-semaine-en-roumanie\/la-semaine-du-16-au-21-septembre-2013-id402473.html#primaryimage"},"thumbnailUrl":"https:\/\/www.rri.ro\/wp-content\/uploads\/2023\/10\/718px-Calendarmai.png","datePublished":"2013-09-21T10:00:00+00:00","author":{"@id":"https:\/\/www.rri.ro\/#\/schema\/person\/c6036c822534c855dc3aad41a484f05d"},"breadcrumb":{"@id":"https:\/\/www.rri.ro\/fr\/actualites\/cette-semaine-en-roumanie\/la-semaine-du-16-au-21-septembre-2013-id402473.html#breadcrumb"},"inLanguage":"fr-FR","potentialAction":[{"@type":"ReadAction","target":["https:\/\/www.rri.ro\/fr\/actualites\/cette-semaine-en-roumanie\/la-semaine-du-16-au-21-septembre-2013-id402473.html"]}]},{"@type":"ImageObject","inLanguage":"fr-FR","@id":"https:\/\/www.rri.ro\/fr\/actualites\/cette-semaine-en-roumanie\/la-semaine-du-16-au-21-septembre-2013-id402473.html#primaryimage","url":"https:\/\/www.rri.ro\/wp-content\/uploads\/2023\/10\/718px-Calendarmai.png","contentUrl":"https:\/\/www.rri.ro\/wp-content\/uploads\/2023\/10\/718px-Calendarmai.png","width":640,"height":480},{"@type":"BreadcrumbList","@id":"https:\/\/www.rri.ro\/fr\/actualites\/cette-semaine-en-roumanie\/la-semaine-du-16-au-21-septembre-2013-id402473.html#breadcrumb","itemListElement":[{"@type":"ListItem","position":1,"name":"Page d'accueil","item":"https:\/\/www.rri.ro\/fr"},{"@type":"ListItem","position":2,"name":"Actualit\u00e9s","item":"https:\/\/www.rri.ro\/fr\/actualites"},{"@type":"ListItem","position":3,"name":"Cette semaine, en Roumanie","item":"https:\/\/www.rri.ro\/fr\/actualites\/cette-semaine-en-roumanie"},{"@type":"ListItem","position":4,"name":"La semaine du 16 au 21 septembre 2013"}]},{"@type":"WebSite","@id":"https:\/\/www.rri.ro\/#website","url":"https:\/\/www.rri.ro\/","name":"Radio Roumanie Internationale","description":"Totul despre Rom\u00e2nia \u015fi rom\u00e2ni, \u00een 13 limbi\/dialecte!","inLanguage":"fr-FR"},{"@type":"Person","@id":"https:\/\/www.rri.ro\/#\/schema\/person\/c6036c822534c855dc3aad41a484f05d","name":"Mihai Pelin","url":"https:\/\/www.rri.ro\/fr\/author\/mihai-pelin"}]}},"_links":{"self":[{"href":"https:\/\/www.rri.ro\/fr\/wp-json\/wp\/v2\/posts\/402473","targetHints":{"allow":["GET"]}}],"collection":[{"href":"https:\/\/www.rri.ro\/fr\/wp-json\/wp\/v2\/posts"}],"about":[{"href":"https:\/\/www.rri.ro\/fr\/wp-json\/wp\/v2\/types\/post"}],"author":[{"embeddable":true,"href":"https:\/\/www.rri.ro\/fr\/wp-json\/wp\/v2\/users\/106"}],"replies":[{"embeddable":true,"href":"https:\/\/www.rri.ro\/fr\/wp-json\/wp\/v2\/comments?post=402473"}],"version-history":[{"count":0,"href":"https:\/\/www.rri.ro\/fr\/wp-json\/wp\/v2\/posts\/402473\/revisions"}],"wp:featuredmedia":[{"embeddable":true,"href":"https:\/\/www.rri.ro\/fr\/wp-json\/wp\/v2\/media\/209839"}],"wp:attachment":[{"href":"https:\/\/www.rri.ro\/fr\/wp-json\/wp\/v2\/media?parent=402473"}],"wp:term":[{"taxonomy":"category","embeddable":true,"href":"https:\/\/www.rri.ro\/fr\/wp-json\/wp\/v2\/categories?post=402473"},{"taxonomy":"post_tag","embeddable":true,"href":"https:\/\/www.rri.ro\/fr\/wp-json\/wp\/v2\/tags?post=402473"},{"taxonomy":"author","embeddable":true,"href":"https:\/\/www.rri.ro\/fr\/wp-json\/wp\/v2\/coauthors?post=402473"}],"curies":[{"name":"wp","href":"https:\/\/api.w.org\/{rel}","templated":true}]}}