{"id":402475,"date":"2013-10-05T13:01:00","date_gmt":"2013-10-05T10:01:00","guid":{"rendered":"http:\/\/devrri.freshlemon.ro\/le-roumain-mot-a-mot\/consulter-les-lecons\/la-semaine-du-30-septembre-au-05-octobre-2013-id402475.html"},"modified":"2013-10-05T13:01:00","modified_gmt":"2013-10-05T10:01:00","slug":"la-semaine-du-30-septembre-au-05-octobre-2013","status":"publish","type":"post","link":"https:\/\/www.rri.ro\/fr\/actualites\/cette-semaine-en-roumanie\/la-semaine-du-30-septembre-au-05-octobre-2013-id402475.html","title":{"rendered":"La semaine du 30 septembre au 05 octobre 2013"},"content":{"rendered":"<p><strong>La Roumanie et l\u2019espace Schengen<\/strong><\/p>\n<p>&#13;<br \/>\n&#13;<\/p>\n<p>&#13;<br \/>\n&#13;<\/p>\n<p>Le chemin de la Roumanie vers l\u2019espace europ\u00e9en de libre circulation est parsem\u00e9 d\u2019emb\u00fbches. Cela fait deux ans d\u00e9j\u00e0 qu\u2019elle attend, tout comme sa voisine, la Bulgarie, le feu vert lui permettant d\u2019y adh\u00e9rer, car certains pays de l\u2019UE s\u2019y opposent, en arguant de la corruption qu\u2019ils pointent du doigt. Le ministre fran\u00e7ais des affaires europ\u00e9ennes,  Thierry Repentin, affirmait, cette semaine, que Bucarest et Sofia ne seraient pas accept\u00e9es bient\u00f4t, en raison du prochain rapport sur la justice qui doit \u00eatre \u00e9labor\u00e9 par la Commission europ\u00e9enne et qui, dit-il, ne leur sera pas favorable. En outre, bon nombre d\u2019hommes politiques fran\u00e7ais, soient-ils au pouvoir ou en opposition, invoquent la question de rroms originaires de Roumanie, qui ont du mal \u00e0 s\u2019int\u00e9grer et dont ils craignent l\u2019immigration massive. Pourtant, le vice-pr\u00e9sident du groupe d\u2019amiti\u00e9 franco-roumain, Pierre Dufau, soutient que l\u2019insertion des rroms au sein des communaut\u00e9s fran\u00e7aise ou europ\u00e9enne ne devrait pas \u00eatre li\u00e9e \u00e0 cette autre question qu\u2019est l\u2019entr\u00e9e de la Roumanie dans l\u2019espace Schengen.<\/p>\n<p>&#13;<br \/>\n&#13;<\/p>\n<p>En plus, il existe entre Bucarest et Paris un partenariat strat\u00e9gique, sur la base duquel les officiels fran\u00e7ais ont exprim\u00e9 leur appui \u00e0 l\u2019adh\u00e9sion de la Roumanie \u00e0 l\u2019espace Schengen. Les objectifs de ce partenariat se soutiennent par la r\u00e9ciprocit\u00e9, a pour sa part d\u00e9clar\u00e9 le ministre roumain des affaires \u00e9trang\u00e8res, Titus Corlatean. <em><strong>\u00ab <\/strong><\/em><em>C\u2019est ce qu\u2019il a \u00e9t\u00e9 convenu par le partenariat strat\u00e9gique et la feuille de route que nous avons sign\u00e9e avec le premier ministre fran\u00e7ais \u00e0 Paris, il y a quelques mois. On y retrouve un objectif commun, assum\u00e9 par les deux parties, \u00e0 savoir l\u2019appui par la France des d\u00e9marches de Bucarest en vue de son entr\u00e9e dans l\u2019espace Schengen, ainsi que certains autres objectifs fort importants relevant des domaines politique, strat\u00e9gique, \u00e9conomique et culturel. Un tel partenariat se doit d\u2019\u00eatre soutenu par la r\u00e9ciprocit\u00e9. A d\u00e9faut de cette r\u00e9ciprocit\u00e9, il conviendrait que le gouvernement fran\u00e7ais nous fasse conna\u00eetre cette conclusion non pas par l\u2019interm\u00e9diaire des m\u00e9dias, mais par les canaux officiels. \u00bb<\/em><\/p>\n<p>&#13;<br \/>\n&#13;<\/p>\n<p>&#13;<br \/>\n&#13;<\/p>\n<p><strong>L\u2019exploitation aurif\u00e8re de Rosia Montana &#8212; source de dilemmes<\/strong><\/p>\n<p>&#13;<br \/>\n&#13;<\/p>\n<p>&#13;<br \/>\n&#13;<\/p>\n<p>Le projet sur l\u2019exploitation mini\u00e8re de Rosia Montana &#8212; au centre de la Roumanie, continue \u00e0 susciter des controverses. Le gisement d\u2019or de 300 tonnes est \u00e0 pr\u00e9sent consid\u00e9r\u00e9 comme le plus important en Europe et le troisi\u00e8me au monde. Les contestataires du projet affirment que l\u2019exploitation par cyanuration menacent l\u2019environnement et les vestiges historiques. Les supporters, eux, soutiennent que l\u2019ouverture de la mine cr\u00e9erait des emplois. Depuis plus de deux semaines, toutes les parties impliqu\u00e9es sont entendues par la commission sp\u00e9ciale, mise en place pour examiner le dossier, ainsi que par plusieurs commissions sp\u00e9cialis\u00e9es. Le chef du Service roumain de Renseignement, George Maior, affirme que Rosia Montana est un probl\u00e8me de s\u00e9curit\u00e9 nationale mais qu\u2019il ne peut pas se prononcer sur l\u2019opportunit\u00e9 de la mise en route du projet.<\/p>\n<p>&#13;<br \/>\n&#13;<\/p>\n<p>De l\u2019autre c\u00f4t\u00e9, les repr\u00e9sentants de l\u2019investisseur canadien affirment que l\u2019exploitation profitera \u00e0 la Roumanie d\u2019un point de vue \u00e9conomique, que l\u2019environnement sera beaucoup plus propre qu\u2019il ne l\u2019est \u00e0 pr\u00e9sent et que le patrimoine culturel, dont notamment celui arch\u00e9ologique, sera mis en valeur.<\/p>\n<p>&#13;<br \/>\n&#13;<\/p>\n<p>&#13;<br \/>\n&#13;<\/p>\n<p><strong>Temps extr\u00eame en Roumanie en ce d\u00e9but d\u2019octobre<\/strong><\/p>\n<p>&#13;<br \/>\n&#13;<\/p>\n<p>&#13;<br \/>\n&#13;<\/p>\n<p>Le mois d\u2019octobre a d\u00e9but\u00e9 avec des temp\u00e9ratures beaucoup en-dessous des normales saisonni\u00e8res. Par exemple, \u00e0 Bucarest le 1er octobre 2013 a \u00e9t\u00e9 le jour le plus froid de ces 80 derni\u00e8res ann\u00e9es, les maximales ne d\u00e9passant pas les 7 degr\u00e9s. La moiti\u00e9 sud du pays a \u00e9t\u00e9 touch\u00e9e par des pluies abondantes et un vent fort. Le bilan des intemp\u00e9ries: routes et fermes inond\u00e9es, localit\u00e9s priv\u00e9es d\u2019\u00e9lectricit\u00e9, arbres d\u00e9racin\u00e9s et toits arrach\u00e9s, des dizaines de voitures endommag\u00e9s. Les chutes de neige et les temp\u00eates de neige ayant frapp\u00e9 le centre du territoire et  les r\u00e9gions de montagne ont provoqu\u00e9 des embouteillages et accidents de la route.  En m\u00eame temps, plusieurs trains internationaux et nationaux ont enregistr\u00e9 des retards importants.<\/p>\n<p>&#13;<br \/>\n&#13;<\/p>\n<p>&#13;<br \/>\n&#13;<\/p>\n<p><strong>La Banque Nationale de Roumanie a abaiss\u00e9 le taux directeur de 4,5 \u00e0 4,25%<\/strong><\/p>\n<p>&#13;<br \/>\n&#13;<\/p>\n<p>&#13;<br \/>\n&#13;<\/p>\n<p>Depuis le 1er octobre, la Banque Nationale de Roumanie a abaiss\u00e9 son taux directeur jusqu\u2019\u00e0 un nouveau minimum historique, pour la troisi\u00e8me fois de suite. Celui&#8211;ci est pass\u00e9 de 4,5 \u00e0 4,25% par an. La mesure est cens\u00e9e relancer les cr\u00e9dits en monnaie nationale. Toutefois, jusqu\u2019ici les effets se sont fait attendre, les banques commerciales \u00e9tant  critiqu\u00e9es pour ne pas avoir suivi les recommandations de la Banque centrale et ne pas avoir diminu\u00e9 les prix des cr\u00e9dits en monnaie nationale. Pire encore, a soulign\u00e9 le gouverneur de la Banque centrale, Mugur Isarescu, au lieu de baisser les taux d\u2019int\u00e9r\u00eats des pr\u00eats, les banques commerciales ont diminu\u00e9 ceux des \u00e9conomies.<\/p>\n<p>&#13;<br \/>\n&#13;<\/p>\n<p>&#13;<br \/>\n&#13;<\/p>\n<p><strong>La premi\u00e8re \u00e9dition du Festival International de Th\u00e9\u00e2tre  Radiophonique Grand Prix Nova, organis\u00e9 par la Radio publique roumaine <\/strong><\/p>\n<p>&#13;<br \/>\n&#13;<\/p>\n<p>&#13;<br \/>\n&#13;<\/p>\n<p>Plus de 50 pi\u00e8ces de th\u00e9\u00e2tre de 22 pays ont particip\u00e9 \u00e0 la premi\u00e8re \u00e9dition du Festival International de Th\u00e9\u00e2tre Radiophonique <em>Grand Prix Nova<\/em> accueilli cette semaine par la capitale roumaine, Bucarest. Organis\u00e9 par la radio publique de Roumanie, sous le haut patronage de  la princesse h\u00e9riti\u00e8re Margareta de Roumanie, le festival compte parmi les \u00e9v\u00e9nements marquant le 85e anniversaire de la radio publique roumaine, qui sera c\u00e9l\u00e9br\u00e9 le 1er novembre. La premi\u00e8re pi\u00e8ce de th\u00e9\u00e2tre radiophonique a \u00e9t\u00e9 diffus\u00e9e en Roumanie en f\u00e9vrier 1929.  (trad. Alexandra Pop, Mariana Tudose)<\/p>\n<p>&#13;<br \/>\n&#13;<\/p>\n<p>&#13;<\/p>\n","protected":false},"excerpt":{"rendered":"<p>La Roumanie et l\u2019espace Schengen &#13; &#13; &#13; &#13; Le chemin de la Roumanie vers l\u2019espace europ\u00e9en de libre circulation est parsem\u00e9 d\u2019emb\u00fbches. Cela fait deux ans d\u00e9j\u00e0 qu\u2019elle attend, tout comme sa voisine, la Bulgarie, le feu vert lui permettant d\u2019y adh\u00e9rer, car certains pays de l\u2019UE s\u2019y opposent, en arguant de la corruption [&hellip;]<\/p>\n","protected":false},"author":46,"featured_media":209839,"comment_status":"closed","ping_status":"closed","sticky":false,"template":"","format":"standard","meta":{"_acf_changed":false,"footnotes":""},"categories":[94426],"tags":[29019,89218,93435,93554,94741,89573,88080,94740,33056],"coauthors":[],"class_list":["post-402475","post","type-post","status-publish","format-standard","has-post-thumbnail","hentry","category-cette-semaine-en-roumanie","tag-george-maior","tag-intemperies","tag-lespace-schengen","tag-la-banque-nationale-de-roumanie","tag-le-festival-international-de-theatre-radiophonique-grand-prix-nova","tag-lexploitation-aurifere-de-rosia-montana","tag-taux-directeur","tag-thierry-repentin","tag-titus-corlatean"],"acf":[],"yoast_head":"<!-- This site is optimized with the Yoast SEO plugin v27.5 - https:\/\/yoast.com\/product\/yoast-seo-wordpress\/ -->\n<title>La semaine du 30 septembre au 05 octobre 2013 - Radio Roumanie Internationale<\/title>\n<meta name=\"robots\" content=\"index, follow, max-snippet:-1, max-image-preview:large, max-video-preview:-1\" \/>\n<link rel=\"canonical\" href=\"https:\/\/www.rri.ro\/fr\/actualites\/cette-semaine-en-roumanie\/la-semaine-du-30-septembre-au-05-octobre-2013-id402475.html\" \/>\n<meta property=\"og:locale\" content=\"fr_FR\" \/>\n<meta property=\"og:type\" content=\"article\" \/>\n<meta property=\"og:title\" content=\"La semaine du 30 septembre au 05 octobre 2013 - Radio Roumanie Internationale\" \/>\n<meta property=\"og:description\" content=\"La Roumanie et l\u2019espace Schengen &#013; &#013; &#013; &#013; Le chemin de la Roumanie vers l\u2019espace europ\u00e9en de libre circulation est parsem\u00e9 d\u2019emb\u00fbches. Cela fait deux ans d\u00e9j\u00e0 qu\u2019elle attend, tout comme sa voisine, la Bulgarie, le feu vert lui permettant d\u2019y adh\u00e9rer, car certains pays de l\u2019UE s\u2019y opposent, en arguant de la corruption [&hellip;]\" \/>\n<meta property=\"og:url\" content=\"https:\/\/www.rri.ro\/fr\/actualites\/cette-semaine-en-roumanie\/la-semaine-du-30-septembre-au-05-octobre-2013-id402475.html\" \/>\n<meta property=\"og:site_name\" content=\"Radio Roumanie Internationale\" \/>\n<meta property=\"article:published_time\" content=\"2013-10-05T10:01:00+00:00\" \/>\n<meta property=\"og:image\" content=\"https:\/\/www.rri.ro\/wp-content\/uploads\/2023\/10\/718px-Calendarmai.png\" \/>\n\t<meta property=\"og:image:width\" content=\"640\" \/>\n\t<meta property=\"og:image:height\" content=\"480\" \/>\n\t<meta property=\"og:image:type\" content=\"image\/png\" \/>\n<meta name=\"author\" content=\"Leyla Cheamil\" \/>\n<meta name=\"twitter:card\" content=\"summary_large_image\" \/>\n<meta name=\"twitter:label1\" content=\"\u00c9crit par\" \/>\n\t<meta name=\"twitter:data1\" content=\"Leyla Cheamil\" \/>\n\t<meta name=\"twitter:label2\" content=\"Dur\u00e9e de lecture estim\u00e9e\" \/>\n\t<meta name=\"twitter:data2\" content=\"5 minutes\" \/>\n\t<meta name=\"twitter:label3\" content=\"Written by\" \/>\n\t<meta name=\"twitter:data3\" content=\"Leyla Cheamil\" \/>\n<script type=\"application\/ld+json\" class=\"yoast-schema-graph\">{\"@context\":\"https:\\\/\\\/schema.org\",\"@graph\":[{\"@type\":\"Article\",\"@id\":\"https:\\\/\\\/www.rri.ro\\\/fr\\\/actualites\\\/cette-semaine-en-roumanie\\\/la-semaine-du-30-septembre-au-05-octobre-2013-id402475.html#article\",\"isPartOf\":{\"@id\":\"https:\\\/\\\/www.rri.ro\\\/fr\\\/actualites\\\/cette-semaine-en-roumanie\\\/la-semaine-du-30-septembre-au-05-octobre-2013-id402475.html\"},\"author\":{\"name\":\"Leyla Cheamil\",\"@id\":\"https:\\\/\\\/www.rri.ro\\\/#\\\/schema\\\/person\\\/e6364ed2d4b6af207a82ca66000d07e0\"},\"headline\":\"La semaine du 30 septembre au 05 octobre 2013\",\"datePublished\":\"2013-10-05T10:01:00+00:00\",\"mainEntityOfPage\":{\"@id\":\"https:\\\/\\\/www.rri.ro\\\/fr\\\/actualites\\\/cette-semaine-en-roumanie\\\/la-semaine-du-30-septembre-au-05-octobre-2013-id402475.html\"},\"wordCount\":999,\"image\":{\"@id\":\"https:\\\/\\\/www.rri.ro\\\/fr\\\/actualites\\\/cette-semaine-en-roumanie\\\/la-semaine-du-30-septembre-au-05-octobre-2013-id402475.html#primaryimage\"},\"thumbnailUrl\":\"https:\\\/\\\/www.rri.ro\\\/wp-content\\\/uploads\\\/2023\\\/10\\\/718px-Calendarmai.png\",\"keywords\":[\"George Maior\",\"intemp\u00e9ries\",\"l'espace Schengen\",\"la Banque Nationale de Roumanie\",\"le Festival International de Th\u00e9\u00e2tre Radiophonique Grand Prix Nova\",\"lexploitation aurif\u00e8re de Rosia Montana\",\"taux directeur\",\"Thierry Repentin\",\"Titus Corlatean\"],\"articleSection\":[\"Cette semaine, en Roumanie\"],\"inLanguage\":\"fr-FR\"},{\"@type\":\"WebPage\",\"@id\":\"https:\\\/\\\/www.rri.ro\\\/fr\\\/actualites\\\/cette-semaine-en-roumanie\\\/la-semaine-du-30-septembre-au-05-octobre-2013-id402475.html\",\"url\":\"https:\\\/\\\/www.rri.ro\\\/fr\\\/actualites\\\/cette-semaine-en-roumanie\\\/la-semaine-du-30-septembre-au-05-octobre-2013-id402475.html\",\"name\":\"La semaine du 30 septembre au 05 octobre 2013 - Radio Roumanie Internationale\",\"isPartOf\":{\"@id\":\"https:\\\/\\\/www.rri.ro\\\/#website\"},\"primaryImageOfPage\":{\"@id\":\"https:\\\/\\\/www.rri.ro\\\/fr\\\/actualites\\\/cette-semaine-en-roumanie\\\/la-semaine-du-30-septembre-au-05-octobre-2013-id402475.html#primaryimage\"},\"image\":{\"@id\":\"https:\\\/\\\/www.rri.ro\\\/fr\\\/actualites\\\/cette-semaine-en-roumanie\\\/la-semaine-du-30-septembre-au-05-octobre-2013-id402475.html#primaryimage\"},\"thumbnailUrl\":\"https:\\\/\\\/www.rri.ro\\\/wp-content\\\/uploads\\\/2023\\\/10\\\/718px-Calendarmai.png\",\"datePublished\":\"2013-10-05T10:01:00+00:00\",\"author\":{\"@id\":\"https:\\\/\\\/www.rri.ro\\\/#\\\/schema\\\/person\\\/e6364ed2d4b6af207a82ca66000d07e0\"},\"breadcrumb\":{\"@id\":\"https:\\\/\\\/www.rri.ro\\\/fr\\\/actualites\\\/cette-semaine-en-roumanie\\\/la-semaine-du-30-septembre-au-05-octobre-2013-id402475.html#breadcrumb\"},\"inLanguage\":\"fr-FR\",\"potentialAction\":[{\"@type\":\"ReadAction\",\"target\":[\"https:\\\/\\\/www.rri.ro\\\/fr\\\/actualites\\\/cette-semaine-en-roumanie\\\/la-semaine-du-30-septembre-au-05-octobre-2013-id402475.html\"]}]},{\"@type\":\"ImageObject\",\"inLanguage\":\"fr-FR\",\"@id\":\"https:\\\/\\\/www.rri.ro\\\/fr\\\/actualites\\\/cette-semaine-en-roumanie\\\/la-semaine-du-30-septembre-au-05-octobre-2013-id402475.html#primaryimage\",\"url\":\"https:\\\/\\\/www.rri.ro\\\/wp-content\\\/uploads\\\/2023\\\/10\\\/718px-Calendarmai.png\",\"contentUrl\":\"https:\\\/\\\/www.rri.ro\\\/wp-content\\\/uploads\\\/2023\\\/10\\\/718px-Calendarmai.png\",\"width\":640,\"height\":480},{\"@type\":\"BreadcrumbList\",\"@id\":\"https:\\\/\\\/www.rri.ro\\\/fr\\\/actualites\\\/cette-semaine-en-roumanie\\\/la-semaine-du-30-septembre-au-05-octobre-2013-id402475.html#breadcrumb\",\"itemListElement\":[{\"@type\":\"ListItem\",\"position\":1,\"name\":\"Page d'accueil\",\"item\":\"https:\\\/\\\/www.rri.ro\\\/fr\"},{\"@type\":\"ListItem\",\"position\":2,\"name\":\"Actualit\u00e9s\",\"item\":\"https:\\\/\\\/www.rri.ro\\\/fr\\\/actualites\"},{\"@type\":\"ListItem\",\"position\":3,\"name\":\"Cette semaine, en Roumanie\",\"item\":\"https:\\\/\\\/www.rri.ro\\\/fr\\\/actualites\\\/cette-semaine-en-roumanie\"},{\"@type\":\"ListItem\",\"position\":4,\"name\":\"La semaine du 30 septembre au 05 octobre 2013\"}]},{\"@type\":\"WebSite\",\"@id\":\"https:\\\/\\\/www.rri.ro\\\/#website\",\"url\":\"https:\\\/\\\/www.rri.ro\\\/\",\"name\":\"Radio Roumanie Internationale\",\"description\":\"Totul despre Rom\u00e2nia \u015fi rom\u00e2ni, \u00een 13 limbi\\\/dialecte!\",\"inLanguage\":\"fr-FR\"},{\"@type\":\"Person\",\"@id\":\"https:\\\/\\\/www.rri.ro\\\/#\\\/schema\\\/person\\\/e6364ed2d4b6af207a82ca66000d07e0\",\"name\":\"Leyla Cheamil\",\"url\":\"https:\\\/\\\/www.rri.ro\\\/fr\\\/author\\\/leyla-cheamil\"}]}<\/script>\n<!-- \/ Yoast SEO plugin. -->","yoast_head_json":{"title":"La semaine du 30 septembre au 05 octobre 2013 - Radio Roumanie Internationale","robots":{"index":"index","follow":"follow","max-snippet":"max-snippet:-1","max-image-preview":"max-image-preview:large","max-video-preview":"max-video-preview:-1"},"canonical":"https:\/\/www.rri.ro\/fr\/actualites\/cette-semaine-en-roumanie\/la-semaine-du-30-septembre-au-05-octobre-2013-id402475.html","og_locale":"fr_FR","og_type":"article","og_title":"La semaine du 30 septembre au 05 octobre 2013 - Radio Roumanie Internationale","og_description":"La Roumanie et l\u2019espace Schengen &#13; &#13; &#13; &#13; Le chemin de la Roumanie vers l\u2019espace europ\u00e9en de libre circulation est parsem\u00e9 d\u2019emb\u00fbches. Cela fait deux ans d\u00e9j\u00e0 qu\u2019elle attend, tout comme sa voisine, la Bulgarie, le feu vert lui permettant d\u2019y adh\u00e9rer, car certains pays de l\u2019UE s\u2019y opposent, en arguant de la corruption [&hellip;]","og_url":"https:\/\/www.rri.ro\/fr\/actualites\/cette-semaine-en-roumanie\/la-semaine-du-30-septembre-au-05-octobre-2013-id402475.html","og_site_name":"Radio Roumanie Internationale","article_published_time":"2013-10-05T10:01:00+00:00","og_image":[{"width":640,"height":480,"url":"https:\/\/www.rri.ro\/wp-content\/uploads\/2023\/10\/718px-Calendarmai.png","type":"image\/png"}],"author":"Leyla Cheamil","twitter_card":"summary_large_image","twitter_misc":{"\u00c9crit par":"Leyla Cheamil","Dur\u00e9e de lecture estim\u00e9e":"5 minutes","Written by":"Leyla Cheamil"},"schema":{"@context":"https:\/\/schema.org","@graph":[{"@type":"Article","@id":"https:\/\/www.rri.ro\/fr\/actualites\/cette-semaine-en-roumanie\/la-semaine-du-30-septembre-au-05-octobre-2013-id402475.html#article","isPartOf":{"@id":"https:\/\/www.rri.ro\/fr\/actualites\/cette-semaine-en-roumanie\/la-semaine-du-30-septembre-au-05-octobre-2013-id402475.html"},"author":{"name":"Leyla Cheamil","@id":"https:\/\/www.rri.ro\/#\/schema\/person\/e6364ed2d4b6af207a82ca66000d07e0"},"headline":"La semaine du 30 septembre au 05 octobre 2013","datePublished":"2013-10-05T10:01:00+00:00","mainEntityOfPage":{"@id":"https:\/\/www.rri.ro\/fr\/actualites\/cette-semaine-en-roumanie\/la-semaine-du-30-septembre-au-05-octobre-2013-id402475.html"},"wordCount":999,"image":{"@id":"https:\/\/www.rri.ro\/fr\/actualites\/cette-semaine-en-roumanie\/la-semaine-du-30-septembre-au-05-octobre-2013-id402475.html#primaryimage"},"thumbnailUrl":"https:\/\/www.rri.ro\/wp-content\/uploads\/2023\/10\/718px-Calendarmai.png","keywords":["George Maior","intemp\u00e9ries","l'espace Schengen","la Banque Nationale de Roumanie","le Festival International de Th\u00e9\u00e2tre Radiophonique Grand Prix Nova","lexploitation aurif\u00e8re de Rosia Montana","taux directeur","Thierry Repentin","Titus Corlatean"],"articleSection":["Cette semaine, en Roumanie"],"inLanguage":"fr-FR"},{"@type":"WebPage","@id":"https:\/\/www.rri.ro\/fr\/actualites\/cette-semaine-en-roumanie\/la-semaine-du-30-septembre-au-05-octobre-2013-id402475.html","url":"https:\/\/www.rri.ro\/fr\/actualites\/cette-semaine-en-roumanie\/la-semaine-du-30-septembre-au-05-octobre-2013-id402475.html","name":"La semaine du 30 septembre au 05 octobre 2013 - Radio Roumanie Internationale","isPartOf":{"@id":"https:\/\/www.rri.ro\/#website"},"primaryImageOfPage":{"@id":"https:\/\/www.rri.ro\/fr\/actualites\/cette-semaine-en-roumanie\/la-semaine-du-30-septembre-au-05-octobre-2013-id402475.html#primaryimage"},"image":{"@id":"https:\/\/www.rri.ro\/fr\/actualites\/cette-semaine-en-roumanie\/la-semaine-du-30-septembre-au-05-octobre-2013-id402475.html#primaryimage"},"thumbnailUrl":"https:\/\/www.rri.ro\/wp-content\/uploads\/2023\/10\/718px-Calendarmai.png","datePublished":"2013-10-05T10:01:00+00:00","author":{"@id":"https:\/\/www.rri.ro\/#\/schema\/person\/e6364ed2d4b6af207a82ca66000d07e0"},"breadcrumb":{"@id":"https:\/\/www.rri.ro\/fr\/actualites\/cette-semaine-en-roumanie\/la-semaine-du-30-septembre-au-05-octobre-2013-id402475.html#breadcrumb"},"inLanguage":"fr-FR","potentialAction":[{"@type":"ReadAction","target":["https:\/\/www.rri.ro\/fr\/actualites\/cette-semaine-en-roumanie\/la-semaine-du-30-septembre-au-05-octobre-2013-id402475.html"]}]},{"@type":"ImageObject","inLanguage":"fr-FR","@id":"https:\/\/www.rri.ro\/fr\/actualites\/cette-semaine-en-roumanie\/la-semaine-du-30-septembre-au-05-octobre-2013-id402475.html#primaryimage","url":"https:\/\/www.rri.ro\/wp-content\/uploads\/2023\/10\/718px-Calendarmai.png","contentUrl":"https:\/\/www.rri.ro\/wp-content\/uploads\/2023\/10\/718px-Calendarmai.png","width":640,"height":480},{"@type":"BreadcrumbList","@id":"https:\/\/www.rri.ro\/fr\/actualites\/cette-semaine-en-roumanie\/la-semaine-du-30-septembre-au-05-octobre-2013-id402475.html#breadcrumb","itemListElement":[{"@type":"ListItem","position":1,"name":"Page d'accueil","item":"https:\/\/www.rri.ro\/fr"},{"@type":"ListItem","position":2,"name":"Actualit\u00e9s","item":"https:\/\/www.rri.ro\/fr\/actualites"},{"@type":"ListItem","position":3,"name":"Cette semaine, en Roumanie","item":"https:\/\/www.rri.ro\/fr\/actualites\/cette-semaine-en-roumanie"},{"@type":"ListItem","position":4,"name":"La semaine du 30 septembre au 05 octobre 2013"}]},{"@type":"WebSite","@id":"https:\/\/www.rri.ro\/#website","url":"https:\/\/www.rri.ro\/","name":"Radio Roumanie Internationale","description":"Totul despre Rom\u00e2nia \u015fi rom\u00e2ni, \u00een 13 limbi\/dialecte!","inLanguage":"fr-FR"},{"@type":"Person","@id":"https:\/\/www.rri.ro\/#\/schema\/person\/e6364ed2d4b6af207a82ca66000d07e0","name":"Leyla Cheamil","url":"https:\/\/www.rri.ro\/fr\/author\/leyla-cheamil"}]}},"_links":{"self":[{"href":"https:\/\/www.rri.ro\/fr\/wp-json\/wp\/v2\/posts\/402475","targetHints":{"allow":["GET"]}}],"collection":[{"href":"https:\/\/www.rri.ro\/fr\/wp-json\/wp\/v2\/posts"}],"about":[{"href":"https:\/\/www.rri.ro\/fr\/wp-json\/wp\/v2\/types\/post"}],"author":[{"embeddable":true,"href":"https:\/\/www.rri.ro\/fr\/wp-json\/wp\/v2\/users\/46"}],"replies":[{"embeddable":true,"href":"https:\/\/www.rri.ro\/fr\/wp-json\/wp\/v2\/comments?post=402475"}],"version-history":[{"count":0,"href":"https:\/\/www.rri.ro\/fr\/wp-json\/wp\/v2\/posts\/402475\/revisions"}],"wp:featuredmedia":[{"embeddable":true,"href":"https:\/\/www.rri.ro\/fr\/wp-json\/wp\/v2\/media\/209839"}],"wp:attachment":[{"href":"https:\/\/www.rri.ro\/fr\/wp-json\/wp\/v2\/media?parent=402475"}],"wp:term":[{"taxonomy":"category","embeddable":true,"href":"https:\/\/www.rri.ro\/fr\/wp-json\/wp\/v2\/categories?post=402475"},{"taxonomy":"post_tag","embeddable":true,"href":"https:\/\/www.rri.ro\/fr\/wp-json\/wp\/v2\/tags?post=402475"},{"taxonomy":"author","embeddable":true,"href":"https:\/\/www.rri.ro\/fr\/wp-json\/wp\/v2\/coauthors?post=402475"}],"curies":[{"name":"wp","href":"https:\/\/api.w.org\/{rel}","templated":true}]}}