{"id":402828,"date":"2019-05-18T13:10:00","date_gmt":"2019-05-18T10:10:00","guid":{"rendered":"http:\/\/devrri.freshlemon.ro\/le-roumain-mot-a-mot\/consulter-les-lecons\/la-semaine-du-13-au-17-mai-2019-id402828.html"},"modified":"2019-05-18T13:10:00","modified_gmt":"2019-05-18T10:10:00","slug":"la-semaine-du-13-au-17-mai-2019","status":"publish","type":"post","link":"https:\/\/www.rri.ro\/fr\/actualites\/cette-semaine-en-roumanie\/la-semaine-du-13-au-17-mai-2019-id402828.html","title":{"rendered":"La semaine du 13 au 17 mai 2019"},"content":{"rendered":"<p><strong class=cms-bold>Le Partenariat oriental, dix ans dexistence<\/strong><\/p>\n<p>&#13;<br \/>\n&#13;<\/p>\n<p> Le Partenariat oriental, soit le cadre de coop\u00e9ration entre lUE et six r\u00e9publiques ex-sovi\u00e9tiques, a c\u00e9l\u00e9br\u00e9, cette semaine, dix ans dexistence. Les politiques men\u00e9es dans le cadre de ce partenariat ont donn\u00e9 une impulsion aux r\u00e9formes dans les pays partenaires, au b\u00e9n\u00e9fice de leurs citoyens. Le Partenariat oriental a \u00e9galement permis au bloc communautaire dappuyer leur d\u00e9veloppement \u00e9conomique et de lapprofondir gr\u00e2ce \u00e0 la signature, il y a cinq ans, par Chisinau, Kiev et Tbilissi, daccords dassociation et de libre \u00e9change avec Bruxelles. Par ailleurs, le r\u00e9gime des visas a \u00e9t\u00e9 lib\u00e9ralis\u00e9 pour tous les citoyens moldaves, g\u00e9orgiens et ukrainiens. Les ministres des Affaires \u00e9trang\u00e8res de lUE ont convenu dentamer des n\u00e9gociations avec le Belarus, lAzerba\u00efdjan et lArm\u00e9nie en vue de conclure des accords similaires. <\/p>\n<p>&#13;<br \/>\n&#13;<\/p>\n<p>&#13;<br \/>\n&#13;<\/p>\n<p>Pour la Roumanie, pays voisin de lUkraine et de la R\u00e9publique de Moldova, le Partenariat oriental a \u00e9t\u00e9 d\u00e8s le d\u00e9but un des programmes communautaires les plus importants. Son importance est dautant plus marqu\u00e9e que Bucarest exerce \u00e0 pr\u00e9sent la pr\u00e9sidence du Conseil de lUE. Cest ce quon rappel\u00e9, lors de la c\u00e9r\u00e9monie anniversaire, le pr\u00e9sident Klaus Iohannis et le chef de la diplomatie roumaine Teodor Mele\u015fcanu, pr\u00e9cisant que Bucarest souhaite la poursuite de ce partenariat. La s\u00e9curit\u00e9, la stabilit\u00e9 et la prosp\u00e9rit\u00e9, la d\u00e9mocratie et lEtat de droit en Europe de lEst et au Caucase du Nord sont autant de priorit\u00e9s pour le bloc communautaire. Do\u00f9 la d\u00e9termination de lUE \u00e0 mettre en place une coop\u00e9ration \u00e9troite, diff\u00e9renci\u00e9e et mutuellement avantageuse avec tous les six pays partenaires, quel que soit le niveau des aspirations de chacun dentre eux.<\/p>\n<p>&#13;<br \/>\n&#13;<\/p>\n<p>&#13;<br \/>\n&#13;<\/p>\n<p> <strong class=cms-bold>Le ministre roumain de lAgriculture a pr\u00e9sid\u00e9 le Conseil \u00ab Agriculture et p\u00eache \u00bb de lUE <\/strong><\/p>\n<p>&#13;<br \/>\n&#13;<\/p>\n<p>&#13;<br \/>\n&#13;<\/p>\n<p>Le ministre roumain de lAgriculture, Petre Daea, a pr\u00e9sid\u00e9 mardi la r\u00e9union du Conseil \u00ab Agriculture et p\u00eache \u00bb de lUnion europ\u00e9enne. Le principal th\u00e8me \u00e0 lagenda de la r\u00e9union \u00e9tait le nouveau mod\u00e8le de performance de la Politique agricole commune. La PAC, qui est la politique europ\u00e9enne la plus int\u00e9gr\u00e9e, doit rester commune, non seulement au niveau d\u00e9claratif, mais aussi en ce qui concerne sa mise en \u0153uvre concr\u00e8te dans tous les Etats membres. Cest ce qua d\u00e9clar\u00e9 le ministre roumain \u00e0 cette occasion. Les travaux ont vis\u00e9 \u00e9galement le R\u00e8glement relatif aux plans strat\u00e9giques relevant de la PAC. C\u00e9tait aussi loccasion pour la Commission europ\u00e9enne dinformer et d\u00e9changer avec les membres du Conseil au sujet dune vision strat\u00e9gique sur le long terme pour une \u00e9conomie neutre dun point de vue \u00e9cologique pour ce qui est de lagriculture, ainsi que sur la D\u00e9claration pour un avenir num\u00e9rique intelligent et durable de lagriculture et des zones rurales europ\u00e9ennes.<\/p>\n<p>&#13;<br \/>\n&#13;<\/p>\n<p>&#13;<br \/>\n&#13;<\/p>\n<p><strong class=cms-bold>Statistiques \u00e9conomiques<\/strong> <\/p>\n<p>&#13;<br \/>\n&#13;<\/p>\n<p>&#13;<br \/>\n&#13;<\/p>\n<p>Sur les trois premiers mois de 2019, l\u00e9conomie roumaine a progress\u00e9 de 5% par rapport \u00e0 la m\u00eame p\u00e9riode de 2018 et de 1,3% compar\u00e9 aux trois derniers mois de lann\u00e9e derni\u00e8re, r\u00e9v\u00e8lent les donn\u00e9es fournies jeudi par lInstitut national de la statistique. Eurostat, lOffice statistique de lUnion europ\u00e9enne, confirme cette \u00e9volution, ses pr\u00e9visions de croissance \u00e9conomique pour la Roumanie \u00e9tant de 5,1% en janvier-mars 2019. Il y a une semaine, la Commission europ\u00e9enne a r\u00e9vis\u00e9 \u00e0 la baisse ses pr\u00e9visions de croissance pour l\u00e9conomie roumaine, qui devrait passer de 3,8% \u00e0 3,3% cette ann\u00e9e. D\u00e9but avril, le Fonds mon\u00e9taire international r\u00e9visait lui aussi \u00e0 la baisse cet indicateur, le ramenant de 3,4% \u00e0 3,1%. <\/p>\n<p>&#13;<br \/>\n&#13;<\/p>\n<p>&#13;<br \/>\n&#13;<\/p>\n<p>Par ailleurs, le gouverneur de la Banque nationale de Roumanie, Mugur Is\u0103rescu, a fait savoir quaux mois de mars et davril linflation avait d\u00e9pass\u00e9 les pr\u00e9visions et quelle continuerait \u00e0 se situer au-dessus des 3,5%. La hausse des prix des fruits et l\u00e9gumes, du carburant et du tabac, ainsi que les majorations salariales et les taxes impos\u00e9es aux compagnies de t\u00e9l\u00e9communications par le biais du controvers\u00e9 d\u00e9cret gouvernemental 114 comptent parmi les facteurs responsables du maintien dun taux dinflation \u00e9lev\u00e9. <\/p>\n<p>&#13;<br \/>\n&#13;<\/p>\n<p>&#13;<br \/>\n&#13;<\/p>\n<p><strong class=cms-bold>Lancien \u00e9dile roumain Radu Mazare, extrad\u00e9 par Madagascar<\/strong><\/p>\n<p>&#13;<br \/>\n&#13;<\/p>\n<p>&#13;<br \/>\n&#13;<\/p>\n<p>La ministre par int\u00e9rim de la Justice, Ana Birchall, a fait savoir mardi que les autorit\u00e9s de Madagascar ont approuv\u00e9 lextradition de Radu Mazare, ancien maire de Constanta (ville port roumaine \u00e0 la Mer Noire). Rappelons-le, Radu Mazare a \u00e9t\u00e9 arr\u00eat\u00e9 il y a une semaine \u00e0 Madagascar, suite \u00e0 un mandat darr\u00eat international \u00e9mis par les autorit\u00e9s roumaines. Lancien maire a plusieurs condamnations en Roumanie, certaines n\u00e9tant pas d\u00e9finitives. Il a \u00e9t\u00e9 condamn\u00e9 d\u00e9finitivement \u00e0 9 ans de prison ferme dans un dossier de r\u00e9trocessions fictives de terrains. <\/p>\n<p>&#13;<br \/>\n&#13;<\/p>\n<p>Radu Mazare se trouve \u00e0 Madagascar depuis d\u00e9cembre 2017, o\u00f9 il a fait des d\u00e9marches pour obtenir lasile, invoquant des pressions politiques dans les proc\u00e8s p\u00e9naux dont il faisait lobjet. Il devrait arriver en Roumanie au d\u00e9but de la semaine prochaine.  <\/p>\n<p>&#13;<br \/>\n&#13;<\/p>\n<p>&#13;<br \/>\n&#13;<\/p>\n<p><strong class=cms-bold>5G en Roumanie<\/strong><\/p>\n<p>&#13;<br \/>\n&#13;<\/p>\n<p>&#13;<br \/>\n&#13;<\/p>\n<p>La Roumanie est un des premiers pays au monde \u00e0 lancer des services de communications 5G. Un op\u00e9rateur de t\u00e9l\u00e9phonie mobile, pr\u00e9sent sur le march\u00e9 roumain, vient dannoncer lactivation, \u00e0 Bucarest, des premiers sites radio de son r\u00e9seau 5G. Les abonn\u00e9s auront acc\u00e8s \u00e0 cette technologie de derni\u00e8re g\u00e9n\u00e9ration au fur et \u00e0 mesure que des t\u00e9l\u00e9phones portables compatibles arrivent sur le march\u00e9. Lop\u00e9rateur de t\u00e9l\u00e9phonie mobile en question a fait savoir quil couvrirait dautres grandes villes roumaines dici la fin de lann\u00e9e.<\/p>\n<p>&#13;<br \/>\n&#13;<\/p>\n<p>&#13;\n <\/p>\n<p>&#13;<\/p>\n","protected":false},"excerpt":{"rendered":"<p>Le Partenariat oriental, dix ans dexistence &#13; &#13; Le Partenariat oriental, soit le cadre de coop\u00e9ration entre lUE et six r\u00e9publiques ex-sovi\u00e9tiques, a c\u00e9l\u00e9br\u00e9, cette semaine, dix ans dexistence. Les politiques men\u00e9es dans le cadre de ce partenariat ont donn\u00e9 une impulsion aux r\u00e9formes dans les pays partenaires, au b\u00e9n\u00e9fice de leurs citoyens. Le Partenariat [&hellip;]<\/p>\n","protected":false},"author":108,"featured_media":124454,"comment_status":"closed","ping_status":"closed","sticky":false,"template":"","format":"standard","meta":{"_acf_changed":false,"footnotes":""},"categories":[94426],"tags":[34836,91749,88077,29594,31888,46480,28945,65139,30253,88060,33179,32861,86986,31448,40296],"coauthors":[],"class_list":["post-402828","post","type-post","status-publish","format-standard","has-post-thumbnail","hentry","category-cette-semaine-en-roumanie","tag-5g","tag-conseil-agriculture-et-peche","tag-croissance-economique","tag-eurostat","tag-extradition","tag-fmi","tag-klaus-iohannis","tag-madagascar","tag-mugur-isarescu","tag-partenariat-oriental","tag-petre-daea","tag-radu-mazare","tag-statistiques","tag-teodor-melescanu","tag-ue"],"acf":[],"yoast_head":"<!-- This site is optimized with the Yoast SEO plugin v27.5 - https:\/\/yoast.com\/product\/yoast-seo-wordpress\/ -->\n<title>La semaine du 13 au 17 mai 2019 - Radio Roumanie Internationale<\/title>\n<meta name=\"robots\" content=\"index, follow, max-snippet:-1, max-image-preview:large, max-video-preview:-1\" \/>\n<link rel=\"canonical\" href=\"https:\/\/www.rri.ro\/fr\/actualites\/cette-semaine-en-roumanie\/la-semaine-du-13-au-17-mai-2019-id402828.html\" \/>\n<meta property=\"og:locale\" content=\"fr_FR\" \/>\n<meta property=\"og:type\" content=\"article\" \/>\n<meta property=\"og:title\" content=\"La semaine du 13 au 17 mai 2019 - Radio Roumanie Internationale\" \/>\n<meta property=\"og:description\" content=\"Le Partenariat oriental, dix ans dexistence &#013; &#013; Le Partenariat oriental, soit le cadre de coop\u00e9ration entre lUE et six r\u00e9publiques ex-sovi\u00e9tiques, a c\u00e9l\u00e9br\u00e9, cette semaine, dix ans dexistence. Les politiques men\u00e9es dans le cadre de ce partenariat ont donn\u00e9 une impulsion aux r\u00e9formes dans les pays partenaires, au b\u00e9n\u00e9fice de leurs citoyens. Le Partenariat [&hellip;]\" \/>\n<meta property=\"og:url\" content=\"https:\/\/www.rri.ro\/fr\/actualites\/cette-semaine-en-roumanie\/la-semaine-du-13-au-17-mai-2019-id402828.html\" \/>\n<meta property=\"og:site_name\" content=\"Radio Roumanie Internationale\" \/>\n<meta property=\"article:published_time\" content=\"2019-05-18T10:10:00+00:00\" \/>\n<meta property=\"og:image\" content=\"https:\/\/www.rri.ro\/wp-content\/uploads\/2023\/10\/eveniment-top-2017-01.jpg\" \/>\n\t<meta property=\"og:image:width\" content=\"640\" \/>\n\t<meta property=\"og:image:height\" content=\"480\" \/>\n\t<meta property=\"og:image:type\" content=\"image\/jpeg\" \/>\n<meta name=\"author\" content=\"Corina Cristea\" \/>\n<meta name=\"twitter:card\" content=\"summary_large_image\" \/>\n<meta name=\"twitter:label1\" content=\"\u00c9crit par\" \/>\n\t<meta name=\"twitter:data1\" content=\"Corina Cristea\" \/>\n\t<meta name=\"twitter:label2\" content=\"Dur\u00e9e de lecture estim\u00e9e\" \/>\n\t<meta name=\"twitter:data2\" content=\"5 minutes\" \/>\n\t<meta name=\"twitter:label3\" content=\"Written by\" \/>\n\t<meta name=\"twitter:data3\" content=\"Corina Cristea\" \/>\n<script type=\"application\/ld+json\" class=\"yoast-schema-graph\">{\"@context\":\"https:\\\/\\\/schema.org\",\"@graph\":[{\"@type\":\"Article\",\"@id\":\"https:\\\/\\\/www.rri.ro\\\/fr\\\/actualites\\\/cette-semaine-en-roumanie\\\/la-semaine-du-13-au-17-mai-2019-id402828.html#article\",\"isPartOf\":{\"@id\":\"https:\\\/\\\/www.rri.ro\\\/fr\\\/actualites\\\/cette-semaine-en-roumanie\\\/la-semaine-du-13-au-17-mai-2019-id402828.html\"},\"author\":{\"name\":\"Corina Cristea\",\"@id\":\"https:\\\/\\\/www.rri.ro\\\/#\\\/schema\\\/person\\\/f9ab1cb3569dee1b2c033a814bb7f0fc\"},\"headline\":\"La semaine du 13 au 17 mai 2019\",\"datePublished\":\"2019-05-18T10:10:00+00:00\",\"mainEntityOfPage\":{\"@id\":\"https:\\\/\\\/www.rri.ro\\\/fr\\\/actualites\\\/cette-semaine-en-roumanie\\\/la-semaine-du-13-au-17-mai-2019-id402828.html\"},\"wordCount\":949,\"image\":{\"@id\":\"https:\\\/\\\/www.rri.ro\\\/fr\\\/actualites\\\/cette-semaine-en-roumanie\\\/la-semaine-du-13-au-17-mai-2019-id402828.html#primaryimage\"},\"thumbnailUrl\":\"https:\\\/\\\/www.rri.ro\\\/wp-content\\\/uploads\\\/2023\\\/10\\\/eveniment-top-2017-01.jpg\",\"keywords\":[\"5G\",\"Conseil Agriculture et p\u00eache\",\"croissance \u00e9conomique\",\"Eurostat\",\"extradition\",\"FMI\",\"Klaus Iohannis\",\"Madagascar\",\"Mugur Isarescu\",\"Partenariat oriental\",\"Petre Daea\",\"radu mazare\",\"statistiques\",\"Teodor Mele\u015fcanu\",\"UE\"],\"articleSection\":[\"Cette semaine, en Roumanie\"],\"inLanguage\":\"fr-FR\"},{\"@type\":\"WebPage\",\"@id\":\"https:\\\/\\\/www.rri.ro\\\/fr\\\/actualites\\\/cette-semaine-en-roumanie\\\/la-semaine-du-13-au-17-mai-2019-id402828.html\",\"url\":\"https:\\\/\\\/www.rri.ro\\\/fr\\\/actualites\\\/cette-semaine-en-roumanie\\\/la-semaine-du-13-au-17-mai-2019-id402828.html\",\"name\":\"La semaine du 13 au 17 mai 2019 - Radio Roumanie Internationale\",\"isPartOf\":{\"@id\":\"https:\\\/\\\/www.rri.ro\\\/#website\"},\"primaryImageOfPage\":{\"@id\":\"https:\\\/\\\/www.rri.ro\\\/fr\\\/actualites\\\/cette-semaine-en-roumanie\\\/la-semaine-du-13-au-17-mai-2019-id402828.html#primaryimage\"},\"image\":{\"@id\":\"https:\\\/\\\/www.rri.ro\\\/fr\\\/actualites\\\/cette-semaine-en-roumanie\\\/la-semaine-du-13-au-17-mai-2019-id402828.html#primaryimage\"},\"thumbnailUrl\":\"https:\\\/\\\/www.rri.ro\\\/wp-content\\\/uploads\\\/2023\\\/10\\\/eveniment-top-2017-01.jpg\",\"datePublished\":\"2019-05-18T10:10:00+00:00\",\"author\":{\"@id\":\"https:\\\/\\\/www.rri.ro\\\/#\\\/schema\\\/person\\\/f9ab1cb3569dee1b2c033a814bb7f0fc\"},\"breadcrumb\":{\"@id\":\"https:\\\/\\\/www.rri.ro\\\/fr\\\/actualites\\\/cette-semaine-en-roumanie\\\/la-semaine-du-13-au-17-mai-2019-id402828.html#breadcrumb\"},\"inLanguage\":\"fr-FR\",\"potentialAction\":[{\"@type\":\"ReadAction\",\"target\":[\"https:\\\/\\\/www.rri.ro\\\/fr\\\/actualites\\\/cette-semaine-en-roumanie\\\/la-semaine-du-13-au-17-mai-2019-id402828.html\"]}]},{\"@type\":\"ImageObject\",\"inLanguage\":\"fr-FR\",\"@id\":\"https:\\\/\\\/www.rri.ro\\\/fr\\\/actualites\\\/cette-semaine-en-roumanie\\\/la-semaine-du-13-au-17-mai-2019-id402828.html#primaryimage\",\"url\":\"https:\\\/\\\/www.rri.ro\\\/wp-content\\\/uploads\\\/2023\\\/10\\\/eveniment-top-2017-01.jpg\",\"contentUrl\":\"https:\\\/\\\/www.rri.ro\\\/wp-content\\\/uploads\\\/2023\\\/10\\\/eveniment-top-2017-01.jpg\",\"width\":640,\"height\":480},{\"@type\":\"BreadcrumbList\",\"@id\":\"https:\\\/\\\/www.rri.ro\\\/fr\\\/actualites\\\/cette-semaine-en-roumanie\\\/la-semaine-du-13-au-17-mai-2019-id402828.html#breadcrumb\",\"itemListElement\":[{\"@type\":\"ListItem\",\"position\":1,\"name\":\"Page d'accueil\",\"item\":\"https:\\\/\\\/www.rri.ro\\\/fr\"},{\"@type\":\"ListItem\",\"position\":2,\"name\":\"Actualit\u00e9s\",\"item\":\"https:\\\/\\\/www.rri.ro\\\/fr\\\/actualites\"},{\"@type\":\"ListItem\",\"position\":3,\"name\":\"Cette semaine, en Roumanie\",\"item\":\"https:\\\/\\\/www.rri.ro\\\/fr\\\/actualites\\\/cette-semaine-en-roumanie\"},{\"@type\":\"ListItem\",\"position\":4,\"name\":\"La semaine du 13 au 17 mai 2019\"}]},{\"@type\":\"WebSite\",\"@id\":\"https:\\\/\\\/www.rri.ro\\\/#website\",\"url\":\"https:\\\/\\\/www.rri.ro\\\/\",\"name\":\"Radio Roumanie Internationale\",\"description\":\"Totul despre Rom\u00e2nia \u015fi rom\u00e2ni, \u00een 13 limbi\\\/dialecte!\",\"inLanguage\":\"fr-FR\"},{\"@type\":\"Person\",\"@id\":\"https:\\\/\\\/www.rri.ro\\\/#\\\/schema\\\/person\\\/f9ab1cb3569dee1b2c033a814bb7f0fc\",\"name\":\"Corina Cristea\",\"url\":\"https:\\\/\\\/www.rri.ro\\\/fr\\\/author\\\/corina-cristea\"}]}<\/script>\n<!-- \/ Yoast SEO plugin. -->","yoast_head_json":{"title":"La semaine du 13 au 17 mai 2019 - Radio Roumanie Internationale","robots":{"index":"index","follow":"follow","max-snippet":"max-snippet:-1","max-image-preview":"max-image-preview:large","max-video-preview":"max-video-preview:-1"},"canonical":"https:\/\/www.rri.ro\/fr\/actualites\/cette-semaine-en-roumanie\/la-semaine-du-13-au-17-mai-2019-id402828.html","og_locale":"fr_FR","og_type":"article","og_title":"La semaine du 13 au 17 mai 2019 - Radio Roumanie Internationale","og_description":"Le Partenariat oriental, dix ans dexistence &#13; &#13; Le Partenariat oriental, soit le cadre de coop\u00e9ration entre lUE et six r\u00e9publiques ex-sovi\u00e9tiques, a c\u00e9l\u00e9br\u00e9, cette semaine, dix ans dexistence. Les politiques men\u00e9es dans le cadre de ce partenariat ont donn\u00e9 une impulsion aux r\u00e9formes dans les pays partenaires, au b\u00e9n\u00e9fice de leurs citoyens. Le Partenariat [&hellip;]","og_url":"https:\/\/www.rri.ro\/fr\/actualites\/cette-semaine-en-roumanie\/la-semaine-du-13-au-17-mai-2019-id402828.html","og_site_name":"Radio Roumanie Internationale","article_published_time":"2019-05-18T10:10:00+00:00","og_image":[{"width":640,"height":480,"url":"https:\/\/www.rri.ro\/wp-content\/uploads\/2023\/10\/eveniment-top-2017-01.jpg","type":"image\/jpeg"}],"author":"Corina Cristea","twitter_card":"summary_large_image","twitter_misc":{"\u00c9crit par":"Corina Cristea","Dur\u00e9e de lecture estim\u00e9e":"5 minutes","Written by":"Corina Cristea"},"schema":{"@context":"https:\/\/schema.org","@graph":[{"@type":"Article","@id":"https:\/\/www.rri.ro\/fr\/actualites\/cette-semaine-en-roumanie\/la-semaine-du-13-au-17-mai-2019-id402828.html#article","isPartOf":{"@id":"https:\/\/www.rri.ro\/fr\/actualites\/cette-semaine-en-roumanie\/la-semaine-du-13-au-17-mai-2019-id402828.html"},"author":{"name":"Corina Cristea","@id":"https:\/\/www.rri.ro\/#\/schema\/person\/f9ab1cb3569dee1b2c033a814bb7f0fc"},"headline":"La semaine du 13 au 17 mai 2019","datePublished":"2019-05-18T10:10:00+00:00","mainEntityOfPage":{"@id":"https:\/\/www.rri.ro\/fr\/actualites\/cette-semaine-en-roumanie\/la-semaine-du-13-au-17-mai-2019-id402828.html"},"wordCount":949,"image":{"@id":"https:\/\/www.rri.ro\/fr\/actualites\/cette-semaine-en-roumanie\/la-semaine-du-13-au-17-mai-2019-id402828.html#primaryimage"},"thumbnailUrl":"https:\/\/www.rri.ro\/wp-content\/uploads\/2023\/10\/eveniment-top-2017-01.jpg","keywords":["5G","Conseil Agriculture et p\u00eache","croissance \u00e9conomique","Eurostat","extradition","FMI","Klaus Iohannis","Madagascar","Mugur Isarescu","Partenariat oriental","Petre Daea","radu mazare","statistiques","Teodor Mele\u015fcanu","UE"],"articleSection":["Cette semaine, en Roumanie"],"inLanguage":"fr-FR"},{"@type":"WebPage","@id":"https:\/\/www.rri.ro\/fr\/actualites\/cette-semaine-en-roumanie\/la-semaine-du-13-au-17-mai-2019-id402828.html","url":"https:\/\/www.rri.ro\/fr\/actualites\/cette-semaine-en-roumanie\/la-semaine-du-13-au-17-mai-2019-id402828.html","name":"La semaine du 13 au 17 mai 2019 - Radio Roumanie Internationale","isPartOf":{"@id":"https:\/\/www.rri.ro\/#website"},"primaryImageOfPage":{"@id":"https:\/\/www.rri.ro\/fr\/actualites\/cette-semaine-en-roumanie\/la-semaine-du-13-au-17-mai-2019-id402828.html#primaryimage"},"image":{"@id":"https:\/\/www.rri.ro\/fr\/actualites\/cette-semaine-en-roumanie\/la-semaine-du-13-au-17-mai-2019-id402828.html#primaryimage"},"thumbnailUrl":"https:\/\/www.rri.ro\/wp-content\/uploads\/2023\/10\/eveniment-top-2017-01.jpg","datePublished":"2019-05-18T10:10:00+00:00","author":{"@id":"https:\/\/www.rri.ro\/#\/schema\/person\/f9ab1cb3569dee1b2c033a814bb7f0fc"},"breadcrumb":{"@id":"https:\/\/www.rri.ro\/fr\/actualites\/cette-semaine-en-roumanie\/la-semaine-du-13-au-17-mai-2019-id402828.html#breadcrumb"},"inLanguage":"fr-FR","potentialAction":[{"@type":"ReadAction","target":["https:\/\/www.rri.ro\/fr\/actualites\/cette-semaine-en-roumanie\/la-semaine-du-13-au-17-mai-2019-id402828.html"]}]},{"@type":"ImageObject","inLanguage":"fr-FR","@id":"https:\/\/www.rri.ro\/fr\/actualites\/cette-semaine-en-roumanie\/la-semaine-du-13-au-17-mai-2019-id402828.html#primaryimage","url":"https:\/\/www.rri.ro\/wp-content\/uploads\/2023\/10\/eveniment-top-2017-01.jpg","contentUrl":"https:\/\/www.rri.ro\/wp-content\/uploads\/2023\/10\/eveniment-top-2017-01.jpg","width":640,"height":480},{"@type":"BreadcrumbList","@id":"https:\/\/www.rri.ro\/fr\/actualites\/cette-semaine-en-roumanie\/la-semaine-du-13-au-17-mai-2019-id402828.html#breadcrumb","itemListElement":[{"@type":"ListItem","position":1,"name":"Page d'accueil","item":"https:\/\/www.rri.ro\/fr"},{"@type":"ListItem","position":2,"name":"Actualit\u00e9s","item":"https:\/\/www.rri.ro\/fr\/actualites"},{"@type":"ListItem","position":3,"name":"Cette semaine, en Roumanie","item":"https:\/\/www.rri.ro\/fr\/actualites\/cette-semaine-en-roumanie"},{"@type":"ListItem","position":4,"name":"La semaine du 13 au 17 mai 2019"}]},{"@type":"WebSite","@id":"https:\/\/www.rri.ro\/#website","url":"https:\/\/www.rri.ro\/","name":"Radio Roumanie Internationale","description":"Totul despre Rom\u00e2nia \u015fi rom\u00e2ni, \u00een 13 limbi\/dialecte!","inLanguage":"fr-FR"},{"@type":"Person","@id":"https:\/\/www.rri.ro\/#\/schema\/person\/f9ab1cb3569dee1b2c033a814bb7f0fc","name":"Corina Cristea","url":"https:\/\/www.rri.ro\/fr\/author\/corina-cristea"}]}},"_links":{"self":[{"href":"https:\/\/www.rri.ro\/fr\/wp-json\/wp\/v2\/posts\/402828","targetHints":{"allow":["GET"]}}],"collection":[{"href":"https:\/\/www.rri.ro\/fr\/wp-json\/wp\/v2\/posts"}],"about":[{"href":"https:\/\/www.rri.ro\/fr\/wp-json\/wp\/v2\/types\/post"}],"author":[{"embeddable":true,"href":"https:\/\/www.rri.ro\/fr\/wp-json\/wp\/v2\/users\/108"}],"replies":[{"embeddable":true,"href":"https:\/\/www.rri.ro\/fr\/wp-json\/wp\/v2\/comments?post=402828"}],"version-history":[{"count":0,"href":"https:\/\/www.rri.ro\/fr\/wp-json\/wp\/v2\/posts\/402828\/revisions"}],"wp:featuredmedia":[{"embeddable":true,"href":"https:\/\/www.rri.ro\/fr\/wp-json\/wp\/v2\/media\/124454"}],"wp:attachment":[{"href":"https:\/\/www.rri.ro\/fr\/wp-json\/wp\/v2\/media?parent=402828"}],"wp:term":[{"taxonomy":"category","embeddable":true,"href":"https:\/\/www.rri.ro\/fr\/wp-json\/wp\/v2\/categories?post=402828"},{"taxonomy":"post_tag","embeddable":true,"href":"https:\/\/www.rri.ro\/fr\/wp-json\/wp\/v2\/tags?post=402828"},{"taxonomy":"author","embeddable":true,"href":"https:\/\/www.rri.ro\/fr\/wp-json\/wp\/v2\/coauthors?post=402828"}],"curies":[{"name":"wp","href":"https:\/\/api.w.org\/{rel}","templated":true}]}}