{"id":402951,"date":"2021-05-29T13:15:00","date_gmt":"2021-05-29T10:15:00","guid":{"rendered":"http:\/\/devrri.freshlemon.ro\/le-roumain-mot-a-mot\/consulter-les-lecons\/la-semaine-du-24-au-30-mai-2021-id402951.html"},"modified":"2021-05-29T13:15:00","modified_gmt":"2021-05-29T10:15:00","slug":"la-semaine-du-24-au-30-mai-2021","status":"publish","type":"post","link":"https:\/\/www.rri.ro\/fr\/actualites\/cette-semaine-en-roumanie\/la-semaine-du-24-au-30-mai-2021-id402951.html","title":{"rendered":"La semaine du 24 au 30 mai 2021"},"content":{"rendered":"<p><span style=font-size: 1em;><strong class=cms-bold>La pand\u00e9mie de coronavirus en Roumanie<\/strong><\/span><\/p>\n<p><span style=font-size: 1em;>La pand\u00e9mie de coronavirus continue \u00e0 reculer en Roumanie. Les chiffres des rapports officiels quotidiens en t\u00e9moignent. Par exemple, les nouveaux cas de contamination d\u00e9pist\u00e9s de mercredi \u00e0 jeudi dernier ont \u00e9t\u00e9 d&rsquo;environ 300, soit la moiti\u00e9 du nombre rapport\u00e9 la semaine pr\u00e9c\u00e9dente. La campagne de vaccination d\u00e9marr\u00e9e fin 2020 y a sans doute contribu\u00e9. Jeudi, le premier ministre roumain Florin C\u00ee\u0163u a lanc\u00e9 une campagne de sensibilisation sur la vaccination anti-Covid-19, sous le slogan \u00ab Ensemble, nous vaincrons la pand\u00e9mie ! Quelle est la composition du vaccin ? \u00bb, une campagne mise en \u0153uvre par l&rsquo;Ex\u00e9cutif, avec la participation de l&rsquo;UNICEF et d&rsquo;autres organisations partenaires. Son objectif est de parler de la signification des vaccins anti-Covid-19 pour le retour \u00e0 la vie d&rsquo;avant la pand\u00e9mie, une vie sans masques de protection, sans distanciation physique. Onze vid\u00e9os seront donc diffus\u00e9es par les m\u00e9dias roumains dans les semaines \u00e0 venir. Une partie s&rsquo;adresse au grand public et les autres sont d\u00e9di\u00e9es \u00e0 des publics sp\u00e9cifiques &#8211; \u00e9l\u00e8ves, parents, personnes \u00e2g\u00e9es, jeunes etc. \u00ab On a besoin de vous tous dans cette campagne. Quiconque peut persuader une autre personne \u00e0 se faire vacciner. C&rsquo;est notre effort commun ; ce n&rsquo;est qu&rsquo;ensemble que nous pouvons vaincre cette pand\u00e9mie. On se fait vacciner et on regagne notre vie d&rsquo;avant. Allez, on peut le faire ! \u00bb, a lanc\u00e9 le premier ministre.  <\/span><\/p>\n<p><\/p>\n<p><strong class=cms-bold>Le gouvernement assouplit les restrictions <\/strong><\/p>\n<p>Sur cette toile de fond de recul de la pand\u00e9mie en Roumanie, les autorit\u00e9s ont d\u00e9cid\u00e9 d&rsquo;assouplir les restrictions en place actuellement. Lors de la r\u00e9union de jeudi du gouvernement de Bucarest, le premier ministre Florin C\u00ee\u021bu  a annonc\u00e9 que l&rsquo;\u00e9tat d&rsquo;alerte avait de nouveau \u00e9t\u00e9 prolong\u00e9 d&rsquo;un mois, \u00e0 compter de ce 31 mai. Pourtant, apr\u00e8s le 1er juin, les activit\u00e9s culturelles, artistiques et de divertissement, d\u00e9roul\u00e9es dans des espaces clos pourront r\u00e9unir jusqu&rsquo;\u00e0 un millier de personnes. Celles-ci devraient porter un masque de protection et seront tenues de garder une distance physique de deux m\u00e8tres entre elles. Les participants seront surtout des personnes ayant b\u00e9n\u00e9fici\u00e9 des sch\u00e9mas de vaccination complets contre la Covid, 10 jours avant l&rsquo;\u00e9v\u00e9nement. Les participants non-vaccin\u00e9s sont tenus de pr\u00e9senter le r\u00e9sultat n\u00e9gatif d&rsquo;un test PCR de d\u00e9pistage ou bien le r\u00e9sultat n\u00e9gatif d&rsquo;un test antig\u00e9nique rapide ou encore la preuve de l&rsquo;infection par le pass\u00e9 au SARS-CoV 2. Ce qui plus est, les organisateurs d&rsquo;un concert, par exemple, peuvent d\u00e9cider d&rsquo;accueillir jusqu&rsquo;\u00e0 mille spectateurs vaccin\u00e9s. \u00c9galement \u00e0 partir du 1er juin, les mariages, bapt\u00eames et autres \u00e9v\u00e9nements priv\u00e9s peuvent r\u00e9unir jusqu&rsquo;\u00e0 50 personnes \u00e0 l&rsquo;int\u00e9rieur et jusqu&rsquo;\u00e0 70 \u00e0 l&rsquo;ext\u00e9rieur. L\u00e0 aussi, une d\u00e9rogation existe : le nombre des participants peut \u00eatre agrandi, si l&rsquo;int\u00e9gralit\u00e9 des personnes pr\u00e9sentes sont vaccin\u00e9es. Selon une autre mesure, les spectacles d\u00e9roul\u00e9s \u00e0 l&rsquo;int\u00e9rieur peuvent r\u00e9unir un public allant jusqu&rsquo;\u00e0 70% de la capacit\u00e9 d&rsquo;accueil maximale des salles. Le taux d&rsquo;occupation des espaces d&rsquo;h\u00e9bergement sur la c\u00f4te de la mer Noire augmente lui aussi jusqu&rsquo;\u00e0 environ 85%, alors que les bars, clubs et discoth\u00e8ques seront ouverts, de 5 heures \u00e0 24 heures, aux personnes vaccin\u00e9es. <\/p>\n<p><\/p>\n<p><strong class=cms-bold>D\u00e9cisions europ\u00e9ennes \u00e0 Bruxelles<\/strong><\/p>\n<p>R\u00e9unis en Conseil extraordinaire \u00e0 Bruxelles, les leaders des 27 Etats membres de l&rsquo;UE ont approuv\u00e9 cette semaine l&rsquo;introduction d&rsquo;un certificat sanitaire cens\u00e9 permettre la r\u00e9ouverture des fronti\u00e8res et faciliter les voyages \u00e0 l&rsquo;int\u00e9rieur du bloc communautaire. La pr\u00e9sidente de la Commission europ\u00e9enne, Ursula von der Leyen a d\u00e9clar\u00e9 que l&rsquo;infrastructure visant le pass num\u00e9rique serait pr\u00eate avant le 1er juin et que les Etats membres pourraient se connecter au syst\u00e8me \u00e0 la mi-juin. Pr\u00e9sent \u00e0 la r\u00e9union, le pr\u00e9sident roumain, Klaus Iohannis, s&rsquo;est d\u00e9clar\u00e9 favorable \u00e0 l&rsquo;impl\u00e9mentation rapide et unitaire de ce syst\u00e8me, tout en insistant sur le fait que le document num\u00e9rique ne devrait pas toucher au droit fondamental des citoyens \u00e0 la libre circulation. D&rsquo;autres sujets ont figur\u00e9 \u00e0 l&rsquo;ordre du jour de la r\u00e9union des dirigeants europ\u00e9ens : la coordination de la lutte contre la pand\u00e9mie, les objectifs de l&rsquo;Union concernant le climat, les relations avec la Russie et le Royaume Uni  ou encore l&rsquo;incident a\u00e9ronautique du B\u00e9larus et la situation au Moyen Orient. Les Roumains peuvent d\u00e9sormais circuler librement au sein de l&rsquo;UE.<\/p>\n<p><\/p>\n<p><strong class=cms-bold>La Roumanie a test\u00e9 avec succ\u00e8s l&rsquo;interconnexion au syst\u00e8me europ\u00e9en des certificats num\u00e9riques Covid<\/strong><\/p>\n<p><span style=font-size: 1em;>L&rsquo;essai a \u00e9t\u00e9 r\u00e9alis\u00e9 par le Service des t\u00e9l\u00e9communications sp\u00e9ciales en coop\u00e9ration avec le groupe technique de l&rsquo;UE. Les certificats num\u00e9riques europ\u00e9ens, qui faciliteront la libre circulation dans l&rsquo;espace communautaire pendant la pand\u00e9mie, contiennent, entre autres, des donn\u00e9es d&rsquo;identification essentielles, telles que le nom, le pr\u00e9nom, la date de naissance ou encore l&rsquo;\u00c9tat membre \u00e9metteur, mais aussi des donn\u00e9es m\u00e9dicales sur la cat\u00e9gorie pour laquelle ils sont d\u00e9livr\u00e9s. Les certificats sanitaires seront d\u00e9livr\u00e9s en format num\u00e9rique, avec la possibilit\u00e9 d&rsquo;\u00eatre affich\u00e9s sur les t\u00e9l\u00e9phones intelligents, mais ils pourront aussi \u00eatre pr\u00e9sent\u00e9s en format papier. Selon le calendrier de travail europ\u00e9en, les certificats num\u00e9riques seront introduits d\u00e9but juillet, les sp\u00e9cialistes du Service des t\u00e9l\u00e9communications sp\u00e9ciales allant assurer la mise en service du syst\u00e8me informatique en Roumanie, conform\u00e9ment \u00e0 ce calendrier.<\/span><\/p>\n<p><\/p>\n<p><strong class=cms-bold>D\u00e9bats au Parlement au sujet du Plan national de redressement et de r\u00e9silience<\/strong><\/p>\n<p>R\u00e9formes, investissements et une meilleure gestion de l&rsquo;argent public, voil\u00e0 les objectifs du gouvernement de Bucarest qui doit appliquer le Plan national de relance et de r\u00e9silience que le premier ministre roumain, Florin C\u00ee\u0163u, a pr\u00e9sent\u00e9 au Parlement de Bucarest. Les quelque 30 milliards d&rsquo;euros, que la Commission europ\u00e9enne mettra \u00e0 la disposition de la Roumanie, arriveront dans tous les coins du pays, afin de contribuer \u00e0 la r\u00e9cup\u00e9ration de 30 ans gaspill\u00e9s, a promis le chef de l&rsquo;Ex\u00e9cutif de Bucarest. Florin C\u00ee\u0163u a pr\u00e9cis\u00e9 qu&rsquo;en vertu de ce plan, la Roumanie devrait recevoir des fonds pour des investissements notamment dans les transports, l&rsquo;\u00e9ducation et la sant\u00e9, des domaines qui doivent pourtant subir plusieurs r\u00e9formes. N\u00e9anmoins, il faut \u00e9galement mettre au point une strat\u00e9gie d&rsquo;\u00e9limination du gaspillage de l&rsquo;argent public. Selon le premier ministre C\u00ee\u0163u, tous les investissements devraient s&rsquo;achever avant 2026, autrement l&rsquo;int\u00e9gralit\u00e9 des fonds europ\u00e9ens serait perdue. Ce projet a suscit\u00e9 le m\u00e9contentement de l&rsquo;opposition, qui a, \u00e9videmment, critiqu\u00e9 le document et accus\u00e9 le gouvernement de vouloir introduire des mesures d&rsquo;aust\u00e9rit\u00e9. C&rsquo;est pourquoi, le principal parti d&rsquo;opposition, le PSD a annonc\u00e9 son intention de d\u00e9poser une motion de censure. Le copr\u00e9sident de l&rsquo;Alliance pour l&rsquo;union des Roumains, George Simion, a \u00e9galement d\u00e9clar\u00e9 que les \u00e9lus de son parti soutiendraient toute motion contre le Cabinet dirig\u00e9 par Florin C\u00ee\u0163u. Ce 31 mai, la Roumanie devrait d\u00e9poser son plan national dans le syst\u00e8me informatique de l&rsquo;UE avant sa publication int\u00e9grale le 2 juin. <\/p>\n","protected":false},"excerpt":{"rendered":"<p>La pand\u00e9mie de coronavirus en Roumanie La pand\u00e9mie de coronavirus continue \u00e0 reculer en Roumanie. Les chiffres des rapports officiels quotidiens en t\u00e9moignent. Par exemple, les nouveaux cas de contamination d\u00e9pist\u00e9s de mercredi \u00e0 jeudi dernier ont \u00e9t\u00e9 d&rsquo;environ 300, soit la moiti\u00e9 du nombre rapport\u00e9 la semaine pr\u00e9c\u00e9dente. La campagne de vaccination d\u00e9marr\u00e9e fin [&hellip;]<\/p>\n","protected":false},"author":46,"featured_media":124789,"comment_status":"closed","ping_status":"closed","sticky":false,"template":"","format":"standard","meta":{"_acf_changed":false,"footnotes":""},"categories":[94426],"tags":[164586,144283,89793,93007,88039,161701,29710,86066,143291,164585,87936],"coauthors":[],"class_list":["post-402951","post","type-post","status-publish","format-standard","has-post-thumbnail","hentry","category-cette-semaine-en-roumanie","tag-covid-fr","tag-economie-fr","tag-etat-dalerte","tag-pass-sanitaire","tag-relance","tag-resilience-fr","tag-restrictions","tag-sante","tag-ue-fr","tag-vaccination-fr","tag-voyages"],"acf":[],"yoast_head":"<!-- This site is optimized with the Yoast SEO plugin v27.3 - https:\/\/yoast.com\/product\/yoast-seo-wordpress\/ -->\n<title>La semaine du 24 au 30 mai 2021 - Radio Roumanie Internationale<\/title>\n<meta name=\"robots\" content=\"index, follow, max-snippet:-1, max-image-preview:large, max-video-preview:-1\" \/>\n<link rel=\"canonical\" href=\"https:\/\/www.rri.ro\/fr\/actualites\/cette-semaine-en-roumanie\/la-semaine-du-24-au-30-mai-2021-id402951.html\" \/>\n<meta property=\"og:locale\" content=\"fr_FR\" \/>\n<meta property=\"og:type\" content=\"article\" \/>\n<meta property=\"og:title\" content=\"La semaine du 24 au 30 mai 2021 - Radio Roumanie Internationale\" \/>\n<meta property=\"og:description\" content=\"La pand\u00e9mie de coronavirus en Roumanie La pand\u00e9mie de coronavirus continue \u00e0 reculer en Roumanie. Les chiffres des rapports officiels quotidiens en t\u00e9moignent. Par exemple, les nouveaux cas de contamination d\u00e9pist\u00e9s de mercredi \u00e0 jeudi dernier ont \u00e9t\u00e9 d&rsquo;environ 300, soit la moiti\u00e9 du nombre rapport\u00e9 la semaine pr\u00e9c\u00e9dente. La campagne de vaccination d\u00e9marr\u00e9e fin [&hellip;]\" \/>\n<meta property=\"og:url\" content=\"https:\/\/www.rri.ro\/fr\/actualites\/cette-semaine-en-roumanie\/la-semaine-du-24-au-30-mai-2021-id402951.html\" \/>\n<meta property=\"og:site_name\" content=\"Radio Roumanie Internationale\" \/>\n<meta property=\"article:published_time\" content=\"2021-05-29T10:15:00+00:00\" \/>\n<meta property=\"og:image\" content=\"https:\/\/www.rri.ro\/wp-content\/uploads\/2023\/10\/eveniment-top-2020-2021-cu-nicusor-dan-si-citu-premier.png\" \/>\n\t<meta property=\"og:image:width\" content=\"640\" \/>\n\t<meta property=\"og:image:height\" content=\"480\" \/>\n\t<meta property=\"og:image:type\" content=\"image\/png\" \/>\n<meta name=\"author\" content=\"Leyla Cheamil\" \/>\n<meta name=\"twitter:card\" content=\"summary_large_image\" \/>\n<meta name=\"twitter:label1\" content=\"\u00c9crit par\" \/>\n\t<meta name=\"twitter:data1\" content=\"Leyla Cheamil\" \/>\n\t<meta name=\"twitter:label2\" content=\"Dur\u00e9e de lecture estim\u00e9e\" \/>\n\t<meta name=\"twitter:data2\" content=\"6 minutes\" \/>\n\t<meta name=\"twitter:label3\" content=\"Written by\" \/>\n\t<meta name=\"twitter:data3\" content=\"Leyla Cheamil\" \/>\n<script type=\"application\/ld+json\" class=\"yoast-schema-graph\">{\"@context\":\"https:\\\/\\\/schema.org\",\"@graph\":[{\"@type\":\"Article\",\"@id\":\"https:\\\/\\\/www.rri.ro\\\/fr\\\/actualites\\\/cette-semaine-en-roumanie\\\/la-semaine-du-24-au-30-mai-2021-id402951.html#article\",\"isPartOf\":{\"@id\":\"https:\\\/\\\/www.rri.ro\\\/fr\\\/actualites\\\/cette-semaine-en-roumanie\\\/la-semaine-du-24-au-30-mai-2021-id402951.html\"},\"author\":{\"name\":\"Leyla Cheamil\",\"@id\":\"https:\\\/\\\/www.rri.ro\\\/#\\\/schema\\\/person\\\/e6364ed2d4b6af207a82ca66000d07e0\"},\"headline\":\"La semaine du 24 au 30 mai 2021\",\"datePublished\":\"2021-05-29T10:15:00+00:00\",\"mainEntityOfPage\":{\"@id\":\"https:\\\/\\\/www.rri.ro\\\/fr\\\/actualites\\\/cette-semaine-en-roumanie\\\/la-semaine-du-24-au-30-mai-2021-id402951.html\"},\"wordCount\":1267,\"image\":{\"@id\":\"https:\\\/\\\/www.rri.ro\\\/fr\\\/actualites\\\/cette-semaine-en-roumanie\\\/la-semaine-du-24-au-30-mai-2021-id402951.html#primaryimage\"},\"thumbnailUrl\":\"https:\\\/\\\/www.rri.ro\\\/wp-content\\\/uploads\\\/2023\\\/10\\\/eveniment-top-2020-2021-cu-nicusor-dan-si-citu-premier.png\",\"keywords\":[\"COVID\",\"economie\",\"\u00e9tat d'alerte\",\"pass sanitaire\",\"relance\",\"resilience\",\"restrictions\",\"sant\u00e9\",\"UE\",\"vaccination\",\"voyages\"],\"articleSection\":[\"Cette semaine, en Roumanie\"],\"inLanguage\":\"fr-FR\"},{\"@type\":\"WebPage\",\"@id\":\"https:\\\/\\\/www.rri.ro\\\/fr\\\/actualites\\\/cette-semaine-en-roumanie\\\/la-semaine-du-24-au-30-mai-2021-id402951.html\",\"url\":\"https:\\\/\\\/www.rri.ro\\\/fr\\\/actualites\\\/cette-semaine-en-roumanie\\\/la-semaine-du-24-au-30-mai-2021-id402951.html\",\"name\":\"La semaine du 24 au 30 mai 2021 - Radio Roumanie Internationale\",\"isPartOf\":{\"@id\":\"https:\\\/\\\/www.rri.ro\\\/#website\"},\"primaryImageOfPage\":{\"@id\":\"https:\\\/\\\/www.rri.ro\\\/fr\\\/actualites\\\/cette-semaine-en-roumanie\\\/la-semaine-du-24-au-30-mai-2021-id402951.html#primaryimage\"},\"image\":{\"@id\":\"https:\\\/\\\/www.rri.ro\\\/fr\\\/actualites\\\/cette-semaine-en-roumanie\\\/la-semaine-du-24-au-30-mai-2021-id402951.html#primaryimage\"},\"thumbnailUrl\":\"https:\\\/\\\/www.rri.ro\\\/wp-content\\\/uploads\\\/2023\\\/10\\\/eveniment-top-2020-2021-cu-nicusor-dan-si-citu-premier.png\",\"datePublished\":\"2021-05-29T10:15:00+00:00\",\"author\":{\"@id\":\"https:\\\/\\\/www.rri.ro\\\/#\\\/schema\\\/person\\\/e6364ed2d4b6af207a82ca66000d07e0\"},\"breadcrumb\":{\"@id\":\"https:\\\/\\\/www.rri.ro\\\/fr\\\/actualites\\\/cette-semaine-en-roumanie\\\/la-semaine-du-24-au-30-mai-2021-id402951.html#breadcrumb\"},\"inLanguage\":\"fr-FR\",\"potentialAction\":[{\"@type\":\"ReadAction\",\"target\":[\"https:\\\/\\\/www.rri.ro\\\/fr\\\/actualites\\\/cette-semaine-en-roumanie\\\/la-semaine-du-24-au-30-mai-2021-id402951.html\"]}]},{\"@type\":\"ImageObject\",\"inLanguage\":\"fr-FR\",\"@id\":\"https:\\\/\\\/www.rri.ro\\\/fr\\\/actualites\\\/cette-semaine-en-roumanie\\\/la-semaine-du-24-au-30-mai-2021-id402951.html#primaryimage\",\"url\":\"https:\\\/\\\/www.rri.ro\\\/wp-content\\\/uploads\\\/2023\\\/10\\\/eveniment-top-2020-2021-cu-nicusor-dan-si-citu-premier.png\",\"contentUrl\":\"https:\\\/\\\/www.rri.ro\\\/wp-content\\\/uploads\\\/2023\\\/10\\\/eveniment-top-2020-2021-cu-nicusor-dan-si-citu-premier.png\",\"width\":640,\"height\":480},{\"@type\":\"BreadcrumbList\",\"@id\":\"https:\\\/\\\/www.rri.ro\\\/fr\\\/actualites\\\/cette-semaine-en-roumanie\\\/la-semaine-du-24-au-30-mai-2021-id402951.html#breadcrumb\",\"itemListElement\":[{\"@type\":\"ListItem\",\"position\":1,\"name\":\"Page d'accueil\",\"item\":\"https:\\\/\\\/www.rri.ro\\\/fr\"},{\"@type\":\"ListItem\",\"position\":2,\"name\":\"Actualit\u00e9s\",\"item\":\"https:\\\/\\\/www.rri.ro\\\/fr\\\/actualites\"},{\"@type\":\"ListItem\",\"position\":3,\"name\":\"Cette semaine, en Roumanie\",\"item\":\"https:\\\/\\\/www.rri.ro\\\/fr\\\/actualites\\\/cette-semaine-en-roumanie\"},{\"@type\":\"ListItem\",\"position\":4,\"name\":\"La semaine du 24 au 30 mai 2021\"}]},{\"@type\":\"WebSite\",\"@id\":\"https:\\\/\\\/www.rri.ro\\\/#website\",\"url\":\"https:\\\/\\\/www.rri.ro\\\/\",\"name\":\"Radio Roumanie Internationale\",\"description\":\"Totul despre Rom\u00e2nia \u015fi rom\u00e2ni, \u00een 13 limbi\\\/dialecte!\",\"inLanguage\":\"fr-FR\"},{\"@type\":\"Person\",\"@id\":\"https:\\\/\\\/www.rri.ro\\\/#\\\/schema\\\/person\\\/e6364ed2d4b6af207a82ca66000d07e0\",\"name\":\"Leyla Cheamil\",\"url\":\"https:\\\/\\\/www.rri.ro\\\/fr\\\/author\\\/leyla-cheamil\"}]}<\/script>\n<!-- \/ Yoast SEO plugin. -->","yoast_head_json":{"title":"La semaine du 24 au 30 mai 2021 - Radio Roumanie Internationale","robots":{"index":"index","follow":"follow","max-snippet":"max-snippet:-1","max-image-preview":"max-image-preview:large","max-video-preview":"max-video-preview:-1"},"canonical":"https:\/\/www.rri.ro\/fr\/actualites\/cette-semaine-en-roumanie\/la-semaine-du-24-au-30-mai-2021-id402951.html","og_locale":"fr_FR","og_type":"article","og_title":"La semaine du 24 au 30 mai 2021 - Radio Roumanie Internationale","og_description":"La pand\u00e9mie de coronavirus en Roumanie La pand\u00e9mie de coronavirus continue \u00e0 reculer en Roumanie. Les chiffres des rapports officiels quotidiens en t\u00e9moignent. Par exemple, les nouveaux cas de contamination d\u00e9pist\u00e9s de mercredi \u00e0 jeudi dernier ont \u00e9t\u00e9 d&rsquo;environ 300, soit la moiti\u00e9 du nombre rapport\u00e9 la semaine pr\u00e9c\u00e9dente. La campagne de vaccination d\u00e9marr\u00e9e fin [&hellip;]","og_url":"https:\/\/www.rri.ro\/fr\/actualites\/cette-semaine-en-roumanie\/la-semaine-du-24-au-30-mai-2021-id402951.html","og_site_name":"Radio Roumanie Internationale","article_published_time":"2021-05-29T10:15:00+00:00","og_image":[{"width":640,"height":480,"url":"https:\/\/www.rri.ro\/wp-content\/uploads\/2023\/10\/eveniment-top-2020-2021-cu-nicusor-dan-si-citu-premier.png","type":"image\/png"}],"author":"Leyla Cheamil","twitter_card":"summary_large_image","twitter_misc":{"\u00c9crit par":"Leyla Cheamil","Dur\u00e9e de lecture estim\u00e9e":"6 minutes","Written by":"Leyla Cheamil"},"schema":{"@context":"https:\/\/schema.org","@graph":[{"@type":"Article","@id":"https:\/\/www.rri.ro\/fr\/actualites\/cette-semaine-en-roumanie\/la-semaine-du-24-au-30-mai-2021-id402951.html#article","isPartOf":{"@id":"https:\/\/www.rri.ro\/fr\/actualites\/cette-semaine-en-roumanie\/la-semaine-du-24-au-30-mai-2021-id402951.html"},"author":{"name":"Leyla Cheamil","@id":"https:\/\/www.rri.ro\/#\/schema\/person\/e6364ed2d4b6af207a82ca66000d07e0"},"headline":"La semaine du 24 au 30 mai 2021","datePublished":"2021-05-29T10:15:00+00:00","mainEntityOfPage":{"@id":"https:\/\/www.rri.ro\/fr\/actualites\/cette-semaine-en-roumanie\/la-semaine-du-24-au-30-mai-2021-id402951.html"},"wordCount":1267,"image":{"@id":"https:\/\/www.rri.ro\/fr\/actualites\/cette-semaine-en-roumanie\/la-semaine-du-24-au-30-mai-2021-id402951.html#primaryimage"},"thumbnailUrl":"https:\/\/www.rri.ro\/wp-content\/uploads\/2023\/10\/eveniment-top-2020-2021-cu-nicusor-dan-si-citu-premier.png","keywords":["COVID","economie","\u00e9tat d'alerte","pass sanitaire","relance","resilience","restrictions","sant\u00e9","UE","vaccination","voyages"],"articleSection":["Cette semaine, en Roumanie"],"inLanguage":"fr-FR"},{"@type":"WebPage","@id":"https:\/\/www.rri.ro\/fr\/actualites\/cette-semaine-en-roumanie\/la-semaine-du-24-au-30-mai-2021-id402951.html","url":"https:\/\/www.rri.ro\/fr\/actualites\/cette-semaine-en-roumanie\/la-semaine-du-24-au-30-mai-2021-id402951.html","name":"La semaine du 24 au 30 mai 2021 - Radio Roumanie Internationale","isPartOf":{"@id":"https:\/\/www.rri.ro\/#website"},"primaryImageOfPage":{"@id":"https:\/\/www.rri.ro\/fr\/actualites\/cette-semaine-en-roumanie\/la-semaine-du-24-au-30-mai-2021-id402951.html#primaryimage"},"image":{"@id":"https:\/\/www.rri.ro\/fr\/actualites\/cette-semaine-en-roumanie\/la-semaine-du-24-au-30-mai-2021-id402951.html#primaryimage"},"thumbnailUrl":"https:\/\/www.rri.ro\/wp-content\/uploads\/2023\/10\/eveniment-top-2020-2021-cu-nicusor-dan-si-citu-premier.png","datePublished":"2021-05-29T10:15:00+00:00","author":{"@id":"https:\/\/www.rri.ro\/#\/schema\/person\/e6364ed2d4b6af207a82ca66000d07e0"},"breadcrumb":{"@id":"https:\/\/www.rri.ro\/fr\/actualites\/cette-semaine-en-roumanie\/la-semaine-du-24-au-30-mai-2021-id402951.html#breadcrumb"},"inLanguage":"fr-FR","potentialAction":[{"@type":"ReadAction","target":["https:\/\/www.rri.ro\/fr\/actualites\/cette-semaine-en-roumanie\/la-semaine-du-24-au-30-mai-2021-id402951.html"]}]},{"@type":"ImageObject","inLanguage":"fr-FR","@id":"https:\/\/www.rri.ro\/fr\/actualites\/cette-semaine-en-roumanie\/la-semaine-du-24-au-30-mai-2021-id402951.html#primaryimage","url":"https:\/\/www.rri.ro\/wp-content\/uploads\/2023\/10\/eveniment-top-2020-2021-cu-nicusor-dan-si-citu-premier.png","contentUrl":"https:\/\/www.rri.ro\/wp-content\/uploads\/2023\/10\/eveniment-top-2020-2021-cu-nicusor-dan-si-citu-premier.png","width":640,"height":480},{"@type":"BreadcrumbList","@id":"https:\/\/www.rri.ro\/fr\/actualites\/cette-semaine-en-roumanie\/la-semaine-du-24-au-30-mai-2021-id402951.html#breadcrumb","itemListElement":[{"@type":"ListItem","position":1,"name":"Page d'accueil","item":"https:\/\/www.rri.ro\/fr"},{"@type":"ListItem","position":2,"name":"Actualit\u00e9s","item":"https:\/\/www.rri.ro\/fr\/actualites"},{"@type":"ListItem","position":3,"name":"Cette semaine, en Roumanie","item":"https:\/\/www.rri.ro\/fr\/actualites\/cette-semaine-en-roumanie"},{"@type":"ListItem","position":4,"name":"La semaine du 24 au 30 mai 2021"}]},{"@type":"WebSite","@id":"https:\/\/www.rri.ro\/#website","url":"https:\/\/www.rri.ro\/","name":"Radio Roumanie Internationale","description":"Totul despre Rom\u00e2nia \u015fi rom\u00e2ni, \u00een 13 limbi\/dialecte!","inLanguage":"fr-FR"},{"@type":"Person","@id":"https:\/\/www.rri.ro\/#\/schema\/person\/e6364ed2d4b6af207a82ca66000d07e0","name":"Leyla Cheamil","url":"https:\/\/www.rri.ro\/fr\/author\/leyla-cheamil"}]}},"_links":{"self":[{"href":"https:\/\/www.rri.ro\/fr\/wp-json\/wp\/v2\/posts\/402951","targetHints":{"allow":["GET"]}}],"collection":[{"href":"https:\/\/www.rri.ro\/fr\/wp-json\/wp\/v2\/posts"}],"about":[{"href":"https:\/\/www.rri.ro\/fr\/wp-json\/wp\/v2\/types\/post"}],"author":[{"embeddable":true,"href":"https:\/\/www.rri.ro\/fr\/wp-json\/wp\/v2\/users\/46"}],"replies":[{"embeddable":true,"href":"https:\/\/www.rri.ro\/fr\/wp-json\/wp\/v2\/comments?post=402951"}],"version-history":[{"count":0,"href":"https:\/\/www.rri.ro\/fr\/wp-json\/wp\/v2\/posts\/402951\/revisions"}],"wp:featuredmedia":[{"embeddable":true,"href":"https:\/\/www.rri.ro\/fr\/wp-json\/wp\/v2\/media\/124789"}],"wp:attachment":[{"href":"https:\/\/www.rri.ro\/fr\/wp-json\/wp\/v2\/media?parent=402951"}],"wp:term":[{"taxonomy":"category","embeddable":true,"href":"https:\/\/www.rri.ro\/fr\/wp-json\/wp\/v2\/categories?post=402951"},{"taxonomy":"post_tag","embeddable":true,"href":"https:\/\/www.rri.ro\/fr\/wp-json\/wp\/v2\/tags?post=402951"},{"taxonomy":"author","embeddable":true,"href":"https:\/\/www.rri.ro\/fr\/wp-json\/wp\/v2\/coauthors?post=402951"}],"curies":[{"name":"wp","href":"https:\/\/api.w.org\/{rel}","templated":true}]}}