{"id":402981,"date":"2021-12-04T09:27:00","date_gmt":"2021-12-04T07:27:00","guid":{"rendered":"http:\/\/devrri.freshlemon.ro\/le-roumain-mot-a-mot\/consulter-les-lecons\/la-semaine-du-29-11-au-04-12-id402981.html"},"modified":"2021-12-04T09:27:00","modified_gmt":"2021-12-04T07:27:00","slug":"la-semaine-du-29-11-au-04-12","status":"publish","type":"post","link":"https:\/\/www.rri.ro\/fr\/actualites\/cette-semaine-en-roumanie\/la-semaine-du-29-11-au-04-12-id402981.html","title":{"rendered":"La semaine du 29.11 au 04.12"},"content":{"rendered":"<p><strong class=cms-bold>Les Roumains ont marqu\u00e9 la F\u00eate nationale<\/strong><\/p>\n<p><\/p>\n<p>Les Roumains vivant au pays, dans la diaspora et dans les communaut\u00e9s historiques autour des fronti\u00e8res actuelles ont c\u00e9l\u00e9br\u00e9, mercredi, la F\u00eate nationale et les 103 ans depuis la cr\u00e9ation de l&rsquo;Etat national unitaire. Le 1er D\u00e9cembre 1918, la grande assembl\u00e9e nationale organis\u00e9e \u00e0 Alba Iulia d\u00e9cida de l&rsquo;union des provinces de Transylvanie (centre), du Banat, du Maramure\u015f et de la Cri\u015fana habit\u00e9es par des Roumains avec le Royaume de Roumanie. Dans un message adress\u00e9 aux Roumains \u00e0 l&rsquo;occasion de la F\u00eate nationale, le chef de l&rsquo;Etat, Klaus Iohannis a pr\u00e9cis\u00e9 que cette ann\u00e9e, cette journ\u00e9e sp\u00e9ciale a \u00e9t\u00e9 malheureusement, marqu\u00e9e par la pand\u00e9mie. Du coup, il a lanc\u00e9 un message d&rsquo;encouragement \u00e0 ceux malades ou en souffrance, tout en remerciant les blouses blanches. \u00ab La le\u00e7on de la solidarit\u00e9 est plus vivante et plus actuelle que jamais. L&rsquo;histoire nous a montr\u00e9 \u00e0 plusieurs reprises que ce n&rsquo;est qu&rsquo;\u00e0 force de rester unis qu&rsquo;on arrive \u00e0 s&rsquo;adapter aux pires r\u00e9alit\u00e9s et que cela d\u00e9pend de notre volont\u00e9, en tant que nation, pour relever tous les d\u00e9fis \u00bb. La F\u00eate nationale de la Roumanie a \u00e9t\u00e9 marqu\u00e9e mercredi \u00e0 travers tout le pays. Des milliers de personnes ont particip\u00e9 \u00e0 la parade militaire organis\u00e9e dans la capitale et qui a mobilis\u00e9 1500 militaires ayant d\u00e9fil\u00e9 sous l&rsquo;Arc de Triomphe. Ce fut la deuxi\u00e8me parade organis\u00e9e en pand\u00e9mie, mais la premi\u00e8re \u00e0 laquelle le public a pu assister. <\/p>\n<p><\/p>\n<p><strong class=cms-bold>La Roumanie b\u00e9n\u00e9ficie d&rsquo;un premier versement du Plan national de relance et de r\u00e9silience<\/strong><\/p>\n<p><\/p>\n<p>Jeudi, Bruxelles a vers\u00e9 \u00e0 la Roumanie 1,8 milliards d&rsquo;euros de pr\u00e9financement, soit 13% de l&rsquo;enveloppe totale que le pays se verra octroyer. Le reste de presque 2 milliards d&rsquo;euros du montant total de pr\u00e9financement pr\u00e9vu pour 2021 sera accord\u00e9 d&rsquo;ici la fin de l&rsquo;ann\u00e9e. L&rsquo;argent sera allou\u00e9 par tranches, au fur et \u00e0 mesure que le pays arrive \u00e0 r\u00e9pondre \u00e0 ses objectifs. Tout cet argent servira au d\u00e9marrage des investissements et des r\u00e9formes que la Roumanie s&rsquo;est fix\u00e9s dans le cadre du Plan national de relance et de r\u00e9silience. Au chapitre de \u00ab La transition verte \u00bb, le pays s&rsquo;est propos\u00e9 d&rsquo;investir 3,9 milliards d&rsquo;euros dans la modernisation et l&rsquo;\u00e9lectrification des chemins de fer et dans la diminution des \u00e9missions de carbone. 2,7 milliards d&rsquo;euros seront attribu\u00e9s \u00e0 la r\u00e9novation et \u00e0 l&rsquo;enveloppement des immeubles et des si\u00e8ges des institutions publiques afin d&rsquo;accro\u00eetre leur performance \u00e9nerg\u00e9tique et leur r\u00e9sistance en cas de s\u00e9isme. Le plan pr\u00e9voit aussi 2 milliards d&rsquo;euros d&rsquo;investissements dans l&rsquo;infrastructure hospitali\u00e8re et dans l&rsquo;am\u00e9lioration du syst\u00e8me \u00e9ducationnel dans le domaine m\u00e9dical. Si elle arrive \u00e0 r\u00e9pondre \u00e0 toutes ses cibles, la Roumanie se verra octroyer une enveloppe totale de 29,2 milliards d&rsquo;euros<\/p>\n<p><\/p>\n<p><strong class=cms-bold>La pand\u00e9mie recule en Roumanie<\/strong><\/p>\n<p><\/p>\n<p>La pand\u00e9mie est en recul en Roumanie. Cette semaine les autorit\u00e9s ont rapport\u00e9 la moiti\u00e9 des nouveaux cas d\u00e9pist\u00e9s une semaine auparavant. Les statistiques quotidiennes tournent autour d&rsquo;un millier de cas. En m\u00eame temps, l&rsquo;int\u00e9r\u00eat de la population pour la vaccination anticovid a chut\u00e9. La moyenne quotidienne des nouvelles vaccinations a baiss\u00e9 \u00e0 10 000 par rapport \u00e0 16 000 la semaine d&rsquo;avant. A pr\u00e9sent, pr\u00e8s de 7 millions et demi de Roumains sont immunis\u00e9s au sch\u00e9ma complet contre le coronavirus, ce qui est toujours loin de la moiti\u00e9 de la population \u00e9ligible. En m\u00eame temps, selon l&rsquo;Institut national de sant\u00e9 publique, environ 90% des d\u00e9c\u00e8s li\u00e9s \u00e0 la Covid enregistr\u00e9s la semaine derni\u00e8re concernaient des personnes non vaccin\u00e9es, alors que dans les rangs des personnes \u00e2g\u00e9es de plus de 60 ans, les personnes d\u00e9c\u00e9d\u00e9es souffraient aussi d&rsquo;au moins un autre maladie. De m\u00eame, les rapports de plusieurs d\u00e9partements \u00e0 travers le pays, y compris la capitale, font \u00e9tat d&rsquo;un taux de contamination de 70% dans les rangs des personnes non vaccin\u00e9es. Par ailleurs, sur toile de fond de l&rsquo;apparition d&rsquo;un nouveau variant de coronavirus, Omicron, d\u00e9couvert en Afrique du Sud, la Roumanie a rapatri\u00e9 \u00e0 l&rsquo;aide de courses sp\u00e9ciales organis\u00e9es par le gouvernement de Bucarest plusieurs ressortissants roumains rest\u00e9s sur le continent africain appr\u00e8s la suppression des vols depuis et vers l&rsquo;UE. Il s&rsquo;agit de 46 Roumains et de d24 citoyens d&rsquo;autres pays qui ont \u00e9t\u00e9 ramen\u00e9s depuis l&rsquo;Afrique du Sud et de 122 Roumains et de 62 ressortissants europ\u00e9ens qui ont \u00e9t\u00e9 ramen\u00e9s en Roumanie depuis le Maroc. <\/p>\n<p><strong class=cms-bold>Le chef de la diplomatie roumaine a particip\u00e9 au Conseil des ministres de l&rsquo;OSCE<\/strong><\/p>\n<p>Le chef de la diplomatie roumaine, Bogdan Aurescu, a particip\u00e9 ces jeudi et vendredi \u00e0 la r\u00e9union du Conseil des ministres de l&rsquo;OSCE, tenu \u00e0 Stockholm. Lors de son allocution, Bogdan Aurescu a parl\u00e9 de l&rsquo;importance de faire cro\u00eetre la capacit\u00e9 de l&rsquo;OSCE de g\u00e9rer la situation de s\u00e9curit\u00e9 dans la r\u00e9gion de la mer Noire et de trouver une solution aux conflits prolong\u00e9s de la zone. Il a \u00e9galement soulign\u00e9 l&rsquo;engagement de la Roumanie \u00e0 d\u00e9fendre et \u00e0 prot\u00e9ger les valeurs et les principes de l&rsquo;OSCE figurant dans l&rsquo;Acte final d&rsquo;Helsinki de 1975 et dans la Charte de Paris pour une nouvelle Europe de 1990, deux documents se trouvant \u00e0 la base de la s\u00e9curit\u00e9 europ\u00e9enne. Le ministre Aurescu a aussi fait r\u00e9f\u00e9rence \u00e0 la s\u00e9curit\u00e9 \u00e9nerg\u00e9tique, \u00e0 l&rsquo;instrumentalisation des migrants, au renforcement de la pr\u00e9sence militaire aux fronti\u00e8res de l&rsquo;Ukraine et aux nombreuses transgressions du cessez-le-feu dans l&rsquo;est de l&rsquo;Ukraine. Toujours devant le pl\u00e9num du Conseil des ministres de l&rsquo;OSCE, le chef de la diplomatie roumaine n&rsquo;a pas manqu\u00e9 de r\u00e9agir aux d\u00e9clarations de son homologue russe, Serguei Lavrov, qui affirmait dans son discours national que le syst\u00e8me du bouclier antimissile am\u00e9ricain install\u00e9 en Roumanie pouvait \u00eatre utilis\u00e9 pour des frappes offensives. Bogdan Aurescu a tenu \u00e0 pr\u00e9ciser que cette position russe \u00e9tait incorrecte et que la Roumanie, les Etats-Unis et l&rsquo;OTAN avaient affirm\u00e9 \u00e0 plusieurs reprises que le bouclier antimissile de Roumanie avait un r\u00f4le strictement d\u00e9fensif, \u00e0 servir uniquement en cas d&rsquo;auto-d\u00e9fense l\u00e9gitime, comme pr\u00e9vu dans la Charte de l&rsquo;ONU, n&rsquo;\u00e9tant d&rsquo;aucune mani\u00e8re une menace \u00e0 l&rsquo;adresse de la F\u00e9d\u00e9ration de Russie. (Trad. Ioana, Valentina)<\/p>\n","protected":false},"excerpt":{"rendered":"<p>Les Roumains ont marqu\u00e9 la F\u00eate nationale Les Roumains vivant au pays, dans la diaspora et dans les communaut\u00e9s historiques autour des fronti\u00e8res actuelles ont c\u00e9l\u00e9br\u00e9, mercredi, la F\u00eate nationale et les 103 ans depuis la cr\u00e9ation de l&rsquo;Etat national unitaire. Le 1er D\u00e9cembre 1918, la grande assembl\u00e9e nationale organis\u00e9e \u00e0 Alba Iulia d\u00e9cida de [&hellip;]<\/p>\n","protected":false},"author":46,"featured_media":124860,"comment_status":"closed","ping_status":"closed","sticky":false,"template":"","format":"standard","meta":{"_acf_changed":false,"footnotes":""},"categories":[94426],"tags":[86778,149356,86777,69174,150517,47026,88039,161701,86066,143291],"coauthors":[],"class_list":["post-402981","post","type-post","status-publish","format-standard","has-post-thumbnail","hentry","category-cette-semaine-en-roumanie","tag-1er-decembre","tag-diplomatie-fr","tag-fete-nationale","tag-maladie","tag-osce-fr","tag-pandemie","tag-relance","tag-resilience-fr","tag-sante","tag-ue-fr"],"acf":[],"yoast_head":"<!-- This site is optimized with the Yoast SEO plugin v27.3 - https:\/\/yoast.com\/product\/yoast-seo-wordpress\/ -->\n<title>La semaine du 29.11 au 04.12 - Radio Roumanie Internationale<\/title>\n<meta name=\"robots\" content=\"index, follow, max-snippet:-1, max-image-preview:large, max-video-preview:-1\" \/>\n<link rel=\"canonical\" href=\"https:\/\/www.rri.ro\/fr\/actualites\/cette-semaine-en-roumanie\/la-semaine-du-29-11-au-04-12-id402981.html\" \/>\n<meta property=\"og:locale\" content=\"fr_FR\" \/>\n<meta property=\"og:type\" content=\"article\" \/>\n<meta property=\"og:title\" content=\"La semaine du 29.11 au 04.12 - Radio Roumanie Internationale\" \/>\n<meta property=\"og:description\" content=\"Les Roumains ont marqu\u00e9 la F\u00eate nationale Les Roumains vivant au pays, dans la diaspora et dans les communaut\u00e9s historiques autour des fronti\u00e8res actuelles ont c\u00e9l\u00e9br\u00e9, mercredi, la F\u00eate nationale et les 103 ans depuis la cr\u00e9ation de l&rsquo;Etat national unitaire. Le 1er D\u00e9cembre 1918, la grande assembl\u00e9e nationale organis\u00e9e \u00e0 Alba Iulia d\u00e9cida de [&hellip;]\" \/>\n<meta property=\"og:url\" content=\"https:\/\/www.rri.ro\/fr\/actualites\/cette-semaine-en-roumanie\/la-semaine-du-29-11-au-04-12-id402981.html\" \/>\n<meta property=\"og:site_name\" content=\"Radio Roumanie Internationale\" \/>\n<meta property=\"article:published_time\" content=\"2021-12-04T07:27:00+00:00\" \/>\n<meta property=\"og:image\" content=\"https:\/\/www.rri.ro\/wp-content\/uploads\/2023\/10\/eveniment-top-2021-ciuca-premier.png\" \/>\n\t<meta property=\"og:image:width\" content=\"640\" \/>\n\t<meta property=\"og:image:height\" content=\"480\" \/>\n\t<meta property=\"og:image:type\" content=\"image\/png\" \/>\n<meta name=\"author\" content=\"Leyla Cheamil\" \/>\n<meta name=\"twitter:card\" content=\"summary_large_image\" \/>\n<meta name=\"twitter:label1\" content=\"\u00c9crit par\" \/>\n\t<meta name=\"twitter:data1\" content=\"Leyla Cheamil\" \/>\n\t<meta name=\"twitter:label2\" content=\"Dur\u00e9e de lecture estim\u00e9e\" \/>\n\t<meta name=\"twitter:data2\" content=\"5 minutes\" \/>\n\t<meta name=\"twitter:label3\" content=\"Written by\" \/>\n\t<meta name=\"twitter:data3\" content=\"Leyla Cheamil\" \/>\n<script type=\"application\/ld+json\" class=\"yoast-schema-graph\">{\"@context\":\"https:\\\/\\\/schema.org\",\"@graph\":[{\"@type\":\"Article\",\"@id\":\"https:\\\/\\\/www.rri.ro\\\/fr\\\/actualites\\\/cette-semaine-en-roumanie\\\/la-semaine-du-29-11-au-04-12-id402981.html#article\",\"isPartOf\":{\"@id\":\"https:\\\/\\\/www.rri.ro\\\/fr\\\/actualites\\\/cette-semaine-en-roumanie\\\/la-semaine-du-29-11-au-04-12-id402981.html\"},\"author\":{\"name\":\"Leyla Cheamil\",\"@id\":\"https:\\\/\\\/www.rri.ro\\\/#\\\/schema\\\/person\\\/e6364ed2d4b6af207a82ca66000d07e0\"},\"headline\":\"La semaine du 29.11 au 04.12\",\"datePublished\":\"2021-12-04T07:27:00+00:00\",\"mainEntityOfPage\":{\"@id\":\"https:\\\/\\\/www.rri.ro\\\/fr\\\/actualites\\\/cette-semaine-en-roumanie\\\/la-semaine-du-29-11-au-04-12-id402981.html\"},\"wordCount\":1131,\"image\":{\"@id\":\"https:\\\/\\\/www.rri.ro\\\/fr\\\/actualites\\\/cette-semaine-en-roumanie\\\/la-semaine-du-29-11-au-04-12-id402981.html#primaryimage\"},\"thumbnailUrl\":\"https:\\\/\\\/www.rri.ro\\\/wp-content\\\/uploads\\\/2023\\\/10\\\/eveniment-top-2021-ciuca-premier.png\",\"keywords\":[\"1er d\u00e9cembre\",\"diplomatie\",\"f\u00eate nationale\",\"maladie\",\"OSCE\",\"pandemie\",\"relance\",\"resilience\",\"sant\u00e9\",\"UE\"],\"articleSection\":[\"Cette semaine, en Roumanie\"],\"inLanguage\":\"fr-FR\"},{\"@type\":\"WebPage\",\"@id\":\"https:\\\/\\\/www.rri.ro\\\/fr\\\/actualites\\\/cette-semaine-en-roumanie\\\/la-semaine-du-29-11-au-04-12-id402981.html\",\"url\":\"https:\\\/\\\/www.rri.ro\\\/fr\\\/actualites\\\/cette-semaine-en-roumanie\\\/la-semaine-du-29-11-au-04-12-id402981.html\",\"name\":\"La semaine du 29.11 au 04.12 - Radio Roumanie Internationale\",\"isPartOf\":{\"@id\":\"https:\\\/\\\/www.rri.ro\\\/#website\"},\"primaryImageOfPage\":{\"@id\":\"https:\\\/\\\/www.rri.ro\\\/fr\\\/actualites\\\/cette-semaine-en-roumanie\\\/la-semaine-du-29-11-au-04-12-id402981.html#primaryimage\"},\"image\":{\"@id\":\"https:\\\/\\\/www.rri.ro\\\/fr\\\/actualites\\\/cette-semaine-en-roumanie\\\/la-semaine-du-29-11-au-04-12-id402981.html#primaryimage\"},\"thumbnailUrl\":\"https:\\\/\\\/www.rri.ro\\\/wp-content\\\/uploads\\\/2023\\\/10\\\/eveniment-top-2021-ciuca-premier.png\",\"datePublished\":\"2021-12-04T07:27:00+00:00\",\"author\":{\"@id\":\"https:\\\/\\\/www.rri.ro\\\/#\\\/schema\\\/person\\\/e6364ed2d4b6af207a82ca66000d07e0\"},\"breadcrumb\":{\"@id\":\"https:\\\/\\\/www.rri.ro\\\/fr\\\/actualites\\\/cette-semaine-en-roumanie\\\/la-semaine-du-29-11-au-04-12-id402981.html#breadcrumb\"},\"inLanguage\":\"fr-FR\",\"potentialAction\":[{\"@type\":\"ReadAction\",\"target\":[\"https:\\\/\\\/www.rri.ro\\\/fr\\\/actualites\\\/cette-semaine-en-roumanie\\\/la-semaine-du-29-11-au-04-12-id402981.html\"]}]},{\"@type\":\"ImageObject\",\"inLanguage\":\"fr-FR\",\"@id\":\"https:\\\/\\\/www.rri.ro\\\/fr\\\/actualites\\\/cette-semaine-en-roumanie\\\/la-semaine-du-29-11-au-04-12-id402981.html#primaryimage\",\"url\":\"https:\\\/\\\/www.rri.ro\\\/wp-content\\\/uploads\\\/2023\\\/10\\\/eveniment-top-2021-ciuca-premier.png\",\"contentUrl\":\"https:\\\/\\\/www.rri.ro\\\/wp-content\\\/uploads\\\/2023\\\/10\\\/eveniment-top-2021-ciuca-premier.png\",\"width\":640,\"height\":480},{\"@type\":\"BreadcrumbList\",\"@id\":\"https:\\\/\\\/www.rri.ro\\\/fr\\\/actualites\\\/cette-semaine-en-roumanie\\\/la-semaine-du-29-11-au-04-12-id402981.html#breadcrumb\",\"itemListElement\":[{\"@type\":\"ListItem\",\"position\":1,\"name\":\"Page d'accueil\",\"item\":\"https:\\\/\\\/www.rri.ro\\\/fr\"},{\"@type\":\"ListItem\",\"position\":2,\"name\":\"Actualit\u00e9s\",\"item\":\"https:\\\/\\\/www.rri.ro\\\/fr\\\/actualites\"},{\"@type\":\"ListItem\",\"position\":3,\"name\":\"Cette semaine, en Roumanie\",\"item\":\"https:\\\/\\\/www.rri.ro\\\/fr\\\/actualites\\\/cette-semaine-en-roumanie\"},{\"@type\":\"ListItem\",\"position\":4,\"name\":\"La semaine du 29.11 au 04.12\"}]},{\"@type\":\"WebSite\",\"@id\":\"https:\\\/\\\/www.rri.ro\\\/#website\",\"url\":\"https:\\\/\\\/www.rri.ro\\\/\",\"name\":\"Radio Roumanie Internationale\",\"description\":\"Totul despre Rom\u00e2nia \u015fi rom\u00e2ni, \u00een 13 limbi\\\/dialecte!\",\"inLanguage\":\"fr-FR\"},{\"@type\":\"Person\",\"@id\":\"https:\\\/\\\/www.rri.ro\\\/#\\\/schema\\\/person\\\/e6364ed2d4b6af207a82ca66000d07e0\",\"name\":\"Leyla Cheamil\",\"url\":\"https:\\\/\\\/www.rri.ro\\\/fr\\\/author\\\/leyla-cheamil\"}]}<\/script>\n<!-- \/ Yoast SEO plugin. -->","yoast_head_json":{"title":"La semaine du 29.11 au 04.12 - Radio Roumanie Internationale","robots":{"index":"index","follow":"follow","max-snippet":"max-snippet:-1","max-image-preview":"max-image-preview:large","max-video-preview":"max-video-preview:-1"},"canonical":"https:\/\/www.rri.ro\/fr\/actualites\/cette-semaine-en-roumanie\/la-semaine-du-29-11-au-04-12-id402981.html","og_locale":"fr_FR","og_type":"article","og_title":"La semaine du 29.11 au 04.12 - Radio Roumanie Internationale","og_description":"Les Roumains ont marqu\u00e9 la F\u00eate nationale Les Roumains vivant au pays, dans la diaspora et dans les communaut\u00e9s historiques autour des fronti\u00e8res actuelles ont c\u00e9l\u00e9br\u00e9, mercredi, la F\u00eate nationale et les 103 ans depuis la cr\u00e9ation de l&rsquo;Etat national unitaire. Le 1er D\u00e9cembre 1918, la grande assembl\u00e9e nationale organis\u00e9e \u00e0 Alba Iulia d\u00e9cida de [&hellip;]","og_url":"https:\/\/www.rri.ro\/fr\/actualites\/cette-semaine-en-roumanie\/la-semaine-du-29-11-au-04-12-id402981.html","og_site_name":"Radio Roumanie Internationale","article_published_time":"2021-12-04T07:27:00+00:00","og_image":[{"width":640,"height":480,"url":"https:\/\/www.rri.ro\/wp-content\/uploads\/2023\/10\/eveniment-top-2021-ciuca-premier.png","type":"image\/png"}],"author":"Leyla Cheamil","twitter_card":"summary_large_image","twitter_misc":{"\u00c9crit par":"Leyla Cheamil","Dur\u00e9e de lecture estim\u00e9e":"5 minutes","Written by":"Leyla Cheamil"},"schema":{"@context":"https:\/\/schema.org","@graph":[{"@type":"Article","@id":"https:\/\/www.rri.ro\/fr\/actualites\/cette-semaine-en-roumanie\/la-semaine-du-29-11-au-04-12-id402981.html#article","isPartOf":{"@id":"https:\/\/www.rri.ro\/fr\/actualites\/cette-semaine-en-roumanie\/la-semaine-du-29-11-au-04-12-id402981.html"},"author":{"name":"Leyla Cheamil","@id":"https:\/\/www.rri.ro\/#\/schema\/person\/e6364ed2d4b6af207a82ca66000d07e0"},"headline":"La semaine du 29.11 au 04.12","datePublished":"2021-12-04T07:27:00+00:00","mainEntityOfPage":{"@id":"https:\/\/www.rri.ro\/fr\/actualites\/cette-semaine-en-roumanie\/la-semaine-du-29-11-au-04-12-id402981.html"},"wordCount":1131,"image":{"@id":"https:\/\/www.rri.ro\/fr\/actualites\/cette-semaine-en-roumanie\/la-semaine-du-29-11-au-04-12-id402981.html#primaryimage"},"thumbnailUrl":"https:\/\/www.rri.ro\/wp-content\/uploads\/2023\/10\/eveniment-top-2021-ciuca-premier.png","keywords":["1er d\u00e9cembre","diplomatie","f\u00eate nationale","maladie","OSCE","pandemie","relance","resilience","sant\u00e9","UE"],"articleSection":["Cette semaine, en Roumanie"],"inLanguage":"fr-FR"},{"@type":"WebPage","@id":"https:\/\/www.rri.ro\/fr\/actualites\/cette-semaine-en-roumanie\/la-semaine-du-29-11-au-04-12-id402981.html","url":"https:\/\/www.rri.ro\/fr\/actualites\/cette-semaine-en-roumanie\/la-semaine-du-29-11-au-04-12-id402981.html","name":"La semaine du 29.11 au 04.12 - Radio Roumanie Internationale","isPartOf":{"@id":"https:\/\/www.rri.ro\/#website"},"primaryImageOfPage":{"@id":"https:\/\/www.rri.ro\/fr\/actualites\/cette-semaine-en-roumanie\/la-semaine-du-29-11-au-04-12-id402981.html#primaryimage"},"image":{"@id":"https:\/\/www.rri.ro\/fr\/actualites\/cette-semaine-en-roumanie\/la-semaine-du-29-11-au-04-12-id402981.html#primaryimage"},"thumbnailUrl":"https:\/\/www.rri.ro\/wp-content\/uploads\/2023\/10\/eveniment-top-2021-ciuca-premier.png","datePublished":"2021-12-04T07:27:00+00:00","author":{"@id":"https:\/\/www.rri.ro\/#\/schema\/person\/e6364ed2d4b6af207a82ca66000d07e0"},"breadcrumb":{"@id":"https:\/\/www.rri.ro\/fr\/actualites\/cette-semaine-en-roumanie\/la-semaine-du-29-11-au-04-12-id402981.html#breadcrumb"},"inLanguage":"fr-FR","potentialAction":[{"@type":"ReadAction","target":["https:\/\/www.rri.ro\/fr\/actualites\/cette-semaine-en-roumanie\/la-semaine-du-29-11-au-04-12-id402981.html"]}]},{"@type":"ImageObject","inLanguage":"fr-FR","@id":"https:\/\/www.rri.ro\/fr\/actualites\/cette-semaine-en-roumanie\/la-semaine-du-29-11-au-04-12-id402981.html#primaryimage","url":"https:\/\/www.rri.ro\/wp-content\/uploads\/2023\/10\/eveniment-top-2021-ciuca-premier.png","contentUrl":"https:\/\/www.rri.ro\/wp-content\/uploads\/2023\/10\/eveniment-top-2021-ciuca-premier.png","width":640,"height":480},{"@type":"BreadcrumbList","@id":"https:\/\/www.rri.ro\/fr\/actualites\/cette-semaine-en-roumanie\/la-semaine-du-29-11-au-04-12-id402981.html#breadcrumb","itemListElement":[{"@type":"ListItem","position":1,"name":"Page d'accueil","item":"https:\/\/www.rri.ro\/fr"},{"@type":"ListItem","position":2,"name":"Actualit\u00e9s","item":"https:\/\/www.rri.ro\/fr\/actualites"},{"@type":"ListItem","position":3,"name":"Cette semaine, en Roumanie","item":"https:\/\/www.rri.ro\/fr\/actualites\/cette-semaine-en-roumanie"},{"@type":"ListItem","position":4,"name":"La semaine du 29.11 au 04.12"}]},{"@type":"WebSite","@id":"https:\/\/www.rri.ro\/#website","url":"https:\/\/www.rri.ro\/","name":"Radio Roumanie Internationale","description":"Totul despre Rom\u00e2nia \u015fi rom\u00e2ni, \u00een 13 limbi\/dialecte!","inLanguage":"fr-FR"},{"@type":"Person","@id":"https:\/\/www.rri.ro\/#\/schema\/person\/e6364ed2d4b6af207a82ca66000d07e0","name":"Leyla Cheamil","url":"https:\/\/www.rri.ro\/fr\/author\/leyla-cheamil"}]}},"_links":{"self":[{"href":"https:\/\/www.rri.ro\/fr\/wp-json\/wp\/v2\/posts\/402981","targetHints":{"allow":["GET"]}}],"collection":[{"href":"https:\/\/www.rri.ro\/fr\/wp-json\/wp\/v2\/posts"}],"about":[{"href":"https:\/\/www.rri.ro\/fr\/wp-json\/wp\/v2\/types\/post"}],"author":[{"embeddable":true,"href":"https:\/\/www.rri.ro\/fr\/wp-json\/wp\/v2\/users\/46"}],"replies":[{"embeddable":true,"href":"https:\/\/www.rri.ro\/fr\/wp-json\/wp\/v2\/comments?post=402981"}],"version-history":[{"count":0,"href":"https:\/\/www.rri.ro\/fr\/wp-json\/wp\/v2\/posts\/402981\/revisions"}],"wp:featuredmedia":[{"embeddable":true,"href":"https:\/\/www.rri.ro\/fr\/wp-json\/wp\/v2\/media\/124860"}],"wp:attachment":[{"href":"https:\/\/www.rri.ro\/fr\/wp-json\/wp\/v2\/media?parent=402981"}],"wp:term":[{"taxonomy":"category","embeddable":true,"href":"https:\/\/www.rri.ro\/fr\/wp-json\/wp\/v2\/categories?post=402981"},{"taxonomy":"post_tag","embeddable":true,"href":"https:\/\/www.rri.ro\/fr\/wp-json\/wp\/v2\/tags?post=402981"},{"taxonomy":"author","embeddable":true,"href":"https:\/\/www.rri.ro\/fr\/wp-json\/wp\/v2\/coauthors?post=402981"}],"curies":[{"name":"wp","href":"https:\/\/api.w.org\/{rel}","templated":true}]}}