{"id":403251,"date":"2013-02-19T18:53:00","date_gmt":"2013-02-19T16:53:00","guid":{"rendered":"http:\/\/devrri.freshlemon.ro\/le-roumain-mot-a-mot\/consulter-les-lecons\/a-la-une-de-la-presse-roumaine-du-19-02-2013-id403251.html"},"modified":"2013-02-19T18:53:00","modified_gmt":"2013-02-19T16:53:00","slug":"a-la-une-de-la-presse-roumaine-du-19-02-2013","status":"publish","type":"post","link":"https:\/\/www.rri.ro\/fr\/actualites\/cest-maintenant\/a-la-une-de-la-presse-roumaine-du-19-02-2013-id403251.html","title":{"rendered":"A la Une de la presse roumaine du 19.02.2013"},"content":{"rendered":"<p>&#13;<br \/>\n\tLe scandale de la viande chevaline continue de trouver de la place dans la presse bucarestoise de ce mardi. EVENIMENTUL ZILEI en fait m\u00eame sa Une, sous un titre &#8212; <em>\u00ab On mange bien les chevaux \u00bb<\/em> qui rappelle le cultissime film am\u00e9ricain de Sidney Pollack \u00ab On ach\u00e8ve bien les chevaux \u00bb (They Shoot Horses, Don\u2019t They ? \u00bb de 1969. Un reportage r\u00e9alis\u00e9 dans une commune du comt\u00e9 de Iasi (est de la Roumanie) met les choses en perspective : si manger du cheval est quelque chose d\u2019impensable pour un Anglais ou un Am\u00e9ricain, les habitants de ladite commune, en consomme pas mal, non seulement parce que cette viande est sensiblement moins ch\u00e8re que d\u2019autres (3 lei, environ 70 centimes d\u2019euro, le kilo) mais aussi parce qu\u2019ils en aiment le go\u00fbt. Les habitants de Grajduri (en fran\u00e7ais, Les \u00e9curies), eux, sont en bonne compagnie, celle des Fran\u00e7ais, Italiens, Suisses et autres populations d\u2019Am\u00e9rique latine, Asie centrale et du Japon, amateurs de ce produit que les nutritionnistes consid\u00e8rent comme sain, riche en prot\u00e9ines et pauvre en cholest\u00e9rol, raconte Evenimentul Zilei.<\/p>\n<p>&#13;<\/p>\n<p>&#13;\n\t <\/p>\n<p>&#13;<\/p>\n<p>&#13;\n\t <\/p>\n<p>&#13;<\/p>\n<p>&#13;<br \/>\n\tJURNALUL NATIONAL revient lui aussi sur le sujet mais en d\u00e9taillant un reportage de la cha\u00eene de t\u00e9l\u00e9vision allemande N-TV dont les reporters avaient pass\u00e9 deux jours en Roumanie pour le r\u00e9aliser. La conclusion des journalistes est claire : l\u2019image de notre pays a \u00e9t\u00e9 entach\u00e9e \u00e0 un point tel qu\u2019il sera difficile de r\u00e9cup\u00e9rer les d\u00e9g\u00e2ts. JURNALUL NATIONAL y ajoute les propos du premier ministre Victor Ponta selon lequel la le\u00e7on \u00e0 retenir par la Roumanie est de ne plus baisser constamment la t\u00eate.<\/p>\n<p>&#13;<\/p>\n<p>&#13;\n\t <\/p>\n<p>&#13;<\/p>\n<p>&#13;\n\t <\/p>\n<p>&#13;<\/p>\n<p>&#13;<br \/>\n\tJURNALUL NATIONAL s\u2019int\u00e9resse \u00e9galement \u00e0 ce qui attend les Roumains apr\u00e8s le 1er juillet, date de l\u2019ouverture du march\u00e9 de l\u2019\u00e9nergie \u00e0 la concurrence, en prenant comme exemple la Bulgarie voisine, tout cela sous un titre qui dit tout : <em>\u00ab L\u2019esclavage (dans le secteur de) l\u2019\u00e9nergie \u00bb<\/em>. EVENIMENTUL ZILEI enfonce le clou en ajoutant une analyse peu r\u00e9jouissante et <em>\u00ab 4 raisons (\u00e0 cause desquelles) le pain ne sera pas moins cher en 2013 \u00bb<\/em>.<\/p>\n<p>&#13;<\/p>\n<p>&#13;\n\t <\/p>\n<p>&#13;<\/p>\n<p>&#13;\n\t <\/p>\n<p>&#13;<\/p>\n<p>&#13;<br \/>\n\tROMANIA LIBERA se penche sur un sujet d\u2019administration et de gestion du territoire national, \u00e0 forte composante politique &#8212; le futur d\u00e9coupage des r\u00e9gions de la Roumanie &#8212; et constate l\u2019absence d\u2019un projet coh\u00e9rent, chaque parti parlementaire ayant sa propre vision en la mati\u00e8re. Toujours ROMANIA LIBERA donne des d\u00e9tails sur l\u2019inauguration, \u00e0 Bucarest, du premier mus\u00e9e de l\u2019ethnie rom, un projet qui a co\u00fbt\u00e9 900 mille euros. ADEVARUL, quant \u00e0 lui, regarde de plus pr\u00e8s l\u2019id\u00e9e, qui n\u2019est pas nouvelle d\u2019ailleurs, du ministre roumain de la sant\u00e9 que les personnels m\u00e9dicaux soient pay\u00e9s en fonction de leur performance professionnelle, un sujet qui va faire couler beaucoup d\u2019encre. Enfin, tous les journaux s\u2019arr\u00eatent sur la performance sportive d\u2019un jeune patineur roumain de short-track \u00e2ge de 16 ans qui a r\u00e9ussi \u00e0 monter sur la deuxi\u00e8me marche du podium au Festival olympique de la jeunesse europ\u00e9enne de Brasov.<\/p>\n<p>&#13;<\/p>\n","protected":false},"excerpt":{"rendered":"<p>&#13; Le scandale de la viande chevaline continue de trouver de la place dans la presse bucarestoise de ce mardi. EVENIMENTUL ZILEI en fait m\u00eame sa Une, sous un titre &#8212; \u00ab On mange bien les chevaux \u00bb qui rappelle le cultissime film am\u00e9ricain de Sidney Pollack \u00ab On ach\u00e8ve bien les chevaux \u00bb (They [&hellip;]<\/p>\n","protected":false},"author":59,"featured_media":403162,"comment_status":"closed","ping_status":"closed","sticky":false,"template":"","format":"standard","meta":{"_acf_changed":false,"footnotes":""},"categories":[94480],"tags":[176193,87544,89858,95035,116083,89277,49887,40021,95036,95037,159168,147901,86066,89312,85497,87513],"coauthors":[],"class_list":["post-403251","post","type-post","status-publish","format-standard","has-post-thumbnail","hentry","category-cest-maintenant","tag-administration-fr","tag-cheval","tag-concurrence","tag-degat","tag-energie-fr","tag-festival-olympique-de-la-jeunesse-europeenne","tag-ileana-taroi","tag-liberalisation","tag-musee-rom","tag-patinage","tag-performance-fr","tag-regions-fr","tag-sante","tag-scandale","tag-territoire","tag-viande"],"acf":[],"yoast_head":"<!-- This site is optimized with the Yoast SEO plugin v27.5 - https:\/\/yoast.com\/product\/yoast-seo-wordpress\/ -->\n<title>A la Une de la presse roumaine du 19.02.2013 - Radio Roumanie Internationale<\/title>\n<meta name=\"robots\" content=\"index, follow, max-snippet:-1, max-image-preview:large, max-video-preview:-1\" \/>\n<link rel=\"canonical\" href=\"https:\/\/www.rri.ro\/fr\/actualites\/cest-maintenant\/a-la-une-de-la-presse-roumaine-du-19-02-2013-id403251.html\" \/>\n<meta property=\"og:locale\" content=\"fr_FR\" \/>\n<meta property=\"og:type\" content=\"article\" \/>\n<meta property=\"og:title\" content=\"A la Une de la presse roumaine du 19.02.2013 - Radio Roumanie Internationale\" \/>\n<meta property=\"og:description\" content=\"&#013; Le scandale de la viande chevaline continue de trouver de la place dans la presse bucarestoise de ce mardi. EVENIMENTUL ZILEI en fait m\u00eame sa Une, sous un titre &#8212; \u00ab On mange bien les chevaux \u00bb qui rappelle le cultissime film am\u00e9ricain de Sidney Pollack \u00ab On ach\u00e8ve bien les chevaux \u00bb (They [&hellip;]\" \/>\n<meta property=\"og:url\" content=\"https:\/\/www.rri.ro\/fr\/actualites\/cest-maintenant\/a-la-une-de-la-presse-roumaine-du-19-02-2013-id403251.html\" \/>\n<meta property=\"og:site_name\" content=\"Radio Roumanie Internationale\" \/>\n<meta property=\"article:published_time\" content=\"2013-02-19T16:53:00+00:00\" \/>\n<meta property=\"og:image\" content=\"https:\/\/www.rri.ro\/wp-content\/uploads\/2023\/10\/201012131353-ziare1.jpg\" \/>\n\t<meta property=\"og:image:width\" content=\"640\" \/>\n\t<meta property=\"og:image:height\" content=\"480\" \/>\n\t<meta property=\"og:image:type\" content=\"image\/png\" \/>\n<meta name=\"author\" content=\"Brigitta Pana\" \/>\n<meta name=\"twitter:card\" content=\"summary_large_image\" \/>\n<meta name=\"twitter:label1\" content=\"\u00c9crit par\" \/>\n\t<meta name=\"twitter:data1\" content=\"Brigitta Pana\" \/>\n\t<meta name=\"twitter:label2\" content=\"Dur\u00e9e de lecture estim\u00e9e\" \/>\n\t<meta name=\"twitter:data2\" content=\"3 minutes\" \/>\n\t<meta name=\"twitter:label3\" content=\"Written by\" \/>\n\t<meta name=\"twitter:data3\" content=\"Brigitta Pana\" \/>\n<script type=\"application\/ld+json\" class=\"yoast-schema-graph\">{\"@context\":\"https:\\\/\\\/schema.org\",\"@graph\":[{\"@type\":\"Article\",\"@id\":\"https:\\\/\\\/www.rri.ro\\\/fr\\\/actualites\\\/cest-maintenant\\\/a-la-une-de-la-presse-roumaine-du-19-02-2013-id403251.html#article\",\"isPartOf\":{\"@id\":\"https:\\\/\\\/www.rri.ro\\\/fr\\\/actualites\\\/cest-maintenant\\\/a-la-une-de-la-presse-roumaine-du-19-02-2013-id403251.html\"},\"author\":{\"name\":\"Brigitta Pana\",\"@id\":\"https:\\\/\\\/www.rri.ro\\\/#\\\/schema\\\/person\\\/d931d1dd71df33f3f9574bd60b16a323\"},\"headline\":\"A la Une de la presse roumaine du 19.02.2013\",\"datePublished\":\"2013-02-19T16:53:00+00:00\",\"mainEntityOfPage\":{\"@id\":\"https:\\\/\\\/www.rri.ro\\\/fr\\\/actualites\\\/cest-maintenant\\\/a-la-une-de-la-presse-roumaine-du-19-02-2013-id403251.html\"},\"wordCount\":535,\"image\":{\"@id\":\"https:\\\/\\\/www.rri.ro\\\/fr\\\/actualites\\\/cest-maintenant\\\/a-la-une-de-la-presse-roumaine-du-19-02-2013-id403251.html#primaryimage\"},\"thumbnailUrl\":\"https:\\\/\\\/www.rri.ro\\\/wp-content\\\/uploads\\\/2023\\\/10\\\/201012131353-ziare1.jpg\",\"keywords\":[\"administration\",\"cheval\",\"concurrence\",\"d\u00e9g\u00e2t\",\"energie\",\"Festival olympique de la jeunesse europ\u00e9enne\",\"Ileana Taroi\",\"liberalisation\",\"mus\u00e9e rom\",\"patinage\",\"performance\",\"regions\",\"sant\u00e9\",\"scandale\",\"territoire\",\"viande\"],\"articleSection\":[\"C'est maintenant\"],\"inLanguage\":\"fr-FR\"},{\"@type\":\"WebPage\",\"@id\":\"https:\\\/\\\/www.rri.ro\\\/fr\\\/actualites\\\/cest-maintenant\\\/a-la-une-de-la-presse-roumaine-du-19-02-2013-id403251.html\",\"url\":\"https:\\\/\\\/www.rri.ro\\\/fr\\\/actualites\\\/cest-maintenant\\\/a-la-une-de-la-presse-roumaine-du-19-02-2013-id403251.html\",\"name\":\"A la Une de la presse roumaine du 19.02.2013 - Radio Roumanie Internationale\",\"isPartOf\":{\"@id\":\"https:\\\/\\\/www.rri.ro\\\/#website\"},\"primaryImageOfPage\":{\"@id\":\"https:\\\/\\\/www.rri.ro\\\/fr\\\/actualites\\\/cest-maintenant\\\/a-la-une-de-la-presse-roumaine-du-19-02-2013-id403251.html#primaryimage\"},\"image\":{\"@id\":\"https:\\\/\\\/www.rri.ro\\\/fr\\\/actualites\\\/cest-maintenant\\\/a-la-une-de-la-presse-roumaine-du-19-02-2013-id403251.html#primaryimage\"},\"thumbnailUrl\":\"https:\\\/\\\/www.rri.ro\\\/wp-content\\\/uploads\\\/2023\\\/10\\\/201012131353-ziare1.jpg\",\"datePublished\":\"2013-02-19T16:53:00+00:00\",\"author\":{\"@id\":\"https:\\\/\\\/www.rri.ro\\\/#\\\/schema\\\/person\\\/d931d1dd71df33f3f9574bd60b16a323\"},\"breadcrumb\":{\"@id\":\"https:\\\/\\\/www.rri.ro\\\/fr\\\/actualites\\\/cest-maintenant\\\/a-la-une-de-la-presse-roumaine-du-19-02-2013-id403251.html#breadcrumb\"},\"inLanguage\":\"fr-FR\",\"potentialAction\":[{\"@type\":\"ReadAction\",\"target\":[\"https:\\\/\\\/www.rri.ro\\\/fr\\\/actualites\\\/cest-maintenant\\\/a-la-une-de-la-presse-roumaine-du-19-02-2013-id403251.html\"]}]},{\"@type\":\"ImageObject\",\"inLanguage\":\"fr-FR\",\"@id\":\"https:\\\/\\\/www.rri.ro\\\/fr\\\/actualites\\\/cest-maintenant\\\/a-la-une-de-la-presse-roumaine-du-19-02-2013-id403251.html#primaryimage\",\"url\":\"https:\\\/\\\/www.rri.ro\\\/wp-content\\\/uploads\\\/2023\\\/10\\\/201012131353-ziare1.jpg\",\"contentUrl\":\"https:\\\/\\\/www.rri.ro\\\/wp-content\\\/uploads\\\/2023\\\/10\\\/201012131353-ziare1.jpg\",\"width\":640,\"height\":480},{\"@type\":\"BreadcrumbList\",\"@id\":\"https:\\\/\\\/www.rri.ro\\\/fr\\\/actualites\\\/cest-maintenant\\\/a-la-une-de-la-presse-roumaine-du-19-02-2013-id403251.html#breadcrumb\",\"itemListElement\":[{\"@type\":\"ListItem\",\"position\":1,\"name\":\"Page d'accueil\",\"item\":\"https:\\\/\\\/www.rri.ro\\\/fr\"},{\"@type\":\"ListItem\",\"position\":2,\"name\":\"Actualit\u00e9s\",\"item\":\"https:\\\/\\\/www.rri.ro\\\/fr\\\/actualites\"},{\"@type\":\"ListItem\",\"position\":3,\"name\":\"C'est maintenant\",\"item\":\"https:\\\/\\\/www.rri.ro\\\/fr\\\/actualites\\\/cest-maintenant\"},{\"@type\":\"ListItem\",\"position\":4,\"name\":\"A la Une de la presse roumaine du 19.02.2013\"}]},{\"@type\":\"WebSite\",\"@id\":\"https:\\\/\\\/www.rri.ro\\\/#website\",\"url\":\"https:\\\/\\\/www.rri.ro\\\/\",\"name\":\"Radio Roumanie Internationale\",\"description\":\"Totul despre Rom\u00e2nia \u015fi rom\u00e2ni, \u00een 13 limbi\\\/dialecte!\",\"inLanguage\":\"fr-FR\"},{\"@type\":\"Person\",\"@id\":\"https:\\\/\\\/www.rri.ro\\\/#\\\/schema\\\/person\\\/d931d1dd71df33f3f9574bd60b16a323\",\"name\":\"Brigitta Pana\",\"url\":\"https:\\\/\\\/www.rri.ro\\\/fr\\\/author\\\/brigitta-pana\"}]}<\/script>\n<!-- \/ Yoast SEO plugin. -->","yoast_head_json":{"title":"A la Une de la presse roumaine du 19.02.2013 - Radio Roumanie Internationale","robots":{"index":"index","follow":"follow","max-snippet":"max-snippet:-1","max-image-preview":"max-image-preview:large","max-video-preview":"max-video-preview:-1"},"canonical":"https:\/\/www.rri.ro\/fr\/actualites\/cest-maintenant\/a-la-une-de-la-presse-roumaine-du-19-02-2013-id403251.html","og_locale":"fr_FR","og_type":"article","og_title":"A la Une de la presse roumaine du 19.02.2013 - Radio Roumanie Internationale","og_description":"&#13; Le scandale de la viande chevaline continue de trouver de la place dans la presse bucarestoise de ce mardi. EVENIMENTUL ZILEI en fait m\u00eame sa Une, sous un titre &#8212; \u00ab On mange bien les chevaux \u00bb qui rappelle le cultissime film am\u00e9ricain de Sidney Pollack \u00ab On ach\u00e8ve bien les chevaux \u00bb (They [&hellip;]","og_url":"https:\/\/www.rri.ro\/fr\/actualites\/cest-maintenant\/a-la-une-de-la-presse-roumaine-du-19-02-2013-id403251.html","og_site_name":"Radio Roumanie Internationale","article_published_time":"2013-02-19T16:53:00+00:00","og_image":[{"width":640,"height":480,"url":"https:\/\/www.rri.ro\/wp-content\/uploads\/2023\/10\/201012131353-ziare1.jpg","type":"image\/png"}],"author":"Brigitta Pana","twitter_card":"summary_large_image","twitter_misc":{"\u00c9crit par":"Brigitta Pana","Dur\u00e9e de lecture estim\u00e9e":"3 minutes","Written by":"Brigitta Pana"},"schema":{"@context":"https:\/\/schema.org","@graph":[{"@type":"Article","@id":"https:\/\/www.rri.ro\/fr\/actualites\/cest-maintenant\/a-la-une-de-la-presse-roumaine-du-19-02-2013-id403251.html#article","isPartOf":{"@id":"https:\/\/www.rri.ro\/fr\/actualites\/cest-maintenant\/a-la-une-de-la-presse-roumaine-du-19-02-2013-id403251.html"},"author":{"name":"Brigitta Pana","@id":"https:\/\/www.rri.ro\/#\/schema\/person\/d931d1dd71df33f3f9574bd60b16a323"},"headline":"A la Une de la presse roumaine du 19.02.2013","datePublished":"2013-02-19T16:53:00+00:00","mainEntityOfPage":{"@id":"https:\/\/www.rri.ro\/fr\/actualites\/cest-maintenant\/a-la-une-de-la-presse-roumaine-du-19-02-2013-id403251.html"},"wordCount":535,"image":{"@id":"https:\/\/www.rri.ro\/fr\/actualites\/cest-maintenant\/a-la-une-de-la-presse-roumaine-du-19-02-2013-id403251.html#primaryimage"},"thumbnailUrl":"https:\/\/www.rri.ro\/wp-content\/uploads\/2023\/10\/201012131353-ziare1.jpg","keywords":["administration","cheval","concurrence","d\u00e9g\u00e2t","energie","Festival olympique de la jeunesse europ\u00e9enne","Ileana Taroi","liberalisation","mus\u00e9e rom","patinage","performance","regions","sant\u00e9","scandale","territoire","viande"],"articleSection":["C'est maintenant"],"inLanguage":"fr-FR"},{"@type":"WebPage","@id":"https:\/\/www.rri.ro\/fr\/actualites\/cest-maintenant\/a-la-une-de-la-presse-roumaine-du-19-02-2013-id403251.html","url":"https:\/\/www.rri.ro\/fr\/actualites\/cest-maintenant\/a-la-une-de-la-presse-roumaine-du-19-02-2013-id403251.html","name":"A la Une de la presse roumaine du 19.02.2013 - Radio Roumanie Internationale","isPartOf":{"@id":"https:\/\/www.rri.ro\/#website"},"primaryImageOfPage":{"@id":"https:\/\/www.rri.ro\/fr\/actualites\/cest-maintenant\/a-la-une-de-la-presse-roumaine-du-19-02-2013-id403251.html#primaryimage"},"image":{"@id":"https:\/\/www.rri.ro\/fr\/actualites\/cest-maintenant\/a-la-une-de-la-presse-roumaine-du-19-02-2013-id403251.html#primaryimage"},"thumbnailUrl":"https:\/\/www.rri.ro\/wp-content\/uploads\/2023\/10\/201012131353-ziare1.jpg","datePublished":"2013-02-19T16:53:00+00:00","author":{"@id":"https:\/\/www.rri.ro\/#\/schema\/person\/d931d1dd71df33f3f9574bd60b16a323"},"breadcrumb":{"@id":"https:\/\/www.rri.ro\/fr\/actualites\/cest-maintenant\/a-la-une-de-la-presse-roumaine-du-19-02-2013-id403251.html#breadcrumb"},"inLanguage":"fr-FR","potentialAction":[{"@type":"ReadAction","target":["https:\/\/www.rri.ro\/fr\/actualites\/cest-maintenant\/a-la-une-de-la-presse-roumaine-du-19-02-2013-id403251.html"]}]},{"@type":"ImageObject","inLanguage":"fr-FR","@id":"https:\/\/www.rri.ro\/fr\/actualites\/cest-maintenant\/a-la-une-de-la-presse-roumaine-du-19-02-2013-id403251.html#primaryimage","url":"https:\/\/www.rri.ro\/wp-content\/uploads\/2023\/10\/201012131353-ziare1.jpg","contentUrl":"https:\/\/www.rri.ro\/wp-content\/uploads\/2023\/10\/201012131353-ziare1.jpg","width":640,"height":480},{"@type":"BreadcrumbList","@id":"https:\/\/www.rri.ro\/fr\/actualites\/cest-maintenant\/a-la-une-de-la-presse-roumaine-du-19-02-2013-id403251.html#breadcrumb","itemListElement":[{"@type":"ListItem","position":1,"name":"Page d'accueil","item":"https:\/\/www.rri.ro\/fr"},{"@type":"ListItem","position":2,"name":"Actualit\u00e9s","item":"https:\/\/www.rri.ro\/fr\/actualites"},{"@type":"ListItem","position":3,"name":"C'est maintenant","item":"https:\/\/www.rri.ro\/fr\/actualites\/cest-maintenant"},{"@type":"ListItem","position":4,"name":"A la Une de la presse roumaine du 19.02.2013"}]},{"@type":"WebSite","@id":"https:\/\/www.rri.ro\/#website","url":"https:\/\/www.rri.ro\/","name":"Radio Roumanie Internationale","description":"Totul despre Rom\u00e2nia \u015fi rom\u00e2ni, \u00een 13 limbi\/dialecte!","inLanguage":"fr-FR"},{"@type":"Person","@id":"https:\/\/www.rri.ro\/#\/schema\/person\/d931d1dd71df33f3f9574bd60b16a323","name":"Brigitta Pana","url":"https:\/\/www.rri.ro\/fr\/author\/brigitta-pana"}]}},"_links":{"self":[{"href":"https:\/\/www.rri.ro\/fr\/wp-json\/wp\/v2\/posts\/403251","targetHints":{"allow":["GET"]}}],"collection":[{"href":"https:\/\/www.rri.ro\/fr\/wp-json\/wp\/v2\/posts"}],"about":[{"href":"https:\/\/www.rri.ro\/fr\/wp-json\/wp\/v2\/types\/post"}],"author":[{"embeddable":true,"href":"https:\/\/www.rri.ro\/fr\/wp-json\/wp\/v2\/users\/59"}],"replies":[{"embeddable":true,"href":"https:\/\/www.rri.ro\/fr\/wp-json\/wp\/v2\/comments?post=403251"}],"version-history":[{"count":0,"href":"https:\/\/www.rri.ro\/fr\/wp-json\/wp\/v2\/posts\/403251\/revisions"}],"wp:featuredmedia":[{"embeddable":true,"href":"https:\/\/www.rri.ro\/fr\/wp-json\/wp\/v2\/media\/403162"}],"wp:attachment":[{"href":"https:\/\/www.rri.ro\/fr\/wp-json\/wp\/v2\/media?parent=403251"}],"wp:term":[{"taxonomy":"category","embeddable":true,"href":"https:\/\/www.rri.ro\/fr\/wp-json\/wp\/v2\/categories?post=403251"},{"taxonomy":"post_tag","embeddable":true,"href":"https:\/\/www.rri.ro\/fr\/wp-json\/wp\/v2\/tags?post=403251"},{"taxonomy":"author","embeddable":true,"href":"https:\/\/www.rri.ro\/fr\/wp-json\/wp\/v2\/coauthors?post=403251"}],"curies":[{"name":"wp","href":"https:\/\/api.w.org\/{rel}","templated":true}]}}