{"id":403252,"date":"2013-02-20T16:21:00","date_gmt":"2013-02-20T14:21:00","guid":{"rendered":"http:\/\/devrri.freshlemon.ro\/le-roumain-mot-a-mot\/consulter-les-lecons\/a-la-une-de-la-presse-roumaine-du-20-02-2013-id403252.html"},"modified":"2013-02-20T16:21:00","modified_gmt":"2013-02-20T14:21:00","slug":"a-la-une-de-la-presse-roumaine-du-20-02-2013","status":"publish","type":"post","link":"https:\/\/www.rri.ro\/fr\/actualites\/cest-maintenant\/a-la-une-de-la-presse-roumaine-du-20-02-2013-id403252.html","title":{"rendered":"A la Une de la presse roumaine du 20.02.2013"},"content":{"rendered":"<p>&#13;<br \/>\n\tDes sujets des plus divers font d\u00e9bat dans la presse \u00e9crite parue mercredi matin, \u00e0 Bucarest. Et nous allons commencer avec Romania libera qui nous informe sur <em>\u00ab les rapports directs entre le client\u00e9lisme politique et la migration des maires \u00bb<\/em>. Le journal cite une \u00e9tude r\u00e9alis\u00e9e par l\u2019organisation non gouvernementale ExpertForum selon laquelle la plupart des fonds destin\u00e9s aux investissements locaux ont \u00e9t\u00e9 allou\u00e9s en fonction de crit\u00e8res issus du client\u00e9lisme politique. Concr\u00e8tement, explique Romania libera citant l\u2019\u00e9tude en question, <em>\u00ab en 2007 par exemple, un maire proche du pouvoir avait des chances trois fois plus grandes de se voir accorder des financements qu\u2019un de ses confr\u00e8res de l\u2019opposition \u00bb<\/em>.  L\u2019ONG ExpertForum montrent que le client\u00e9lisme politique a atteint son pic entre 2007 et 2008 quand les maires proches des trois partis au pouvoir, \u00e0 l\u2019\u00e9poque, avaient re\u00e7u des fonds 7 fois plus grands que les maires proches du PDL, alors en opposition. Le journal tient pourtant \u00e0 souligner le fait que les statistiques montrent que <em>\u00ab les maires les plus favoris\u00e9s \u00e9taient, en th\u00e9orie, les ind\u00e9pendants \u00bb<\/em>,  ce qui prouve, ajoute Romania libera <em>\u00ab qu\u2019on encourageait la migration politique des \u00e9lus locaux vers le camp au pouvoir \u00bb<\/em>.<\/p>\n<p>&#13;<\/p>\n<p>&#13;\n\t <\/p>\n<p>&#13;<\/p>\n<p>&#13;\n\t <\/p>\n<p>&#13;<\/p>\n<p>&#13;<br \/>\n\tEt puisque nous avons commencer par des sujets politiques, passons au Jurnalul national qui annonce par la voix du premier ministre Victor Ponta que malgr\u00e9 certains probl\u00e8mes de calcul rapport\u00e9s, les pensions de retraite sp\u00e9ciales restent inchang\u00e9es. Le sujet est \u00e0 lire dans Romania libera aussi qui explique la source de l\u2019erreur de calcul : <em>\u00ab au moment o\u00f9 l\u2019on a recalcul\u00e9 les pensions tenant du r\u00e9gime sp\u00e9cial, les autorit\u00e9s ont multipli\u00e9 par deux les ann\u00e9es de service militaire \u00bb<\/em> ce qui a d\u00e9bouch\u00e9 sur des d\u00e9nouements des plus marrants comme le fait qu\u2019un militaire \u00e2g\u00e9 de 43 ans s\u2019enorgueillit de 45 ans de service militaire. Bien que cette erreur ait co\u00fbt\u00e9 \u00e0 l\u2019Etat en 2011 un milliard de lei de d\u00e9penses suppl\u00e9mentaires, une chose reste pourtant certaine, annonce la presse en citant le premier ministre, Victor Ponta, <em>\u00ab personne ne se verra diminuer la pension de retraite. C\u2019est la faute de l\u2019Etat, alors que l\u2019Etat paie ! \u00bb<\/em>.<\/p>\n<p>&#13;<\/p>\n<p>&#13;\n\t <\/p>\n<p>&#13;<\/p>\n<p>&#13;\n\t <\/p>\n<p>&#13;<\/p>\n<p>&#13;<br \/>\n\tEt \u00e0 propos de l\u2019Etat,  le journal Adevarul nous pr\u00e9sente <em>\u00ab trois m\u00e9thodes pour parasiter les compagnies publiques \u00bb<\/em>. Ce sont toujours les ONGistes d\u2019Expert Forum qui ont identifi\u00e9 les meilleures recettes. La num\u00e9ro 1 est celle des acquisitions publiques sur\u00e9valu\u00e9es, note Adevarul qui explique <em>\u00ab les entreprises publiques concluent des contrats d\u2019achats avec des partenaires pr\u00e9f\u00e9rentiels, en l\u2019absence de tout appel d\u2019offre et \u00e0 des tarifs sup\u00e9rieurs au march\u00e9 \u00bb<\/em>. Deuxi\u00e8me petite m\u00e9thode : <em>\u00ab les ventes sous-\u00e9valu\u00e9es  quand une entreprise publique vend \u00e0 des sommes inf\u00e9rieures au prix du march\u00e9 et la diff\u00e9rence entre le prix correct et celui obtenu est partag\u00e9e entre les managers et les partenaires priv\u00e9s \u00bb<\/em>. Enfin, la troisi\u00e8me m\u00e9thode consiste, bien \u00e9videmment,  <em>\u00ab en la nomination \u00e0 la direction de la soci\u00e9t\u00e9 de personnes proches du pouvoir \u00bb<\/em>. <em>\u00ab Si, pour elles, le seul b\u00e9n\u00e9fice ne se traduirait souvent que par un poste confortable, pour la soci\u00e9t\u00e9 qu\u2019ils dirigent, les pertes seront majeures \u00bb<\/em>, lit-on dans Adevarul.<\/p>\n<p>&#13;<\/p>\n<p>&#13;\n\t <\/p>\n<p>&#13;<\/p>\n<p>&#13;\n\t <\/p>\n<p>&#13;<\/p>\n<p>&#13;<br \/>\n\tDernier sujet politique de la revue de la presse \u00e9crite : les autorit\u00e9s allemandes appellent les responsables roumains et bulgares \u00e0 faire davantage pour l\u2019insertion sociale des Roms. Romania libera cite un article publi\u00e9 par Der Spiegel qui dit qu\u2019une grande partie des immigrants roumains et bulgares d\u2019Allemagne serait d\u2019ethnie rom. Les officiels de Berlin ont exhort\u00e9 Bucarest et Sofia \u00e0 intensifier leurs efforts pour combattre la migration des Roms pour des raisons de pauvret\u00e9.<\/p>\n<p>&#13;<\/p>\n<p>&#13;\n\t <\/p>\n<p>&#13;<\/p>\n<p>&#13;\n\t <\/p>\n<p>&#13;<\/p>\n<p>&#13;<br \/>\n\tEt puisque nous nous trouvons \u00e0 Berlin, Adevarul nous propose d\u2019y rester et nous informe que le r\u00e9alisateur roumain Calin Netzer ayant remport\u00e9 l\u2019Ours d\u2019Or \u00e0 la Berlinale de cette ann\u00e9e s\u2019est vu claquer la porte au nez en 2010 quand il a cherch\u00e9 du financement aupr\u00e8s du Centre national de la Cin\u00e9matographie roumaine. La raison ? \u00ab La position de l\u2019enfant \u00bb proposait un sc\u00e9nario sans int\u00e9r\u00eat, not\u00e9 de 6,34 points sur 10. Un sc\u00e9nario qui a pourtant pleinement convaincu le jury de Berlin.<\/p>\n<p>&#13;<\/p>\n","protected":false},"excerpt":{"rendered":"<p>&#13; Des sujets des plus divers font d\u00e9bat dans la presse \u00e9crite parue mercredi matin, \u00e0 Bucarest. Et nous allons commencer avec Romania libera qui nous informe sur \u00ab les rapports directs entre le client\u00e9lisme politique et la migration des maires \u00bb. Le journal cite une \u00e9tude r\u00e9alis\u00e9e par l\u2019organisation non gouvernementale ExpertForum selon laquelle [&hellip;]<\/p>\n","protected":false},"author":134,"featured_media":403162,"comment_status":"closed","ping_status":"closed","sticky":false,"template":"","format":"standard","meta":{"_acf_changed":false,"footnotes":""},"categories":[94480],"tags":[29920,95038,95041,90866,87014,86372,95009,90867,93628,95040,89305,85202,86983,85448,42489,95039],"coauthors":[],"class_list":["post-403252","post","type-post","status-publish","format-standard","has-post-thumbnail","hentry","category-cest-maintenant","tag-berlinale","tag-clientelisme-politique","tag-compagnie-publique","tag-elus-locaux","tag-financement","tag-insertion-sociale","tag-ioana-stancescu","tag-maires","tag-migration-politique","tag-parasiter","tag-poste","tag-pouvoir","tag-retraite","tag-roms","tag-scenario","tag-service-militaires"],"acf":[],"yoast_head":"<!-- This site is optimized with the Yoast SEO plugin v27.5 - https:\/\/yoast.com\/product\/yoast-seo-wordpress\/ -->\n<title>A la Une de la presse roumaine du 20.02.2013 - Radio Roumanie Internationale<\/title>\n<meta name=\"robots\" content=\"index, follow, max-snippet:-1, max-image-preview:large, max-video-preview:-1\" \/>\n<link rel=\"canonical\" href=\"https:\/\/www.rri.ro\/fr\/actualites\/cest-maintenant\/a-la-une-de-la-presse-roumaine-du-20-02-2013-id403252.html\" \/>\n<meta property=\"og:locale\" content=\"fr_FR\" \/>\n<meta property=\"og:type\" content=\"article\" \/>\n<meta property=\"og:title\" content=\"A la Une de la presse roumaine du 20.02.2013 - Radio Roumanie Internationale\" \/>\n<meta property=\"og:description\" content=\"&#013; Des sujets des plus divers font d\u00e9bat dans la presse \u00e9crite parue mercredi matin, \u00e0 Bucarest. Et nous allons commencer avec Romania libera qui nous informe sur \u00ab les rapports directs entre le client\u00e9lisme politique et la migration des maires \u00bb. Le journal cite une \u00e9tude r\u00e9alis\u00e9e par l\u2019organisation non gouvernementale ExpertForum selon laquelle [&hellip;]\" \/>\n<meta property=\"og:url\" content=\"https:\/\/www.rri.ro\/fr\/actualites\/cest-maintenant\/a-la-une-de-la-presse-roumaine-du-20-02-2013-id403252.html\" \/>\n<meta property=\"og:site_name\" content=\"Radio Roumanie Internationale\" \/>\n<meta property=\"article:published_time\" content=\"2013-02-20T14:21:00+00:00\" \/>\n<meta property=\"og:image\" content=\"https:\/\/www.rri.ro\/wp-content\/uploads\/2023\/10\/201012131353-ziare1.jpg\" \/>\n\t<meta property=\"og:image:width\" content=\"640\" \/>\n\t<meta property=\"og:image:height\" content=\"480\" \/>\n\t<meta property=\"og:image:type\" content=\"image\/png\" \/>\n<meta name=\"author\" content=\"Ioana St\u0103ncescu\" \/>\n<meta name=\"twitter:card\" content=\"summary_large_image\" \/>\n<meta name=\"twitter:label1\" content=\"\u00c9crit par\" \/>\n\t<meta name=\"twitter:data1\" content=\"Ioana St\u0103ncescu\" \/>\n\t<meta name=\"twitter:label2\" content=\"Dur\u00e9e de lecture estim\u00e9e\" \/>\n\t<meta name=\"twitter:data2\" content=\"4 minutes\" \/>\n\t<meta name=\"twitter:label3\" content=\"Written by\" \/>\n\t<meta name=\"twitter:data3\" content=\"Ioana St\u0103ncescu\" \/>\n<script type=\"application\/ld+json\" class=\"yoast-schema-graph\">{\"@context\":\"https:\\\/\\\/schema.org\",\"@graph\":[{\"@type\":\"Article\",\"@id\":\"https:\\\/\\\/www.rri.ro\\\/fr\\\/actualites\\\/cest-maintenant\\\/a-la-une-de-la-presse-roumaine-du-20-02-2013-id403252.html#article\",\"isPartOf\":{\"@id\":\"https:\\\/\\\/www.rri.ro\\\/fr\\\/actualites\\\/cest-maintenant\\\/a-la-une-de-la-presse-roumaine-du-20-02-2013-id403252.html\"},\"author\":{\"name\":\"Ioana St\u0103ncescu\",\"@id\":\"https:\\\/\\\/www.rri.ro\\\/#\\\/schema\\\/person\\\/1d9435fa2588bfdd89285a0891ce5040\"},\"headline\":\"A la Une de la presse roumaine du 20.02.2013\",\"datePublished\":\"2013-02-20T14:21:00+00:00\",\"mainEntityOfPage\":{\"@id\":\"https:\\\/\\\/www.rri.ro\\\/fr\\\/actualites\\\/cest-maintenant\\\/a-la-une-de-la-presse-roumaine-du-20-02-2013-id403252.html\"},\"wordCount\":727,\"image\":{\"@id\":\"https:\\\/\\\/www.rri.ro\\\/fr\\\/actualites\\\/cest-maintenant\\\/a-la-une-de-la-presse-roumaine-du-20-02-2013-id403252.html#primaryimage\"},\"thumbnailUrl\":\"https:\\\/\\\/www.rri.ro\\\/wp-content\\\/uploads\\\/2023\\\/10\\\/201012131353-ziare1.jpg\",\"keywords\":[\"Berlinale\",\"client\u00e9lisme politique\",\"compagnie publique\",\"\u00e9lus locaux\",\"financement\",\"insertion sociale\",\"Ioana Stancescu\",\"maires\",\"migration politique\",\"parasiter\",\"poste\",\"pouvoir\",\"retraite\",\"Roms\",\"scenario\",\"service militaires\"],\"articleSection\":[\"C'est maintenant\"],\"inLanguage\":\"fr-FR\"},{\"@type\":\"WebPage\",\"@id\":\"https:\\\/\\\/www.rri.ro\\\/fr\\\/actualites\\\/cest-maintenant\\\/a-la-une-de-la-presse-roumaine-du-20-02-2013-id403252.html\",\"url\":\"https:\\\/\\\/www.rri.ro\\\/fr\\\/actualites\\\/cest-maintenant\\\/a-la-une-de-la-presse-roumaine-du-20-02-2013-id403252.html\",\"name\":\"A la Une de la presse roumaine du 20.02.2013 - Radio Roumanie Internationale\",\"isPartOf\":{\"@id\":\"https:\\\/\\\/www.rri.ro\\\/#website\"},\"primaryImageOfPage\":{\"@id\":\"https:\\\/\\\/www.rri.ro\\\/fr\\\/actualites\\\/cest-maintenant\\\/a-la-une-de-la-presse-roumaine-du-20-02-2013-id403252.html#primaryimage\"},\"image\":{\"@id\":\"https:\\\/\\\/www.rri.ro\\\/fr\\\/actualites\\\/cest-maintenant\\\/a-la-une-de-la-presse-roumaine-du-20-02-2013-id403252.html#primaryimage\"},\"thumbnailUrl\":\"https:\\\/\\\/www.rri.ro\\\/wp-content\\\/uploads\\\/2023\\\/10\\\/201012131353-ziare1.jpg\",\"datePublished\":\"2013-02-20T14:21:00+00:00\",\"author\":{\"@id\":\"https:\\\/\\\/www.rri.ro\\\/#\\\/schema\\\/person\\\/1d9435fa2588bfdd89285a0891ce5040\"},\"breadcrumb\":{\"@id\":\"https:\\\/\\\/www.rri.ro\\\/fr\\\/actualites\\\/cest-maintenant\\\/a-la-une-de-la-presse-roumaine-du-20-02-2013-id403252.html#breadcrumb\"},\"inLanguage\":\"fr-FR\",\"potentialAction\":[{\"@type\":\"ReadAction\",\"target\":[\"https:\\\/\\\/www.rri.ro\\\/fr\\\/actualites\\\/cest-maintenant\\\/a-la-une-de-la-presse-roumaine-du-20-02-2013-id403252.html\"]}]},{\"@type\":\"ImageObject\",\"inLanguage\":\"fr-FR\",\"@id\":\"https:\\\/\\\/www.rri.ro\\\/fr\\\/actualites\\\/cest-maintenant\\\/a-la-une-de-la-presse-roumaine-du-20-02-2013-id403252.html#primaryimage\",\"url\":\"https:\\\/\\\/www.rri.ro\\\/wp-content\\\/uploads\\\/2023\\\/10\\\/201012131353-ziare1.jpg\",\"contentUrl\":\"https:\\\/\\\/www.rri.ro\\\/wp-content\\\/uploads\\\/2023\\\/10\\\/201012131353-ziare1.jpg\",\"width\":640,\"height\":480},{\"@type\":\"BreadcrumbList\",\"@id\":\"https:\\\/\\\/www.rri.ro\\\/fr\\\/actualites\\\/cest-maintenant\\\/a-la-une-de-la-presse-roumaine-du-20-02-2013-id403252.html#breadcrumb\",\"itemListElement\":[{\"@type\":\"ListItem\",\"position\":1,\"name\":\"Page d'accueil\",\"item\":\"https:\\\/\\\/www.rri.ro\\\/fr\"},{\"@type\":\"ListItem\",\"position\":2,\"name\":\"Actualit\u00e9s\",\"item\":\"https:\\\/\\\/www.rri.ro\\\/fr\\\/actualites\"},{\"@type\":\"ListItem\",\"position\":3,\"name\":\"C'est maintenant\",\"item\":\"https:\\\/\\\/www.rri.ro\\\/fr\\\/actualites\\\/cest-maintenant\"},{\"@type\":\"ListItem\",\"position\":4,\"name\":\"A la Une de la presse roumaine du 20.02.2013\"}]},{\"@type\":\"WebSite\",\"@id\":\"https:\\\/\\\/www.rri.ro\\\/#website\",\"url\":\"https:\\\/\\\/www.rri.ro\\\/\",\"name\":\"Radio Roumanie Internationale\",\"description\":\"Totul despre Rom\u00e2nia \u015fi rom\u00e2ni, \u00een 13 limbi\\\/dialecte!\",\"inLanguage\":\"fr-FR\"},{\"@type\":\"Person\",\"@id\":\"https:\\\/\\\/www.rri.ro\\\/#\\\/schema\\\/person\\\/1d9435fa2588bfdd89285a0891ce5040\",\"name\":\"Ioana St\u0103ncescu\",\"url\":\"https:\\\/\\\/www.rri.ro\\\/fr\\\/author\\\/ioana-stancescu\"}]}<\/script>\n<!-- \/ Yoast SEO plugin. -->","yoast_head_json":{"title":"A la Une de la presse roumaine du 20.02.2013 - Radio Roumanie Internationale","robots":{"index":"index","follow":"follow","max-snippet":"max-snippet:-1","max-image-preview":"max-image-preview:large","max-video-preview":"max-video-preview:-1"},"canonical":"https:\/\/www.rri.ro\/fr\/actualites\/cest-maintenant\/a-la-une-de-la-presse-roumaine-du-20-02-2013-id403252.html","og_locale":"fr_FR","og_type":"article","og_title":"A la Une de la presse roumaine du 20.02.2013 - Radio Roumanie Internationale","og_description":"&#13; Des sujets des plus divers font d\u00e9bat dans la presse \u00e9crite parue mercredi matin, \u00e0 Bucarest. Et nous allons commencer avec Romania libera qui nous informe sur \u00ab les rapports directs entre le client\u00e9lisme politique et la migration des maires \u00bb. Le journal cite une \u00e9tude r\u00e9alis\u00e9e par l\u2019organisation non gouvernementale ExpertForum selon laquelle [&hellip;]","og_url":"https:\/\/www.rri.ro\/fr\/actualites\/cest-maintenant\/a-la-une-de-la-presse-roumaine-du-20-02-2013-id403252.html","og_site_name":"Radio Roumanie Internationale","article_published_time":"2013-02-20T14:21:00+00:00","og_image":[{"width":640,"height":480,"url":"https:\/\/www.rri.ro\/wp-content\/uploads\/2023\/10\/201012131353-ziare1.jpg","type":"image\/png"}],"author":"Ioana St\u0103ncescu","twitter_card":"summary_large_image","twitter_misc":{"\u00c9crit par":"Ioana St\u0103ncescu","Dur\u00e9e de lecture estim\u00e9e":"4 minutes","Written by":"Ioana St\u0103ncescu"},"schema":{"@context":"https:\/\/schema.org","@graph":[{"@type":"Article","@id":"https:\/\/www.rri.ro\/fr\/actualites\/cest-maintenant\/a-la-une-de-la-presse-roumaine-du-20-02-2013-id403252.html#article","isPartOf":{"@id":"https:\/\/www.rri.ro\/fr\/actualites\/cest-maintenant\/a-la-une-de-la-presse-roumaine-du-20-02-2013-id403252.html"},"author":{"name":"Ioana St\u0103ncescu","@id":"https:\/\/www.rri.ro\/#\/schema\/person\/1d9435fa2588bfdd89285a0891ce5040"},"headline":"A la Une de la presse roumaine du 20.02.2013","datePublished":"2013-02-20T14:21:00+00:00","mainEntityOfPage":{"@id":"https:\/\/www.rri.ro\/fr\/actualites\/cest-maintenant\/a-la-une-de-la-presse-roumaine-du-20-02-2013-id403252.html"},"wordCount":727,"image":{"@id":"https:\/\/www.rri.ro\/fr\/actualites\/cest-maintenant\/a-la-une-de-la-presse-roumaine-du-20-02-2013-id403252.html#primaryimage"},"thumbnailUrl":"https:\/\/www.rri.ro\/wp-content\/uploads\/2023\/10\/201012131353-ziare1.jpg","keywords":["Berlinale","client\u00e9lisme politique","compagnie publique","\u00e9lus locaux","financement","insertion sociale","Ioana Stancescu","maires","migration politique","parasiter","poste","pouvoir","retraite","Roms","scenario","service militaires"],"articleSection":["C'est maintenant"],"inLanguage":"fr-FR"},{"@type":"WebPage","@id":"https:\/\/www.rri.ro\/fr\/actualites\/cest-maintenant\/a-la-une-de-la-presse-roumaine-du-20-02-2013-id403252.html","url":"https:\/\/www.rri.ro\/fr\/actualites\/cest-maintenant\/a-la-une-de-la-presse-roumaine-du-20-02-2013-id403252.html","name":"A la Une de la presse roumaine du 20.02.2013 - Radio Roumanie Internationale","isPartOf":{"@id":"https:\/\/www.rri.ro\/#website"},"primaryImageOfPage":{"@id":"https:\/\/www.rri.ro\/fr\/actualites\/cest-maintenant\/a-la-une-de-la-presse-roumaine-du-20-02-2013-id403252.html#primaryimage"},"image":{"@id":"https:\/\/www.rri.ro\/fr\/actualites\/cest-maintenant\/a-la-une-de-la-presse-roumaine-du-20-02-2013-id403252.html#primaryimage"},"thumbnailUrl":"https:\/\/www.rri.ro\/wp-content\/uploads\/2023\/10\/201012131353-ziare1.jpg","datePublished":"2013-02-20T14:21:00+00:00","author":{"@id":"https:\/\/www.rri.ro\/#\/schema\/person\/1d9435fa2588bfdd89285a0891ce5040"},"breadcrumb":{"@id":"https:\/\/www.rri.ro\/fr\/actualites\/cest-maintenant\/a-la-une-de-la-presse-roumaine-du-20-02-2013-id403252.html#breadcrumb"},"inLanguage":"fr-FR","potentialAction":[{"@type":"ReadAction","target":["https:\/\/www.rri.ro\/fr\/actualites\/cest-maintenant\/a-la-une-de-la-presse-roumaine-du-20-02-2013-id403252.html"]}]},{"@type":"ImageObject","inLanguage":"fr-FR","@id":"https:\/\/www.rri.ro\/fr\/actualites\/cest-maintenant\/a-la-une-de-la-presse-roumaine-du-20-02-2013-id403252.html#primaryimage","url":"https:\/\/www.rri.ro\/wp-content\/uploads\/2023\/10\/201012131353-ziare1.jpg","contentUrl":"https:\/\/www.rri.ro\/wp-content\/uploads\/2023\/10\/201012131353-ziare1.jpg","width":640,"height":480},{"@type":"BreadcrumbList","@id":"https:\/\/www.rri.ro\/fr\/actualites\/cest-maintenant\/a-la-une-de-la-presse-roumaine-du-20-02-2013-id403252.html#breadcrumb","itemListElement":[{"@type":"ListItem","position":1,"name":"Page d'accueil","item":"https:\/\/www.rri.ro\/fr"},{"@type":"ListItem","position":2,"name":"Actualit\u00e9s","item":"https:\/\/www.rri.ro\/fr\/actualites"},{"@type":"ListItem","position":3,"name":"C'est maintenant","item":"https:\/\/www.rri.ro\/fr\/actualites\/cest-maintenant"},{"@type":"ListItem","position":4,"name":"A la Une de la presse roumaine du 20.02.2013"}]},{"@type":"WebSite","@id":"https:\/\/www.rri.ro\/#website","url":"https:\/\/www.rri.ro\/","name":"Radio Roumanie Internationale","description":"Totul despre Rom\u00e2nia \u015fi rom\u00e2ni, \u00een 13 limbi\/dialecte!","inLanguage":"fr-FR"},{"@type":"Person","@id":"https:\/\/www.rri.ro\/#\/schema\/person\/1d9435fa2588bfdd89285a0891ce5040","name":"Ioana St\u0103ncescu","url":"https:\/\/www.rri.ro\/fr\/author\/ioana-stancescu"}]}},"_links":{"self":[{"href":"https:\/\/www.rri.ro\/fr\/wp-json\/wp\/v2\/posts\/403252","targetHints":{"allow":["GET"]}}],"collection":[{"href":"https:\/\/www.rri.ro\/fr\/wp-json\/wp\/v2\/posts"}],"about":[{"href":"https:\/\/www.rri.ro\/fr\/wp-json\/wp\/v2\/types\/post"}],"author":[{"embeddable":true,"href":"https:\/\/www.rri.ro\/fr\/wp-json\/wp\/v2\/users\/134"}],"replies":[{"embeddable":true,"href":"https:\/\/www.rri.ro\/fr\/wp-json\/wp\/v2\/comments?post=403252"}],"version-history":[{"count":0,"href":"https:\/\/www.rri.ro\/fr\/wp-json\/wp\/v2\/posts\/403252\/revisions"}],"wp:featuredmedia":[{"embeddable":true,"href":"https:\/\/www.rri.ro\/fr\/wp-json\/wp\/v2\/media\/403162"}],"wp:attachment":[{"href":"https:\/\/www.rri.ro\/fr\/wp-json\/wp\/v2\/media?parent=403252"}],"wp:term":[{"taxonomy":"category","embeddable":true,"href":"https:\/\/www.rri.ro\/fr\/wp-json\/wp\/v2\/categories?post=403252"},{"taxonomy":"post_tag","embeddable":true,"href":"https:\/\/www.rri.ro\/fr\/wp-json\/wp\/v2\/tags?post=403252"},{"taxonomy":"author","embeddable":true,"href":"https:\/\/www.rri.ro\/fr\/wp-json\/wp\/v2\/coauthors?post=403252"}],"curies":[{"name":"wp","href":"https:\/\/api.w.org\/{rel}","templated":true}]}}