{"id":403393,"date":"2013-12-16T13:34:00","date_gmt":"2013-12-16T11:34:00","guid":{"rendered":"http:\/\/devrri.freshlemon.ro\/le-roumain-mot-a-mot\/consulter-les-lecons\/a-la-une-de-la-presse-roumaine-du-16-12-2013-id403393.html"},"modified":"2013-12-16T13:34:00","modified_gmt":"2013-12-16T11:34:00","slug":"a-la-une-de-la-presse-roumaine-du-16-12-2013","status":"publish","type":"post","link":"https:\/\/www.rri.ro\/fr\/actualites\/cest-maintenant\/a-la-une-de-la-presse-roumaine-du-16-12-2013-id403393.html","title":{"rendered":"A la Une de la presse roumaine du 16.12.2013"},"content":{"rendered":"<p>Le week-end s\u2019est achev\u00e9 \u00e0 Bucarest sur des protestations de rue contre les modifications apport\u00e9es au Code p\u00e9nal. La presse \u00e9crite roumaine s\u2019occupe amplement de ce rassemblement de m\u00eame que d\u2019une vaste op\u00e9ration de la Police et de la Direction g\u00e9n\u00e9rale anticorruption contre la d\u00e9linquance de plusieurs soci\u00e9t\u00e9s de pompes fun\u00e8bres. La vitesse r\u00e9elle des trains roumains est \u00e9galement dans la ligne de mire des journalistes, alors que les chemins de fer locaux doivent composer avec une infrastructure obol\u00e8te et avec les vols d\u2019\u00e9quipements.<\/p>\n<p>&#13;<br \/>\n<script src=http:\/\/media.3netmedia.ro\/player\/player.php?file=71513&#038;p=&#038;player=2><\/script><\/p>\n","protected":false},"excerpt":{"rendered":"<p>Le week-end s\u2019est achev\u00e9 \u00e0 Bucarest sur des protestations de rue contre les modifications apport\u00e9es au Code p\u00e9nal. La presse \u00e9crite roumaine s\u2019occupe amplement de ce rassemblement de m\u00eame que d\u2019une vaste op\u00e9ration de la Police et de la Direction g\u00e9n\u00e9rale anticorruption contre la d\u00e9linquance de plusieurs soci\u00e9t\u00e9s de pompes fun\u00e8bres. La vitesse r\u00e9elle des [&hellip;]<\/p>\n","protected":false},"author":22,"featured_media":403162,"comment_status":"closed","ping_status":"closed","sticky":false,"template":"","format":"standard","meta":{"_acf_changed":false,"footnotes":""},"categories":[94480],"tags":[89740,137213,95123,85700,149561,86022],"coauthors":[],"class_list":["post-403393","post","type-post","status-publish","format-standard","has-post-thumbnail","hentry","category-cest-maintenant","tag-code-penal","tag-corruption-fr","tag-pompes-funebres","tag-protestations","tag-trains-fr","tag-vitesse"],"acf":[],"yoast_head":"<!-- This site is optimized with the Yoast SEO plugin v27.3 - https:\/\/yoast.com\/product\/yoast-seo-wordpress\/ -->\n<title>A la Une de la presse roumaine du 16.12.2013 - Radio Roumanie Internationale<\/title>\n<meta name=\"robots\" content=\"index, follow, max-snippet:-1, max-image-preview:large, max-video-preview:-1\" \/>\n<link rel=\"canonical\" href=\"https:\/\/www.rri.ro\/fr\/actualites\/cest-maintenant\/a-la-une-de-la-presse-roumaine-du-16-12-2013-id403393.html\" \/>\n<meta property=\"og:locale\" content=\"fr_FR\" \/>\n<meta property=\"og:type\" content=\"article\" \/>\n<meta property=\"og:title\" content=\"A la Une de la presse roumaine du 16.12.2013 - Radio Roumanie Internationale\" \/>\n<meta property=\"og:description\" content=\"Le week-end s\u2019est achev\u00e9 \u00e0 Bucarest sur des protestations de rue contre les modifications apport\u00e9es au Code p\u00e9nal. La presse \u00e9crite roumaine s\u2019occupe amplement de ce rassemblement de m\u00eame que d\u2019une vaste op\u00e9ration de la Police et de la Direction g\u00e9n\u00e9rale anticorruption contre la d\u00e9linquance de plusieurs soci\u00e9t\u00e9s de pompes fun\u00e8bres. La vitesse r\u00e9elle des [&hellip;]\" \/>\n<meta property=\"og:url\" content=\"https:\/\/www.rri.ro\/fr\/actualites\/cest-maintenant\/a-la-une-de-la-presse-roumaine-du-16-12-2013-id403393.html\" \/>\n<meta property=\"og:site_name\" content=\"Radio Roumanie Internationale\" \/>\n<meta property=\"article:published_time\" content=\"2013-12-16T11:34:00+00:00\" \/>\n<meta property=\"og:image\" content=\"https:\/\/www.rri.ro\/wp-content\/uploads\/2023\/10\/201012131353-ziare1.jpg\" \/>\n\t<meta property=\"og:image:width\" content=\"640\" \/>\n\t<meta property=\"og:image:height\" content=\"480\" \/>\n\t<meta property=\"og:image:type\" content=\"image\/png\" \/>\n<meta name=\"author\" content=\"Andrei Popov\" \/>\n<meta name=\"twitter:card\" content=\"summary_large_image\" \/>\n<meta name=\"twitter:label1\" content=\"\u00c9crit par\" \/>\n\t<meta name=\"twitter:data1\" content=\"Andrei Popov\" \/>\n\t<meta name=\"twitter:label2\" content=\"Written by\" \/>\n\t<meta name=\"twitter:data2\" content=\"Andrei Popov\" \/>\n<script type=\"application\/ld+json\" class=\"yoast-schema-graph\">{\"@context\":\"https:\\\/\\\/schema.org\",\"@graph\":[{\"@type\":\"Article\",\"@id\":\"https:\\\/\\\/www.rri.ro\\\/fr\\\/actualites\\\/cest-maintenant\\\/a-la-une-de-la-presse-roumaine-du-16-12-2013-id403393.html#article\",\"isPartOf\":{\"@id\":\"https:\\\/\\\/www.rri.ro\\\/fr\\\/actualites\\\/cest-maintenant\\\/a-la-une-de-la-presse-roumaine-du-16-12-2013-id403393.html\"},\"author\":{\"name\":\"Andrei Popov\",\"@id\":\"https:\\\/\\\/www.rri.ro\\\/#\\\/schema\\\/person\\\/07d5bfda9242efa4f86063ac3c3bef61\"},\"headline\":\"A la Une de la presse roumaine du 16.12.2013\",\"datePublished\":\"2013-12-16T11:34:00+00:00\",\"mainEntityOfPage\":{\"@id\":\"https:\\\/\\\/www.rri.ro\\\/fr\\\/actualites\\\/cest-maintenant\\\/a-la-une-de-la-presse-roumaine-du-16-12-2013-id403393.html\"},\"wordCount\":107,\"image\":{\"@id\":\"https:\\\/\\\/www.rri.ro\\\/fr\\\/actualites\\\/cest-maintenant\\\/a-la-une-de-la-presse-roumaine-du-16-12-2013-id403393.html#primaryimage\"},\"thumbnailUrl\":\"https:\\\/\\\/www.rri.ro\\\/wp-content\\\/uploads\\\/2023\\\/10\\\/201012131353-ziare1.jpg\",\"keywords\":[\"Code p\u00e9nal\",\"corruption\",\"pompes fun\u00e8bres\",\"protestations\",\"trains\",\"vitesse\"],\"articleSection\":[\"C'est maintenant\"],\"inLanguage\":\"fr-FR\"},{\"@type\":\"WebPage\",\"@id\":\"https:\\\/\\\/www.rri.ro\\\/fr\\\/actualites\\\/cest-maintenant\\\/a-la-une-de-la-presse-roumaine-du-16-12-2013-id403393.html\",\"url\":\"https:\\\/\\\/www.rri.ro\\\/fr\\\/actualites\\\/cest-maintenant\\\/a-la-une-de-la-presse-roumaine-du-16-12-2013-id403393.html\",\"name\":\"A la Une de la presse roumaine du 16.12.2013 - Radio Roumanie Internationale\",\"isPartOf\":{\"@id\":\"https:\\\/\\\/www.rri.ro\\\/#website\"},\"primaryImageOfPage\":{\"@id\":\"https:\\\/\\\/www.rri.ro\\\/fr\\\/actualites\\\/cest-maintenant\\\/a-la-une-de-la-presse-roumaine-du-16-12-2013-id403393.html#primaryimage\"},\"image\":{\"@id\":\"https:\\\/\\\/www.rri.ro\\\/fr\\\/actualites\\\/cest-maintenant\\\/a-la-une-de-la-presse-roumaine-du-16-12-2013-id403393.html#primaryimage\"},\"thumbnailUrl\":\"https:\\\/\\\/www.rri.ro\\\/wp-content\\\/uploads\\\/2023\\\/10\\\/201012131353-ziare1.jpg\",\"datePublished\":\"2013-12-16T11:34:00+00:00\",\"author\":{\"@id\":\"https:\\\/\\\/www.rri.ro\\\/#\\\/schema\\\/person\\\/07d5bfda9242efa4f86063ac3c3bef61\"},\"breadcrumb\":{\"@id\":\"https:\\\/\\\/www.rri.ro\\\/fr\\\/actualites\\\/cest-maintenant\\\/a-la-une-de-la-presse-roumaine-du-16-12-2013-id403393.html#breadcrumb\"},\"inLanguage\":\"fr-FR\",\"potentialAction\":[{\"@type\":\"ReadAction\",\"target\":[\"https:\\\/\\\/www.rri.ro\\\/fr\\\/actualites\\\/cest-maintenant\\\/a-la-une-de-la-presse-roumaine-du-16-12-2013-id403393.html\"]}]},{\"@type\":\"ImageObject\",\"inLanguage\":\"fr-FR\",\"@id\":\"https:\\\/\\\/www.rri.ro\\\/fr\\\/actualites\\\/cest-maintenant\\\/a-la-une-de-la-presse-roumaine-du-16-12-2013-id403393.html#primaryimage\",\"url\":\"https:\\\/\\\/www.rri.ro\\\/wp-content\\\/uploads\\\/2023\\\/10\\\/201012131353-ziare1.jpg\",\"contentUrl\":\"https:\\\/\\\/www.rri.ro\\\/wp-content\\\/uploads\\\/2023\\\/10\\\/201012131353-ziare1.jpg\",\"width\":640,\"height\":480},{\"@type\":\"BreadcrumbList\",\"@id\":\"https:\\\/\\\/www.rri.ro\\\/fr\\\/actualites\\\/cest-maintenant\\\/a-la-une-de-la-presse-roumaine-du-16-12-2013-id403393.html#breadcrumb\",\"itemListElement\":[{\"@type\":\"ListItem\",\"position\":1,\"name\":\"Page d'accueil\",\"item\":\"https:\\\/\\\/www.rri.ro\\\/fr\"},{\"@type\":\"ListItem\",\"position\":2,\"name\":\"Actualit\u00e9s\",\"item\":\"https:\\\/\\\/www.rri.ro\\\/fr\\\/actualites\"},{\"@type\":\"ListItem\",\"position\":3,\"name\":\"C'est maintenant\",\"item\":\"https:\\\/\\\/www.rri.ro\\\/fr\\\/actualites\\\/cest-maintenant\"},{\"@type\":\"ListItem\",\"position\":4,\"name\":\"A la Une de la presse roumaine du 16.12.2013\"}]},{\"@type\":\"WebSite\",\"@id\":\"https:\\\/\\\/www.rri.ro\\\/#website\",\"url\":\"https:\\\/\\\/www.rri.ro\\\/\",\"name\":\"Radio Roumanie Internationale\",\"description\":\"Totul despre Rom\u00e2nia \u015fi rom\u00e2ni, \u00een 13 limbi\\\/dialecte!\",\"inLanguage\":\"fr-FR\"},{\"@type\":\"Person\",\"@id\":\"https:\\\/\\\/www.rri.ro\\\/#\\\/schema\\\/person\\\/07d5bfda9242efa4f86063ac3c3bef61\",\"name\":\"Andrei Popov\",\"url\":\"https:\\\/\\\/www.rri.ro\\\/fr\\\/author\\\/andrei-popov\"}]}<\/script>\n<!-- \/ Yoast SEO plugin. -->","yoast_head_json":{"title":"A la Une de la presse roumaine du 16.12.2013 - Radio Roumanie Internationale","robots":{"index":"index","follow":"follow","max-snippet":"max-snippet:-1","max-image-preview":"max-image-preview:large","max-video-preview":"max-video-preview:-1"},"canonical":"https:\/\/www.rri.ro\/fr\/actualites\/cest-maintenant\/a-la-une-de-la-presse-roumaine-du-16-12-2013-id403393.html","og_locale":"fr_FR","og_type":"article","og_title":"A la Une de la presse roumaine du 16.12.2013 - Radio Roumanie Internationale","og_description":"Le week-end s\u2019est achev\u00e9 \u00e0 Bucarest sur des protestations de rue contre les modifications apport\u00e9es au Code p\u00e9nal. La presse \u00e9crite roumaine s\u2019occupe amplement de ce rassemblement de m\u00eame que d\u2019une vaste op\u00e9ration de la Police et de la Direction g\u00e9n\u00e9rale anticorruption contre la d\u00e9linquance de plusieurs soci\u00e9t\u00e9s de pompes fun\u00e8bres. La vitesse r\u00e9elle des [&hellip;]","og_url":"https:\/\/www.rri.ro\/fr\/actualites\/cest-maintenant\/a-la-une-de-la-presse-roumaine-du-16-12-2013-id403393.html","og_site_name":"Radio Roumanie Internationale","article_published_time":"2013-12-16T11:34:00+00:00","og_image":[{"width":640,"height":480,"url":"https:\/\/www.rri.ro\/wp-content\/uploads\/2023\/10\/201012131353-ziare1.jpg","type":"image\/png"}],"author":"Andrei Popov","twitter_card":"summary_large_image","twitter_misc":{"\u00c9crit par":"Andrei Popov","Written by":"Andrei Popov"},"schema":{"@context":"https:\/\/schema.org","@graph":[{"@type":"Article","@id":"https:\/\/www.rri.ro\/fr\/actualites\/cest-maintenant\/a-la-une-de-la-presse-roumaine-du-16-12-2013-id403393.html#article","isPartOf":{"@id":"https:\/\/www.rri.ro\/fr\/actualites\/cest-maintenant\/a-la-une-de-la-presse-roumaine-du-16-12-2013-id403393.html"},"author":{"name":"Andrei Popov","@id":"https:\/\/www.rri.ro\/#\/schema\/person\/07d5bfda9242efa4f86063ac3c3bef61"},"headline":"A la Une de la presse roumaine du 16.12.2013","datePublished":"2013-12-16T11:34:00+00:00","mainEntityOfPage":{"@id":"https:\/\/www.rri.ro\/fr\/actualites\/cest-maintenant\/a-la-une-de-la-presse-roumaine-du-16-12-2013-id403393.html"},"wordCount":107,"image":{"@id":"https:\/\/www.rri.ro\/fr\/actualites\/cest-maintenant\/a-la-une-de-la-presse-roumaine-du-16-12-2013-id403393.html#primaryimage"},"thumbnailUrl":"https:\/\/www.rri.ro\/wp-content\/uploads\/2023\/10\/201012131353-ziare1.jpg","keywords":["Code p\u00e9nal","corruption","pompes fun\u00e8bres","protestations","trains","vitesse"],"articleSection":["C'est maintenant"],"inLanguage":"fr-FR"},{"@type":"WebPage","@id":"https:\/\/www.rri.ro\/fr\/actualites\/cest-maintenant\/a-la-une-de-la-presse-roumaine-du-16-12-2013-id403393.html","url":"https:\/\/www.rri.ro\/fr\/actualites\/cest-maintenant\/a-la-une-de-la-presse-roumaine-du-16-12-2013-id403393.html","name":"A la Une de la presse roumaine du 16.12.2013 - Radio Roumanie Internationale","isPartOf":{"@id":"https:\/\/www.rri.ro\/#website"},"primaryImageOfPage":{"@id":"https:\/\/www.rri.ro\/fr\/actualites\/cest-maintenant\/a-la-une-de-la-presse-roumaine-du-16-12-2013-id403393.html#primaryimage"},"image":{"@id":"https:\/\/www.rri.ro\/fr\/actualites\/cest-maintenant\/a-la-une-de-la-presse-roumaine-du-16-12-2013-id403393.html#primaryimage"},"thumbnailUrl":"https:\/\/www.rri.ro\/wp-content\/uploads\/2023\/10\/201012131353-ziare1.jpg","datePublished":"2013-12-16T11:34:00+00:00","author":{"@id":"https:\/\/www.rri.ro\/#\/schema\/person\/07d5bfda9242efa4f86063ac3c3bef61"},"breadcrumb":{"@id":"https:\/\/www.rri.ro\/fr\/actualites\/cest-maintenant\/a-la-une-de-la-presse-roumaine-du-16-12-2013-id403393.html#breadcrumb"},"inLanguage":"fr-FR","potentialAction":[{"@type":"ReadAction","target":["https:\/\/www.rri.ro\/fr\/actualites\/cest-maintenant\/a-la-une-de-la-presse-roumaine-du-16-12-2013-id403393.html"]}]},{"@type":"ImageObject","inLanguage":"fr-FR","@id":"https:\/\/www.rri.ro\/fr\/actualites\/cest-maintenant\/a-la-une-de-la-presse-roumaine-du-16-12-2013-id403393.html#primaryimage","url":"https:\/\/www.rri.ro\/wp-content\/uploads\/2023\/10\/201012131353-ziare1.jpg","contentUrl":"https:\/\/www.rri.ro\/wp-content\/uploads\/2023\/10\/201012131353-ziare1.jpg","width":640,"height":480},{"@type":"BreadcrumbList","@id":"https:\/\/www.rri.ro\/fr\/actualites\/cest-maintenant\/a-la-une-de-la-presse-roumaine-du-16-12-2013-id403393.html#breadcrumb","itemListElement":[{"@type":"ListItem","position":1,"name":"Page d'accueil","item":"https:\/\/www.rri.ro\/fr"},{"@type":"ListItem","position":2,"name":"Actualit\u00e9s","item":"https:\/\/www.rri.ro\/fr\/actualites"},{"@type":"ListItem","position":3,"name":"C'est maintenant","item":"https:\/\/www.rri.ro\/fr\/actualites\/cest-maintenant"},{"@type":"ListItem","position":4,"name":"A la Une de la presse roumaine du 16.12.2013"}]},{"@type":"WebSite","@id":"https:\/\/www.rri.ro\/#website","url":"https:\/\/www.rri.ro\/","name":"Radio Roumanie Internationale","description":"Totul despre Rom\u00e2nia \u015fi rom\u00e2ni, \u00een 13 limbi\/dialecte!","inLanguage":"fr-FR"},{"@type":"Person","@id":"https:\/\/www.rri.ro\/#\/schema\/person\/07d5bfda9242efa4f86063ac3c3bef61","name":"Andrei Popov","url":"https:\/\/www.rri.ro\/fr\/author\/andrei-popov"}]}},"_links":{"self":[{"href":"https:\/\/www.rri.ro\/fr\/wp-json\/wp\/v2\/posts\/403393","targetHints":{"allow":["GET"]}}],"collection":[{"href":"https:\/\/www.rri.ro\/fr\/wp-json\/wp\/v2\/posts"}],"about":[{"href":"https:\/\/www.rri.ro\/fr\/wp-json\/wp\/v2\/types\/post"}],"author":[{"embeddable":true,"href":"https:\/\/www.rri.ro\/fr\/wp-json\/wp\/v2\/users\/22"}],"replies":[{"embeddable":true,"href":"https:\/\/www.rri.ro\/fr\/wp-json\/wp\/v2\/comments?post=403393"}],"version-history":[{"count":0,"href":"https:\/\/www.rri.ro\/fr\/wp-json\/wp\/v2\/posts\/403393\/revisions"}],"wp:featuredmedia":[{"embeddable":true,"href":"https:\/\/www.rri.ro\/fr\/wp-json\/wp\/v2\/media\/403162"}],"wp:attachment":[{"href":"https:\/\/www.rri.ro\/fr\/wp-json\/wp\/v2\/media?parent=403393"}],"wp:term":[{"taxonomy":"category","embeddable":true,"href":"https:\/\/www.rri.ro\/fr\/wp-json\/wp\/v2\/categories?post=403393"},{"taxonomy":"post_tag","embeddable":true,"href":"https:\/\/www.rri.ro\/fr\/wp-json\/wp\/v2\/tags?post=403393"},{"taxonomy":"author","embeddable":true,"href":"https:\/\/www.rri.ro\/fr\/wp-json\/wp\/v2\/coauthors?post=403393"}],"curies":[{"name":"wp","href":"https:\/\/api.w.org\/{rel}","templated":true}]}}