{"id":405627,"date":"2018-01-23T16:47:00","date_gmt":"2018-01-23T14:47:00","guid":{"rendered":"http:\/\/devrri.freshlemon.ro\/le-roumain-mot-a-mot\/consulter-les-lecons\/la-nuit-des-idees-2018-id405627.html"},"modified":"2018-01-23T16:47:00","modified_gmt":"2018-01-23T14:47:00","slug":"la-nuit-des-idees-2018","status":"publish","type":"post","link":"https:\/\/www.rri.ro\/fr\/annonces\/la-nuit-des-idees-2018-id405627.html","title":{"rendered":"La Nuit des id\u00e9es 2018"},"content":{"rendered":"<p>\u00ab C\u00e9l\u00e9brer la circulation des id\u00e9es entre les pays et les cultures, les disciplines et les g\u00e9n\u00e9rations : chaque ann\u00e9e, la Nuit des id\u00e9es est une invitation \u00e0 d\u00e9couvrir l&rsquo;actualit\u00e9 des savoirs, \u00e0 \u00e9couter celles et ceux qui font avancer les id\u00e9es dans tous les domaines, \u00e0 \u00e9changer sur les grands enjeux de notre temps. (&#8230;). Au fil des fuseaux horaires, les \u00e9chos de la Nuit des id\u00e9es se r\u00e9percutent via les r\u00e9seaux sociaux, faisant de la Nuit des id\u00e9es un \u00e9v\u00e9nement global \u00bb.Institut fran\u00e7ais de Paris &#8211; initiateur du projet \u00ab La Nuit des id\u00e9es \u00bb.<\/p>\n<p>Imaginer, c&rsquo;est r\u00eaver mais aussi r\u00e9fl\u00e9chir. La Nuit des id\u00e9es, le 25 janvier, mettra pass\u00e9, pr\u00e9sent et avenir au risque de l&rsquo;imagination, pour tenter de d\u00e9crypter le premier, comprendre le deuxi\u00e8me et pr\u00e9parer le troisi\u00e8me. L&rsquo;imagination au pouvoir est le th\u00e8me de cet \u00e9v\u00e9nement pr\u00e9sent\u00e9 simultan\u00e9ment dans la  totalit\u00e9 des pays accueillant des Instituts fran\u00e7ais. En Roumanie, ce sera \u00e0 Bucarest et Cluj, sous la houlette de l&rsquo;Institut fran\u00e7ais de Roumanie.  <br \/>A Bucarest, la Nuit des id\u00e9es abordera nos lendemains, la vie virtuelle, l&rsquo;imagination responsable, mais aussi les le\u00e7ons de l&rsquo;histoire r\u00e9cente.<\/p>\n","protected":false},"excerpt":{"rendered":"<p>\u00ab C\u00e9l\u00e9brer la circulation des id\u00e9es entre les pays et les cultures, les disciplines et les g\u00e9n\u00e9rations : chaque ann\u00e9e, la Nuit des id\u00e9es est une invitation \u00e0 d\u00e9couvrir l&rsquo;actualit\u00e9 des savoirs, \u00e0 \u00e9couter celles et ceux qui font avancer les id\u00e9es dans tous les domaines, \u00e0 \u00e9changer sur les grands enjeux de notre temps. [&hellip;]<\/p>\n","protected":false},"author":113,"featured_media":405628,"comment_status":"closed","ping_status":"closed","sticky":false,"template":"","format":"standard","meta":{"_acf_changed":false,"footnotes":""},"categories":[95404],"tags":[85590,95735,86569,86568],"coauthors":[],"class_list":["post-405627","post","type-post","status-publish","format-standard","has-post-thumbnail","hentry","category-annonces","tag-idees","tag-imagination","tag-institut-francais","tag-nuit-des-idees"],"acf":[],"yoast_head":"<!-- This site is optimized with the Yoast SEO plugin v27.5 - https:\/\/yoast.com\/product\/yoast-seo-wordpress\/ -->\n<title>La Nuit des id\u00e9es 2018 - Radio Roumanie Internationale<\/title>\n<meta name=\"robots\" content=\"index, follow, max-snippet:-1, max-image-preview:large, max-video-preview:-1\" \/>\n<link rel=\"canonical\" href=\"https:\/\/www.rri.ro\/fr\/annonces\/la-nuit-des-idees-2018-id405627.html\" \/>\n<meta property=\"og:locale\" content=\"fr_FR\" \/>\n<meta property=\"og:type\" content=\"article\" \/>\n<meta property=\"og:title\" content=\"La Nuit des id\u00e9es 2018 - Radio Roumanie Internationale\" \/>\n<meta property=\"og:description\" content=\"\u00ab C\u00e9l\u00e9brer la circulation des id\u00e9es entre les pays et les cultures, les disciplines et les g\u00e9n\u00e9rations : chaque ann\u00e9e, la Nuit des id\u00e9es est une invitation \u00e0 d\u00e9couvrir l&rsquo;actualit\u00e9 des savoirs, \u00e0 \u00e9couter celles et ceux qui font avancer les id\u00e9es dans tous les domaines, \u00e0 \u00e9changer sur les grands enjeux de notre temps. [&hellip;]\" \/>\n<meta property=\"og:url\" content=\"https:\/\/www.rri.ro\/fr\/annonces\/la-nuit-des-idees-2018-id405627.html\" \/>\n<meta property=\"og:site_name\" content=\"Radio Roumanie Internationale\" \/>\n<meta property=\"article:published_time\" content=\"2018-01-23T14:47:00+00:00\" \/>\n<meta property=\"og:image\" content=\"https:\/\/www.rri.ro\/wp-content\/uploads\/2023\/10\/affiche-nuit-des-idees-2018.jpg\" \/>\n\t<meta property=\"og:image:width\" content=\"640\" \/>\n\t<meta property=\"og:image:height\" content=\"480\" \/>\n\t<meta property=\"og:image:type\" content=\"image\/png\" \/>\n<meta name=\"author\" content=\"Newsroom\" \/>\n<meta name=\"twitter:card\" content=\"summary_large_image\" \/>\n<meta name=\"twitter:label1\" content=\"\u00c9crit par\" \/>\n\t<meta name=\"twitter:data1\" content=\"Newsroom\" \/>\n\t<meta name=\"twitter:label2\" content=\"Dur\u00e9e de lecture estim\u00e9e\" \/>\n\t<meta name=\"twitter:data2\" content=\"1 minute\" \/>\n\t<meta name=\"twitter:label3\" content=\"Written by\" \/>\n\t<meta name=\"twitter:data3\" content=\"Newsroom\" \/>\n<script type=\"application\/ld+json\" class=\"yoast-schema-graph\">{\"@context\":\"https:\\\/\\\/schema.org\",\"@graph\":[{\"@type\":\"Article\",\"@id\":\"https:\\\/\\\/www.rri.ro\\\/fr\\\/annonces\\\/la-nuit-des-idees-2018-id405627.html#article\",\"isPartOf\":{\"@id\":\"https:\\\/\\\/www.rri.ro\\\/fr\\\/annonces\\\/la-nuit-des-idees-2018-id405627.html\"},\"author\":{\"name\":\"Newsroom\",\"@id\":\"https:\\\/\\\/www.rri.ro\\\/#\\\/schema\\\/person\\\/4a479940371b9fdefd194f561e8a7f88\"},\"headline\":\"La Nuit des id\u00e9es 2018\",\"datePublished\":\"2018-01-23T14:47:00+00:00\",\"mainEntityOfPage\":{\"@id\":\"https:\\\/\\\/www.rri.ro\\\/fr\\\/annonces\\\/la-nuit-des-idees-2018-id405627.html\"},\"wordCount\":225,\"image\":{\"@id\":\"https:\\\/\\\/www.rri.ro\\\/fr\\\/annonces\\\/la-nuit-des-idees-2018-id405627.html#primaryimage\"},\"thumbnailUrl\":\"https:\\\/\\\/www.rri.ro\\\/wp-content\\\/uploads\\\/2023\\\/10\\\/affiche-nuit-des-idees-2018.jpg\",\"keywords\":[\"id\u00e9es\",\"imagination\",\"institut fran\u00e7ais\",\"nuit des id\u00e9es\"],\"articleSection\":[\"Annonces\"],\"inLanguage\":\"fr-FR\"},{\"@type\":\"WebPage\",\"@id\":\"https:\\\/\\\/www.rri.ro\\\/fr\\\/annonces\\\/la-nuit-des-idees-2018-id405627.html\",\"url\":\"https:\\\/\\\/www.rri.ro\\\/fr\\\/annonces\\\/la-nuit-des-idees-2018-id405627.html\",\"name\":\"La Nuit des id\u00e9es 2018 - Radio Roumanie Internationale\",\"isPartOf\":{\"@id\":\"https:\\\/\\\/www.rri.ro\\\/#website\"},\"primaryImageOfPage\":{\"@id\":\"https:\\\/\\\/www.rri.ro\\\/fr\\\/annonces\\\/la-nuit-des-idees-2018-id405627.html#primaryimage\"},\"image\":{\"@id\":\"https:\\\/\\\/www.rri.ro\\\/fr\\\/annonces\\\/la-nuit-des-idees-2018-id405627.html#primaryimage\"},\"thumbnailUrl\":\"https:\\\/\\\/www.rri.ro\\\/wp-content\\\/uploads\\\/2023\\\/10\\\/affiche-nuit-des-idees-2018.jpg\",\"datePublished\":\"2018-01-23T14:47:00+00:00\",\"author\":{\"@id\":\"https:\\\/\\\/www.rri.ro\\\/#\\\/schema\\\/person\\\/4a479940371b9fdefd194f561e8a7f88\"},\"breadcrumb\":{\"@id\":\"https:\\\/\\\/www.rri.ro\\\/fr\\\/annonces\\\/la-nuit-des-idees-2018-id405627.html#breadcrumb\"},\"inLanguage\":\"fr-FR\",\"potentialAction\":[{\"@type\":\"ReadAction\",\"target\":[\"https:\\\/\\\/www.rri.ro\\\/fr\\\/annonces\\\/la-nuit-des-idees-2018-id405627.html\"]}]},{\"@type\":\"ImageObject\",\"inLanguage\":\"fr-FR\",\"@id\":\"https:\\\/\\\/www.rri.ro\\\/fr\\\/annonces\\\/la-nuit-des-idees-2018-id405627.html#primaryimage\",\"url\":\"https:\\\/\\\/www.rri.ro\\\/wp-content\\\/uploads\\\/2023\\\/10\\\/affiche-nuit-des-idees-2018.jpg\",\"contentUrl\":\"https:\\\/\\\/www.rri.ro\\\/wp-content\\\/uploads\\\/2023\\\/10\\\/affiche-nuit-des-idees-2018.jpg\",\"width\":640,\"height\":480},{\"@type\":\"BreadcrumbList\",\"@id\":\"https:\\\/\\\/www.rri.ro\\\/fr\\\/annonces\\\/la-nuit-des-idees-2018-id405627.html#breadcrumb\",\"itemListElement\":[{\"@type\":\"ListItem\",\"position\":1,\"name\":\"Page d'accueil\",\"item\":\"https:\\\/\\\/www.rri.ro\\\/fr\"},{\"@type\":\"ListItem\",\"position\":2,\"name\":\"Annonces\",\"item\":\"https:\\\/\\\/www.rri.ro\\\/fr\\\/annonces\"},{\"@type\":\"ListItem\",\"position\":3,\"name\":\"La Nuit des id\u00e9es 2018\"}]},{\"@type\":\"WebSite\",\"@id\":\"https:\\\/\\\/www.rri.ro\\\/#website\",\"url\":\"https:\\\/\\\/www.rri.ro\\\/\",\"name\":\"Radio Roumanie Internationale\",\"description\":\"Totul despre Rom\u00e2nia \u015fi rom\u00e2ni, \u00een 13 limbi\\\/dialecte!\",\"inLanguage\":\"fr-FR\"},{\"@type\":\"Person\",\"@id\":\"https:\\\/\\\/www.rri.ro\\\/#\\\/schema\\\/person\\\/4a479940371b9fdefd194f561e8a7f88\",\"name\":\"Newsroom\",\"url\":\"https:\\\/\\\/www.rri.ro\\\/fr\\\/author\\\/newsroom\"}]}<\/script>\n<!-- \/ Yoast SEO plugin. -->","yoast_head_json":{"title":"La Nuit des id\u00e9es 2018 - Radio Roumanie Internationale","robots":{"index":"index","follow":"follow","max-snippet":"max-snippet:-1","max-image-preview":"max-image-preview:large","max-video-preview":"max-video-preview:-1"},"canonical":"https:\/\/www.rri.ro\/fr\/annonces\/la-nuit-des-idees-2018-id405627.html","og_locale":"fr_FR","og_type":"article","og_title":"La Nuit des id\u00e9es 2018 - Radio Roumanie Internationale","og_description":"\u00ab C\u00e9l\u00e9brer la circulation des id\u00e9es entre les pays et les cultures, les disciplines et les g\u00e9n\u00e9rations : chaque ann\u00e9e, la Nuit des id\u00e9es est une invitation \u00e0 d\u00e9couvrir l&rsquo;actualit\u00e9 des savoirs, \u00e0 \u00e9couter celles et ceux qui font avancer les id\u00e9es dans tous les domaines, \u00e0 \u00e9changer sur les grands enjeux de notre temps. [&hellip;]","og_url":"https:\/\/www.rri.ro\/fr\/annonces\/la-nuit-des-idees-2018-id405627.html","og_site_name":"Radio Roumanie Internationale","article_published_time":"2018-01-23T14:47:00+00:00","og_image":[{"width":640,"height":480,"url":"https:\/\/www.rri.ro\/wp-content\/uploads\/2023\/10\/affiche-nuit-des-idees-2018.jpg","type":"image\/png"}],"author":"Newsroom","twitter_card":"summary_large_image","twitter_misc":{"\u00c9crit par":"Newsroom","Dur\u00e9e de lecture estim\u00e9e":"1 minute","Written by":"Newsroom"},"schema":{"@context":"https:\/\/schema.org","@graph":[{"@type":"Article","@id":"https:\/\/www.rri.ro\/fr\/annonces\/la-nuit-des-idees-2018-id405627.html#article","isPartOf":{"@id":"https:\/\/www.rri.ro\/fr\/annonces\/la-nuit-des-idees-2018-id405627.html"},"author":{"name":"Newsroom","@id":"https:\/\/www.rri.ro\/#\/schema\/person\/4a479940371b9fdefd194f561e8a7f88"},"headline":"La Nuit des id\u00e9es 2018","datePublished":"2018-01-23T14:47:00+00:00","mainEntityOfPage":{"@id":"https:\/\/www.rri.ro\/fr\/annonces\/la-nuit-des-idees-2018-id405627.html"},"wordCount":225,"image":{"@id":"https:\/\/www.rri.ro\/fr\/annonces\/la-nuit-des-idees-2018-id405627.html#primaryimage"},"thumbnailUrl":"https:\/\/www.rri.ro\/wp-content\/uploads\/2023\/10\/affiche-nuit-des-idees-2018.jpg","keywords":["id\u00e9es","imagination","institut fran\u00e7ais","nuit des id\u00e9es"],"articleSection":["Annonces"],"inLanguage":"fr-FR"},{"@type":"WebPage","@id":"https:\/\/www.rri.ro\/fr\/annonces\/la-nuit-des-idees-2018-id405627.html","url":"https:\/\/www.rri.ro\/fr\/annonces\/la-nuit-des-idees-2018-id405627.html","name":"La Nuit des id\u00e9es 2018 - Radio Roumanie Internationale","isPartOf":{"@id":"https:\/\/www.rri.ro\/#website"},"primaryImageOfPage":{"@id":"https:\/\/www.rri.ro\/fr\/annonces\/la-nuit-des-idees-2018-id405627.html#primaryimage"},"image":{"@id":"https:\/\/www.rri.ro\/fr\/annonces\/la-nuit-des-idees-2018-id405627.html#primaryimage"},"thumbnailUrl":"https:\/\/www.rri.ro\/wp-content\/uploads\/2023\/10\/affiche-nuit-des-idees-2018.jpg","datePublished":"2018-01-23T14:47:00+00:00","author":{"@id":"https:\/\/www.rri.ro\/#\/schema\/person\/4a479940371b9fdefd194f561e8a7f88"},"breadcrumb":{"@id":"https:\/\/www.rri.ro\/fr\/annonces\/la-nuit-des-idees-2018-id405627.html#breadcrumb"},"inLanguage":"fr-FR","potentialAction":[{"@type":"ReadAction","target":["https:\/\/www.rri.ro\/fr\/annonces\/la-nuit-des-idees-2018-id405627.html"]}]},{"@type":"ImageObject","inLanguage":"fr-FR","@id":"https:\/\/www.rri.ro\/fr\/annonces\/la-nuit-des-idees-2018-id405627.html#primaryimage","url":"https:\/\/www.rri.ro\/wp-content\/uploads\/2023\/10\/affiche-nuit-des-idees-2018.jpg","contentUrl":"https:\/\/www.rri.ro\/wp-content\/uploads\/2023\/10\/affiche-nuit-des-idees-2018.jpg","width":640,"height":480},{"@type":"BreadcrumbList","@id":"https:\/\/www.rri.ro\/fr\/annonces\/la-nuit-des-idees-2018-id405627.html#breadcrumb","itemListElement":[{"@type":"ListItem","position":1,"name":"Page d'accueil","item":"https:\/\/www.rri.ro\/fr"},{"@type":"ListItem","position":2,"name":"Annonces","item":"https:\/\/www.rri.ro\/fr\/annonces"},{"@type":"ListItem","position":3,"name":"La Nuit des id\u00e9es 2018"}]},{"@type":"WebSite","@id":"https:\/\/www.rri.ro\/#website","url":"https:\/\/www.rri.ro\/","name":"Radio Roumanie Internationale","description":"Totul despre Rom\u00e2nia \u015fi rom\u00e2ni, \u00een 13 limbi\/dialecte!","inLanguage":"fr-FR"},{"@type":"Person","@id":"https:\/\/www.rri.ro\/#\/schema\/person\/4a479940371b9fdefd194f561e8a7f88","name":"Newsroom","url":"https:\/\/www.rri.ro\/fr\/author\/newsroom"}]}},"_links":{"self":[{"href":"https:\/\/www.rri.ro\/fr\/wp-json\/wp\/v2\/posts\/405627","targetHints":{"allow":["GET"]}}],"collection":[{"href":"https:\/\/www.rri.ro\/fr\/wp-json\/wp\/v2\/posts"}],"about":[{"href":"https:\/\/www.rri.ro\/fr\/wp-json\/wp\/v2\/types\/post"}],"author":[{"embeddable":true,"href":"https:\/\/www.rri.ro\/fr\/wp-json\/wp\/v2\/users\/113"}],"replies":[{"embeddable":true,"href":"https:\/\/www.rri.ro\/fr\/wp-json\/wp\/v2\/comments?post=405627"}],"version-history":[{"count":0,"href":"https:\/\/www.rri.ro\/fr\/wp-json\/wp\/v2\/posts\/405627\/revisions"}],"wp:featuredmedia":[{"embeddable":true,"href":"https:\/\/www.rri.ro\/fr\/wp-json\/wp\/v2\/media\/405628"}],"wp:attachment":[{"href":"https:\/\/www.rri.ro\/fr\/wp-json\/wp\/v2\/media?parent=405627"}],"wp:term":[{"taxonomy":"category","embeddable":true,"href":"https:\/\/www.rri.ro\/fr\/wp-json\/wp\/v2\/categories?post=405627"},{"taxonomy":"post_tag","embeddable":true,"href":"https:\/\/www.rri.ro\/fr\/wp-json\/wp\/v2\/tags?post=405627"},{"taxonomy":"author","embeddable":true,"href":"https:\/\/www.rri.ro\/fr\/wp-json\/wp\/v2\/coauthors?post=405627"}],"curies":[{"name":"wp","href":"https:\/\/api.w.org\/{rel}","templated":true}]}}