{"id":413096,"date":"2019-01-30T15:32:00","date_gmt":"2019-01-30T13:32:00","guid":{"rendered":"http:\/\/devrri.freshlemon.ro\/le-roumain-mot-a-mot\/consulter-les-lecons\/la-nuit-des-idees-2019-id413096.html"},"modified":"2019-01-30T15:32:00","modified_gmt":"2019-01-30T13:32:00","slug":"la-nuit-des-idees-2019","status":"publish","type":"post","link":"https:\/\/www.rri.ro\/fr\/rri-special-fr\/la-nuit-des-idees-2019-id413096.html","title":{"rendered":"La Nuit des id\u00e9es 2019"},"content":{"rendered":"<p>Une communication d\u00e9faillante ou manquante est souvent \u00e0 l&rsquo;origine des probl\u00e8mes qui secouent l&rsquo;existence des individus et des collectivit\u00e9s. Et c&rsquo;est par l&rsquo;\u00e9change et le partage d&rsquo;id\u00e9es que les solutions arrivent. Plusieurs t\u00eates bien remplies font mieux qu&rsquo;une seule quand il s&rsquo;agit de trouver les meilleurs moyens de surmonter des obstacles apparemment infranchissables, de transformer notre environnement, naturel et social, d&rsquo;une mani\u00e8re durable, de faire progresser le monde dans lequel nous vivons. Voil\u00e0 r\u00e9sum\u00e9 le principe sur lequel s&rsquo;assoit un format de rencontres intellectuelles ouvertes au grand public, soutenu par l&rsquo;Institut fran\u00e7ais et ses partenaires, \u00e0 l&rsquo;\u00e9chelle internationale &#8211; la Nuit des id\u00e9es, une nuit de d\u00e9bats et de pr\u00e9sentations de projets dans des domaines de recherche et de cr\u00e9ation les plus vari\u00e9s. Cette ann\u00e9e, la Nuit des id\u00e9es se d\u00e9roulera le 31 janvier et nous en parlons avec H\u00e9l\u00e8ne Roos, conseill\u00e8re de coop\u00e9ration et d&rsquo;action culturelle de&#13;<br \/>\nl&rsquo;ambassade de France \u00e0 Bucarest et directrice g\u00e9n\u00e9rale de l&rsquo;Institut Fran\u00e7ais&#13;<br \/>\nde Roumanie et avec le Professeur \u00e9m\u00e9rite Maurice Va\u00efsse, du Centre d&rsquo;histoire de&#13;<br \/>\nSciences Po-Paris. <\/p>\n<p><\/p>\n<p><\/p>\n<p><iframe width=100% height=166 scrolling=no frameborder=no allow=autoplay src=https:\/\/w.soundcloud.com\/player\/?url=https%3A\/\/api.soundcloud.com\/tracks\/567119973&#038;color=%23ff5500&#038;auto_play=false&#038;hide_related=false&#038;show_comments=true&#038;show_user=true&#038;show_reposts=false&#038;show_teaser=true><\/iframe><\/p>\n","protected":false},"excerpt":{"rendered":"<p>Une communication d\u00e9faillante ou manquante est souvent \u00e0 l&rsquo;origine des probl\u00e8mes qui secouent l&rsquo;existence des individus et des collectivit\u00e9s. Et c&rsquo;est par l&rsquo;\u00e9change et le partage d&rsquo;id\u00e9es que les solutions arrivent. Plusieurs t\u00eates bien remplies font mieux qu&rsquo;une seule quand il s&rsquo;agit de trouver les meilleurs moyens de surmonter des obstacles apparemment infranchissables, de transformer [&hellip;]<\/p>\n","protected":false},"author":59,"featured_media":413097,"comment_status":"closed","ping_status":"closed","sticky":false,"template":"","format":"standard","meta":{"_acf_changed":false,"footnotes":""},"categories":[95703],"tags":[86568],"coauthors":[],"class_list":["post-413096","post","type-post","status-publish","format-standard","has-post-thumbnail","hentry","category-rri-special-fr","tag-nuit-des-idees"],"acf":[],"yoast_head":"<!-- This site is optimized with the Yoast SEO plugin v27.5 - https:\/\/yoast.com\/product\/yoast-seo-wordpress\/ -->\n<title>La Nuit des id\u00e9es 2019 - Radio Roumanie Internationale<\/title>\n<meta name=\"robots\" content=\"index, follow, max-snippet:-1, max-image-preview:large, max-video-preview:-1\" \/>\n<link rel=\"canonical\" href=\"https:\/\/www.rri.ro\/fr\/rri-special-fr\/la-nuit-des-idees-2019-id413096.html\" \/>\n<meta property=\"og:locale\" content=\"fr_FR\" \/>\n<meta property=\"og:type\" content=\"article\" \/>\n<meta property=\"og:title\" content=\"La Nuit des id\u00e9es 2019 - Radio Roumanie Internationale\" \/>\n<meta property=\"og:description\" content=\"Une communication d\u00e9faillante ou manquante est souvent \u00e0 l&rsquo;origine des probl\u00e8mes qui secouent l&rsquo;existence des individus et des collectivit\u00e9s. Et c&rsquo;est par l&rsquo;\u00e9change et le partage d&rsquo;id\u00e9es que les solutions arrivent. Plusieurs t\u00eates bien remplies font mieux qu&rsquo;une seule quand il s&rsquo;agit de trouver les meilleurs moyens de surmonter des obstacles apparemment infranchissables, de transformer [&hellip;]\" \/>\n<meta property=\"og:url\" content=\"https:\/\/www.rri.ro\/fr\/rri-special-fr\/la-nuit-des-idees-2019-id413096.html\" \/>\n<meta property=\"og:site_name\" content=\"Radio Roumanie Internationale\" \/>\n<meta property=\"article:published_time\" content=\"2019-01-30T13:32:00+00:00\" \/>\n<meta property=\"og:image\" content=\"https:\/\/www.rri.ro\/wp-content\/uploads\/2023\/10\/noaptea-ideilor-2019.jpg\" \/>\n\t<meta property=\"og:image:width\" content=\"640\" \/>\n\t<meta property=\"og:image:height\" content=\"905\" \/>\n\t<meta property=\"og:image:type\" content=\"image\/jpeg\" \/>\n<meta name=\"author\" content=\"Brigitta Pana\" \/>\n<meta name=\"twitter:card\" content=\"summary_large_image\" \/>\n<meta name=\"twitter:label1\" content=\"\u00c9crit par\" \/>\n\t<meta name=\"twitter:data1\" content=\"Brigitta Pana\" \/>\n\t<meta name=\"twitter:label2\" content=\"Dur\u00e9e de lecture estim\u00e9e\" \/>\n\t<meta name=\"twitter:data2\" content=\"1 minute\" \/>\n\t<meta name=\"twitter:label3\" content=\"Written by\" \/>\n\t<meta name=\"twitter:data3\" content=\"Brigitta Pana\" \/>\n<script type=\"application\/ld+json\" class=\"yoast-schema-graph\">{\"@context\":\"https:\\\/\\\/schema.org\",\"@graph\":[{\"@type\":\"Article\",\"@id\":\"https:\\\/\\\/www.rri.ro\\\/fr\\\/rri-special-fr\\\/la-nuit-des-idees-2019-id413096.html#article\",\"isPartOf\":{\"@id\":\"https:\\\/\\\/www.rri.ro\\\/fr\\\/rri-special-fr\\\/la-nuit-des-idees-2019-id413096.html\"},\"author\":{\"name\":\"Brigitta Pana\",\"@id\":\"https:\\\/\\\/www.rri.ro\\\/#\\\/schema\\\/person\\\/d931d1dd71df33f3f9574bd60b16a323\"},\"headline\":\"La Nuit des id\u00e9es 2019\",\"datePublished\":\"2019-01-30T13:32:00+00:00\",\"mainEntityOfPage\":{\"@id\":\"https:\\\/\\\/www.rri.ro\\\/fr\\\/rri-special-fr\\\/la-nuit-des-idees-2019-id413096.html\"},\"wordCount\":215,\"image\":{\"@id\":\"https:\\\/\\\/www.rri.ro\\\/fr\\\/rri-special-fr\\\/la-nuit-des-idees-2019-id413096.html#primaryimage\"},\"thumbnailUrl\":\"https:\\\/\\\/www.rri.ro\\\/wp-content\\\/uploads\\\/2023\\\/10\\\/noaptea-ideilor-2019.jpg\",\"keywords\":[\"nuit des id\u00e9es\"],\"articleSection\":[\"RRI Sp\u00e9cial\"],\"inLanguage\":\"fr-FR\"},{\"@type\":\"WebPage\",\"@id\":\"https:\\\/\\\/www.rri.ro\\\/fr\\\/rri-special-fr\\\/la-nuit-des-idees-2019-id413096.html\",\"url\":\"https:\\\/\\\/www.rri.ro\\\/fr\\\/rri-special-fr\\\/la-nuit-des-idees-2019-id413096.html\",\"name\":\"La Nuit des id\u00e9es 2019 - Radio Roumanie Internationale\",\"isPartOf\":{\"@id\":\"https:\\\/\\\/www.rri.ro\\\/#website\"},\"primaryImageOfPage\":{\"@id\":\"https:\\\/\\\/www.rri.ro\\\/fr\\\/rri-special-fr\\\/la-nuit-des-idees-2019-id413096.html#primaryimage\"},\"image\":{\"@id\":\"https:\\\/\\\/www.rri.ro\\\/fr\\\/rri-special-fr\\\/la-nuit-des-idees-2019-id413096.html#primaryimage\"},\"thumbnailUrl\":\"https:\\\/\\\/www.rri.ro\\\/wp-content\\\/uploads\\\/2023\\\/10\\\/noaptea-ideilor-2019.jpg\",\"datePublished\":\"2019-01-30T13:32:00+00:00\",\"author\":{\"@id\":\"https:\\\/\\\/www.rri.ro\\\/#\\\/schema\\\/person\\\/d931d1dd71df33f3f9574bd60b16a323\"},\"breadcrumb\":{\"@id\":\"https:\\\/\\\/www.rri.ro\\\/fr\\\/rri-special-fr\\\/la-nuit-des-idees-2019-id413096.html#breadcrumb\"},\"inLanguage\":\"fr-FR\",\"potentialAction\":[{\"@type\":\"ReadAction\",\"target\":[\"https:\\\/\\\/www.rri.ro\\\/fr\\\/rri-special-fr\\\/la-nuit-des-idees-2019-id413096.html\"]}]},{\"@type\":\"ImageObject\",\"inLanguage\":\"fr-FR\",\"@id\":\"https:\\\/\\\/www.rri.ro\\\/fr\\\/rri-special-fr\\\/la-nuit-des-idees-2019-id413096.html#primaryimage\",\"url\":\"https:\\\/\\\/www.rri.ro\\\/wp-content\\\/uploads\\\/2023\\\/10\\\/noaptea-ideilor-2019.jpg\",\"contentUrl\":\"https:\\\/\\\/www.rri.ro\\\/wp-content\\\/uploads\\\/2023\\\/10\\\/noaptea-ideilor-2019.jpg\",\"width\":640,\"height\":905},{\"@type\":\"BreadcrumbList\",\"@id\":\"https:\\\/\\\/www.rri.ro\\\/fr\\\/rri-special-fr\\\/la-nuit-des-idees-2019-id413096.html#breadcrumb\",\"itemListElement\":[{\"@type\":\"ListItem\",\"position\":1,\"name\":\"Page d'accueil\",\"item\":\"https:\\\/\\\/www.rri.ro\\\/fr\"},{\"@type\":\"ListItem\",\"position\":2,\"name\":\"RRI Sp\u00e9cial\",\"item\":\"https:\\\/\\\/www.rri.ro\\\/fr\\\/rri-special-fr\"},{\"@type\":\"ListItem\",\"position\":3,\"name\":\"La Nuit des id\u00e9es 2019\"}]},{\"@type\":\"WebSite\",\"@id\":\"https:\\\/\\\/www.rri.ro\\\/#website\",\"url\":\"https:\\\/\\\/www.rri.ro\\\/\",\"name\":\"Radio Roumanie Internationale\",\"description\":\"Totul despre Rom\u00e2nia \u015fi rom\u00e2ni, \u00een 13 limbi\\\/dialecte!\",\"inLanguage\":\"fr-FR\"},{\"@type\":\"Person\",\"@id\":\"https:\\\/\\\/www.rri.ro\\\/#\\\/schema\\\/person\\\/d931d1dd71df33f3f9574bd60b16a323\",\"name\":\"Brigitta Pana\",\"url\":\"https:\\\/\\\/www.rri.ro\\\/fr\\\/author\\\/brigitta-pana\"}]}<\/script>\n<!-- \/ Yoast SEO plugin. -->","yoast_head_json":{"title":"La Nuit des id\u00e9es 2019 - Radio Roumanie Internationale","robots":{"index":"index","follow":"follow","max-snippet":"max-snippet:-1","max-image-preview":"max-image-preview:large","max-video-preview":"max-video-preview:-1"},"canonical":"https:\/\/www.rri.ro\/fr\/rri-special-fr\/la-nuit-des-idees-2019-id413096.html","og_locale":"fr_FR","og_type":"article","og_title":"La Nuit des id\u00e9es 2019 - Radio Roumanie Internationale","og_description":"Une communication d\u00e9faillante ou manquante est souvent \u00e0 l&rsquo;origine des probl\u00e8mes qui secouent l&rsquo;existence des individus et des collectivit\u00e9s. Et c&rsquo;est par l&rsquo;\u00e9change et le partage d&rsquo;id\u00e9es que les solutions arrivent. Plusieurs t\u00eates bien remplies font mieux qu&rsquo;une seule quand il s&rsquo;agit de trouver les meilleurs moyens de surmonter des obstacles apparemment infranchissables, de transformer [&hellip;]","og_url":"https:\/\/www.rri.ro\/fr\/rri-special-fr\/la-nuit-des-idees-2019-id413096.html","og_site_name":"Radio Roumanie Internationale","article_published_time":"2019-01-30T13:32:00+00:00","og_image":[{"width":640,"height":905,"url":"https:\/\/www.rri.ro\/wp-content\/uploads\/2023\/10\/noaptea-ideilor-2019.jpg","type":"image\/jpeg"}],"author":"Brigitta Pana","twitter_card":"summary_large_image","twitter_misc":{"\u00c9crit par":"Brigitta Pana","Dur\u00e9e de lecture estim\u00e9e":"1 minute","Written by":"Brigitta Pana"},"schema":{"@context":"https:\/\/schema.org","@graph":[{"@type":"Article","@id":"https:\/\/www.rri.ro\/fr\/rri-special-fr\/la-nuit-des-idees-2019-id413096.html#article","isPartOf":{"@id":"https:\/\/www.rri.ro\/fr\/rri-special-fr\/la-nuit-des-idees-2019-id413096.html"},"author":{"name":"Brigitta Pana","@id":"https:\/\/www.rri.ro\/#\/schema\/person\/d931d1dd71df33f3f9574bd60b16a323"},"headline":"La Nuit des id\u00e9es 2019","datePublished":"2019-01-30T13:32:00+00:00","mainEntityOfPage":{"@id":"https:\/\/www.rri.ro\/fr\/rri-special-fr\/la-nuit-des-idees-2019-id413096.html"},"wordCount":215,"image":{"@id":"https:\/\/www.rri.ro\/fr\/rri-special-fr\/la-nuit-des-idees-2019-id413096.html#primaryimage"},"thumbnailUrl":"https:\/\/www.rri.ro\/wp-content\/uploads\/2023\/10\/noaptea-ideilor-2019.jpg","keywords":["nuit des id\u00e9es"],"articleSection":["RRI Sp\u00e9cial"],"inLanguage":"fr-FR"},{"@type":"WebPage","@id":"https:\/\/www.rri.ro\/fr\/rri-special-fr\/la-nuit-des-idees-2019-id413096.html","url":"https:\/\/www.rri.ro\/fr\/rri-special-fr\/la-nuit-des-idees-2019-id413096.html","name":"La Nuit des id\u00e9es 2019 - Radio Roumanie Internationale","isPartOf":{"@id":"https:\/\/www.rri.ro\/#website"},"primaryImageOfPage":{"@id":"https:\/\/www.rri.ro\/fr\/rri-special-fr\/la-nuit-des-idees-2019-id413096.html#primaryimage"},"image":{"@id":"https:\/\/www.rri.ro\/fr\/rri-special-fr\/la-nuit-des-idees-2019-id413096.html#primaryimage"},"thumbnailUrl":"https:\/\/www.rri.ro\/wp-content\/uploads\/2023\/10\/noaptea-ideilor-2019.jpg","datePublished":"2019-01-30T13:32:00+00:00","author":{"@id":"https:\/\/www.rri.ro\/#\/schema\/person\/d931d1dd71df33f3f9574bd60b16a323"},"breadcrumb":{"@id":"https:\/\/www.rri.ro\/fr\/rri-special-fr\/la-nuit-des-idees-2019-id413096.html#breadcrumb"},"inLanguage":"fr-FR","potentialAction":[{"@type":"ReadAction","target":["https:\/\/www.rri.ro\/fr\/rri-special-fr\/la-nuit-des-idees-2019-id413096.html"]}]},{"@type":"ImageObject","inLanguage":"fr-FR","@id":"https:\/\/www.rri.ro\/fr\/rri-special-fr\/la-nuit-des-idees-2019-id413096.html#primaryimage","url":"https:\/\/www.rri.ro\/wp-content\/uploads\/2023\/10\/noaptea-ideilor-2019.jpg","contentUrl":"https:\/\/www.rri.ro\/wp-content\/uploads\/2023\/10\/noaptea-ideilor-2019.jpg","width":640,"height":905},{"@type":"BreadcrumbList","@id":"https:\/\/www.rri.ro\/fr\/rri-special-fr\/la-nuit-des-idees-2019-id413096.html#breadcrumb","itemListElement":[{"@type":"ListItem","position":1,"name":"Page d'accueil","item":"https:\/\/www.rri.ro\/fr"},{"@type":"ListItem","position":2,"name":"RRI Sp\u00e9cial","item":"https:\/\/www.rri.ro\/fr\/rri-special-fr"},{"@type":"ListItem","position":3,"name":"La Nuit des id\u00e9es 2019"}]},{"@type":"WebSite","@id":"https:\/\/www.rri.ro\/#website","url":"https:\/\/www.rri.ro\/","name":"Radio Roumanie Internationale","description":"Totul despre Rom\u00e2nia \u015fi rom\u00e2ni, \u00een 13 limbi\/dialecte!","inLanguage":"fr-FR"},{"@type":"Person","@id":"https:\/\/www.rri.ro\/#\/schema\/person\/d931d1dd71df33f3f9574bd60b16a323","name":"Brigitta Pana","url":"https:\/\/www.rri.ro\/fr\/author\/brigitta-pana"}]}},"_links":{"self":[{"href":"https:\/\/www.rri.ro\/fr\/wp-json\/wp\/v2\/posts\/413096","targetHints":{"allow":["GET"]}}],"collection":[{"href":"https:\/\/www.rri.ro\/fr\/wp-json\/wp\/v2\/posts"}],"about":[{"href":"https:\/\/www.rri.ro\/fr\/wp-json\/wp\/v2\/types\/post"}],"author":[{"embeddable":true,"href":"https:\/\/www.rri.ro\/fr\/wp-json\/wp\/v2\/users\/59"}],"replies":[{"embeddable":true,"href":"https:\/\/www.rri.ro\/fr\/wp-json\/wp\/v2\/comments?post=413096"}],"version-history":[{"count":0,"href":"https:\/\/www.rri.ro\/fr\/wp-json\/wp\/v2\/posts\/413096\/revisions"}],"wp:featuredmedia":[{"embeddable":true,"href":"https:\/\/www.rri.ro\/fr\/wp-json\/wp\/v2\/media\/413097"}],"wp:attachment":[{"href":"https:\/\/www.rri.ro\/fr\/wp-json\/wp\/v2\/media?parent=413096"}],"wp:term":[{"taxonomy":"category","embeddable":true,"href":"https:\/\/www.rri.ro\/fr\/wp-json\/wp\/v2\/categories?post=413096"},{"taxonomy":"post_tag","embeddable":true,"href":"https:\/\/www.rri.ro\/fr\/wp-json\/wp\/v2\/tags?post=413096"},{"taxonomy":"author","embeddable":true,"href":"https:\/\/www.rri.ro\/fr\/wp-json\/wp\/v2\/coauthors?post=413096"}],"curies":[{"name":"wp","href":"https:\/\/api.w.org\/{rel}","templated":true}]}}