{"id":414470,"date":"2013-09-02T12:39:00","date_gmt":"2013-09-02T09:39:00","guid":{"rendered":"http:\/\/devrri.freshlemon.ro\/le-roumain-mot-a-mot\/consulter-les-lecons\/le-projet-life-pour-la-biodiversite-dans-les-monts-apuseni-id414470.html"},"modified":"2013-09-02T12:39:00","modified_gmt":"2013-09-02T09:39:00","slug":"le-projet-life-pour-la-biodiversite-dans-les-monts-apuseni","status":"publish","type":"post","link":"https:\/\/www.rri.ro\/fr\/nos-emissions\/planete-verte\/le-projet-life-pour-la-biodiversite-dans-les-monts-apuseni-id414470.html","title":{"rendered":"Le projet LIFE + pour la biodiversit\u00e9 dans les Monts Apuseni"},"content":{"rendered":"<p>Ce programme europ\u00e9en appuie financi\u00e8rement des projets de pr\u00e9servation de lenvironnement et de la biodiversit\u00e9 dans tous les Etats membres. Le dernier appel \u00e0 propositions, de septembre 2012, a abouti \u00e0 une liste de 1150 projets.  La Roumanie ne se retrouve pas sur la liste des projets s\u00e9lectionn\u00e9s  en vue dun financement europ\u00e9en. En \u00e9change, le projet britannique \u00ab Life Connect Carpathians \u00bb a \u00e9t\u00e9 retenu ; il vise \u00e0 restaurer et \u00e0 conserver les habitats naturels en danger des Monts Apuseni. Ce projet et un autre, men\u00e9 par la Soci\u00e9t\u00e9 royale britannique de protection des oiseaux, et dont lobjectif consiste \u00e0 sauver la sterne naine, ont obtenu une enveloppe de 6,6 millions deuros.<\/p>\n<p>&#13;<br \/>\n&#13;<\/p>\n<p>&#13;<br \/>\n&#13;<\/p>\n<p>Life+, cet instrument financier de lUE consacr\u00e9 \u00e0 lenvironnement,  dispose dun budget total de 2,14 milliards deuros pour la p\u00e9riode 2007 \u2013 2013. La Commission europ\u00e9enne lance annuellement un appel \u00e0 propositions. Une soixantaine de projets ont pu \u00eatre financ\u00e9s en Roumanie aussi, depuis sa mis en place en 1999.<\/p>\n<p>&#13;<br \/>\n&#13;<\/p>\n<p>&#13;<br \/>\n&#13;<\/p>\n<p>&#13;<br \/>\n&#13;<\/p>\n<p>La Roumanie est le pays qui abrite la plus grande population de grands carnivores en Europe. En d\u00e9pit du braconnage et du d\u00e9boisement excessif, qui ont gravement endommag\u00e9 les habitats naturels, les Carpates roumaines demeurent encore la r\u00e9gion dEurope  la plus peupl\u00e9e dours bruns, de loups et de lynx. En effet, cette cha\u00eene montagneuse abrite plus dun tiers des grands carnivores du vieux  continent.<\/p>\n<p>&#13;<br \/>\n&#13;<\/p>\n<p>&#13;<br \/>\n&#13;<\/p>\n<p>En outre, sur les cr\u00eates des Carpates de Roumanie on retrouve une sous-esp\u00e8ce de chamois. De lavis des  \u00e9cologistes, les animaux vivant dans les Monts Apuseni sont en danger \u00e0 cause des travaux \u00e0 lautoroute reliant les villes de Lugoj et de Deva. Cette autoroute, partie int\u00e9grante du corridor de transport paneurop\u00e9en n\u00b0 IV, croisera le corridor \u00e9cologique entre les Monts Apuseni et les Carpates M\u00e9ridionales, large dune dizaine de km et d\u00e9j\u00e0 \u00e9miett\u00e9 par les r\u00e9cents projets dinfrastructure.<\/p>\n<p>&#13;<br \/>\n&#13;<\/p>\n<p>&#13;<br \/>\n&#13;<\/p>\n<p>Situ\u00e9e au carrefour de lEurope et de lAsie, la Roumanie risque de devenir une des zones sud et centre europ\u00e9ennes au trafic routier le plus intense ce qui, avertissent les sp\u00e9cialistes, repr\u00e9sente une menace pour sa biodiversit\u00e9. (trad. : Mariana Tudose)<\/p>\n<p>&#13;<br \/>\n&#13;<\/p>\n<p>&#13;<br \/>\n&#13;<\/p>\n<p>&#13;<\/p>\n","protected":false},"excerpt":{"rendered":"<p>Ce programme europ\u00e9en appuie financi\u00e8rement des projets de pr\u00e9servation de lenvironnement et de la biodiversit\u00e9 dans tous les Etats membres. Le dernier appel \u00e0 propositions, de septembre 2012, a abouti \u00e0 une liste de 1150 projets. La Roumanie ne se retrouve pas sur la liste des projets s\u00e9lectionn\u00e9s en vue dun financement europ\u00e9en. En \u00e9change, [&hellip;]<\/p>\n","protected":false},"author":2,"featured_media":414471,"comment_status":"closed","ping_status":"closed","sticky":false,"template":"","format":"standard","meta":{"_acf_changed":false,"footnotes":""},"categories":[95817],"tags":[96162,43338,96161,88392,88490],"coauthors":[],"class_list":["post-414470","post","type-post","status-publish","format-standard","has-post-thumbnail","hentry","category-planete-verte","tag-les-monts-apuseni","tag-life","tag-life-connect-carpathians","tag-loups","tag-lynx"],"acf":[],"yoast_head":"<!-- This site is optimized with the Yoast SEO plugin v27.3 - https:\/\/yoast.com\/product\/yoast-seo-wordpress\/ -->\n<title>Le projet LIFE + pour la biodiversit\u00e9 dans les Monts Apuseni - Radio Roumanie Internationale<\/title>\n<meta name=\"robots\" content=\"index, follow, max-snippet:-1, max-image-preview:large, max-video-preview:-1\" \/>\n<link rel=\"canonical\" href=\"https:\/\/www.rri.ro\/fr\/nos-emissions\/planete-verte\/le-projet-life-pour-la-biodiversite-dans-les-monts-apuseni-id414470.html\" \/>\n<meta property=\"og:locale\" content=\"fr_FR\" \/>\n<meta property=\"og:type\" content=\"article\" \/>\n<meta property=\"og:title\" content=\"Le projet LIFE + pour la biodiversit\u00e9 dans les Monts Apuseni - Radio Roumanie Internationale\" \/>\n<meta property=\"og:description\" content=\"Ce programme europ\u00e9en appuie financi\u00e8rement des projets de pr\u00e9servation de lenvironnement et de la biodiversit\u00e9 dans tous les Etats membres. Le dernier appel \u00e0 propositions, de septembre 2012, a abouti \u00e0 une liste de 1150 projets. La Roumanie ne se retrouve pas sur la liste des projets s\u00e9lectionn\u00e9s en vue dun financement europ\u00e9en. En \u00e9change, [&hellip;]\" \/>\n<meta property=\"og:url\" content=\"https:\/\/www.rri.ro\/fr\/nos-emissions\/planete-verte\/le-projet-life-pour-la-biodiversite-dans-les-monts-apuseni-id414470.html\" \/>\n<meta property=\"og:site_name\" content=\"Radio Roumanie Internationale\" \/>\n<meta property=\"article:published_time\" content=\"2013-09-02T09:39:00+00:00\" \/>\n<meta property=\"og:image\" content=\"https:\/\/www.rri.ro\/wp-content\/uploads\/2023\/10\/201103011413-apuseni6.jpg\" \/>\n\t<meta property=\"og:image:width\" content=\"950\" \/>\n\t<meta property=\"og:image:height\" content=\"713\" \/>\n\t<meta property=\"og:image:type\" content=\"image\/jpeg\" \/>\n<meta name=\"author\" content=\"Rom\u00e2nia Interna\u021bional\" \/>\n<meta name=\"twitter:card\" content=\"summary_large_image\" \/>\n<meta name=\"twitter:label1\" content=\"\u00c9crit par\" \/>\n\t<meta name=\"twitter:data1\" content=\"Rom\u00e2nia Interna\u021bional\" \/>\n\t<meta name=\"twitter:label2\" content=\"Dur\u00e9e de lecture estim\u00e9e\" \/>\n\t<meta name=\"twitter:data2\" content=\"2 minutes\" \/>\n\t<meta name=\"twitter:label3\" content=\"Written by\" \/>\n\t<meta name=\"twitter:data3\" content=\"Rom\u00e2nia Interna\u021bional\" \/>\n<script type=\"application\/ld+json\" class=\"yoast-schema-graph\">{\"@context\":\"https:\\\/\\\/schema.org\",\"@graph\":[{\"@type\":\"Article\",\"@id\":\"https:\\\/\\\/www.rri.ro\\\/fr\\\/nos-emissions\\\/planete-verte\\\/le-projet-life-pour-la-biodiversite-dans-les-monts-apuseni-id414470.html#article\",\"isPartOf\":{\"@id\":\"https:\\\/\\\/www.rri.ro\\\/fr\\\/nos-emissions\\\/planete-verte\\\/le-projet-life-pour-la-biodiversite-dans-les-monts-apuseni-id414470.html\"},\"author\":{\"name\":\"Rom\u00e2nia Interna\u021bional\",\"@id\":\"https:\\\/\\\/www.rri.ro\\\/#\\\/schema\\\/person\\\/18fac491bccbfe149b92aea77ad60abd\"},\"headline\":\"Le projet LIFE + pour la biodiversit\u00e9 dans les Monts Apuseni\",\"datePublished\":\"2013-09-02T09:39:00+00:00\",\"mainEntityOfPage\":{\"@id\":\"https:\\\/\\\/www.rri.ro\\\/fr\\\/nos-emissions\\\/planete-verte\\\/le-projet-life-pour-la-biodiversite-dans-les-monts-apuseni-id414470.html\"},\"wordCount\":363,\"image\":{\"@id\":\"https:\\\/\\\/www.rri.ro\\\/fr\\\/nos-emissions\\\/planete-verte\\\/le-projet-life-pour-la-biodiversite-dans-les-monts-apuseni-id414470.html#primaryimage\"},\"thumbnailUrl\":\"https:\\\/\\\/www.rri.ro\\\/wp-content\\\/uploads\\\/2023\\\/10\\\/201103011413-apuseni6.jpg\",\"keywords\":[\"les Monts Apuseni\",\"life\",\"Life Connect Carpathians\",\"loups\",\"lynx\"],\"articleSection\":[\"Plan\u00e8te verte\"],\"inLanguage\":\"fr-FR\"},{\"@type\":\"WebPage\",\"@id\":\"https:\\\/\\\/www.rri.ro\\\/fr\\\/nos-emissions\\\/planete-verte\\\/le-projet-life-pour-la-biodiversite-dans-les-monts-apuseni-id414470.html\",\"url\":\"https:\\\/\\\/www.rri.ro\\\/fr\\\/nos-emissions\\\/planete-verte\\\/le-projet-life-pour-la-biodiversite-dans-les-monts-apuseni-id414470.html\",\"name\":\"Le projet LIFE + pour la biodiversit\u00e9 dans les Monts Apuseni - Radio Roumanie Internationale\",\"isPartOf\":{\"@id\":\"https:\\\/\\\/www.rri.ro\\\/#website\"},\"primaryImageOfPage\":{\"@id\":\"https:\\\/\\\/www.rri.ro\\\/fr\\\/nos-emissions\\\/planete-verte\\\/le-projet-life-pour-la-biodiversite-dans-les-monts-apuseni-id414470.html#primaryimage\"},\"image\":{\"@id\":\"https:\\\/\\\/www.rri.ro\\\/fr\\\/nos-emissions\\\/planete-verte\\\/le-projet-life-pour-la-biodiversite-dans-les-monts-apuseni-id414470.html#primaryimage\"},\"thumbnailUrl\":\"https:\\\/\\\/www.rri.ro\\\/wp-content\\\/uploads\\\/2023\\\/10\\\/201103011413-apuseni6.jpg\",\"datePublished\":\"2013-09-02T09:39:00+00:00\",\"author\":{\"@id\":\"https:\\\/\\\/www.rri.ro\\\/#\\\/schema\\\/person\\\/18fac491bccbfe149b92aea77ad60abd\"},\"breadcrumb\":{\"@id\":\"https:\\\/\\\/www.rri.ro\\\/fr\\\/nos-emissions\\\/planete-verte\\\/le-projet-life-pour-la-biodiversite-dans-les-monts-apuseni-id414470.html#breadcrumb\"},\"inLanguage\":\"fr-FR\",\"potentialAction\":[{\"@type\":\"ReadAction\",\"target\":[\"https:\\\/\\\/www.rri.ro\\\/fr\\\/nos-emissions\\\/planete-verte\\\/le-projet-life-pour-la-biodiversite-dans-les-monts-apuseni-id414470.html\"]}]},{\"@type\":\"ImageObject\",\"inLanguage\":\"fr-FR\",\"@id\":\"https:\\\/\\\/www.rri.ro\\\/fr\\\/nos-emissions\\\/planete-verte\\\/le-projet-life-pour-la-biodiversite-dans-les-monts-apuseni-id414470.html#primaryimage\",\"url\":\"https:\\\/\\\/www.rri.ro\\\/wp-content\\\/uploads\\\/2023\\\/10\\\/201103011413-apuseni6.jpg\",\"contentUrl\":\"https:\\\/\\\/www.rri.ro\\\/wp-content\\\/uploads\\\/2023\\\/10\\\/201103011413-apuseni6.jpg\",\"width\":950,\"height\":713},{\"@type\":\"BreadcrumbList\",\"@id\":\"https:\\\/\\\/www.rri.ro\\\/fr\\\/nos-emissions\\\/planete-verte\\\/le-projet-life-pour-la-biodiversite-dans-les-monts-apuseni-id414470.html#breadcrumb\",\"itemListElement\":[{\"@type\":\"ListItem\",\"position\":1,\"name\":\"Page d'accueil\",\"item\":\"https:\\\/\\\/www.rri.ro\\\/fr\"},{\"@type\":\"ListItem\",\"position\":2,\"name\":\"Nos \u00e9missions\",\"item\":\"https:\\\/\\\/www.rri.ro\\\/fr\\\/nos-emissions\"},{\"@type\":\"ListItem\",\"position\":3,\"name\":\"Plan\u00e8te verte\",\"item\":\"https:\\\/\\\/www.rri.ro\\\/fr\\\/nos-emissions\\\/planete-verte\"},{\"@type\":\"ListItem\",\"position\":4,\"name\":\"Le projet LIFE + pour la biodiversit\u00e9 dans les Monts Apuseni\"}]},{\"@type\":\"WebSite\",\"@id\":\"https:\\\/\\\/www.rri.ro\\\/#website\",\"url\":\"https:\\\/\\\/www.rri.ro\\\/\",\"name\":\"Radio Roumanie Internationale\",\"description\":\"Totul despre Rom\u00e2nia \u015fi rom\u00e2ni, \u00een 13 limbi\\\/dialecte!\",\"inLanguage\":\"fr-FR\"},{\"@type\":\"Person\",\"@id\":\"https:\\\/\\\/www.rri.ro\\\/#\\\/schema\\\/person\\\/18fac491bccbfe149b92aea77ad60abd\",\"name\":\"Rom\u00e2nia Interna\u021bional\",\"url\":\"https:\\\/\\\/www.rri.ro\\\/fr\\\/author\\\/redactia\"}]}<\/script>\n<!-- \/ Yoast SEO plugin. -->","yoast_head_json":{"title":"Le projet LIFE + pour la biodiversit\u00e9 dans les Monts Apuseni - Radio Roumanie Internationale","robots":{"index":"index","follow":"follow","max-snippet":"max-snippet:-1","max-image-preview":"max-image-preview:large","max-video-preview":"max-video-preview:-1"},"canonical":"https:\/\/www.rri.ro\/fr\/nos-emissions\/planete-verte\/le-projet-life-pour-la-biodiversite-dans-les-monts-apuseni-id414470.html","og_locale":"fr_FR","og_type":"article","og_title":"Le projet LIFE + pour la biodiversit\u00e9 dans les Monts Apuseni - Radio Roumanie Internationale","og_description":"Ce programme europ\u00e9en appuie financi\u00e8rement des projets de pr\u00e9servation de lenvironnement et de la biodiversit\u00e9 dans tous les Etats membres. Le dernier appel \u00e0 propositions, de septembre 2012, a abouti \u00e0 une liste de 1150 projets. La Roumanie ne se retrouve pas sur la liste des projets s\u00e9lectionn\u00e9s en vue dun financement europ\u00e9en. En \u00e9change, [&hellip;]","og_url":"https:\/\/www.rri.ro\/fr\/nos-emissions\/planete-verte\/le-projet-life-pour-la-biodiversite-dans-les-monts-apuseni-id414470.html","og_site_name":"Radio Roumanie Internationale","article_published_time":"2013-09-02T09:39:00+00:00","og_image":[{"width":950,"height":713,"url":"https:\/\/www.rri.ro\/wp-content\/uploads\/2023\/10\/201103011413-apuseni6.jpg","type":"image\/jpeg"}],"author":"Rom\u00e2nia Interna\u021bional","twitter_card":"summary_large_image","twitter_misc":{"\u00c9crit par":"Rom\u00e2nia Interna\u021bional","Dur\u00e9e de lecture estim\u00e9e":"2 minutes","Written by":"Rom\u00e2nia Interna\u021bional"},"schema":{"@context":"https:\/\/schema.org","@graph":[{"@type":"Article","@id":"https:\/\/www.rri.ro\/fr\/nos-emissions\/planete-verte\/le-projet-life-pour-la-biodiversite-dans-les-monts-apuseni-id414470.html#article","isPartOf":{"@id":"https:\/\/www.rri.ro\/fr\/nos-emissions\/planete-verte\/le-projet-life-pour-la-biodiversite-dans-les-monts-apuseni-id414470.html"},"author":{"name":"Rom\u00e2nia Interna\u021bional","@id":"https:\/\/www.rri.ro\/#\/schema\/person\/18fac491bccbfe149b92aea77ad60abd"},"headline":"Le projet LIFE + pour la biodiversit\u00e9 dans les Monts Apuseni","datePublished":"2013-09-02T09:39:00+00:00","mainEntityOfPage":{"@id":"https:\/\/www.rri.ro\/fr\/nos-emissions\/planete-verte\/le-projet-life-pour-la-biodiversite-dans-les-monts-apuseni-id414470.html"},"wordCount":363,"image":{"@id":"https:\/\/www.rri.ro\/fr\/nos-emissions\/planete-verte\/le-projet-life-pour-la-biodiversite-dans-les-monts-apuseni-id414470.html#primaryimage"},"thumbnailUrl":"https:\/\/www.rri.ro\/wp-content\/uploads\/2023\/10\/201103011413-apuseni6.jpg","keywords":["les Monts Apuseni","life","Life Connect Carpathians","loups","lynx"],"articleSection":["Plan\u00e8te verte"],"inLanguage":"fr-FR"},{"@type":"WebPage","@id":"https:\/\/www.rri.ro\/fr\/nos-emissions\/planete-verte\/le-projet-life-pour-la-biodiversite-dans-les-monts-apuseni-id414470.html","url":"https:\/\/www.rri.ro\/fr\/nos-emissions\/planete-verte\/le-projet-life-pour-la-biodiversite-dans-les-monts-apuseni-id414470.html","name":"Le projet LIFE + pour la biodiversit\u00e9 dans les Monts Apuseni - Radio Roumanie Internationale","isPartOf":{"@id":"https:\/\/www.rri.ro\/#website"},"primaryImageOfPage":{"@id":"https:\/\/www.rri.ro\/fr\/nos-emissions\/planete-verte\/le-projet-life-pour-la-biodiversite-dans-les-monts-apuseni-id414470.html#primaryimage"},"image":{"@id":"https:\/\/www.rri.ro\/fr\/nos-emissions\/planete-verte\/le-projet-life-pour-la-biodiversite-dans-les-monts-apuseni-id414470.html#primaryimage"},"thumbnailUrl":"https:\/\/www.rri.ro\/wp-content\/uploads\/2023\/10\/201103011413-apuseni6.jpg","datePublished":"2013-09-02T09:39:00+00:00","author":{"@id":"https:\/\/www.rri.ro\/#\/schema\/person\/18fac491bccbfe149b92aea77ad60abd"},"breadcrumb":{"@id":"https:\/\/www.rri.ro\/fr\/nos-emissions\/planete-verte\/le-projet-life-pour-la-biodiversite-dans-les-monts-apuseni-id414470.html#breadcrumb"},"inLanguage":"fr-FR","potentialAction":[{"@type":"ReadAction","target":["https:\/\/www.rri.ro\/fr\/nos-emissions\/planete-verte\/le-projet-life-pour-la-biodiversite-dans-les-monts-apuseni-id414470.html"]}]},{"@type":"ImageObject","inLanguage":"fr-FR","@id":"https:\/\/www.rri.ro\/fr\/nos-emissions\/planete-verte\/le-projet-life-pour-la-biodiversite-dans-les-monts-apuseni-id414470.html#primaryimage","url":"https:\/\/www.rri.ro\/wp-content\/uploads\/2023\/10\/201103011413-apuseni6.jpg","contentUrl":"https:\/\/www.rri.ro\/wp-content\/uploads\/2023\/10\/201103011413-apuseni6.jpg","width":950,"height":713},{"@type":"BreadcrumbList","@id":"https:\/\/www.rri.ro\/fr\/nos-emissions\/planete-verte\/le-projet-life-pour-la-biodiversite-dans-les-monts-apuseni-id414470.html#breadcrumb","itemListElement":[{"@type":"ListItem","position":1,"name":"Page d'accueil","item":"https:\/\/www.rri.ro\/fr"},{"@type":"ListItem","position":2,"name":"Nos \u00e9missions","item":"https:\/\/www.rri.ro\/fr\/nos-emissions"},{"@type":"ListItem","position":3,"name":"Plan\u00e8te verte","item":"https:\/\/www.rri.ro\/fr\/nos-emissions\/planete-verte"},{"@type":"ListItem","position":4,"name":"Le projet LIFE + pour la biodiversit\u00e9 dans les Monts Apuseni"}]},{"@type":"WebSite","@id":"https:\/\/www.rri.ro\/#website","url":"https:\/\/www.rri.ro\/","name":"Radio Roumanie Internationale","description":"Totul despre Rom\u00e2nia \u015fi rom\u00e2ni, \u00een 13 limbi\/dialecte!","inLanguage":"fr-FR"},{"@type":"Person","@id":"https:\/\/www.rri.ro\/#\/schema\/person\/18fac491bccbfe149b92aea77ad60abd","name":"Rom\u00e2nia Interna\u021bional","url":"https:\/\/www.rri.ro\/fr\/author\/redactia"}]}},"_links":{"self":[{"href":"https:\/\/www.rri.ro\/fr\/wp-json\/wp\/v2\/posts\/414470","targetHints":{"allow":["GET"]}}],"collection":[{"href":"https:\/\/www.rri.ro\/fr\/wp-json\/wp\/v2\/posts"}],"about":[{"href":"https:\/\/www.rri.ro\/fr\/wp-json\/wp\/v2\/types\/post"}],"author":[{"embeddable":true,"href":"https:\/\/www.rri.ro\/fr\/wp-json\/wp\/v2\/users\/2"}],"replies":[{"embeddable":true,"href":"https:\/\/www.rri.ro\/fr\/wp-json\/wp\/v2\/comments?post=414470"}],"version-history":[{"count":0,"href":"https:\/\/www.rri.ro\/fr\/wp-json\/wp\/v2\/posts\/414470\/revisions"}],"wp:featuredmedia":[{"embeddable":true,"href":"https:\/\/www.rri.ro\/fr\/wp-json\/wp\/v2\/media\/414471"}],"wp:attachment":[{"href":"https:\/\/www.rri.ro\/fr\/wp-json\/wp\/v2\/media?parent=414470"}],"wp:term":[{"taxonomy":"category","embeddable":true,"href":"https:\/\/www.rri.ro\/fr\/wp-json\/wp\/v2\/categories?post=414470"},{"taxonomy":"post_tag","embeddable":true,"href":"https:\/\/www.rri.ro\/fr\/wp-json\/wp\/v2\/tags?post=414470"},{"taxonomy":"author","embeddable":true,"href":"https:\/\/www.rri.ro\/fr\/wp-json\/wp\/v2\/coauthors?post=414470"}],"curies":[{"name":"wp","href":"https:\/\/api.w.org\/{rel}","templated":true}]}}