{"id":415607,"date":"2020-12-14T21:21:00","date_gmt":"2020-12-14T19:21:00","guid":{"rendered":"http:\/\/devrri.freshlemon.ro\/le-roumain-mot-a-mot\/consulter-les-lecons\/le-lynx-de-roumanie-id415607.html"},"modified":"2020-12-14T21:21:00","modified_gmt":"2020-12-14T19:21:00","slug":"le-lynx-de-roumanie","status":"publish","type":"post","link":"https:\/\/www.rri.ro\/fr\/nos-emissions\/planete-verte\/le-lynx-de-roumanie-id415607.html","title":{"rendered":"Le lynx de Roumanie"},"content":{"rendered":"<\/p>\n<p>Animal extr\u00eamement&#13;<br \/>\ndiscret et solitaire, qui \u00e9vite le contact avec les humains, le lynx est le&#13;<br \/>\ntroisi\u00e8me plus grand pr\u00e9dateur d&rsquo;Europe, apr\u00e8s l&rsquo;ours et le loup. Sa vue et son&#13;<br \/>\nou\u00efe sont fines, lui permettant de d\u00e9tecter une petite proie, \u00e0 plusieurs&#13;<br \/>\ndizaines de m\u00e8tres de distance. <\/p>\n<p><\/p>\n<p>En Europe, il existe environ 10.000 exemplaires&#13;<br \/>\nde lynx, dont plus de 1.200 en Roumanie. Mihai Pop, de l&rsquo;Association pour la conservation de la biodiversit\u00e9,&#13;<br \/>\nconsid\u00e8re que le lynx est bien repr\u00e9sent\u00e9 en Roumanie, pr\u00e9cise: <em class=cms-italic>\u00ab Les&#13;<br \/>\nderni\u00e8res estimations sur la distribution du lynx sur le territoire de la&#13;<br \/>\nRoumanie montrent qu&rsquo;il est pr\u00e9sent dans les Carpates, dans les r\u00e9gions de&#13;<br \/>\ncollines, sur le plateau de T\u00e2rnave, dans les Sous-Carpates de Moldavie et de&#13;<br \/>\nCourbure, sur une superficie de 9 \u00e0 10 millions d&rsquo;hectares, une zone qu&rsquo;il n&rsquo;a&#13;<br \/>\nprobablement pas occup\u00e9e dans son int\u00e9gralit\u00e9 dans l&rsquo;histoire. Nous pensons&#13;<br \/>\ndonc qu&rsquo;\u00e0 l&rsquo;heure actuelle, il pourrait \u00eatre juste au sommet de son expansion&#13;<br \/>\nen Roumanie, parce que ces r\u00e9gions-l\u00e0 sont naturellement favorables au lynx.&#13;<br \/>\n\u00bb<\/em><\/p>\n<p><em class=cms-italic><br \/><\/em><\/p>\n<p>&#13;<br \/>\n&#13;<\/p>\n<p>\u00c0 l&rsquo;\u00e2ge adulte, le lynx, p\u00e8se entre 18 et 30 kg. Animal&#13;<br \/>\nsolitaire, il vit et chasse sur un certain territoire. <em class=cms-italic>\u00ab Le&#13;<br \/>\nlynx est un f\u00e9lin typique, ce qui veut dire que chaque individu a tendance \u00e0 occuper&#13;<br \/>\net \u00e0 marquer son territoire. En g\u00e9n\u00e9ral, les territoires des m\u00e2les se chevauchent&#13;<br \/>\navec les territoires d&rsquo;une ou deux femelles et les m\u00e2les ont g\u00e9n\u00e9ralement&#13;<br \/>\ntendance \u00e0 \u00eatre plus d\u00e9fensifs dans la protection du territoire contre d&rsquo;autres&#13;<br \/>\nlynx, en particulier d&rsquo;autres m\u00e2les. Les femelles ont tendance \u00e0 occuper un&#13;<br \/>\nterritoire l\u00e9g\u00e8rement plus petit et les descendants femelles restent pr\u00e8s de leur&#13;<br \/>\nm\u00e8re, s&rsquo;il y a de l&rsquo;espace disponible, et au bout d&rsquo;un an ou de deux ans, elles&#13;<br \/>\n\u00e9tablissent leur propre territoire de chasse. Les m\u00e2les se d\u00e9placent davantage,&#13;<br \/>\nsurtout les jeunes, pour identifier une zone libre o\u00f9 ils puissent vivre. Ce&#13;<br \/>\nsont g\u00e9n\u00e9ralement des animaux nocturnes, mais selon le contexte, selon la disponibilit\u00e9&#13;<br \/>\nde la nourriture, ils peuvent \u00e9galement \u00eatre observ\u00e9s pendant la journ\u00e9e.&#13;<br \/>\nPratiquement, ils peuvent \u00eatre vus sur les cam\u00e9ras install\u00e9es dans la nature,&#13;<br \/>\nune technologie qui permet une observation plus pr\u00e9cise de l&rsquo;animal. Entre 30 et&#13;<br \/>\n40% des images sont capt\u00e9es pendant la journ\u00e9e. \u00bb<\/em>, explique Mihai Pop. <\/p>\n<p><\/p>\n<p>&#13;<br \/>\n&#13;<\/p>\n<p>Les b\u00e9b\u00e9s lynx naissent en mai-juin et ils sont&#13;<br \/>\naveugles durant les deux premi\u00e8res semaines de vie. Les femelles ont&#13;<br \/>\ng\u00e9n\u00e9ralement deux petits, qui restent avec leur m\u00e8re une ann\u00e9e. L&rsquo;habitat du&#13;<br \/>\nlynx est menac\u00e9 par l&rsquo;exploitation foresti\u00e8re et par les touristes ou par les&#13;<br \/>\ncueilleurs de champignons et de fruits des bois, une invasion per\u00e7ue par le&#13;<br \/>\nlynx comme une menace, ajoute Mihai Pop, de l&rsquo;Association pour la Conservation de la Biodiversit\u00e9. <em class=cms-italic>\u00ab Les niveaux de stress augmentent un peu. Cela signifie que&#13;<br \/>\nl&rsquo;animal commence \u00e0 se d\u00e9placer beaucoup plus \u00e0 l&rsquo;int\u00e9rieur de son territoire.&#13;<br \/>\nCela implique une consommation d&rsquo;\u00e9nergie plus \u00e9lev\u00e9e et une augmentation des&#13;<br \/>\nbesoins alimentaires. En m\u00eame temps, en particulier dans les zones&#13;<br \/>\ntouristiques, il existe le risque que la femelle abandonne son territoire ou m\u00eame&#13;<br \/>\nun ou deux b\u00e9b\u00e9s, qui sont tr\u00e8s rapidement tu\u00e9s par d&rsquo;autres esp\u00e8ces comme le&#13;<br \/>\nrenard, le loup ou d&rsquo;autres esp\u00e8ces carnivores ou omnivores. Cela fait baisser en&#13;<br \/>\nquelque sorte la population de lynx. Un probl\u00e8me important vient du fait que ce&#13;<br \/>\ngrand f\u00e9lin d\u00e9pend de la population de chevreuils. Tant qu&rsquo;il y aura une&#13;<br \/>\npopulation de chevreuils stable et en bonne sant\u00e9, le lynx survivra dans une&#13;<br \/>\ncertaine r\u00e9gion. \u00bb<\/em>, dit-il.<\/p>\n<p><\/p>\n<p>&#13;<br \/>\n&#13;<\/p>\n<p>Le&#13;<br \/>\nbraconnage et les chiens errants peuvent \u00e9galement r\u00e9duire les sources de&#13;<br \/>\nnourriture du lynx, qui est ainsi oblig\u00e9 \u00e0 augmenter son territoire, une&#13;<br \/>\nmission difficile \u00e0 cause des rivaux et parfois m\u00eame impossible en raison de la&#13;<br \/>\nfragmentation des habitats. (Trad. : Felicia Mitra\u015fca)<\/p>\n<p><\/p>\n","protected":false},"excerpt":{"rendered":"<p>Animal extr\u00eamement&#13; discret et solitaire, qui \u00e9vite le contact avec les humains, le lynx est le&#13; troisi\u00e8me plus grand pr\u00e9dateur d&rsquo;Europe, apr\u00e8s l&rsquo;ours et le loup. Sa vue et son&#13; ou\u00efe sont fines, lui permettant de d\u00e9tecter une petite proie, \u00e0 plusieurs&#13; dizaines de m\u00e8tres de distance. En Europe, il existe environ 10.000 exemplaires&#13; de [&hellip;]<\/p>\n","protected":false},"author":125,"featured_media":415608,"comment_status":"closed","ping_status":"closed","sticky":false,"template":"","format":"standard","meta":{"_acf_changed":false,"footnotes":""},"categories":[95817],"tags":[88490,85412],"coauthors":[],"class_list":["post-415607","post","type-post","status-publish","format-standard","has-post-thumbnail","hentry","category-planete-verte","tag-lynx","tag-roumanie"],"acf":[],"yoast_head":"<!-- This site is optimized with the Yoast SEO plugin v27.3 - https:\/\/yoast.com\/product\/yoast-seo-wordpress\/ -->\n<title>Le lynx de Roumanie - Radio Roumanie Internationale<\/title>\n<meta name=\"robots\" content=\"index, follow, max-snippet:-1, max-image-preview:large, max-video-preview:-1\" \/>\n<link rel=\"canonical\" href=\"https:\/\/www.rri.ro\/fr\/nos-emissions\/planete-verte\/le-lynx-de-roumanie-id415607.html\" \/>\n<meta property=\"og:locale\" content=\"fr_FR\" \/>\n<meta property=\"og:type\" content=\"article\" \/>\n<meta property=\"og:title\" content=\"Le lynx de Roumanie - Radio Roumanie Internationale\" \/>\n<meta property=\"og:description\" content=\"Animal extr\u00eamement&#013; discret et solitaire, qui \u00e9vite le contact avec les humains, le lynx est le&#013; troisi\u00e8me plus grand pr\u00e9dateur d&rsquo;Europe, apr\u00e8s l&rsquo;ours et le loup. Sa vue et son&#013; ou\u00efe sont fines, lui permettant de d\u00e9tecter une petite proie, \u00e0 plusieurs&#013; dizaines de m\u00e8tres de distance. En Europe, il existe environ 10.000 exemplaires&#013; de [&hellip;]\" \/>\n<meta property=\"og:url\" content=\"https:\/\/www.rri.ro\/fr\/nos-emissions\/planete-verte\/le-lynx-de-roumanie-id415607.html\" \/>\n<meta property=\"og:site_name\" content=\"Radio Roumanie Internationale\" \/>\n<meta property=\"article:published_time\" content=\"2020-12-14T19:21:00+00:00\" \/>\n<meta property=\"og:image\" content=\"https:\/\/www.rri.ro\/wp-content\/uploads\/2023\/10\/ras-lynx-02-sursa-pixabay-com.jpg\" \/>\n\t<meta property=\"og:image:width\" content=\"640\" \/>\n\t<meta property=\"og:image:height\" content=\"429\" \/>\n\t<meta property=\"og:image:type\" content=\"image\/jpeg\" \/>\n<meta name=\"author\" content=\"\u0218tefan Baciu\" \/>\n<meta name=\"twitter:card\" content=\"summary_large_image\" \/>\n<meta name=\"twitter:label1\" content=\"\u00c9crit par\" \/>\n\t<meta name=\"twitter:data1\" content=\"\u0218tefan Baciu\" \/>\n\t<meta name=\"twitter:label2\" content=\"Dur\u00e9e de lecture estim\u00e9e\" \/>\n\t<meta name=\"twitter:data2\" content=\"3 minutes\" \/>\n\t<meta name=\"twitter:label3\" content=\"Written by\" \/>\n\t<meta name=\"twitter:data3\" content=\"\u0218tefan Baciu\" \/>\n<script type=\"application\/ld+json\" class=\"yoast-schema-graph\">{\"@context\":\"https:\\\/\\\/schema.org\",\"@graph\":[{\"@type\":\"Article\",\"@id\":\"https:\\\/\\\/www.rri.ro\\\/fr\\\/nos-emissions\\\/planete-verte\\\/le-lynx-de-roumanie-id415607.html#article\",\"isPartOf\":{\"@id\":\"https:\\\/\\\/www.rri.ro\\\/fr\\\/nos-emissions\\\/planete-verte\\\/le-lynx-de-roumanie-id415607.html\"},\"author\":{\"name\":\"\u0218tefan Baciu\",\"@id\":\"https:\\\/\\\/www.rri.ro\\\/#\\\/schema\\\/person\\\/fbb3638d6b8cdc5f110e10b1e6f1b7b5\"},\"headline\":\"Le lynx de Roumanie\",\"datePublished\":\"2020-12-14T19:21:00+00:00\",\"mainEntityOfPage\":{\"@id\":\"https:\\\/\\\/www.rri.ro\\\/fr\\\/nos-emissions\\\/planete-verte\\\/le-lynx-de-roumanie-id415607.html\"},\"wordCount\":690,\"image\":{\"@id\":\"https:\\\/\\\/www.rri.ro\\\/fr\\\/nos-emissions\\\/planete-verte\\\/le-lynx-de-roumanie-id415607.html#primaryimage\"},\"thumbnailUrl\":\"https:\\\/\\\/www.rri.ro\\\/wp-content\\\/uploads\\\/2023\\\/10\\\/ras-lynx-02-sursa-pixabay-com.jpg\",\"keywords\":[\"lynx\",\"Roumanie\"],\"articleSection\":[\"Plan\u00e8te verte\"],\"inLanguage\":\"fr-FR\"},{\"@type\":\"WebPage\",\"@id\":\"https:\\\/\\\/www.rri.ro\\\/fr\\\/nos-emissions\\\/planete-verte\\\/le-lynx-de-roumanie-id415607.html\",\"url\":\"https:\\\/\\\/www.rri.ro\\\/fr\\\/nos-emissions\\\/planete-verte\\\/le-lynx-de-roumanie-id415607.html\",\"name\":\"Le lynx de Roumanie - Radio Roumanie Internationale\",\"isPartOf\":{\"@id\":\"https:\\\/\\\/www.rri.ro\\\/#website\"},\"primaryImageOfPage\":{\"@id\":\"https:\\\/\\\/www.rri.ro\\\/fr\\\/nos-emissions\\\/planete-verte\\\/le-lynx-de-roumanie-id415607.html#primaryimage\"},\"image\":{\"@id\":\"https:\\\/\\\/www.rri.ro\\\/fr\\\/nos-emissions\\\/planete-verte\\\/le-lynx-de-roumanie-id415607.html#primaryimage\"},\"thumbnailUrl\":\"https:\\\/\\\/www.rri.ro\\\/wp-content\\\/uploads\\\/2023\\\/10\\\/ras-lynx-02-sursa-pixabay-com.jpg\",\"datePublished\":\"2020-12-14T19:21:00+00:00\",\"author\":{\"@id\":\"https:\\\/\\\/www.rri.ro\\\/#\\\/schema\\\/person\\\/fbb3638d6b8cdc5f110e10b1e6f1b7b5\"},\"breadcrumb\":{\"@id\":\"https:\\\/\\\/www.rri.ro\\\/fr\\\/nos-emissions\\\/planete-verte\\\/le-lynx-de-roumanie-id415607.html#breadcrumb\"},\"inLanguage\":\"fr-FR\",\"potentialAction\":[{\"@type\":\"ReadAction\",\"target\":[\"https:\\\/\\\/www.rri.ro\\\/fr\\\/nos-emissions\\\/planete-verte\\\/le-lynx-de-roumanie-id415607.html\"]}]},{\"@type\":\"ImageObject\",\"inLanguage\":\"fr-FR\",\"@id\":\"https:\\\/\\\/www.rri.ro\\\/fr\\\/nos-emissions\\\/planete-verte\\\/le-lynx-de-roumanie-id415607.html#primaryimage\",\"url\":\"https:\\\/\\\/www.rri.ro\\\/wp-content\\\/uploads\\\/2023\\\/10\\\/ras-lynx-02-sursa-pixabay-com.jpg\",\"contentUrl\":\"https:\\\/\\\/www.rri.ro\\\/wp-content\\\/uploads\\\/2023\\\/10\\\/ras-lynx-02-sursa-pixabay-com.jpg\",\"width\":640,\"height\":429},{\"@type\":\"BreadcrumbList\",\"@id\":\"https:\\\/\\\/www.rri.ro\\\/fr\\\/nos-emissions\\\/planete-verte\\\/le-lynx-de-roumanie-id415607.html#breadcrumb\",\"itemListElement\":[{\"@type\":\"ListItem\",\"position\":1,\"name\":\"Page d'accueil\",\"item\":\"https:\\\/\\\/www.rri.ro\\\/fr\"},{\"@type\":\"ListItem\",\"position\":2,\"name\":\"Nos \u00e9missions\",\"item\":\"https:\\\/\\\/www.rri.ro\\\/fr\\\/nos-emissions\"},{\"@type\":\"ListItem\",\"position\":3,\"name\":\"Plan\u00e8te verte\",\"item\":\"https:\\\/\\\/www.rri.ro\\\/fr\\\/nos-emissions\\\/planete-verte\"},{\"@type\":\"ListItem\",\"position\":4,\"name\":\"Le lynx de Roumanie\"}]},{\"@type\":\"WebSite\",\"@id\":\"https:\\\/\\\/www.rri.ro\\\/#website\",\"url\":\"https:\\\/\\\/www.rri.ro\\\/\",\"name\":\"Radio Roumanie Internationale\",\"description\":\"Totul despre Rom\u00e2nia \u015fi rom\u00e2ni, \u00een 13 limbi\\\/dialecte!\",\"inLanguage\":\"fr-FR\"},{\"@type\":\"Person\",\"@id\":\"https:\\\/\\\/www.rri.ro\\\/#\\\/schema\\\/person\\\/fbb3638d6b8cdc5f110e10b1e6f1b7b5\",\"name\":\"\u0218tefan Baciu\",\"url\":\"https:\\\/\\\/www.rri.ro\\\/fr\\\/author\\\/stefan-baciu\"}]}<\/script>\n<!-- \/ Yoast SEO plugin. -->","yoast_head_json":{"title":"Le lynx de Roumanie - Radio Roumanie Internationale","robots":{"index":"index","follow":"follow","max-snippet":"max-snippet:-1","max-image-preview":"max-image-preview:large","max-video-preview":"max-video-preview:-1"},"canonical":"https:\/\/www.rri.ro\/fr\/nos-emissions\/planete-verte\/le-lynx-de-roumanie-id415607.html","og_locale":"fr_FR","og_type":"article","og_title":"Le lynx de Roumanie - Radio Roumanie Internationale","og_description":"Animal extr\u00eamement&#13; discret et solitaire, qui \u00e9vite le contact avec les humains, le lynx est le&#13; troisi\u00e8me plus grand pr\u00e9dateur d&rsquo;Europe, apr\u00e8s l&rsquo;ours et le loup. Sa vue et son&#13; ou\u00efe sont fines, lui permettant de d\u00e9tecter une petite proie, \u00e0 plusieurs&#13; dizaines de m\u00e8tres de distance. En Europe, il existe environ 10.000 exemplaires&#13; de [&hellip;]","og_url":"https:\/\/www.rri.ro\/fr\/nos-emissions\/planete-verte\/le-lynx-de-roumanie-id415607.html","og_site_name":"Radio Roumanie Internationale","article_published_time":"2020-12-14T19:21:00+00:00","og_image":[{"width":640,"height":429,"url":"https:\/\/www.rri.ro\/wp-content\/uploads\/2023\/10\/ras-lynx-02-sursa-pixabay-com.jpg","type":"image\/jpeg"}],"author":"\u0218tefan Baciu","twitter_card":"summary_large_image","twitter_misc":{"\u00c9crit par":"\u0218tefan Baciu","Dur\u00e9e de lecture estim\u00e9e":"3 minutes","Written by":"\u0218tefan Baciu"},"schema":{"@context":"https:\/\/schema.org","@graph":[{"@type":"Article","@id":"https:\/\/www.rri.ro\/fr\/nos-emissions\/planete-verte\/le-lynx-de-roumanie-id415607.html#article","isPartOf":{"@id":"https:\/\/www.rri.ro\/fr\/nos-emissions\/planete-verte\/le-lynx-de-roumanie-id415607.html"},"author":{"name":"\u0218tefan Baciu","@id":"https:\/\/www.rri.ro\/#\/schema\/person\/fbb3638d6b8cdc5f110e10b1e6f1b7b5"},"headline":"Le lynx de Roumanie","datePublished":"2020-12-14T19:21:00+00:00","mainEntityOfPage":{"@id":"https:\/\/www.rri.ro\/fr\/nos-emissions\/planete-verte\/le-lynx-de-roumanie-id415607.html"},"wordCount":690,"image":{"@id":"https:\/\/www.rri.ro\/fr\/nos-emissions\/planete-verte\/le-lynx-de-roumanie-id415607.html#primaryimage"},"thumbnailUrl":"https:\/\/www.rri.ro\/wp-content\/uploads\/2023\/10\/ras-lynx-02-sursa-pixabay-com.jpg","keywords":["lynx","Roumanie"],"articleSection":["Plan\u00e8te verte"],"inLanguage":"fr-FR"},{"@type":"WebPage","@id":"https:\/\/www.rri.ro\/fr\/nos-emissions\/planete-verte\/le-lynx-de-roumanie-id415607.html","url":"https:\/\/www.rri.ro\/fr\/nos-emissions\/planete-verte\/le-lynx-de-roumanie-id415607.html","name":"Le lynx de Roumanie - Radio Roumanie Internationale","isPartOf":{"@id":"https:\/\/www.rri.ro\/#website"},"primaryImageOfPage":{"@id":"https:\/\/www.rri.ro\/fr\/nos-emissions\/planete-verte\/le-lynx-de-roumanie-id415607.html#primaryimage"},"image":{"@id":"https:\/\/www.rri.ro\/fr\/nos-emissions\/planete-verte\/le-lynx-de-roumanie-id415607.html#primaryimage"},"thumbnailUrl":"https:\/\/www.rri.ro\/wp-content\/uploads\/2023\/10\/ras-lynx-02-sursa-pixabay-com.jpg","datePublished":"2020-12-14T19:21:00+00:00","author":{"@id":"https:\/\/www.rri.ro\/#\/schema\/person\/fbb3638d6b8cdc5f110e10b1e6f1b7b5"},"breadcrumb":{"@id":"https:\/\/www.rri.ro\/fr\/nos-emissions\/planete-verte\/le-lynx-de-roumanie-id415607.html#breadcrumb"},"inLanguage":"fr-FR","potentialAction":[{"@type":"ReadAction","target":["https:\/\/www.rri.ro\/fr\/nos-emissions\/planete-verte\/le-lynx-de-roumanie-id415607.html"]}]},{"@type":"ImageObject","inLanguage":"fr-FR","@id":"https:\/\/www.rri.ro\/fr\/nos-emissions\/planete-verte\/le-lynx-de-roumanie-id415607.html#primaryimage","url":"https:\/\/www.rri.ro\/wp-content\/uploads\/2023\/10\/ras-lynx-02-sursa-pixabay-com.jpg","contentUrl":"https:\/\/www.rri.ro\/wp-content\/uploads\/2023\/10\/ras-lynx-02-sursa-pixabay-com.jpg","width":640,"height":429},{"@type":"BreadcrumbList","@id":"https:\/\/www.rri.ro\/fr\/nos-emissions\/planete-verte\/le-lynx-de-roumanie-id415607.html#breadcrumb","itemListElement":[{"@type":"ListItem","position":1,"name":"Page d'accueil","item":"https:\/\/www.rri.ro\/fr"},{"@type":"ListItem","position":2,"name":"Nos \u00e9missions","item":"https:\/\/www.rri.ro\/fr\/nos-emissions"},{"@type":"ListItem","position":3,"name":"Plan\u00e8te verte","item":"https:\/\/www.rri.ro\/fr\/nos-emissions\/planete-verte"},{"@type":"ListItem","position":4,"name":"Le lynx de Roumanie"}]},{"@type":"WebSite","@id":"https:\/\/www.rri.ro\/#website","url":"https:\/\/www.rri.ro\/","name":"Radio Roumanie Internationale","description":"Totul despre Rom\u00e2nia \u015fi rom\u00e2ni, \u00een 13 limbi\/dialecte!","inLanguage":"fr-FR"},{"@type":"Person","@id":"https:\/\/www.rri.ro\/#\/schema\/person\/fbb3638d6b8cdc5f110e10b1e6f1b7b5","name":"\u0218tefan Baciu","url":"https:\/\/www.rri.ro\/fr\/author\/stefan-baciu"}]}},"_links":{"self":[{"href":"https:\/\/www.rri.ro\/fr\/wp-json\/wp\/v2\/posts\/415607","targetHints":{"allow":["GET"]}}],"collection":[{"href":"https:\/\/www.rri.ro\/fr\/wp-json\/wp\/v2\/posts"}],"about":[{"href":"https:\/\/www.rri.ro\/fr\/wp-json\/wp\/v2\/types\/post"}],"author":[{"embeddable":true,"href":"https:\/\/www.rri.ro\/fr\/wp-json\/wp\/v2\/users\/125"}],"replies":[{"embeddable":true,"href":"https:\/\/www.rri.ro\/fr\/wp-json\/wp\/v2\/comments?post=415607"}],"version-history":[{"count":0,"href":"https:\/\/www.rri.ro\/fr\/wp-json\/wp\/v2\/posts\/415607\/revisions"}],"wp:featuredmedia":[{"embeddable":true,"href":"https:\/\/www.rri.ro\/fr\/wp-json\/wp\/v2\/media\/415608"}],"wp:attachment":[{"href":"https:\/\/www.rri.ro\/fr\/wp-json\/wp\/v2\/media?parent=415607"}],"wp:term":[{"taxonomy":"category","embeddable":true,"href":"https:\/\/www.rri.ro\/fr\/wp-json\/wp\/v2\/categories?post=415607"},{"taxonomy":"post_tag","embeddable":true,"href":"https:\/\/www.rri.ro\/fr\/wp-json\/wp\/v2\/tags?post=415607"},{"taxonomy":"author","embeddable":true,"href":"https:\/\/www.rri.ro\/fr\/wp-json\/wp\/v2\/coauthors?post=415607"}],"curies":[{"name":"wp","href":"https:\/\/api.w.org\/{rel}","templated":true}]}}