{"id":419269,"date":"2013-09-03T16:25:00","date_gmt":"2013-09-03T13:25:00","guid":{"rendered":"http:\/\/devrri.freshlemon.ro\/le-roumain-mot-a-mot\/consulter-les-lecons\/collection-de-la-famille-tipoia-au-musee-du-paysan-roumain-id419269.html"},"modified":"2013-09-03T16:25:00","modified_gmt":"2013-09-03T13:25:00","slug":"collection-de-la-famille-tipoia-au-musee-du-paysan-roumain","status":"publish","type":"post","link":"https:\/\/www.rri.ro\/fr\/nos-emissions\/visitez-la-roumanie\/collection-de-la-famille-tipoia-au-musee-du-paysan-roumain-id419269.html","title":{"rendered":"Collection de la famille \u0162ipoia au Mus\u00e9e du paysan roumain"},"content":{"rendered":"<p style=margin-left: 18pt>     Trois g\u00e9n\u00e9rations d\u2019artistes de la famille \u0162ipoia &#8212; ancienne famille originaire de Suisse &#8212; sont pr\u00e9sentes actuellement au Mus\u00e9e du paysan roumain par le biais d\u2019une exposition r\u00e9unissant leurs ouvrages et objets de collection. Il s\u2019agit d\u2019une donation faite par la famille Victoria, Diana et George Tzipoia \u00e0 la municipalit\u00e9 de la ville de Bucarest. Leur immeuble de Bucarest fait \u00e9galement l\u2019objet de cette donation.<\/p>\n<p>&#13;<br \/>\n&#13;<\/p>\n<p style=margin-left: 18pt>L\u2019exposition et la donation, la capitale roumaine les doit \u00e0 l\u2019artiste George \u0162ipoia, fils du peintre  Alexandru \u0162ipoia.<\/p>\n<p>&#13;<br \/>\n&#13;<\/p>\n<p style=margin-left: 18pt>\n<p>&#13;<br \/>\n&#13;<\/p>\n<p style=margin-left: 18pt>Virgil Ni\u0163ulescu, le directeur du Mus\u00e9e du paysan roumain pr\u00e9cisait: <em>\u00ab Il est tr\u00e8s difficile de r\u00e9unir, dans un espace limit\u00e9, des objets aussi divers. Car il y a, tout d\u2019abord ceux rassembl\u00e9s, au fil du temps, par le peintre Alexandru \u0162ipoia dans sa collection personnelle. Une collection riche de nombreuses pi\u00e8ces ethnographiques, qui l\u2019ont beaucoup inspir\u00e9 notamment pendant ses derni\u00e8res ann\u00e9es de cr\u00e9ation artistique. Et il y a, d\u2019autre part, les oeuvres d\u2019art r\u00e9alis\u00e9es par les trois g\u00e9n\u00e9rations d\u2019artistes de la famille : le grand-p\u00e8re, le fils et la petite fille. Pourtant, jusqu\u2019\u00e0 ce que la municipalit\u00e9 de Bucarest r\u00e9ussisse \u00e0 mettre sur pied le Mus\u00e9e Tzipoia, il est dommage de priver le public du plaisir de voir au moins une partie de la future collection permanente du futur mus\u00e9e. \u00bb<\/em><\/p>\n<p>&#13;<br \/>\n&#13;<\/p>\n<p style=margin-left: 18pt>\n<p>&#13;<br \/>\n&#13;<\/p>\n<p style=margin-left: 18pt> La valeur des ouvrages figurant dans l\u2019album consacr\u00e9 \u00e0 Alexandru \u0162ipoia et publi\u00e9 en 1997 aux \u00e9ditions Alp Impression France se monte \u00e0 plus d\u2019un million d\u2019euros, celle des instruments de musique sculpt\u00e9s  \u00e0 140 mille euros, les dessins de l\u2019artiste \u00e0 plus de 260.000 euros, les gravures \u00e0 80.000 euros et les ouvrages en c\u00e9ramique \u00e0 24.000 euros. Une broderie au fil d\u2019or, r\u00e9alis\u00e9e pour marquer les 5 si\u00e8cles \u00e9coul\u00e9s depuis l\u2019av\u00e8nement du prince r\u00e9gnant Etienne le Grand au tr\u00f4ne de la principaut\u00e9 roumaine de Moldavie, vaut 35.000 euros.<\/p>\n<p>&#13;<br \/>\n&#13;<\/p>\n<p style=margin-left: 18pt>\n<p>&#13;<br \/>\n&#13;<\/p>\n<p style=margin-left: 18pt> Font \u00e9galement l\u2019objet de cette donation les ouvrages de George Tzipoia, \u00e9valu\u00e9s \u00e0 plus de 755.000 euros, des tapis tr\u00e8s pr\u00e9cieux, ainsi que d\u2019autres objets de collection : figurines en c\u00e9ramique, r\u00e9cipients en cuivre jaune, ic\u00f4nes, albums et catalogues.<\/p>\n<p>&#13;<br \/>\n&#13;<\/p>\n<p style=margin-left: 18pt>\n<p>&#13;<br \/>\n&#13;<\/p>\n<p style=margin-left: 18pt>Se rapportant \u00e0 l\u2019immeuble offert \u00e0 la municipalit\u00e9 de Bucarest et qui doit devenir le Mus\u00e9e Tzipoia, l\u2019artiste George Tzipoia, fils du peintre Alexandru Tzipoia, pr\u00e9cisait: <em>\u00ab En fait, ce serait<\/em> <em>impropre de l\u2019appeler mus\u00e9e ; dire \u00ab maison \u00bb ce serait certainement trop peu. La nouvelle institution permettra l\u2019acc\u00e8s du public \u00e0 l\u2019\u0153uvre de ce grand artiste, si m\u00e9connu de son vivant. Apr\u00e8s sa mort, en 1993 \u00e0 Gen\u00e8ve, nous avons d\u00e9ploy\u00e9 des efforts consid\u00e9rables pour mieux faire conna\u00eetre son \u0153uvre. Nous avons organis\u00e9 des expositions dans plusieurs grands mus\u00e9es de Roumanie. Nous n\u2019avons pourtant pas r\u00e9ussi \u00e0 pr\u00e9senter son \u0153uvre en Suisse ou ailleurs, bien qu\u2019il s\u2019agisse de la culture d\u2019un pays et non pas d\u2019une famille. \u00bb <\/em><\/p>\n<p>&#13;<br \/>\n&#13;<\/p>\n<p style=margin-left: 18pt>\n<p>&#13;<br \/>\n&#13;<\/p>\n<p style=margin-left: 18pt> Si l\u2019offre de la famille \u0162ipoia est accept\u00e9e par la municipalit\u00e9, tous les biens qui font l\u2019objet de cette donation deviendront la propri\u00e9t\u00e9 publique de la capitale roumaine et seront g\u00e9r\u00e9s par la Mus\u00e9e de la ville de Bucarest.<strong> (trad.: Dominique) <\/strong><\/p>\n<p>&#13;<\/p>\n","protected":false},"excerpt":{"rendered":"<p>Trois g\u00e9n\u00e9rations d\u2019artistes de la famille \u0162ipoia &#8212; ancienne famille originaire de Suisse &#8212; sont pr\u00e9sentes actuellement au Mus\u00e9e du paysan roumain par le biais d\u2019une exposition r\u00e9unissant leurs ouvrages et objets de collection. Il s\u2019agit d\u2019une donation faite par la famille Victoria, Diana et George Tzipoia \u00e0 la municipalit\u00e9 de la ville de Bucarest. [&hellip;]<\/p>\n","protected":false},"author":2,"featured_media":419270,"comment_status":"closed","ping_status":"closed","sticky":false,"template":"","format":"standard","meta":{"_acf_changed":false,"footnotes":""},"categories":[96088],"tags":[96632,89026,88553,76415],"coauthors":[],"class_list":["post-419269","post","type-post","status-publish","format-standard","has-post-thumbnail","hentry","category-visitez-la-roumanie","tag-alexandru-tipoia","tag-etienne-le-grand","tag-le-musee-du-paysan-roumain","tag-virgil-nitulescu"],"acf":[],"yoast_head":"<!-- This site is optimized with the Yoast SEO plugin v27.5 - https:\/\/yoast.com\/product\/yoast-seo-wordpress\/ -->\n<title>Collection de la famille \u0162ipoia au Mus\u00e9e du paysan roumain - Radio Roumanie Internationale<\/title>\n<meta name=\"robots\" content=\"index, follow, max-snippet:-1, max-image-preview:large, max-video-preview:-1\" \/>\n<link rel=\"canonical\" href=\"https:\/\/www.rri.ro\/fr\/nos-emissions\/visitez-la-roumanie\/collection-de-la-famille-tipoia-au-musee-du-paysan-roumain-id419269.html\" \/>\n<meta property=\"og:locale\" content=\"fr_FR\" \/>\n<meta property=\"og:type\" content=\"article\" \/>\n<meta property=\"og:title\" content=\"Collection de la famille \u0162ipoia au Mus\u00e9e du paysan roumain - Radio Roumanie Internationale\" \/>\n<meta property=\"og:description\" content=\"Trois g\u00e9n\u00e9rations d\u2019artistes de la famille \u0162ipoia &#8212; ancienne famille originaire de Suisse &#8212; sont pr\u00e9sentes actuellement au Mus\u00e9e du paysan roumain par le biais d\u2019une exposition r\u00e9unissant leurs ouvrages et objets de collection. Il s\u2019agit d\u2019une donation faite par la famille Victoria, Diana et George Tzipoia \u00e0 la municipalit\u00e9 de la ville de Bucarest. [&hellip;]\" \/>\n<meta property=\"og:url\" content=\"https:\/\/www.rri.ro\/fr\/nos-emissions\/visitez-la-roumanie\/collection-de-la-famille-tipoia-au-musee-du-paysan-roumain-id419269.html\" \/>\n<meta property=\"og:site_name\" content=\"Radio Roumanie Internationale\" \/>\n<meta property=\"article:published_time\" content=\"2013-09-03T13:25:00+00:00\" \/>\n<meta property=\"og:image\" content=\"https:\/\/www.rri.ro\/wp-content\/uploads\/2023\/10\/MuzeulTaranuluiRoman_thubmnail.jpeg\" \/>\n\t<meta property=\"og:image:width\" content=\"210\" \/>\n\t<meta property=\"og:image:height\" content=\"157\" \/>\n\t<meta property=\"og:image:type\" content=\"image\/jpeg\" \/>\n<meta name=\"author\" content=\"Rom\u00e2nia Interna\u021bional\" \/>\n<meta name=\"twitter:card\" content=\"summary_large_image\" \/>\n<meta name=\"twitter:label1\" content=\"\u00c9crit par\" \/>\n\t<meta name=\"twitter:data1\" content=\"Rom\u00e2nia Interna\u021bional\" \/>\n\t<meta name=\"twitter:label2\" content=\"Dur\u00e9e de lecture estim\u00e9e\" \/>\n\t<meta name=\"twitter:data2\" content=\"3 minutes\" \/>\n\t<meta name=\"twitter:label3\" content=\"Written by\" \/>\n\t<meta name=\"twitter:data3\" content=\"Rom\u00e2nia Interna\u021bional\" \/>\n<script type=\"application\/ld+json\" class=\"yoast-schema-graph\">{\"@context\":\"https:\\\/\\\/schema.org\",\"@graph\":[{\"@type\":\"Article\",\"@id\":\"https:\\\/\\\/www.rri.ro\\\/fr\\\/nos-emissions\\\/visitez-la-roumanie\\\/collection-de-la-famille-tipoia-au-musee-du-paysan-roumain-id419269.html#article\",\"isPartOf\":{\"@id\":\"https:\\\/\\\/www.rri.ro\\\/fr\\\/nos-emissions\\\/visitez-la-roumanie\\\/collection-de-la-famille-tipoia-au-musee-du-paysan-roumain-id419269.html\"},\"author\":{\"name\":\"Rom\u00e2nia Interna\u021bional\",\"@id\":\"https:\\\/\\\/www.rri.ro\\\/#\\\/schema\\\/person\\\/18fac491bccbfe149b92aea77ad60abd\"},\"headline\":\"Collection de la famille \u0162ipoia au Mus\u00e9e du paysan roumain\",\"datePublished\":\"2013-09-03T13:25:00+00:00\",\"mainEntityOfPage\":{\"@id\":\"https:\\\/\\\/www.rri.ro\\\/fr\\\/nos-emissions\\\/visitez-la-roumanie\\\/collection-de-la-famille-tipoia-au-musee-du-paysan-roumain-id419269.html\"},\"wordCount\":571,\"image\":{\"@id\":\"https:\\\/\\\/www.rri.ro\\\/fr\\\/nos-emissions\\\/visitez-la-roumanie\\\/collection-de-la-famille-tipoia-au-musee-du-paysan-roumain-id419269.html#primaryimage\"},\"thumbnailUrl\":\"https:\\\/\\\/www.rri.ro\\\/wp-content\\\/uploads\\\/2023\\\/10\\\/MuzeulTaranuluiRoman_thubmnail.jpeg\",\"keywords\":[\"Alexandru \u0162ipoia\",\"Etienne le Grand\",\"le Mus\u00e9e du Paysan roumain\",\"Virgil Ni\u021bulescu\"],\"articleSection\":[\"Visitez la Roumanie\"],\"inLanguage\":\"fr-FR\"},{\"@type\":\"WebPage\",\"@id\":\"https:\\\/\\\/www.rri.ro\\\/fr\\\/nos-emissions\\\/visitez-la-roumanie\\\/collection-de-la-famille-tipoia-au-musee-du-paysan-roumain-id419269.html\",\"url\":\"https:\\\/\\\/www.rri.ro\\\/fr\\\/nos-emissions\\\/visitez-la-roumanie\\\/collection-de-la-famille-tipoia-au-musee-du-paysan-roumain-id419269.html\",\"name\":\"Collection de la famille \u0162ipoia au Mus\u00e9e du paysan roumain - Radio Roumanie Internationale\",\"isPartOf\":{\"@id\":\"https:\\\/\\\/www.rri.ro\\\/#website\"},\"primaryImageOfPage\":{\"@id\":\"https:\\\/\\\/www.rri.ro\\\/fr\\\/nos-emissions\\\/visitez-la-roumanie\\\/collection-de-la-famille-tipoia-au-musee-du-paysan-roumain-id419269.html#primaryimage\"},\"image\":{\"@id\":\"https:\\\/\\\/www.rri.ro\\\/fr\\\/nos-emissions\\\/visitez-la-roumanie\\\/collection-de-la-famille-tipoia-au-musee-du-paysan-roumain-id419269.html#primaryimage\"},\"thumbnailUrl\":\"https:\\\/\\\/www.rri.ro\\\/wp-content\\\/uploads\\\/2023\\\/10\\\/MuzeulTaranuluiRoman_thubmnail.jpeg\",\"datePublished\":\"2013-09-03T13:25:00+00:00\",\"author\":{\"@id\":\"https:\\\/\\\/www.rri.ro\\\/#\\\/schema\\\/person\\\/18fac491bccbfe149b92aea77ad60abd\"},\"breadcrumb\":{\"@id\":\"https:\\\/\\\/www.rri.ro\\\/fr\\\/nos-emissions\\\/visitez-la-roumanie\\\/collection-de-la-famille-tipoia-au-musee-du-paysan-roumain-id419269.html#breadcrumb\"},\"inLanguage\":\"fr-FR\",\"potentialAction\":[{\"@type\":\"ReadAction\",\"target\":[\"https:\\\/\\\/www.rri.ro\\\/fr\\\/nos-emissions\\\/visitez-la-roumanie\\\/collection-de-la-famille-tipoia-au-musee-du-paysan-roumain-id419269.html\"]}]},{\"@type\":\"ImageObject\",\"inLanguage\":\"fr-FR\",\"@id\":\"https:\\\/\\\/www.rri.ro\\\/fr\\\/nos-emissions\\\/visitez-la-roumanie\\\/collection-de-la-famille-tipoia-au-musee-du-paysan-roumain-id419269.html#primaryimage\",\"url\":\"https:\\\/\\\/www.rri.ro\\\/wp-content\\\/uploads\\\/2023\\\/10\\\/MuzeulTaranuluiRoman_thubmnail.jpeg\",\"contentUrl\":\"https:\\\/\\\/www.rri.ro\\\/wp-content\\\/uploads\\\/2023\\\/10\\\/MuzeulTaranuluiRoman_thubmnail.jpeg\",\"width\":210,\"height\":157},{\"@type\":\"BreadcrumbList\",\"@id\":\"https:\\\/\\\/www.rri.ro\\\/fr\\\/nos-emissions\\\/visitez-la-roumanie\\\/collection-de-la-famille-tipoia-au-musee-du-paysan-roumain-id419269.html#breadcrumb\",\"itemListElement\":[{\"@type\":\"ListItem\",\"position\":1,\"name\":\"Page d'accueil\",\"item\":\"https:\\\/\\\/www.rri.ro\\\/fr\"},{\"@type\":\"ListItem\",\"position\":2,\"name\":\"Nos \u00e9missions\",\"item\":\"https:\\\/\\\/www.rri.ro\\\/fr\\\/nos-emissions\"},{\"@type\":\"ListItem\",\"position\":3,\"name\":\"Visitez la Roumanie\",\"item\":\"https:\\\/\\\/www.rri.ro\\\/fr\\\/nos-emissions\\\/visitez-la-roumanie\"},{\"@type\":\"ListItem\",\"position\":4,\"name\":\"Collection de la famille \u0162ipoia au Mus\u00e9e du paysan roumain\"}]},{\"@type\":\"WebSite\",\"@id\":\"https:\\\/\\\/www.rri.ro\\\/#website\",\"url\":\"https:\\\/\\\/www.rri.ro\\\/\",\"name\":\"Radio Roumanie Internationale\",\"description\":\"Totul despre Rom\u00e2nia \u015fi rom\u00e2ni, \u00een 13 limbi\\\/dialecte!\",\"inLanguage\":\"fr-FR\"},{\"@type\":\"Person\",\"@id\":\"https:\\\/\\\/www.rri.ro\\\/#\\\/schema\\\/person\\\/18fac491bccbfe149b92aea77ad60abd\",\"name\":\"Rom\u00e2nia Interna\u021bional\",\"url\":\"https:\\\/\\\/www.rri.ro\\\/fr\\\/author\\\/redactia\"}]}<\/script>\n<!-- \/ Yoast SEO plugin. -->","yoast_head_json":{"title":"Collection de la famille \u0162ipoia au Mus\u00e9e du paysan roumain - Radio Roumanie Internationale","robots":{"index":"index","follow":"follow","max-snippet":"max-snippet:-1","max-image-preview":"max-image-preview:large","max-video-preview":"max-video-preview:-1"},"canonical":"https:\/\/www.rri.ro\/fr\/nos-emissions\/visitez-la-roumanie\/collection-de-la-famille-tipoia-au-musee-du-paysan-roumain-id419269.html","og_locale":"fr_FR","og_type":"article","og_title":"Collection de la famille \u0162ipoia au Mus\u00e9e du paysan roumain - Radio Roumanie Internationale","og_description":"Trois g\u00e9n\u00e9rations d\u2019artistes de la famille \u0162ipoia &#8212; ancienne famille originaire de Suisse &#8212; sont pr\u00e9sentes actuellement au Mus\u00e9e du paysan roumain par le biais d\u2019une exposition r\u00e9unissant leurs ouvrages et objets de collection. Il s\u2019agit d\u2019une donation faite par la famille Victoria, Diana et George Tzipoia \u00e0 la municipalit\u00e9 de la ville de Bucarest. [&hellip;]","og_url":"https:\/\/www.rri.ro\/fr\/nos-emissions\/visitez-la-roumanie\/collection-de-la-famille-tipoia-au-musee-du-paysan-roumain-id419269.html","og_site_name":"Radio Roumanie Internationale","article_published_time":"2013-09-03T13:25:00+00:00","og_image":[{"width":210,"height":157,"url":"https:\/\/www.rri.ro\/wp-content\/uploads\/2023\/10\/MuzeulTaranuluiRoman_thubmnail.jpeg","type":"image\/jpeg"}],"author":"Rom\u00e2nia Interna\u021bional","twitter_card":"summary_large_image","twitter_misc":{"\u00c9crit par":"Rom\u00e2nia Interna\u021bional","Dur\u00e9e de lecture estim\u00e9e":"3 minutes","Written by":"Rom\u00e2nia Interna\u021bional"},"schema":{"@context":"https:\/\/schema.org","@graph":[{"@type":"Article","@id":"https:\/\/www.rri.ro\/fr\/nos-emissions\/visitez-la-roumanie\/collection-de-la-famille-tipoia-au-musee-du-paysan-roumain-id419269.html#article","isPartOf":{"@id":"https:\/\/www.rri.ro\/fr\/nos-emissions\/visitez-la-roumanie\/collection-de-la-famille-tipoia-au-musee-du-paysan-roumain-id419269.html"},"author":{"name":"Rom\u00e2nia Interna\u021bional","@id":"https:\/\/www.rri.ro\/#\/schema\/person\/18fac491bccbfe149b92aea77ad60abd"},"headline":"Collection de la famille \u0162ipoia au Mus\u00e9e du paysan roumain","datePublished":"2013-09-03T13:25:00+00:00","mainEntityOfPage":{"@id":"https:\/\/www.rri.ro\/fr\/nos-emissions\/visitez-la-roumanie\/collection-de-la-famille-tipoia-au-musee-du-paysan-roumain-id419269.html"},"wordCount":571,"image":{"@id":"https:\/\/www.rri.ro\/fr\/nos-emissions\/visitez-la-roumanie\/collection-de-la-famille-tipoia-au-musee-du-paysan-roumain-id419269.html#primaryimage"},"thumbnailUrl":"https:\/\/www.rri.ro\/wp-content\/uploads\/2023\/10\/MuzeulTaranuluiRoman_thubmnail.jpeg","keywords":["Alexandru \u0162ipoia","Etienne le Grand","le Mus\u00e9e du Paysan roumain","Virgil Ni\u021bulescu"],"articleSection":["Visitez la Roumanie"],"inLanguage":"fr-FR"},{"@type":"WebPage","@id":"https:\/\/www.rri.ro\/fr\/nos-emissions\/visitez-la-roumanie\/collection-de-la-famille-tipoia-au-musee-du-paysan-roumain-id419269.html","url":"https:\/\/www.rri.ro\/fr\/nos-emissions\/visitez-la-roumanie\/collection-de-la-famille-tipoia-au-musee-du-paysan-roumain-id419269.html","name":"Collection de la famille \u0162ipoia au Mus\u00e9e du paysan roumain - Radio Roumanie Internationale","isPartOf":{"@id":"https:\/\/www.rri.ro\/#website"},"primaryImageOfPage":{"@id":"https:\/\/www.rri.ro\/fr\/nos-emissions\/visitez-la-roumanie\/collection-de-la-famille-tipoia-au-musee-du-paysan-roumain-id419269.html#primaryimage"},"image":{"@id":"https:\/\/www.rri.ro\/fr\/nos-emissions\/visitez-la-roumanie\/collection-de-la-famille-tipoia-au-musee-du-paysan-roumain-id419269.html#primaryimage"},"thumbnailUrl":"https:\/\/www.rri.ro\/wp-content\/uploads\/2023\/10\/MuzeulTaranuluiRoman_thubmnail.jpeg","datePublished":"2013-09-03T13:25:00+00:00","author":{"@id":"https:\/\/www.rri.ro\/#\/schema\/person\/18fac491bccbfe149b92aea77ad60abd"},"breadcrumb":{"@id":"https:\/\/www.rri.ro\/fr\/nos-emissions\/visitez-la-roumanie\/collection-de-la-famille-tipoia-au-musee-du-paysan-roumain-id419269.html#breadcrumb"},"inLanguage":"fr-FR","potentialAction":[{"@type":"ReadAction","target":["https:\/\/www.rri.ro\/fr\/nos-emissions\/visitez-la-roumanie\/collection-de-la-famille-tipoia-au-musee-du-paysan-roumain-id419269.html"]}]},{"@type":"ImageObject","inLanguage":"fr-FR","@id":"https:\/\/www.rri.ro\/fr\/nos-emissions\/visitez-la-roumanie\/collection-de-la-famille-tipoia-au-musee-du-paysan-roumain-id419269.html#primaryimage","url":"https:\/\/www.rri.ro\/wp-content\/uploads\/2023\/10\/MuzeulTaranuluiRoman_thubmnail.jpeg","contentUrl":"https:\/\/www.rri.ro\/wp-content\/uploads\/2023\/10\/MuzeulTaranuluiRoman_thubmnail.jpeg","width":210,"height":157},{"@type":"BreadcrumbList","@id":"https:\/\/www.rri.ro\/fr\/nos-emissions\/visitez-la-roumanie\/collection-de-la-famille-tipoia-au-musee-du-paysan-roumain-id419269.html#breadcrumb","itemListElement":[{"@type":"ListItem","position":1,"name":"Page d'accueil","item":"https:\/\/www.rri.ro\/fr"},{"@type":"ListItem","position":2,"name":"Nos \u00e9missions","item":"https:\/\/www.rri.ro\/fr\/nos-emissions"},{"@type":"ListItem","position":3,"name":"Visitez la Roumanie","item":"https:\/\/www.rri.ro\/fr\/nos-emissions\/visitez-la-roumanie"},{"@type":"ListItem","position":4,"name":"Collection de la famille \u0162ipoia au Mus\u00e9e du paysan roumain"}]},{"@type":"WebSite","@id":"https:\/\/www.rri.ro\/#website","url":"https:\/\/www.rri.ro\/","name":"Radio Roumanie Internationale","description":"Totul despre Rom\u00e2nia \u015fi rom\u00e2ni, \u00een 13 limbi\/dialecte!","inLanguage":"fr-FR"},{"@type":"Person","@id":"https:\/\/www.rri.ro\/#\/schema\/person\/18fac491bccbfe149b92aea77ad60abd","name":"Rom\u00e2nia Interna\u021bional","url":"https:\/\/www.rri.ro\/fr\/author\/redactia"}]}},"_links":{"self":[{"href":"https:\/\/www.rri.ro\/fr\/wp-json\/wp\/v2\/posts\/419269","targetHints":{"allow":["GET"]}}],"collection":[{"href":"https:\/\/www.rri.ro\/fr\/wp-json\/wp\/v2\/posts"}],"about":[{"href":"https:\/\/www.rri.ro\/fr\/wp-json\/wp\/v2\/types\/post"}],"author":[{"embeddable":true,"href":"https:\/\/www.rri.ro\/fr\/wp-json\/wp\/v2\/users\/2"}],"replies":[{"embeddable":true,"href":"https:\/\/www.rri.ro\/fr\/wp-json\/wp\/v2\/comments?post=419269"}],"version-history":[{"count":0,"href":"https:\/\/www.rri.ro\/fr\/wp-json\/wp\/v2\/posts\/419269\/revisions"}],"wp:featuredmedia":[{"embeddable":true,"href":"https:\/\/www.rri.ro\/fr\/wp-json\/wp\/v2\/media\/419270"}],"wp:attachment":[{"href":"https:\/\/www.rri.ro\/fr\/wp-json\/wp\/v2\/media?parent=419269"}],"wp:term":[{"taxonomy":"category","embeddable":true,"href":"https:\/\/www.rri.ro\/fr\/wp-json\/wp\/v2\/categories?post=419269"},{"taxonomy":"post_tag","embeddable":true,"href":"https:\/\/www.rri.ro\/fr\/wp-json\/wp\/v2\/tags?post=419269"},{"taxonomy":"author","embeddable":true,"href":"https:\/\/www.rri.ro\/fr\/wp-json\/wp\/v2\/coauthors?post=419269"}],"curies":[{"name":"wp","href":"https:\/\/api.w.org\/{rel}","templated":true}]}}