{"id":420464,"date":"2014-03-22T13:28:00","date_gmt":"2014-03-22T11:28:00","guid":{"rendered":"http:\/\/devrri.freshlemon.ro\/le-roumain-mot-a-mot\/consulter-les-lecons\/la-citadelle-de-prejmer-id420464.html"},"modified":"2014-03-22T13:28:00","modified_gmt":"2014-03-22T11:28:00","slug":"la-citadelle-de-prejmer","status":"publish","type":"post","link":"https:\/\/www.rri.ro\/fr\/nos-emissions\/visitez-la-roumanie\/la-citadelle-de-prejmer-id420464.html","title":{"rendered":"La citadelle de Prejmer"},"content":{"rendered":"<p>Le village de Prejmer a \u00e9t\u00e9 habit\u00e9 plusieurs si\u00e8cles durant par des Sicules, qui y ont construit une \u00e9glise fortifi\u00e9e, pour repousser les invasions turques et tartares. Il convient de noter que tout au long du Moyen Age la localit\u00e9 a \u00e9t\u00e9 br\u00fbl\u00e9e et pill\u00e9e une cinquantaine de fois.<\/p>\n<p>&#13;<br \/>\n&#13;<\/p>\n<p>&#13;<br \/>\n&#13;<\/p>\n<p>Adriana Stroe, historienne de l\u2019art \u00e0 l\u2019Institut National du patrimoine, nous pr\u00e9sente en bref l\u2019historique de Prejmer : \u00ab <em>La l\u00e9gende veut que la<\/em> <em>localit\u00e9 ait \u00e9t\u00e9 fond\u00e9e par l\u2019Ordre des chevaliers teutoniques amen\u00e9s par la Cour de Hongrie en 1211 pour organiser la d\u00e9fense du Pays de B\u00e2rsa. Sa premi\u00e8re attestation documentaire remonte \u00e0 1240. C\u2019est \u00e0 cette date que le roi B\u00e9la IV de Hongrie fait don des localit\u00e9s de Prejmer, Feldioara, S\u00e2npetru et H\u0103rman \u00e0 l\u2019Ordre des moines cisterciens de C\u00e2r\u0163a. Prejmer va appartenir \u00e0 cet ordre religieux jusqu\u2019au d\u00e9but du XVe si\u00e8cle. En 1454, Prejmer se voit accorder le droit d\u2019accueillir une foire annuelle. Ce droit n\u2019\u00e9tait octroy\u00e9 qu\u2019aux localit\u00e9s ayant atteint un certain essor \u00e9conomique. Prejmer remplissait d\u00e9j\u00e0 ce crit\u00e8re, \u00e9tant, apr\u00e8s les cit\u00e9s de Bra\u015fov et de Codlea, une des plus grandes localit\u00e9s du Pays de B\u00e2rsa. Le village recensait 210 habitations en 1510 et 233 en 1556. Vers 1584, quand il allait obtenir le droit de tenir une foire hebdomadaire, Prejmer totalisait 328 maisons en pierre et 210 autres en bois \u00bb. <\/em><\/p>\n<p>&#13;<br \/>\n&#13;<\/p>\n<p>&#13;<br \/>\n&#13;<\/p>\n<p>De nos jours, l\u2019\u00e9glise fortifi\u00e9e de Prejmer est en tr\u00e8s bon \u00e9tat de conservation, affirme Adriana Stroe : <em>\u00ab Ce qui caract\u00e9rise cet ensemble, c\u2019est le fait qu\u2019\u00e0 la diff\u00e9rence d\u2019autres \u00e9glises fortifi\u00e9es, ici les installations d\u00e9fensives sont plac\u00e9es uniquement \u00e0 l\u2019int\u00e9rieur. Autrement dit, l\u2019\u00e9glise n\u2019est pas fortifi\u00e9e \u00e0 l\u2019ext\u00e9rieur aussi. Construite en style gothique pr\u00e9coce par les moines de l\u2019abbaye cistercienne de C\u00e2r\u0163a, elle est unique par son plan initial en croix grecque (c<\/em><em>hacun des bras \u00e9gaux de la croix \u00e9tait dispos\u00e9 autour dun carr\u00e9 surmont\u00e9 par une tour octogonale<\/em>)<em>. Devenue propri\u00e9t\u00e9 du village, l\u2019\u00e9glise subit les modifications les plus importantes au premier quart du XVIe si\u00e8cle. Le plan de construction en croix grecque  est remplac\u00e9 par celui en croix latine. Le bras oriental de cette croix, plus pr\u00e9cis\u00e9ment le ch\u0153ur, abrite un des autels polyptyques les plus anciens du pays, datant du milieu du XVe si\u00e8cle. En 1427, sur ordre royal, l\u2019\u00e9glise fut entour\u00e9e de murailles d\u2019enceinte presque circulaires, pr\u00e9vues au sud d\u2019une tour d\u2019entr\u00e9e et flanqu\u00e9es de quatre tours semi-circulaires orient\u00e9es vers le sud-est, le nord-est, le sud-ouest et le nord-ouest. L\u2019acc\u00e8s dans la forteresse entour\u00e9e de douves se faisait par un pont-levis. A l\u2019int\u00e9rieur, on a commenc\u00e9 \u00e0 b\u00e2tir des espace \u00e0 plusieurs niveaux pour y garder les bl\u00e9s et les biens de valeur de chaque famille et servir de refuge aux villageois en cas de si\u00e8ge \u00bb.<\/em><\/p>\n<p>&#13;<br \/>\n&#13;<\/p>\n<p>&#13;<br \/>\n&#13;<\/p>\n<p>Face aux assauts des envahisseurs, la population se r\u00e9fugiait dans la citadelle. Les vivres ici stock\u00e9s suffisaient \u00e0 en assurer la survie assez longtemps. Hormis les pi\u00e8ces abritant les provisions et celles qui servaient de dortoir, la citadelle avaient aussi des fontaines, un moulin \u00e0 cheval, un four \u00e0 pain et m\u00eame une \u00e9cole. Tout \u00e9tait donc pr\u00e9vu dans les moindres d\u00e9tails. Voil\u00e0 pourquoi la citadelle de Prejmer passait pour la plus puissante des fortifications saxonnes de Transylvanie. Jusqu\u2019au milieu du XVIIIe si\u00e8cle, les forteresses ont sans cesse \u00e9t\u00e9 renforc\u00e9es. Tel n\u2019a plus \u00e9t\u00e9 le cas apr\u00e8s, car les si\u00e8ges s\u2019\u00e9tant faits de plus en plus rares, les espaces servant de refuge ont peu \u00e0 peu perdu de leur importance et fini par remplir d\u2019autres fonctions. Entre 1963 et 1970, d\u2019amples travaux de restauration ont fait de l\u2019ensemble architectural de Prejmer une des \u00e9glises fortifi\u00e9es les mieux conserv\u00e9es de Transylvanie. (trad. Mariana Tudose)<\/p>\n<p>&#13;<br \/>\n&#13;<\/p>\n<p>&#13;<\/p>\n","protected":false},"excerpt":{"rendered":"<p>Le village de Prejmer a \u00e9t\u00e9 habit\u00e9 plusieurs si\u00e8cles durant par des Sicules, qui y ont construit une \u00e9glise fortifi\u00e9e, pour repousser les invasions turques et tartares. Il convient de noter que tout au long du Moyen Age la localit\u00e9 a \u00e9t\u00e9 br\u00fbl\u00e9e et pill\u00e9e une cinquantaine de fois. &#13; &#13; &#13; &#13; Adriana Stroe, [&hellip;]<\/p>\n","protected":false},"author":136,"featured_media":420465,"comment_status":"closed","ping_status":"closed","sticky":false,"template":"","format":"standard","meta":{"_acf_changed":false,"footnotes":""},"categories":[96088],"tags":[87712,87732,180871,87848,85314],"coauthors":[],"class_list":["post-420464","post","type-post","status-publish","format-standard","has-post-thumbnail","hentry","category-visitez-la-roumanie","tag-citadelle","tag-eglise-fortifiee","tag-prejmer-fr","tag-sicules","tag-transylvanie"],"acf":[],"yoast_head":"<!-- This site is optimized with the Yoast SEO plugin v27.3 - https:\/\/yoast.com\/product\/yoast-seo-wordpress\/ -->\n<title>La citadelle de Prejmer - Radio Roumanie Internationale<\/title>\n<meta name=\"robots\" content=\"index, follow, max-snippet:-1, max-image-preview:large, max-video-preview:-1\" \/>\n<link rel=\"canonical\" href=\"https:\/\/www.rri.ro\/fr\/nos-emissions\/visitez-la-roumanie\/la-citadelle-de-prejmer-id420464.html\" \/>\n<meta property=\"og:locale\" content=\"fr_FR\" \/>\n<meta property=\"og:type\" content=\"article\" \/>\n<meta property=\"og:title\" content=\"La citadelle de Prejmer - Radio Roumanie Internationale\" \/>\n<meta property=\"og:description\" content=\"Le village de Prejmer a \u00e9t\u00e9 habit\u00e9 plusieurs si\u00e8cles durant par des Sicules, qui y ont construit une \u00e9glise fortifi\u00e9e, pour repousser les invasions turques et tartares. Il convient de noter que tout au long du Moyen Age la localit\u00e9 a \u00e9t\u00e9 br\u00fbl\u00e9e et pill\u00e9e une cinquantaine de fois. &#013; &#013; &#013; &#013; Adriana Stroe, [&hellip;]\" \/>\n<meta property=\"og:url\" content=\"https:\/\/www.rri.ro\/fr\/nos-emissions\/visitez-la-roumanie\/la-citadelle-de-prejmer-id420464.html\" \/>\n<meta property=\"og:site_name\" content=\"Radio Roumanie Internationale\" \/>\n<meta property=\"article:published_time\" content=\"2014-03-22T11:28:00+00:00\" \/>\n<meta property=\"og:image\" content=\"https:\/\/www.rri.ro\/wp-content\/uploads\/2023\/10\/Cetatea-Prejmer.jpg\" \/>\n\t<meta property=\"og:image:width\" content=\"640\" \/>\n\t<meta property=\"og:image:height\" content=\"480\" \/>\n\t<meta property=\"og:image:type\" content=\"image\/jpeg\" \/>\n<meta name=\"author\" content=\"Christine Le\u0219cu\" \/>\n<meta name=\"twitter:card\" content=\"summary_large_image\" \/>\n<meta name=\"twitter:label1\" content=\"\u00c9crit par\" \/>\n\t<meta name=\"twitter:data1\" content=\"Christine Le\u0219cu\" \/>\n\t<meta name=\"twitter:label2\" content=\"Dur\u00e9e de lecture estim\u00e9e\" \/>\n\t<meta name=\"twitter:data2\" content=\"3 minutes\" \/>\n\t<meta name=\"twitter:label3\" content=\"Written by\" \/>\n\t<meta name=\"twitter:data3\" content=\"Christine Le\u0219cu\" \/>\n<script type=\"application\/ld+json\" class=\"yoast-schema-graph\">{\"@context\":\"https:\\\/\\\/schema.org\",\"@graph\":[{\"@type\":\"Article\",\"@id\":\"https:\\\/\\\/www.rri.ro\\\/fr\\\/nos-emissions\\\/visitez-la-roumanie\\\/la-citadelle-de-prejmer-id420464.html#article\",\"isPartOf\":{\"@id\":\"https:\\\/\\\/www.rri.ro\\\/fr\\\/nos-emissions\\\/visitez-la-roumanie\\\/la-citadelle-de-prejmer-id420464.html\"},\"author\":{\"name\":\"Christine Le\u0219cu\",\"@id\":\"https:\\\/\\\/www.rri.ro\\\/#\\\/schema\\\/person\\\/90282b710df17e2fe4e8831187ac186f\"},\"headline\":\"La citadelle de Prejmer\",\"datePublished\":\"2014-03-22T11:28:00+00:00\",\"mainEntityOfPage\":{\"@id\":\"https:\\\/\\\/www.rri.ro\\\/fr\\\/nos-emissions\\\/visitez-la-roumanie\\\/la-citadelle-de-prejmer-id420464.html\"},\"wordCount\":687,\"image\":{\"@id\":\"https:\\\/\\\/www.rri.ro\\\/fr\\\/nos-emissions\\\/visitez-la-roumanie\\\/la-citadelle-de-prejmer-id420464.html#primaryimage\"},\"thumbnailUrl\":\"https:\\\/\\\/www.rri.ro\\\/wp-content\\\/uploads\\\/2023\\\/10\\\/Cetatea-Prejmer.jpg\",\"keywords\":[\"citadelle\",\"\u00e9glise fortifi\u00e9e\",\"Prejmer\",\"Sicules\",\"Transylvanie\"],\"articleSection\":[\"Visitez la Roumanie\"],\"inLanguage\":\"fr-FR\"},{\"@type\":\"WebPage\",\"@id\":\"https:\\\/\\\/www.rri.ro\\\/fr\\\/nos-emissions\\\/visitez-la-roumanie\\\/la-citadelle-de-prejmer-id420464.html\",\"url\":\"https:\\\/\\\/www.rri.ro\\\/fr\\\/nos-emissions\\\/visitez-la-roumanie\\\/la-citadelle-de-prejmer-id420464.html\",\"name\":\"La citadelle de Prejmer - Radio Roumanie Internationale\",\"isPartOf\":{\"@id\":\"https:\\\/\\\/www.rri.ro\\\/#website\"},\"primaryImageOfPage\":{\"@id\":\"https:\\\/\\\/www.rri.ro\\\/fr\\\/nos-emissions\\\/visitez-la-roumanie\\\/la-citadelle-de-prejmer-id420464.html#primaryimage\"},\"image\":{\"@id\":\"https:\\\/\\\/www.rri.ro\\\/fr\\\/nos-emissions\\\/visitez-la-roumanie\\\/la-citadelle-de-prejmer-id420464.html#primaryimage\"},\"thumbnailUrl\":\"https:\\\/\\\/www.rri.ro\\\/wp-content\\\/uploads\\\/2023\\\/10\\\/Cetatea-Prejmer.jpg\",\"datePublished\":\"2014-03-22T11:28:00+00:00\",\"author\":{\"@id\":\"https:\\\/\\\/www.rri.ro\\\/#\\\/schema\\\/person\\\/90282b710df17e2fe4e8831187ac186f\"},\"breadcrumb\":{\"@id\":\"https:\\\/\\\/www.rri.ro\\\/fr\\\/nos-emissions\\\/visitez-la-roumanie\\\/la-citadelle-de-prejmer-id420464.html#breadcrumb\"},\"inLanguage\":\"fr-FR\",\"potentialAction\":[{\"@type\":\"ReadAction\",\"target\":[\"https:\\\/\\\/www.rri.ro\\\/fr\\\/nos-emissions\\\/visitez-la-roumanie\\\/la-citadelle-de-prejmer-id420464.html\"]}]},{\"@type\":\"ImageObject\",\"inLanguage\":\"fr-FR\",\"@id\":\"https:\\\/\\\/www.rri.ro\\\/fr\\\/nos-emissions\\\/visitez-la-roumanie\\\/la-citadelle-de-prejmer-id420464.html#primaryimage\",\"url\":\"https:\\\/\\\/www.rri.ro\\\/wp-content\\\/uploads\\\/2023\\\/10\\\/Cetatea-Prejmer.jpg\",\"contentUrl\":\"https:\\\/\\\/www.rri.ro\\\/wp-content\\\/uploads\\\/2023\\\/10\\\/Cetatea-Prejmer.jpg\",\"width\":640,\"height\":480},{\"@type\":\"BreadcrumbList\",\"@id\":\"https:\\\/\\\/www.rri.ro\\\/fr\\\/nos-emissions\\\/visitez-la-roumanie\\\/la-citadelle-de-prejmer-id420464.html#breadcrumb\",\"itemListElement\":[{\"@type\":\"ListItem\",\"position\":1,\"name\":\"Page d'accueil\",\"item\":\"https:\\\/\\\/www.rri.ro\\\/fr\"},{\"@type\":\"ListItem\",\"position\":2,\"name\":\"Nos \u00e9missions\",\"item\":\"https:\\\/\\\/www.rri.ro\\\/fr\\\/nos-emissions\"},{\"@type\":\"ListItem\",\"position\":3,\"name\":\"Visitez la Roumanie\",\"item\":\"https:\\\/\\\/www.rri.ro\\\/fr\\\/nos-emissions\\\/visitez-la-roumanie\"},{\"@type\":\"ListItem\",\"position\":4,\"name\":\"La citadelle de Prejmer\"}]},{\"@type\":\"WebSite\",\"@id\":\"https:\\\/\\\/www.rri.ro\\\/#website\",\"url\":\"https:\\\/\\\/www.rri.ro\\\/\",\"name\":\"Radio Roumanie Internationale\",\"description\":\"Totul despre Rom\u00e2nia \u015fi rom\u00e2ni, \u00een 13 limbi\\\/dialecte!\",\"inLanguage\":\"fr-FR\"},{\"@type\":\"Person\",\"@id\":\"https:\\\/\\\/www.rri.ro\\\/#\\\/schema\\\/person\\\/90282b710df17e2fe4e8831187ac186f\",\"name\":\"Christine Le\u0219cu\",\"url\":\"https:\\\/\\\/www.rri.ro\\\/fr\\\/author\\\/christine-lescu\"}]}<\/script>\n<!-- \/ Yoast SEO plugin. -->","yoast_head_json":{"title":"La citadelle de Prejmer - Radio Roumanie Internationale","robots":{"index":"index","follow":"follow","max-snippet":"max-snippet:-1","max-image-preview":"max-image-preview:large","max-video-preview":"max-video-preview:-1"},"canonical":"https:\/\/www.rri.ro\/fr\/nos-emissions\/visitez-la-roumanie\/la-citadelle-de-prejmer-id420464.html","og_locale":"fr_FR","og_type":"article","og_title":"La citadelle de Prejmer - Radio Roumanie Internationale","og_description":"Le village de Prejmer a \u00e9t\u00e9 habit\u00e9 plusieurs si\u00e8cles durant par des Sicules, qui y ont construit une \u00e9glise fortifi\u00e9e, pour repousser les invasions turques et tartares. Il convient de noter que tout au long du Moyen Age la localit\u00e9 a \u00e9t\u00e9 br\u00fbl\u00e9e et pill\u00e9e une cinquantaine de fois. &#13; &#13; &#13; &#13; Adriana Stroe, [&hellip;]","og_url":"https:\/\/www.rri.ro\/fr\/nos-emissions\/visitez-la-roumanie\/la-citadelle-de-prejmer-id420464.html","og_site_name":"Radio Roumanie Internationale","article_published_time":"2014-03-22T11:28:00+00:00","og_image":[{"width":640,"height":480,"url":"https:\/\/www.rri.ro\/wp-content\/uploads\/2023\/10\/Cetatea-Prejmer.jpg","type":"image\/jpeg"}],"author":"Christine Le\u0219cu","twitter_card":"summary_large_image","twitter_misc":{"\u00c9crit par":"Christine Le\u0219cu","Dur\u00e9e de lecture estim\u00e9e":"3 minutes","Written by":"Christine Le\u0219cu"},"schema":{"@context":"https:\/\/schema.org","@graph":[{"@type":"Article","@id":"https:\/\/www.rri.ro\/fr\/nos-emissions\/visitez-la-roumanie\/la-citadelle-de-prejmer-id420464.html#article","isPartOf":{"@id":"https:\/\/www.rri.ro\/fr\/nos-emissions\/visitez-la-roumanie\/la-citadelle-de-prejmer-id420464.html"},"author":{"name":"Christine Le\u0219cu","@id":"https:\/\/www.rri.ro\/#\/schema\/person\/90282b710df17e2fe4e8831187ac186f"},"headline":"La citadelle de Prejmer","datePublished":"2014-03-22T11:28:00+00:00","mainEntityOfPage":{"@id":"https:\/\/www.rri.ro\/fr\/nos-emissions\/visitez-la-roumanie\/la-citadelle-de-prejmer-id420464.html"},"wordCount":687,"image":{"@id":"https:\/\/www.rri.ro\/fr\/nos-emissions\/visitez-la-roumanie\/la-citadelle-de-prejmer-id420464.html#primaryimage"},"thumbnailUrl":"https:\/\/www.rri.ro\/wp-content\/uploads\/2023\/10\/Cetatea-Prejmer.jpg","keywords":["citadelle","\u00e9glise fortifi\u00e9e","Prejmer","Sicules","Transylvanie"],"articleSection":["Visitez la Roumanie"],"inLanguage":"fr-FR"},{"@type":"WebPage","@id":"https:\/\/www.rri.ro\/fr\/nos-emissions\/visitez-la-roumanie\/la-citadelle-de-prejmer-id420464.html","url":"https:\/\/www.rri.ro\/fr\/nos-emissions\/visitez-la-roumanie\/la-citadelle-de-prejmer-id420464.html","name":"La citadelle de Prejmer - Radio Roumanie Internationale","isPartOf":{"@id":"https:\/\/www.rri.ro\/#website"},"primaryImageOfPage":{"@id":"https:\/\/www.rri.ro\/fr\/nos-emissions\/visitez-la-roumanie\/la-citadelle-de-prejmer-id420464.html#primaryimage"},"image":{"@id":"https:\/\/www.rri.ro\/fr\/nos-emissions\/visitez-la-roumanie\/la-citadelle-de-prejmer-id420464.html#primaryimage"},"thumbnailUrl":"https:\/\/www.rri.ro\/wp-content\/uploads\/2023\/10\/Cetatea-Prejmer.jpg","datePublished":"2014-03-22T11:28:00+00:00","author":{"@id":"https:\/\/www.rri.ro\/#\/schema\/person\/90282b710df17e2fe4e8831187ac186f"},"breadcrumb":{"@id":"https:\/\/www.rri.ro\/fr\/nos-emissions\/visitez-la-roumanie\/la-citadelle-de-prejmer-id420464.html#breadcrumb"},"inLanguage":"fr-FR","potentialAction":[{"@type":"ReadAction","target":["https:\/\/www.rri.ro\/fr\/nos-emissions\/visitez-la-roumanie\/la-citadelle-de-prejmer-id420464.html"]}]},{"@type":"ImageObject","inLanguage":"fr-FR","@id":"https:\/\/www.rri.ro\/fr\/nos-emissions\/visitez-la-roumanie\/la-citadelle-de-prejmer-id420464.html#primaryimage","url":"https:\/\/www.rri.ro\/wp-content\/uploads\/2023\/10\/Cetatea-Prejmer.jpg","contentUrl":"https:\/\/www.rri.ro\/wp-content\/uploads\/2023\/10\/Cetatea-Prejmer.jpg","width":640,"height":480},{"@type":"BreadcrumbList","@id":"https:\/\/www.rri.ro\/fr\/nos-emissions\/visitez-la-roumanie\/la-citadelle-de-prejmer-id420464.html#breadcrumb","itemListElement":[{"@type":"ListItem","position":1,"name":"Page d'accueil","item":"https:\/\/www.rri.ro\/fr"},{"@type":"ListItem","position":2,"name":"Nos \u00e9missions","item":"https:\/\/www.rri.ro\/fr\/nos-emissions"},{"@type":"ListItem","position":3,"name":"Visitez la Roumanie","item":"https:\/\/www.rri.ro\/fr\/nos-emissions\/visitez-la-roumanie"},{"@type":"ListItem","position":4,"name":"La citadelle de Prejmer"}]},{"@type":"WebSite","@id":"https:\/\/www.rri.ro\/#website","url":"https:\/\/www.rri.ro\/","name":"Radio Roumanie Internationale","description":"Totul despre Rom\u00e2nia \u015fi rom\u00e2ni, \u00een 13 limbi\/dialecte!","inLanguage":"fr-FR"},{"@type":"Person","@id":"https:\/\/www.rri.ro\/#\/schema\/person\/90282b710df17e2fe4e8831187ac186f","name":"Christine Le\u0219cu","url":"https:\/\/www.rri.ro\/fr\/author\/christine-lescu"}]}},"_links":{"self":[{"href":"https:\/\/www.rri.ro\/fr\/wp-json\/wp\/v2\/posts\/420464","targetHints":{"allow":["GET"]}}],"collection":[{"href":"https:\/\/www.rri.ro\/fr\/wp-json\/wp\/v2\/posts"}],"about":[{"href":"https:\/\/www.rri.ro\/fr\/wp-json\/wp\/v2\/types\/post"}],"author":[{"embeddable":true,"href":"https:\/\/www.rri.ro\/fr\/wp-json\/wp\/v2\/users\/136"}],"replies":[{"embeddable":true,"href":"https:\/\/www.rri.ro\/fr\/wp-json\/wp\/v2\/comments?post=420464"}],"version-history":[{"count":0,"href":"https:\/\/www.rri.ro\/fr\/wp-json\/wp\/v2\/posts\/420464\/revisions"}],"wp:featuredmedia":[{"embeddable":true,"href":"https:\/\/www.rri.ro\/fr\/wp-json\/wp\/v2\/media\/420465"}],"wp:attachment":[{"href":"https:\/\/www.rri.ro\/fr\/wp-json\/wp\/v2\/media?parent=420464"}],"wp:term":[{"taxonomy":"category","embeddable":true,"href":"https:\/\/www.rri.ro\/fr\/wp-json\/wp\/v2\/categories?post=420464"},{"taxonomy":"post_tag","embeddable":true,"href":"https:\/\/www.rri.ro\/fr\/wp-json\/wp\/v2\/tags?post=420464"},{"taxonomy":"author","embeddable":true,"href":"https:\/\/www.rri.ro\/fr\/wp-json\/wp\/v2\/coauthors?post=420464"}],"curies":[{"name":"wp","href":"https:\/\/api.w.org\/{rel}","templated":true}]}}