{"id":421753,"date":"2016-08-04T13:28:00","date_gmt":"2016-08-04T10:28:00","guid":{"rendered":"http:\/\/devrri.freshlemon.ro\/le-roumain-mot-a-mot\/consulter-les-lecons\/le-parc-national-des-gorges-de-nera-beusnita-id421753.html"},"modified":"2016-08-04T13:28:00","modified_gmt":"2016-08-04T10:28:00","slug":"le-parc-national-des-gorges-de-nera-beusnita","status":"publish","type":"post","link":"https:\/\/www.rri.ro\/fr\/nos-emissions\/visitez-la-roumanie\/le-parc-national-des-gorges-de-nera-beusnita-id421753.html","title":{"rendered":"Le Parc national des Gorges de Nera-Beu\u015fni\u0163a"},"content":{"rendered":"<p>Notre destination d&rsquo;aujourd&rsquo;hui est bien \u00e0 l&rsquo;abri des grandes routes touristiques, ce qui fait que son apparence sauvage est rest\u00e9e presqu&rsquo;intacte. Nous allons faire un tour rapide du Parc national des Gorges de Nera-Beu\u015fni\u0163a. Nous nous trouvons donc dans le sud-ouest de la Roumanie, dans une r\u00e9gion comprenant la partie m\u00e9ridionale des monts Anina, les massifs Domogled et Semenic ainsi que la vall\u00e9e de la rivi\u00e8re Cerna. Un vrai tr\u00e9sor naturel pour le d\u00e9partement de Cara\u015f-Severin, d&rsquo;ailleurs, seule unit\u00e9 administrative roumaine de ce genre comportant trois grandes aires prot\u00e9g\u00e9es d&rsquo;int\u00e9r\u00eat national. <\/p>\n<p><\/p>\n<p>Ce grand parc s&rsquo;\u00e9tale sur pr\u00e8s de 37 mille hectares et il est \u00e0 la fois un endroit de d\u00e9tente et d&rsquo;exploration touristique qu&rsquo;un lieu de recherche, pr\u00e9cise Gheorghe Cifu, charg\u00e9 de mission tourisme et gardiennage du Parc national des Gorges de Nera-Beu\u015fni\u0163a: <em class=cms-italic>\u00ab Le relief de l&rsquo;endroit est karstique et il a \u00e9t\u00e9 tr\u00e8s peu modifi\u00e9 par l&rsquo;intervention humaine. Il est rythm\u00e9 par de nombreuses vall\u00e9es, rivi\u00e8res, chutes d&rsquo;eau, lacs et for\u00eats demi-vierges \u00bb.<\/em> <\/p>\n<p><\/p>\n<p>Il est difficile de parcourir l&rsquo;ensemble de ce parc et de tout voir en une seule visite. Alors, quels sont les incontournables de cet espace naturel vierge ? Gheorghe Cifu, charg\u00e9 de mission tourisme et gardiennage nous propose un trajet des chutes d&rsquo;eau : <em class=cms-italic>\u00ab On peut commencer tout d&rsquo;abord par la cascade de Big\u0103r, situ\u00e9e sur la vall\u00e9e de la rivi\u00e8re Mini\u015f, entre les localit\u00e9s Oravi\u0163a et Bozovici, avant de poursuivre notre p\u00e9riple aux chutes d&rsquo;eau de Beu\u015fni\u0163a et de V\u0103ioag\u0103. En empruntant les passages creus\u00e9s dans la roche ou les ponts suspendus, qui vous offrent des vues imprenables, vous allez arriver dans les gorges de Nera, la vall\u00e9e de ce genre la plus longue du pays, s&rsquo;\u00e9talant sur 24 kilom\u00e8tres. Pour davantage d&rsquo;informations, nous vous donnons rendez-vous \u00e0 notre office du tourisme situ\u00e9 \u00e0 Podul Bei. Sachez que le tarif d&rsquo;un pass d&rsquo;acc\u00e8s dans cette aire prot\u00e9g\u00e9e est de 5 lei, soit un peu plus d&rsquo;un euro. Venez nous voir au Parc national des Gorges de Nera-Beu\u015fni\u0163a. Nous vous attendons ! \u00bb<\/em><\/p>\n<p><\/p>\n<p>Et c&rsquo;est toujours dans cette r\u00e9serve naturelle que se trouve le lac dit \u00ab du diable \u00bb, l&rsquo;unique lac karstique de Roumanie, apparu suite \u00e0 l&rsquo;effondrement du plafond d&rsquo;une grotte. Sa profondeur est d&rsquo;une douzaine de m\u00e8tres, mais les eaux claires sont \u00e0 l&rsquo;origine d&rsquo;une illusion optique &#8211; le fond de l&rsquo;\u00e9tendue d&rsquo;eau para\u00eet tr\u00e8s proche de la surface laissant entrevoir un d\u00e9cor fig\u00e9 et plut\u00f4t gla\u00e7ant, form\u00e9 de roches pointues et de d\u00e9bris ligneux aiguis\u00e9s. Si vous souhaitez r\u00e9chauffer votre regard, tournez-vous vers les hauteurs, car le Parc national des Gorges de Nera-Beu\u015fni\u0163a est un terrain int\u00e9ressant d&rsquo;escalade, de randonn\u00e9e \u00e0 pied ou \u00e0 VTT. Les grottes sont \u00e9galement ouvertes aux sp\u00e9l\u00e9ologues, mais avec un accompagnement sp\u00e9cialis\u00e9 fourni par le personnel du parc. <\/p>\n<p><\/p>\n<p>Et c&rsquo;est toujours ce dernier qui vous fournira l&rsquo;appui n\u00e9cessaire et obligatoire pour photographier ou filmer la faune et la flore prot\u00e9g\u00e9es. Il y a tr\u00e8s peu de structures d&rsquo;h\u00e9bergement sur le territoire du Parc national des Gorges de Nera-Beu\u015fni\u0163a, pour des raisons de protection environnementale &#8211; pensez, donc, \u00e0 planifier votre voyage bien \u00e0 l&rsquo;avance. (trad.: Andrei Popov)<\/p>\n","protected":false},"excerpt":{"rendered":"<p>Notre destination d&rsquo;aujourd&rsquo;hui est bien \u00e0 l&rsquo;abri des grandes routes touristiques, ce qui fait que son apparence sauvage est rest\u00e9e presqu&rsquo;intacte. Nous allons faire un tour rapide du Parc national des Gorges de Nera-Beu\u015fni\u0163a. Nous nous trouvons donc dans le sud-ouest de la Roumanie, dans une r\u00e9gion comprenant la partie m\u00e9ridionale des monts Anina, les [&hellip;]<\/p>\n","protected":false},"author":126,"featured_media":148433,"comment_status":"closed","ping_status":"closed","sticky":false,"template":"","format":"standard","meta":{"_acf_changed":false,"footnotes":""},"categories":[96088],"tags":[87547,68642,153997,86216,144399,96762],"coauthors":[],"class_list":["post-421753","post","type-post","status-publish","format-standard","has-post-thumbnail","hentry","category-visitez-la-roumanie","tag-grottes","tag-nera","tag-parc-fr","tag-tourisme","tag-voyage-fr","tag-vtt"],"acf":[],"yoast_head":"<!-- This site is optimized with the Yoast SEO plugin v27.5 - https:\/\/yoast.com\/product\/yoast-seo-wordpress\/ -->\n<title>Le Parc national des Gorges de Nera-Beu\u015fni\u0163a - Radio Roumanie Internationale<\/title>\n<meta name=\"robots\" content=\"index, follow, max-snippet:-1, max-image-preview:large, max-video-preview:-1\" \/>\n<link rel=\"canonical\" href=\"https:\/\/www.rri.ro\/fr\/nos-emissions\/visitez-la-roumanie\/le-parc-national-des-gorges-de-nera-beusnita-id421753.html\" \/>\n<meta property=\"og:locale\" content=\"fr_FR\" \/>\n<meta property=\"og:type\" content=\"article\" \/>\n<meta property=\"og:title\" content=\"Le Parc national des Gorges de Nera-Beu\u015fni\u0163a - Radio Roumanie Internationale\" \/>\n<meta property=\"og:description\" content=\"Notre destination d&rsquo;aujourd&rsquo;hui est bien \u00e0 l&rsquo;abri des grandes routes touristiques, ce qui fait que son apparence sauvage est rest\u00e9e presqu&rsquo;intacte. Nous allons faire un tour rapide du Parc national des Gorges de Nera-Beu\u015fni\u0163a. Nous nous trouvons donc dans le sud-ouest de la Roumanie, dans une r\u00e9gion comprenant la partie m\u00e9ridionale des monts Anina, les [&hellip;]\" \/>\n<meta property=\"og:url\" content=\"https:\/\/www.rri.ro\/fr\/nos-emissions\/visitez-la-roumanie\/le-parc-national-des-gorges-de-nera-beusnita-id421753.html\" \/>\n<meta property=\"og:site_name\" content=\"Radio Roumanie Internationale\" \/>\n<meta property=\"article:published_time\" content=\"2016-08-04T10:28:00+00:00\" \/>\n<meta property=\"og:image\" content=\"https:\/\/www.rri.ro\/wp-content\/uploads\/2023\/10\/raul-nera.png\" \/>\n\t<meta property=\"og:image:width\" content=\"640\" \/>\n\t<meta property=\"og:image:height\" content=\"480\" \/>\n\t<meta property=\"og:image:type\" content=\"image\/png\" \/>\n<meta name=\"author\" content=\"Ana-Maria Cononovici\" \/>\n<meta name=\"twitter:card\" content=\"summary_large_image\" \/>\n<meta name=\"twitter:label1\" content=\"\u00c9crit par\" \/>\n\t<meta name=\"twitter:data1\" content=\"Ana-Maria Cononovici\" \/>\n\t<meta name=\"twitter:label2\" content=\"Dur\u00e9e de lecture estim\u00e9e\" \/>\n\t<meta name=\"twitter:data2\" content=\"3 minutes\" \/>\n\t<meta name=\"twitter:label3\" content=\"Written by\" \/>\n\t<meta name=\"twitter:data3\" content=\"Ana-Maria Cononovici\" \/>\n<script type=\"application\/ld+json\" class=\"yoast-schema-graph\">{\"@context\":\"https:\\\/\\\/schema.org\",\"@graph\":[{\"@type\":\"Article\",\"@id\":\"https:\\\/\\\/www.rri.ro\\\/fr\\\/nos-emissions\\\/visitez-la-roumanie\\\/le-parc-national-des-gorges-de-nera-beusnita-id421753.html#article\",\"isPartOf\":{\"@id\":\"https:\\\/\\\/www.rri.ro\\\/fr\\\/nos-emissions\\\/visitez-la-roumanie\\\/le-parc-national-des-gorges-de-nera-beusnita-id421753.html\"},\"author\":{\"name\":\"Ana-Maria Cononovici\",\"@id\":\"https:\\\/\\\/www.rri.ro\\\/#\\\/schema\\\/person\\\/70ee98042ca8b95ae29876ed4848670e\"},\"headline\":\"Le Parc national des Gorges de Nera-Beu\u015fni\u0163a\",\"datePublished\":\"2016-08-04T10:28:00+00:00\",\"mainEntityOfPage\":{\"@id\":\"https:\\\/\\\/www.rri.ro\\\/fr\\\/nos-emissions\\\/visitez-la-roumanie\\\/le-parc-national-des-gorges-de-nera-beusnita-id421753.html\"},\"wordCount\":610,\"image\":{\"@id\":\"https:\\\/\\\/www.rri.ro\\\/fr\\\/nos-emissions\\\/visitez-la-roumanie\\\/le-parc-national-des-gorges-de-nera-beusnita-id421753.html#primaryimage\"},\"thumbnailUrl\":\"https:\\\/\\\/www.rri.ro\\\/wp-content\\\/uploads\\\/2023\\\/10\\\/raul-nera.png\",\"keywords\":[\"grottes\",\"Nera\",\"parc\",\"tourisme\",\"Voyage\",\"VTT\"],\"articleSection\":[\"Visitez la Roumanie\"],\"inLanguage\":\"fr-FR\"},{\"@type\":\"WebPage\",\"@id\":\"https:\\\/\\\/www.rri.ro\\\/fr\\\/nos-emissions\\\/visitez-la-roumanie\\\/le-parc-national-des-gorges-de-nera-beusnita-id421753.html\",\"url\":\"https:\\\/\\\/www.rri.ro\\\/fr\\\/nos-emissions\\\/visitez-la-roumanie\\\/le-parc-national-des-gorges-de-nera-beusnita-id421753.html\",\"name\":\"Le Parc national des Gorges de Nera-Beu\u015fni\u0163a - Radio Roumanie Internationale\",\"isPartOf\":{\"@id\":\"https:\\\/\\\/www.rri.ro\\\/#website\"},\"primaryImageOfPage\":{\"@id\":\"https:\\\/\\\/www.rri.ro\\\/fr\\\/nos-emissions\\\/visitez-la-roumanie\\\/le-parc-national-des-gorges-de-nera-beusnita-id421753.html#primaryimage\"},\"image\":{\"@id\":\"https:\\\/\\\/www.rri.ro\\\/fr\\\/nos-emissions\\\/visitez-la-roumanie\\\/le-parc-national-des-gorges-de-nera-beusnita-id421753.html#primaryimage\"},\"thumbnailUrl\":\"https:\\\/\\\/www.rri.ro\\\/wp-content\\\/uploads\\\/2023\\\/10\\\/raul-nera.png\",\"datePublished\":\"2016-08-04T10:28:00+00:00\",\"author\":{\"@id\":\"https:\\\/\\\/www.rri.ro\\\/#\\\/schema\\\/person\\\/70ee98042ca8b95ae29876ed4848670e\"},\"breadcrumb\":{\"@id\":\"https:\\\/\\\/www.rri.ro\\\/fr\\\/nos-emissions\\\/visitez-la-roumanie\\\/le-parc-national-des-gorges-de-nera-beusnita-id421753.html#breadcrumb\"},\"inLanguage\":\"fr-FR\",\"potentialAction\":[{\"@type\":\"ReadAction\",\"target\":[\"https:\\\/\\\/www.rri.ro\\\/fr\\\/nos-emissions\\\/visitez-la-roumanie\\\/le-parc-national-des-gorges-de-nera-beusnita-id421753.html\"]}]},{\"@type\":\"ImageObject\",\"inLanguage\":\"fr-FR\",\"@id\":\"https:\\\/\\\/www.rri.ro\\\/fr\\\/nos-emissions\\\/visitez-la-roumanie\\\/le-parc-national-des-gorges-de-nera-beusnita-id421753.html#primaryimage\",\"url\":\"https:\\\/\\\/www.rri.ro\\\/wp-content\\\/uploads\\\/2023\\\/10\\\/raul-nera.png\",\"contentUrl\":\"https:\\\/\\\/www.rri.ro\\\/wp-content\\\/uploads\\\/2023\\\/10\\\/raul-nera.png\",\"width\":640,\"height\":480},{\"@type\":\"BreadcrumbList\",\"@id\":\"https:\\\/\\\/www.rri.ro\\\/fr\\\/nos-emissions\\\/visitez-la-roumanie\\\/le-parc-national-des-gorges-de-nera-beusnita-id421753.html#breadcrumb\",\"itemListElement\":[{\"@type\":\"ListItem\",\"position\":1,\"name\":\"Page d'accueil\",\"item\":\"https:\\\/\\\/www.rri.ro\\\/fr\"},{\"@type\":\"ListItem\",\"position\":2,\"name\":\"Nos \u00e9missions\",\"item\":\"https:\\\/\\\/www.rri.ro\\\/fr\\\/nos-emissions\"},{\"@type\":\"ListItem\",\"position\":3,\"name\":\"Visitez la Roumanie\",\"item\":\"https:\\\/\\\/www.rri.ro\\\/fr\\\/nos-emissions\\\/visitez-la-roumanie\"},{\"@type\":\"ListItem\",\"position\":4,\"name\":\"Le Parc national des Gorges de Nera-Beu\u015fni\u0163a\"}]},{\"@type\":\"WebSite\",\"@id\":\"https:\\\/\\\/www.rri.ro\\\/#website\",\"url\":\"https:\\\/\\\/www.rri.ro\\\/\",\"name\":\"Radio Roumanie Internationale\",\"description\":\"Totul despre Rom\u00e2nia \u015fi rom\u00e2ni, \u00een 13 limbi\\\/dialecte!\",\"inLanguage\":\"fr-FR\"},{\"@type\":\"Person\",\"@id\":\"https:\\\/\\\/www.rri.ro\\\/#\\\/schema\\\/person\\\/70ee98042ca8b95ae29876ed4848670e\",\"name\":\"Ana-Maria Cononovici\",\"url\":\"https:\\\/\\\/www.rri.ro\\\/fr\\\/author\\\/ana-maria-cononovici\"}]}<\/script>\n<!-- \/ Yoast SEO plugin. -->","yoast_head_json":{"title":"Le Parc national des Gorges de Nera-Beu\u015fni\u0163a - Radio Roumanie Internationale","robots":{"index":"index","follow":"follow","max-snippet":"max-snippet:-1","max-image-preview":"max-image-preview:large","max-video-preview":"max-video-preview:-1"},"canonical":"https:\/\/www.rri.ro\/fr\/nos-emissions\/visitez-la-roumanie\/le-parc-national-des-gorges-de-nera-beusnita-id421753.html","og_locale":"fr_FR","og_type":"article","og_title":"Le Parc national des Gorges de Nera-Beu\u015fni\u0163a - Radio Roumanie Internationale","og_description":"Notre destination d&rsquo;aujourd&rsquo;hui est bien \u00e0 l&rsquo;abri des grandes routes touristiques, ce qui fait que son apparence sauvage est rest\u00e9e presqu&rsquo;intacte. Nous allons faire un tour rapide du Parc national des Gorges de Nera-Beu\u015fni\u0163a. Nous nous trouvons donc dans le sud-ouest de la Roumanie, dans une r\u00e9gion comprenant la partie m\u00e9ridionale des monts Anina, les [&hellip;]","og_url":"https:\/\/www.rri.ro\/fr\/nos-emissions\/visitez-la-roumanie\/le-parc-national-des-gorges-de-nera-beusnita-id421753.html","og_site_name":"Radio Roumanie Internationale","article_published_time":"2016-08-04T10:28:00+00:00","og_image":[{"width":640,"height":480,"url":"https:\/\/www.rri.ro\/wp-content\/uploads\/2023\/10\/raul-nera.png","type":"image\/png"}],"author":"Ana-Maria Cononovici","twitter_card":"summary_large_image","twitter_misc":{"\u00c9crit par":"Ana-Maria Cononovici","Dur\u00e9e de lecture estim\u00e9e":"3 minutes","Written by":"Ana-Maria Cononovici"},"schema":{"@context":"https:\/\/schema.org","@graph":[{"@type":"Article","@id":"https:\/\/www.rri.ro\/fr\/nos-emissions\/visitez-la-roumanie\/le-parc-national-des-gorges-de-nera-beusnita-id421753.html#article","isPartOf":{"@id":"https:\/\/www.rri.ro\/fr\/nos-emissions\/visitez-la-roumanie\/le-parc-national-des-gorges-de-nera-beusnita-id421753.html"},"author":{"name":"Ana-Maria Cononovici","@id":"https:\/\/www.rri.ro\/#\/schema\/person\/70ee98042ca8b95ae29876ed4848670e"},"headline":"Le Parc national des Gorges de Nera-Beu\u015fni\u0163a","datePublished":"2016-08-04T10:28:00+00:00","mainEntityOfPage":{"@id":"https:\/\/www.rri.ro\/fr\/nos-emissions\/visitez-la-roumanie\/le-parc-national-des-gorges-de-nera-beusnita-id421753.html"},"wordCount":610,"image":{"@id":"https:\/\/www.rri.ro\/fr\/nos-emissions\/visitez-la-roumanie\/le-parc-national-des-gorges-de-nera-beusnita-id421753.html#primaryimage"},"thumbnailUrl":"https:\/\/www.rri.ro\/wp-content\/uploads\/2023\/10\/raul-nera.png","keywords":["grottes","Nera","parc","tourisme","Voyage","VTT"],"articleSection":["Visitez la Roumanie"],"inLanguage":"fr-FR"},{"@type":"WebPage","@id":"https:\/\/www.rri.ro\/fr\/nos-emissions\/visitez-la-roumanie\/le-parc-national-des-gorges-de-nera-beusnita-id421753.html","url":"https:\/\/www.rri.ro\/fr\/nos-emissions\/visitez-la-roumanie\/le-parc-national-des-gorges-de-nera-beusnita-id421753.html","name":"Le Parc national des Gorges de Nera-Beu\u015fni\u0163a - Radio Roumanie Internationale","isPartOf":{"@id":"https:\/\/www.rri.ro\/#website"},"primaryImageOfPage":{"@id":"https:\/\/www.rri.ro\/fr\/nos-emissions\/visitez-la-roumanie\/le-parc-national-des-gorges-de-nera-beusnita-id421753.html#primaryimage"},"image":{"@id":"https:\/\/www.rri.ro\/fr\/nos-emissions\/visitez-la-roumanie\/le-parc-national-des-gorges-de-nera-beusnita-id421753.html#primaryimage"},"thumbnailUrl":"https:\/\/www.rri.ro\/wp-content\/uploads\/2023\/10\/raul-nera.png","datePublished":"2016-08-04T10:28:00+00:00","author":{"@id":"https:\/\/www.rri.ro\/#\/schema\/person\/70ee98042ca8b95ae29876ed4848670e"},"breadcrumb":{"@id":"https:\/\/www.rri.ro\/fr\/nos-emissions\/visitez-la-roumanie\/le-parc-national-des-gorges-de-nera-beusnita-id421753.html#breadcrumb"},"inLanguage":"fr-FR","potentialAction":[{"@type":"ReadAction","target":["https:\/\/www.rri.ro\/fr\/nos-emissions\/visitez-la-roumanie\/le-parc-national-des-gorges-de-nera-beusnita-id421753.html"]}]},{"@type":"ImageObject","inLanguage":"fr-FR","@id":"https:\/\/www.rri.ro\/fr\/nos-emissions\/visitez-la-roumanie\/le-parc-national-des-gorges-de-nera-beusnita-id421753.html#primaryimage","url":"https:\/\/www.rri.ro\/wp-content\/uploads\/2023\/10\/raul-nera.png","contentUrl":"https:\/\/www.rri.ro\/wp-content\/uploads\/2023\/10\/raul-nera.png","width":640,"height":480},{"@type":"BreadcrumbList","@id":"https:\/\/www.rri.ro\/fr\/nos-emissions\/visitez-la-roumanie\/le-parc-national-des-gorges-de-nera-beusnita-id421753.html#breadcrumb","itemListElement":[{"@type":"ListItem","position":1,"name":"Page d'accueil","item":"https:\/\/www.rri.ro\/fr"},{"@type":"ListItem","position":2,"name":"Nos \u00e9missions","item":"https:\/\/www.rri.ro\/fr\/nos-emissions"},{"@type":"ListItem","position":3,"name":"Visitez la Roumanie","item":"https:\/\/www.rri.ro\/fr\/nos-emissions\/visitez-la-roumanie"},{"@type":"ListItem","position":4,"name":"Le Parc national des Gorges de Nera-Beu\u015fni\u0163a"}]},{"@type":"WebSite","@id":"https:\/\/www.rri.ro\/#website","url":"https:\/\/www.rri.ro\/","name":"Radio Roumanie Internationale","description":"Totul despre Rom\u00e2nia \u015fi rom\u00e2ni, \u00een 13 limbi\/dialecte!","inLanguage":"fr-FR"},{"@type":"Person","@id":"https:\/\/www.rri.ro\/#\/schema\/person\/70ee98042ca8b95ae29876ed4848670e","name":"Ana-Maria Cononovici","url":"https:\/\/www.rri.ro\/fr\/author\/ana-maria-cononovici"}]}},"_links":{"self":[{"href":"https:\/\/www.rri.ro\/fr\/wp-json\/wp\/v2\/posts\/421753","targetHints":{"allow":["GET"]}}],"collection":[{"href":"https:\/\/www.rri.ro\/fr\/wp-json\/wp\/v2\/posts"}],"about":[{"href":"https:\/\/www.rri.ro\/fr\/wp-json\/wp\/v2\/types\/post"}],"author":[{"embeddable":true,"href":"https:\/\/www.rri.ro\/fr\/wp-json\/wp\/v2\/users\/126"}],"replies":[{"embeddable":true,"href":"https:\/\/www.rri.ro\/fr\/wp-json\/wp\/v2\/comments?post=421753"}],"version-history":[{"count":0,"href":"https:\/\/www.rri.ro\/fr\/wp-json\/wp\/v2\/posts\/421753\/revisions"}],"wp:featuredmedia":[{"embeddable":true,"href":"https:\/\/www.rri.ro\/fr\/wp-json\/wp\/v2\/media\/148433"}],"wp:attachment":[{"href":"https:\/\/www.rri.ro\/fr\/wp-json\/wp\/v2\/media?parent=421753"}],"wp:term":[{"taxonomy":"category","embeddable":true,"href":"https:\/\/www.rri.ro\/fr\/wp-json\/wp\/v2\/categories?post=421753"},{"taxonomy":"post_tag","embeddable":true,"href":"https:\/\/www.rri.ro\/fr\/wp-json\/wp\/v2\/tags?post=421753"},{"taxonomy":"author","embeddable":true,"href":"https:\/\/www.rri.ro\/fr\/wp-json\/wp\/v2\/coauthors?post=421753"}],"curies":[{"name":"wp","href":"https:\/\/api.w.org\/{rel}","templated":true}]}}