{"id":421761,"date":"2017-01-02T12:20:00","date_gmt":"2017-01-02T10:20:00","guid":{"rendered":"http:\/\/devrri.freshlemon.ro\/le-roumain-mot-a-mot\/consulter-les-lecons\/prejmer-id421761.html"},"modified":"2017-01-02T12:20:00","modified_gmt":"2017-01-02T10:20:00","slug":"prejmer","status":"publish","type":"post","link":"https:\/\/www.rri.ro\/fr\/nos-emissions\/visitez-la-roumanie\/prejmer-id421761.html","title":{"rendered":"Prejmer"},"content":{"rendered":"<\/p>\n<p>Dans les minutes suivantes, nous vous invitons \u00e0 un voyage \u00e0 Prejmer, localit\u00e9 situ\u00e9e au centre de la Roumanie, \u00e0 une quinzaine de km de Bra\u015fov. Hormis le charme champ\u00eatre, la commune doit son renom \u00e0 l&rsquo;\u00e9glise fortifi\u00e9e datant du XIIIe si\u00e8cle. C&rsquo;est le plus grand et le plus majestueux \u00e9difice de ce type du Sud-Est de l&rsquo;Europe, qui d\u00e9tient 3 \u00e9toiles Michelin. On ne saurait oublier l&rsquo;orgue de l&rsquo;\u00e9glise de Prejmer, un des plus connus de Transylvanie, ainsi que l&rsquo;autel, qui compte parmi les plus anciens de la contr\u00e9e. Appel\u00e9 \u00abl&rsquo;orgue de la mort\u00bb, cet instrument musical date de 1803. Autrefois, son r\u00f4le \u00e9tait de semer la panique au sein des attaquants par les sons qu&rsquo;il \u00e9mettait. Nombre d&rsquo;activit\u00e9s de la commune sont li\u00e9es \u00e0 ce v\u00e9ritable monument, qui figure d&rsquo;ailleurs dans le patrimoine mondial de l&rsquo;UNESCO. En \u00e9t\u00e9 notamment, l&rsquo;\u00e9glise accueille, chaque dimanche, des concerts de musique classique ou d&rsquo;orgue. Le nom de la localit\u00e9 rev\u00eatait des significations diff\u00e9rentes selon l&rsquo;origine ethnique des habitants de la cit\u00e9 m\u00e9di\u00e9vale. La plus connue des appellations est celle de Preajmir, ce qui veut dire le village aux mille sources. <\/p>\n<p><\/p>\n<p>C&rsquo;est la pr\u00e9sence de ces sources qui a favoris\u00e9 l&rsquo;essor de l&rsquo;\u00e9levage des truites, explique Mihaela Sima, qui travaille \u00e0 la mairie de Prejmer : <em class=cms-italic>\u00ab La localit\u00e9 de Prejmer est un v\u00e9ritable rep\u00e8re pour le comt\u00e9 de Bra\u015fov. L&rsquo;infrastructure y est pour beaucoup, car nous disposons de deux routes qui nous relient au chef &#8211; lieu de Brasov. Une fois arriv\u00e9s \u00e0 Prejmer, les visiteurs pourront admirer un patrimoine historique \u00e0 part. Et l\u00e0 je me r\u00e9f\u00e8re tout d&rsquo;abord \u00e0 l&rsquo;\u00e9glise fortifi\u00e9e, inscrite au patrimoine mondial de l&rsquo;UNESCO. La construction de cette principale attraction touristique de notre localit\u00e9 et que nous devons aux chevaliers teutons, a commenc\u00e9 en 1211. Un autre site touristique incontournable est l&rsquo;\u00e9glise orthodoxe \u00ab Les Saints Ap\u00f4tres Pierre et Paul \u00bb, class\u00e9e monument historique. \u00bb<\/em><\/p>\n<p>La cuisine du terroir est un autre point fort de la localit\u00e9 de Prejmer, dont les habitants continuent soigneusement de pr\u00e9server les anciennes recettes, pr\u00e9cise encore Mihaela Sima, qui poursuit : \u00ab<em class=cms-italic> Gr\u00e2ce aux facteurs naturels de la contr\u00e9e, notre localit\u00e9 est propice \u00e0 la d\u00e9tente. L&rsquo;air y est tr\u00e8s pur et les eaux sont limpides. A preuve, la pr\u00e9sence des grues, dont on dit qu&rsquo;elles recherchent l&rsquo;air tr\u00e8s pur. Quant \u00e0 la gastronomie, elle est un heureux mariage entre la cuisine traditionnelle roumaine et celle saxonne. Nos pensions touristiques vous feront sans doute d\u00e9couvrir nos plats sp\u00e9cifiques, dont les fameuses cr\u00eapes farcies \u00e0 la viande, au fromage ou \u00e0 la confiture \u00bb<\/em>.<\/p>\n<p><\/p>\n<p>Aujourd&rsquo;hui comme hier, le calme r\u00e8gne dans les rues de la commune de Prejmer et les g\u00eetes ruraux attirent leurs visiteurs avec des offres all\u00e9chantes. Dans une pension trois \u00e9toiles, les tarifs varient de 70 \u00e0 150 lei par personne, en chambre double, pour une nuit\u00e9e, petit d\u00e9jeuner compris. En plus, vous pouvez faire des randonn\u00e9es dans la for\u00eat de Prejmer, une r\u00e9serve naturelle qui s&rsquo;\u00e9tale sur 300 hectares. Autant d&rsquo;atouts qui recommandent la petite localit\u00e9 de Prejmer comme la destination id\u00e9ale pour un s\u00e9jour inoubliable, dans une ambiance m\u00e9di\u00e9vale et boh\u00e8me \u00e0 la fois.  (Trad. Mariana Tudose)<\/p><\/p>\n","protected":false},"excerpt":{"rendered":"<p>Dans les minutes suivantes, nous vous invitons \u00e0 un voyage \u00e0 Prejmer, localit\u00e9 situ\u00e9e au centre de la Roumanie, \u00e0 une quinzaine de km de Bra\u015fov. Hormis le charme champ\u00eatre, la commune doit son renom \u00e0 l&rsquo;\u00e9glise fortifi\u00e9e datant du XIIIe si\u00e8cle. C&rsquo;est le plus grand et le plus majestueux \u00e9difice de ce type du [&hellip;]<\/p>\n","protected":false},"author":128,"featured_media":421762,"comment_status":"closed","ping_status":"closed","sticky":false,"template":"","format":"standard","meta":{"_acf_changed":false,"footnotes":""},"categories":[96088],"tags":[149045,87732,180871],"coauthors":[],"class_list":["post-421761","post","type-post","status-publish","format-standard","has-post-thumbnail","hentry","category-visitez-la-roumanie","tag-brasov-fr","tag-eglise-fortifiee","tag-prejmer-fr"],"acf":[],"yoast_head":"<!-- This site is optimized with the Yoast SEO plugin v27.5 - https:\/\/yoast.com\/product\/yoast-seo-wordpress\/ -->\n<title>Prejmer - Radio Roumanie Internationale<\/title>\n<meta name=\"robots\" content=\"index, follow, max-snippet:-1, max-image-preview:large, max-video-preview:-1\" \/>\n<link rel=\"canonical\" href=\"https:\/\/www.rri.ro\/fr\/nos-emissions\/visitez-la-roumanie\/prejmer-id421761.html\" \/>\n<meta property=\"og:locale\" content=\"fr_FR\" \/>\n<meta property=\"og:type\" content=\"article\" \/>\n<meta property=\"og:title\" content=\"Prejmer - Radio Roumanie Internationale\" \/>\n<meta property=\"og:description\" content=\"Dans les minutes suivantes, nous vous invitons \u00e0 un voyage \u00e0 Prejmer, localit\u00e9 situ\u00e9e au centre de la Roumanie, \u00e0 une quinzaine de km de Bra\u015fov. Hormis le charme champ\u00eatre, la commune doit son renom \u00e0 l&rsquo;\u00e9glise fortifi\u00e9e datant du XIIIe si\u00e8cle. C&rsquo;est le plus grand et le plus majestueux \u00e9difice de ce type du [&hellip;]\" \/>\n<meta property=\"og:url\" content=\"https:\/\/www.rri.ro\/fr\/nos-emissions\/visitez-la-roumanie\/prejmer-id421761.html\" \/>\n<meta property=\"og:site_name\" content=\"Radio Roumanie Internationale\" \/>\n<meta property=\"article:published_time\" content=\"2017-01-02T10:20:00+00:00\" \/>\n<meta property=\"og:image\" content=\"https:\/\/www.rri.ro\/wp-content\/uploads\/2023\/10\/prejmer-mare.png\" \/>\n\t<meta property=\"og:image:width\" content=\"640\" \/>\n\t<meta property=\"og:image:height\" content=\"480\" \/>\n\t<meta property=\"og:image:type\" content=\"image\/png\" \/>\n<meta name=\"author\" content=\"Daniel Onea\" \/>\n<meta name=\"twitter:card\" content=\"summary_large_image\" \/>\n<meta name=\"twitter:label1\" content=\"\u00c9crit par\" \/>\n\t<meta name=\"twitter:data1\" content=\"Daniel Onea\" \/>\n\t<meta name=\"twitter:label2\" content=\"Dur\u00e9e de lecture estim\u00e9e\" \/>\n\t<meta name=\"twitter:data2\" content=\"3 minutes\" \/>\n\t<meta name=\"twitter:label3\" content=\"Written by\" \/>\n\t<meta name=\"twitter:data3\" content=\"Daniel Onea\" \/>\n<script type=\"application\/ld+json\" class=\"yoast-schema-graph\">{\"@context\":\"https:\\\/\\\/schema.org\",\"@graph\":[{\"@type\":\"Article\",\"@id\":\"https:\\\/\\\/www.rri.ro\\\/fr\\\/nos-emissions\\\/visitez-la-roumanie\\\/prejmer-id421761.html#article\",\"isPartOf\":{\"@id\":\"https:\\\/\\\/www.rri.ro\\\/fr\\\/nos-emissions\\\/visitez-la-roumanie\\\/prejmer-id421761.html\"},\"author\":{\"name\":\"Daniel Onea\",\"@id\":\"https:\\\/\\\/www.rri.ro\\\/#\\\/schema\\\/person\\\/fcce42c208d45f30f5b054b64bc1e0df\"},\"headline\":\"Prejmer\",\"datePublished\":\"2017-01-02T10:20:00+00:00\",\"mainEntityOfPage\":{\"@id\":\"https:\\\/\\\/www.rri.ro\\\/fr\\\/nos-emissions\\\/visitez-la-roumanie\\\/prejmer-id421761.html\"},\"wordCount\":578,\"image\":{\"@id\":\"https:\\\/\\\/www.rri.ro\\\/fr\\\/nos-emissions\\\/visitez-la-roumanie\\\/prejmer-id421761.html#primaryimage\"},\"thumbnailUrl\":\"https:\\\/\\\/www.rri.ro\\\/wp-content\\\/uploads\\\/2023\\\/10\\\/prejmer-mare.png\",\"keywords\":[\"Brasov\",\"\u00e9glise fortifi\u00e9e\",\"Prejmer\"],\"articleSection\":[\"Visitez la Roumanie\"],\"inLanguage\":\"fr-FR\"},{\"@type\":\"WebPage\",\"@id\":\"https:\\\/\\\/www.rri.ro\\\/fr\\\/nos-emissions\\\/visitez-la-roumanie\\\/prejmer-id421761.html\",\"url\":\"https:\\\/\\\/www.rri.ro\\\/fr\\\/nos-emissions\\\/visitez-la-roumanie\\\/prejmer-id421761.html\",\"name\":\"Prejmer - Radio Roumanie Internationale\",\"isPartOf\":{\"@id\":\"https:\\\/\\\/www.rri.ro\\\/#website\"},\"primaryImageOfPage\":{\"@id\":\"https:\\\/\\\/www.rri.ro\\\/fr\\\/nos-emissions\\\/visitez-la-roumanie\\\/prejmer-id421761.html#primaryimage\"},\"image\":{\"@id\":\"https:\\\/\\\/www.rri.ro\\\/fr\\\/nos-emissions\\\/visitez-la-roumanie\\\/prejmer-id421761.html#primaryimage\"},\"thumbnailUrl\":\"https:\\\/\\\/www.rri.ro\\\/wp-content\\\/uploads\\\/2023\\\/10\\\/prejmer-mare.png\",\"datePublished\":\"2017-01-02T10:20:00+00:00\",\"author\":{\"@id\":\"https:\\\/\\\/www.rri.ro\\\/#\\\/schema\\\/person\\\/fcce42c208d45f30f5b054b64bc1e0df\"},\"breadcrumb\":{\"@id\":\"https:\\\/\\\/www.rri.ro\\\/fr\\\/nos-emissions\\\/visitez-la-roumanie\\\/prejmer-id421761.html#breadcrumb\"},\"inLanguage\":\"fr-FR\",\"potentialAction\":[{\"@type\":\"ReadAction\",\"target\":[\"https:\\\/\\\/www.rri.ro\\\/fr\\\/nos-emissions\\\/visitez-la-roumanie\\\/prejmer-id421761.html\"]}]},{\"@type\":\"ImageObject\",\"inLanguage\":\"fr-FR\",\"@id\":\"https:\\\/\\\/www.rri.ro\\\/fr\\\/nos-emissions\\\/visitez-la-roumanie\\\/prejmer-id421761.html#primaryimage\",\"url\":\"https:\\\/\\\/www.rri.ro\\\/wp-content\\\/uploads\\\/2023\\\/10\\\/prejmer-mare.png\",\"contentUrl\":\"https:\\\/\\\/www.rri.ro\\\/wp-content\\\/uploads\\\/2023\\\/10\\\/prejmer-mare.png\",\"width\":640,\"height\":480},{\"@type\":\"BreadcrumbList\",\"@id\":\"https:\\\/\\\/www.rri.ro\\\/fr\\\/nos-emissions\\\/visitez-la-roumanie\\\/prejmer-id421761.html#breadcrumb\",\"itemListElement\":[{\"@type\":\"ListItem\",\"position\":1,\"name\":\"Page d'accueil\",\"item\":\"https:\\\/\\\/www.rri.ro\\\/fr\"},{\"@type\":\"ListItem\",\"position\":2,\"name\":\"Nos \u00e9missions\",\"item\":\"https:\\\/\\\/www.rri.ro\\\/fr\\\/nos-emissions\"},{\"@type\":\"ListItem\",\"position\":3,\"name\":\"Visitez la Roumanie\",\"item\":\"https:\\\/\\\/www.rri.ro\\\/fr\\\/nos-emissions\\\/visitez-la-roumanie\"},{\"@type\":\"ListItem\",\"position\":4,\"name\":\"Prejmer\"}]},{\"@type\":\"WebSite\",\"@id\":\"https:\\\/\\\/www.rri.ro\\\/#website\",\"url\":\"https:\\\/\\\/www.rri.ro\\\/\",\"name\":\"Radio Roumanie Internationale\",\"description\":\"Totul despre Rom\u00e2nia \u015fi rom\u00e2ni, \u00een 13 limbi\\\/dialecte!\",\"inLanguage\":\"fr-FR\"},{\"@type\":\"Person\",\"@id\":\"https:\\\/\\\/www.rri.ro\\\/#\\\/schema\\\/person\\\/fcce42c208d45f30f5b054b64bc1e0df\",\"name\":\"Daniel Onea\",\"url\":\"https:\\\/\\\/www.rri.ro\\\/fr\\\/author\\\/daniel-onea\"}]}<\/script>\n<!-- \/ Yoast SEO plugin. -->","yoast_head_json":{"title":"Prejmer - Radio Roumanie Internationale","robots":{"index":"index","follow":"follow","max-snippet":"max-snippet:-1","max-image-preview":"max-image-preview:large","max-video-preview":"max-video-preview:-1"},"canonical":"https:\/\/www.rri.ro\/fr\/nos-emissions\/visitez-la-roumanie\/prejmer-id421761.html","og_locale":"fr_FR","og_type":"article","og_title":"Prejmer - Radio Roumanie Internationale","og_description":"Dans les minutes suivantes, nous vous invitons \u00e0 un voyage \u00e0 Prejmer, localit\u00e9 situ\u00e9e au centre de la Roumanie, \u00e0 une quinzaine de km de Bra\u015fov. Hormis le charme champ\u00eatre, la commune doit son renom \u00e0 l&rsquo;\u00e9glise fortifi\u00e9e datant du XIIIe si\u00e8cle. C&rsquo;est le plus grand et le plus majestueux \u00e9difice de ce type du [&hellip;]","og_url":"https:\/\/www.rri.ro\/fr\/nos-emissions\/visitez-la-roumanie\/prejmer-id421761.html","og_site_name":"Radio Roumanie Internationale","article_published_time":"2017-01-02T10:20:00+00:00","og_image":[{"width":640,"height":480,"url":"https:\/\/www.rri.ro\/wp-content\/uploads\/2023\/10\/prejmer-mare.png","type":"image\/png"}],"author":"Daniel Onea","twitter_card":"summary_large_image","twitter_misc":{"\u00c9crit par":"Daniel Onea","Dur\u00e9e de lecture estim\u00e9e":"3 minutes","Written by":"Daniel Onea"},"schema":{"@context":"https:\/\/schema.org","@graph":[{"@type":"Article","@id":"https:\/\/www.rri.ro\/fr\/nos-emissions\/visitez-la-roumanie\/prejmer-id421761.html#article","isPartOf":{"@id":"https:\/\/www.rri.ro\/fr\/nos-emissions\/visitez-la-roumanie\/prejmer-id421761.html"},"author":{"name":"Daniel Onea","@id":"https:\/\/www.rri.ro\/#\/schema\/person\/fcce42c208d45f30f5b054b64bc1e0df"},"headline":"Prejmer","datePublished":"2017-01-02T10:20:00+00:00","mainEntityOfPage":{"@id":"https:\/\/www.rri.ro\/fr\/nos-emissions\/visitez-la-roumanie\/prejmer-id421761.html"},"wordCount":578,"image":{"@id":"https:\/\/www.rri.ro\/fr\/nos-emissions\/visitez-la-roumanie\/prejmer-id421761.html#primaryimage"},"thumbnailUrl":"https:\/\/www.rri.ro\/wp-content\/uploads\/2023\/10\/prejmer-mare.png","keywords":["Brasov","\u00e9glise fortifi\u00e9e","Prejmer"],"articleSection":["Visitez la Roumanie"],"inLanguage":"fr-FR"},{"@type":"WebPage","@id":"https:\/\/www.rri.ro\/fr\/nos-emissions\/visitez-la-roumanie\/prejmer-id421761.html","url":"https:\/\/www.rri.ro\/fr\/nos-emissions\/visitez-la-roumanie\/prejmer-id421761.html","name":"Prejmer - Radio Roumanie Internationale","isPartOf":{"@id":"https:\/\/www.rri.ro\/#website"},"primaryImageOfPage":{"@id":"https:\/\/www.rri.ro\/fr\/nos-emissions\/visitez-la-roumanie\/prejmer-id421761.html#primaryimage"},"image":{"@id":"https:\/\/www.rri.ro\/fr\/nos-emissions\/visitez-la-roumanie\/prejmer-id421761.html#primaryimage"},"thumbnailUrl":"https:\/\/www.rri.ro\/wp-content\/uploads\/2023\/10\/prejmer-mare.png","datePublished":"2017-01-02T10:20:00+00:00","author":{"@id":"https:\/\/www.rri.ro\/#\/schema\/person\/fcce42c208d45f30f5b054b64bc1e0df"},"breadcrumb":{"@id":"https:\/\/www.rri.ro\/fr\/nos-emissions\/visitez-la-roumanie\/prejmer-id421761.html#breadcrumb"},"inLanguage":"fr-FR","potentialAction":[{"@type":"ReadAction","target":["https:\/\/www.rri.ro\/fr\/nos-emissions\/visitez-la-roumanie\/prejmer-id421761.html"]}]},{"@type":"ImageObject","inLanguage":"fr-FR","@id":"https:\/\/www.rri.ro\/fr\/nos-emissions\/visitez-la-roumanie\/prejmer-id421761.html#primaryimage","url":"https:\/\/www.rri.ro\/wp-content\/uploads\/2023\/10\/prejmer-mare.png","contentUrl":"https:\/\/www.rri.ro\/wp-content\/uploads\/2023\/10\/prejmer-mare.png","width":640,"height":480},{"@type":"BreadcrumbList","@id":"https:\/\/www.rri.ro\/fr\/nos-emissions\/visitez-la-roumanie\/prejmer-id421761.html#breadcrumb","itemListElement":[{"@type":"ListItem","position":1,"name":"Page d'accueil","item":"https:\/\/www.rri.ro\/fr"},{"@type":"ListItem","position":2,"name":"Nos \u00e9missions","item":"https:\/\/www.rri.ro\/fr\/nos-emissions"},{"@type":"ListItem","position":3,"name":"Visitez la Roumanie","item":"https:\/\/www.rri.ro\/fr\/nos-emissions\/visitez-la-roumanie"},{"@type":"ListItem","position":4,"name":"Prejmer"}]},{"@type":"WebSite","@id":"https:\/\/www.rri.ro\/#website","url":"https:\/\/www.rri.ro\/","name":"Radio Roumanie Internationale","description":"Totul despre Rom\u00e2nia \u015fi rom\u00e2ni, \u00een 13 limbi\/dialecte!","inLanguage":"fr-FR"},{"@type":"Person","@id":"https:\/\/www.rri.ro\/#\/schema\/person\/fcce42c208d45f30f5b054b64bc1e0df","name":"Daniel Onea","url":"https:\/\/www.rri.ro\/fr\/author\/daniel-onea"}]}},"_links":{"self":[{"href":"https:\/\/www.rri.ro\/fr\/wp-json\/wp\/v2\/posts\/421761","targetHints":{"allow":["GET"]}}],"collection":[{"href":"https:\/\/www.rri.ro\/fr\/wp-json\/wp\/v2\/posts"}],"about":[{"href":"https:\/\/www.rri.ro\/fr\/wp-json\/wp\/v2\/types\/post"}],"author":[{"embeddable":true,"href":"https:\/\/www.rri.ro\/fr\/wp-json\/wp\/v2\/users\/128"}],"replies":[{"embeddable":true,"href":"https:\/\/www.rri.ro\/fr\/wp-json\/wp\/v2\/comments?post=421761"}],"version-history":[{"count":0,"href":"https:\/\/www.rri.ro\/fr\/wp-json\/wp\/v2\/posts\/421761\/revisions"}],"wp:featuredmedia":[{"embeddable":true,"href":"https:\/\/www.rri.ro\/fr\/wp-json\/wp\/v2\/media\/421762"}],"wp:attachment":[{"href":"https:\/\/www.rri.ro\/fr\/wp-json\/wp\/v2\/media?parent=421761"}],"wp:term":[{"taxonomy":"category","embeddable":true,"href":"https:\/\/www.rri.ro\/fr\/wp-json\/wp\/v2\/categories?post=421761"},{"taxonomy":"post_tag","embeddable":true,"href":"https:\/\/www.rri.ro\/fr\/wp-json\/wp\/v2\/tags?post=421761"},{"taxonomy":"author","embeddable":true,"href":"https:\/\/www.rri.ro\/fr\/wp-json\/wp\/v2\/coauthors?post=421761"}],"curies":[{"name":"wp","href":"https:\/\/api.w.org\/{rel}","templated":true}]}}