{"id":422004,"date":"2019-08-03T13:15:00","date_gmt":"2019-08-03T10:15:00","guid":{"rendered":"http:\/\/devrri.freshlemon.ro\/le-roumain-mot-a-mot\/consulter-les-lecons\/les-monts-padurea-craiului-id422004.html"},"modified":"2019-08-03T13:15:00","modified_gmt":"2019-08-03T10:15:00","slug":"les-monts-padurea-craiului","status":"publish","type":"post","link":"https:\/\/www.rri.ro\/fr\/nos-emissions\/visitez-la-roumanie\/les-monts-padurea-craiului-id422004.html","title":{"rendered":"Les Monts P\u0103durea Craiului"},"content":{"rendered":"<p>Nous vous proposons aujourd\u2019hui une nouvelle destination d\u2019\u00e9cotourisme, au d\u00e9partement de Bihor (ouest), dans les Monts P\u0103durea Craiului. L\u00e0, au c\u0153ur de la montagne, notre guide, Andrei Acs, nous dit comment cette destination est mont\u00e9e en puissance et ce qu\u2019elle peut offrir aujourd\u2019hui : <em>\u00ab P\u0103durea Craiului devient une destination d\u2019\u00e9cotourisme. Derni\u00e8rement, la qualit\u00e9 des services s\u2019est beaucoup am\u00e9lior\u00e9e, et en m\u00eame temps, nous constatons une hausse du nombre des attractions que les touristes peuvent visiter dans la r\u00e9gion. Nous pouvons mentionner la Grotte de Meziad, la Grotte aux cristaux de la Mine de Farcu, la Grotte de Vadu Cri\u015fului, mais aussi d\u2019autres attractions ext\u00e9rieures, telles les Gorges de la Vall\u00e9e Cu\u0163ilor ou encore les Gorges de Lazuri. La r\u00e9gion regorge en itin\u00e9raires de randonn\u00e9e tant pour les familles avec enfants que pour les touristes plus chevronn\u00e9s : il y a plus de 300 km de trajets de VTT balis\u00e9s. Nous avons aussi des itin\u00e9raires de Via Ferrata, d\u2019escalade et de sp\u00e9l\u00e9otourisme, soit des grottes non am\u00e9nag\u00e9es, mais qu\u2019il est possible de visiter avec un guide. \u00bb<\/em><\/p>\n<p>&#13;<br \/>\n&#13;<\/p>\n<p>&#13;<br \/>\n&#13;<\/p>\n<p>        Andrei Acs, guide de la destination \u00e9cotouristique P\u0103durea Craiului, nous propose une visite \u00e0 la Mine de Farcu, \u00e0 la Grotte aux cristaux. Il raconte :<em>\u00ab C\u2019\u00e9tait une exploitation de bauxite dans les ann\u00e9es 1980 ; en 1989, une galerie s\u2019est effondr\u00e9e, ce qui a mis fin \u00e0 toute l\u2019activit\u00e9 ici. Pendant qu\u2019ils creusaient, les mineurs ont perc\u00e9 la paroi de la galerie mini\u00e8re, et c\u2019est ainsi que la grotte a \u00e9t\u00e9 d\u00e9couverte. En 2012, lorsque nous avons commenc\u00e9 \u00e0 am\u00e9nager la grotte pour qu\u2019elle puisse \u00eatre visit\u00e9e, tous les objets utilis\u00e9s pour l\u2019extraction du minerai jonchaient la galerie. Nous avons pris ces objets, nous les avons remis en \u00e9tat et les avons quelque peu ordonn\u00e9s dans la galerie o\u00f9 vous pouvez voir le mus\u00e9e minier. Tous les objets expos\u00e9s portent des plaquettes qui indiquent \u00e0 quoi ils servaient. Nous sommes dans un syst\u00e8me de galeries qui font ensemble un km et demi ; c\u2019est par l\u00e0 que les wagonnets \u00e9taient tir\u00e9s \u00e0 l\u2019aide d\u2019une poulie. \u00bb <\/em><\/p>\n<p>&#13;<br \/>\n&#13;<\/p>\n<p>&#13;<br \/>\n&#13;<\/p>\n<p>        Notre guide nous a recommand\u00e9 de profiter de la vue des structures de cristaux que les sp\u00e9cialistes \u00e9tudient de nos jours encore pour comprendre comment ils se sont form\u00e9s : <em>\u00ab Nous entrerons dans la r\u00e9serve aux cristaux ; l\u00e0-bas, toute la grotte est pleine de cristaux sur toutes les parois. Nous y verrons aussi ce que nous tenons pour le symbole de cette grotte : un cristal en forme de libellule. Plus loin dans le circuit touristique, il existe une zone prot\u00e9g\u00e9e de la grotte, dans laquelle on examine comment les cristaux se forment. Nous sommes appel\u00e9s \u00e0 trouver des m\u00e9thodes pour les prot\u00e9ger. \u00bb<\/em><\/p>\n<p>&#13;<br \/>\n&#13;<\/p>\n<p>        Andrei Acs a ajout\u00e9 que pour conna\u00eetre cette zone, il existe des activit\u00e9s pour une seule journ\u00e9e, mas aussi des programmes pour toute une semaine. Bonne visite !<\/p>\n<p>&#13;<\/p>\n","protected":false},"excerpt":{"rendered":"<p>Nous vous proposons aujourd\u2019hui une nouvelle destination d\u2019\u00e9cotourisme, au d\u00e9partement de Bihor (ouest), dans les Monts P\u0103durea Craiului. L\u00e0, au c\u0153ur de la montagne, notre guide, Andrei Acs, nous dit comment cette destination est mont\u00e9e en puissance et ce qu\u2019elle peut offrir aujourd\u2019hui : \u00ab P\u0103durea Craiului devient une destination d\u2019\u00e9cotourisme. Derni\u00e8rement, la qualit\u00e9 des [&hellip;]<\/p>\n","protected":false},"author":126,"featured_media":324408,"comment_status":"closed","ping_status":"closed","sticky":false,"template":"","format":"standard","meta":{"_acf_changed":false,"footnotes":""},"categories":[96088],"tags":[96833,152042,87880,96832],"coauthors":[],"class_list":["post-422004","post","type-post","status-publish","format-standard","has-post-thumbnail","hentry","category-visitez-la-roumanie","tag-andrei-ac","tag-bihor-fr","tag-ecotourisme","tag-les-monts-padurea-craiului"],"acf":[],"yoast_head":"<!-- This site is optimized with the Yoast SEO plugin v27.5 - https:\/\/yoast.com\/product\/yoast-seo-wordpress\/ -->\n<title>Les Monts P\u0103durea Craiului - Radio Roumanie Internationale<\/title>\n<meta name=\"robots\" content=\"index, follow, max-snippet:-1, max-image-preview:large, max-video-preview:-1\" \/>\n<link rel=\"canonical\" href=\"https:\/\/www.rri.ro\/fr\/nos-emissions\/visitez-la-roumanie\/les-monts-padurea-craiului-id422004.html\" \/>\n<meta property=\"og:locale\" content=\"fr_FR\" \/>\n<meta property=\"og:type\" content=\"article\" \/>\n<meta property=\"og:title\" content=\"Les Monts P\u0103durea Craiului - Radio Roumanie Internationale\" \/>\n<meta property=\"og:description\" content=\"Nous vous proposons aujourd\u2019hui une nouvelle destination d\u2019\u00e9cotourisme, au d\u00e9partement de Bihor (ouest), dans les Monts P\u0103durea Craiului. L\u00e0, au c\u0153ur de la montagne, notre guide, Andrei Acs, nous dit comment cette destination est mont\u00e9e en puissance et ce qu\u2019elle peut offrir aujourd\u2019hui : \u00ab P\u0103durea Craiului devient une destination d\u2019\u00e9cotourisme. Derni\u00e8rement, la qualit\u00e9 des [&hellip;]\" \/>\n<meta property=\"og:url\" content=\"https:\/\/www.rri.ro\/fr\/nos-emissions\/visitez-la-roumanie\/les-monts-padurea-craiului-id422004.html\" \/>\n<meta property=\"og:site_name\" content=\"Radio Roumanie Internationale\" \/>\n<meta property=\"article:published_time\" content=\"2019-08-03T10:15:00+00:00\" \/>\n<meta property=\"og:image\" content=\"https:\/\/www.rri.ro\/wp-content\/uploads\/2023\/10\/biciclete-muntii-padurea-craiului-foto-capdd-bihor-org.png\" \/>\n\t<meta property=\"og:image:width\" content=\"640\" \/>\n\t<meta property=\"og:image:height\" content=\"356\" \/>\n\t<meta property=\"og:image:type\" content=\"image\/png\" \/>\n<meta name=\"author\" content=\"Ana-Maria Cononovici\" \/>\n<meta name=\"twitter:card\" content=\"summary_large_image\" \/>\n<meta name=\"twitter:label1\" content=\"\u00c9crit par\" \/>\n\t<meta name=\"twitter:data1\" content=\"Ana-Maria Cononovici\" \/>\n\t<meta name=\"twitter:label2\" content=\"Dur\u00e9e de lecture estim\u00e9e\" \/>\n\t<meta name=\"twitter:data2\" content=\"3 minutes\" \/>\n\t<meta name=\"twitter:label3\" content=\"Written by\" \/>\n\t<meta name=\"twitter:data3\" content=\"Ana-Maria Cononovici\" \/>\n<script type=\"application\/ld+json\" class=\"yoast-schema-graph\">{\"@context\":\"https:\\\/\\\/schema.org\",\"@graph\":[{\"@type\":\"Article\",\"@id\":\"https:\\\/\\\/www.rri.ro\\\/fr\\\/nos-emissions\\\/visitez-la-roumanie\\\/les-monts-padurea-craiului-id422004.html#article\",\"isPartOf\":{\"@id\":\"https:\\\/\\\/www.rri.ro\\\/fr\\\/nos-emissions\\\/visitez-la-roumanie\\\/les-monts-padurea-craiului-id422004.html\"},\"author\":{\"name\":\"Ana-Maria Cononovici\",\"@id\":\"https:\\\/\\\/www.rri.ro\\\/#\\\/schema\\\/person\\\/70ee98042ca8b95ae29876ed4848670e\"},\"headline\":\"Les Monts P\u0103durea Craiului\",\"datePublished\":\"2019-08-03T10:15:00+00:00\",\"mainEntityOfPage\":{\"@id\":\"https:\\\/\\\/www.rri.ro\\\/fr\\\/nos-emissions\\\/visitez-la-roumanie\\\/les-monts-padurea-craiului-id422004.html\"},\"wordCount\":526,\"image\":{\"@id\":\"https:\\\/\\\/www.rri.ro\\\/fr\\\/nos-emissions\\\/visitez-la-roumanie\\\/les-monts-padurea-craiului-id422004.html#primaryimage\"},\"thumbnailUrl\":\"https:\\\/\\\/www.rri.ro\\\/wp-content\\\/uploads\\\/2023\\\/10\\\/biciclete-muntii-padurea-craiului-foto-capdd-bihor-org.png\",\"keywords\":[\"Andrei Ac\",\"bihor\",\"\u00e9cotourisme\",\"les Monts P\u0103durea Craiului\"],\"articleSection\":[\"Visitez la Roumanie\"],\"inLanguage\":\"fr-FR\"},{\"@type\":\"WebPage\",\"@id\":\"https:\\\/\\\/www.rri.ro\\\/fr\\\/nos-emissions\\\/visitez-la-roumanie\\\/les-monts-padurea-craiului-id422004.html\",\"url\":\"https:\\\/\\\/www.rri.ro\\\/fr\\\/nos-emissions\\\/visitez-la-roumanie\\\/les-monts-padurea-craiului-id422004.html\",\"name\":\"Les Monts P\u0103durea Craiului - Radio Roumanie Internationale\",\"isPartOf\":{\"@id\":\"https:\\\/\\\/www.rri.ro\\\/#website\"},\"primaryImageOfPage\":{\"@id\":\"https:\\\/\\\/www.rri.ro\\\/fr\\\/nos-emissions\\\/visitez-la-roumanie\\\/les-monts-padurea-craiului-id422004.html#primaryimage\"},\"image\":{\"@id\":\"https:\\\/\\\/www.rri.ro\\\/fr\\\/nos-emissions\\\/visitez-la-roumanie\\\/les-monts-padurea-craiului-id422004.html#primaryimage\"},\"thumbnailUrl\":\"https:\\\/\\\/www.rri.ro\\\/wp-content\\\/uploads\\\/2023\\\/10\\\/biciclete-muntii-padurea-craiului-foto-capdd-bihor-org.png\",\"datePublished\":\"2019-08-03T10:15:00+00:00\",\"author\":{\"@id\":\"https:\\\/\\\/www.rri.ro\\\/#\\\/schema\\\/person\\\/70ee98042ca8b95ae29876ed4848670e\"},\"breadcrumb\":{\"@id\":\"https:\\\/\\\/www.rri.ro\\\/fr\\\/nos-emissions\\\/visitez-la-roumanie\\\/les-monts-padurea-craiului-id422004.html#breadcrumb\"},\"inLanguage\":\"fr-FR\",\"potentialAction\":[{\"@type\":\"ReadAction\",\"target\":[\"https:\\\/\\\/www.rri.ro\\\/fr\\\/nos-emissions\\\/visitez-la-roumanie\\\/les-monts-padurea-craiului-id422004.html\"]}]},{\"@type\":\"ImageObject\",\"inLanguage\":\"fr-FR\",\"@id\":\"https:\\\/\\\/www.rri.ro\\\/fr\\\/nos-emissions\\\/visitez-la-roumanie\\\/les-monts-padurea-craiului-id422004.html#primaryimage\",\"url\":\"https:\\\/\\\/www.rri.ro\\\/wp-content\\\/uploads\\\/2023\\\/10\\\/biciclete-muntii-padurea-craiului-foto-capdd-bihor-org.png\",\"contentUrl\":\"https:\\\/\\\/www.rri.ro\\\/wp-content\\\/uploads\\\/2023\\\/10\\\/biciclete-muntii-padurea-craiului-foto-capdd-bihor-org.png\",\"width\":640,\"height\":356},{\"@type\":\"BreadcrumbList\",\"@id\":\"https:\\\/\\\/www.rri.ro\\\/fr\\\/nos-emissions\\\/visitez-la-roumanie\\\/les-monts-padurea-craiului-id422004.html#breadcrumb\",\"itemListElement\":[{\"@type\":\"ListItem\",\"position\":1,\"name\":\"Page d'accueil\",\"item\":\"https:\\\/\\\/www.rri.ro\\\/fr\"},{\"@type\":\"ListItem\",\"position\":2,\"name\":\"Nos \u00e9missions\",\"item\":\"https:\\\/\\\/www.rri.ro\\\/fr\\\/nos-emissions\"},{\"@type\":\"ListItem\",\"position\":3,\"name\":\"Visitez la Roumanie\",\"item\":\"https:\\\/\\\/www.rri.ro\\\/fr\\\/nos-emissions\\\/visitez-la-roumanie\"},{\"@type\":\"ListItem\",\"position\":4,\"name\":\"Les Monts P\u0103durea Craiului\"}]},{\"@type\":\"WebSite\",\"@id\":\"https:\\\/\\\/www.rri.ro\\\/#website\",\"url\":\"https:\\\/\\\/www.rri.ro\\\/\",\"name\":\"Radio Roumanie Internationale\",\"description\":\"Totul despre Rom\u00e2nia \u015fi rom\u00e2ni, \u00een 13 limbi\\\/dialecte!\",\"inLanguage\":\"fr-FR\"},{\"@type\":\"Person\",\"@id\":\"https:\\\/\\\/www.rri.ro\\\/#\\\/schema\\\/person\\\/70ee98042ca8b95ae29876ed4848670e\",\"name\":\"Ana-Maria Cononovici\",\"url\":\"https:\\\/\\\/www.rri.ro\\\/fr\\\/author\\\/ana-maria-cononovici\"}]}<\/script>\n<!-- \/ Yoast SEO plugin. -->","yoast_head_json":{"title":"Les Monts P\u0103durea Craiului - Radio Roumanie Internationale","robots":{"index":"index","follow":"follow","max-snippet":"max-snippet:-1","max-image-preview":"max-image-preview:large","max-video-preview":"max-video-preview:-1"},"canonical":"https:\/\/www.rri.ro\/fr\/nos-emissions\/visitez-la-roumanie\/les-monts-padurea-craiului-id422004.html","og_locale":"fr_FR","og_type":"article","og_title":"Les Monts P\u0103durea Craiului - Radio Roumanie Internationale","og_description":"Nous vous proposons aujourd\u2019hui une nouvelle destination d\u2019\u00e9cotourisme, au d\u00e9partement de Bihor (ouest), dans les Monts P\u0103durea Craiului. L\u00e0, au c\u0153ur de la montagne, notre guide, Andrei Acs, nous dit comment cette destination est mont\u00e9e en puissance et ce qu\u2019elle peut offrir aujourd\u2019hui : \u00ab P\u0103durea Craiului devient une destination d\u2019\u00e9cotourisme. Derni\u00e8rement, la qualit\u00e9 des [&hellip;]","og_url":"https:\/\/www.rri.ro\/fr\/nos-emissions\/visitez-la-roumanie\/les-monts-padurea-craiului-id422004.html","og_site_name":"Radio Roumanie Internationale","article_published_time":"2019-08-03T10:15:00+00:00","og_image":[{"width":640,"height":356,"url":"https:\/\/www.rri.ro\/wp-content\/uploads\/2023\/10\/biciclete-muntii-padurea-craiului-foto-capdd-bihor-org.png","type":"image\/png"}],"author":"Ana-Maria Cononovici","twitter_card":"summary_large_image","twitter_misc":{"\u00c9crit par":"Ana-Maria Cononovici","Dur\u00e9e de lecture estim\u00e9e":"3 minutes","Written by":"Ana-Maria Cononovici"},"schema":{"@context":"https:\/\/schema.org","@graph":[{"@type":"Article","@id":"https:\/\/www.rri.ro\/fr\/nos-emissions\/visitez-la-roumanie\/les-monts-padurea-craiului-id422004.html#article","isPartOf":{"@id":"https:\/\/www.rri.ro\/fr\/nos-emissions\/visitez-la-roumanie\/les-monts-padurea-craiului-id422004.html"},"author":{"name":"Ana-Maria Cononovici","@id":"https:\/\/www.rri.ro\/#\/schema\/person\/70ee98042ca8b95ae29876ed4848670e"},"headline":"Les Monts P\u0103durea Craiului","datePublished":"2019-08-03T10:15:00+00:00","mainEntityOfPage":{"@id":"https:\/\/www.rri.ro\/fr\/nos-emissions\/visitez-la-roumanie\/les-monts-padurea-craiului-id422004.html"},"wordCount":526,"image":{"@id":"https:\/\/www.rri.ro\/fr\/nos-emissions\/visitez-la-roumanie\/les-monts-padurea-craiului-id422004.html#primaryimage"},"thumbnailUrl":"https:\/\/www.rri.ro\/wp-content\/uploads\/2023\/10\/biciclete-muntii-padurea-craiului-foto-capdd-bihor-org.png","keywords":["Andrei Ac","bihor","\u00e9cotourisme","les Monts P\u0103durea Craiului"],"articleSection":["Visitez la Roumanie"],"inLanguage":"fr-FR"},{"@type":"WebPage","@id":"https:\/\/www.rri.ro\/fr\/nos-emissions\/visitez-la-roumanie\/les-monts-padurea-craiului-id422004.html","url":"https:\/\/www.rri.ro\/fr\/nos-emissions\/visitez-la-roumanie\/les-monts-padurea-craiului-id422004.html","name":"Les Monts P\u0103durea Craiului - Radio Roumanie Internationale","isPartOf":{"@id":"https:\/\/www.rri.ro\/#website"},"primaryImageOfPage":{"@id":"https:\/\/www.rri.ro\/fr\/nos-emissions\/visitez-la-roumanie\/les-monts-padurea-craiului-id422004.html#primaryimage"},"image":{"@id":"https:\/\/www.rri.ro\/fr\/nos-emissions\/visitez-la-roumanie\/les-monts-padurea-craiului-id422004.html#primaryimage"},"thumbnailUrl":"https:\/\/www.rri.ro\/wp-content\/uploads\/2023\/10\/biciclete-muntii-padurea-craiului-foto-capdd-bihor-org.png","datePublished":"2019-08-03T10:15:00+00:00","author":{"@id":"https:\/\/www.rri.ro\/#\/schema\/person\/70ee98042ca8b95ae29876ed4848670e"},"breadcrumb":{"@id":"https:\/\/www.rri.ro\/fr\/nos-emissions\/visitez-la-roumanie\/les-monts-padurea-craiului-id422004.html#breadcrumb"},"inLanguage":"fr-FR","potentialAction":[{"@type":"ReadAction","target":["https:\/\/www.rri.ro\/fr\/nos-emissions\/visitez-la-roumanie\/les-monts-padurea-craiului-id422004.html"]}]},{"@type":"ImageObject","inLanguage":"fr-FR","@id":"https:\/\/www.rri.ro\/fr\/nos-emissions\/visitez-la-roumanie\/les-monts-padurea-craiului-id422004.html#primaryimage","url":"https:\/\/www.rri.ro\/wp-content\/uploads\/2023\/10\/biciclete-muntii-padurea-craiului-foto-capdd-bihor-org.png","contentUrl":"https:\/\/www.rri.ro\/wp-content\/uploads\/2023\/10\/biciclete-muntii-padurea-craiului-foto-capdd-bihor-org.png","width":640,"height":356},{"@type":"BreadcrumbList","@id":"https:\/\/www.rri.ro\/fr\/nos-emissions\/visitez-la-roumanie\/les-monts-padurea-craiului-id422004.html#breadcrumb","itemListElement":[{"@type":"ListItem","position":1,"name":"Page d'accueil","item":"https:\/\/www.rri.ro\/fr"},{"@type":"ListItem","position":2,"name":"Nos \u00e9missions","item":"https:\/\/www.rri.ro\/fr\/nos-emissions"},{"@type":"ListItem","position":3,"name":"Visitez la Roumanie","item":"https:\/\/www.rri.ro\/fr\/nos-emissions\/visitez-la-roumanie"},{"@type":"ListItem","position":4,"name":"Les Monts P\u0103durea Craiului"}]},{"@type":"WebSite","@id":"https:\/\/www.rri.ro\/#website","url":"https:\/\/www.rri.ro\/","name":"Radio Roumanie Internationale","description":"Totul despre Rom\u00e2nia \u015fi rom\u00e2ni, \u00een 13 limbi\/dialecte!","inLanguage":"fr-FR"},{"@type":"Person","@id":"https:\/\/www.rri.ro\/#\/schema\/person\/70ee98042ca8b95ae29876ed4848670e","name":"Ana-Maria Cononovici","url":"https:\/\/www.rri.ro\/fr\/author\/ana-maria-cononovici"}]}},"_links":{"self":[{"href":"https:\/\/www.rri.ro\/fr\/wp-json\/wp\/v2\/posts\/422004","targetHints":{"allow":["GET"]}}],"collection":[{"href":"https:\/\/www.rri.ro\/fr\/wp-json\/wp\/v2\/posts"}],"about":[{"href":"https:\/\/www.rri.ro\/fr\/wp-json\/wp\/v2\/types\/post"}],"author":[{"embeddable":true,"href":"https:\/\/www.rri.ro\/fr\/wp-json\/wp\/v2\/users\/126"}],"replies":[{"embeddable":true,"href":"https:\/\/www.rri.ro\/fr\/wp-json\/wp\/v2\/comments?post=422004"}],"version-history":[{"count":0,"href":"https:\/\/www.rri.ro\/fr\/wp-json\/wp\/v2\/posts\/422004\/revisions"}],"wp:featuredmedia":[{"embeddable":true,"href":"https:\/\/www.rri.ro\/fr\/wp-json\/wp\/v2\/media\/324408"}],"wp:attachment":[{"href":"https:\/\/www.rri.ro\/fr\/wp-json\/wp\/v2\/media?parent=422004"}],"wp:term":[{"taxonomy":"category","embeddable":true,"href":"https:\/\/www.rri.ro\/fr\/wp-json\/wp\/v2\/categories?post=422004"},{"taxonomy":"post_tag","embeddable":true,"href":"https:\/\/www.rri.ro\/fr\/wp-json\/wp\/v2\/tags?post=422004"},{"taxonomy":"author","embeddable":true,"href":"https:\/\/www.rri.ro\/fr\/wp-json\/wp\/v2\/coauthors?post=422004"}],"curies":[{"name":"wp","href":"https:\/\/api.w.org\/{rel}","templated":true}]}}