{"id":422012,"date":"2019-11-06T13:20:00","date_gmt":"2019-11-06T11:20:00","guid":{"rendered":"http:\/\/devrri.freshlemon.ro\/le-roumain-mot-a-mot\/consulter-les-lecons\/la-ville-de-suceava-id422012.html"},"modified":"2019-11-06T13:20:00","modified_gmt":"2019-11-06T11:20:00","slug":"la-ville-de-suceava","status":"publish","type":"post","link":"https:\/\/www.rri.ro\/fr\/nos-emissions\/visitez-la-roumanie\/la-ville-de-suceava-id422012.html","title":{"rendered":"La ville de Suceava"},"content":{"rendered":"<p>Situ\u00e9e dans la province historique de Bucovine (nord-est de la Roumanie), la ville de Suceava, dont la premi\u00e8re attestation documentaire date d\u2019il y a 631 ans, attire les visiteurs par une riche offre touristique. Suceava est aussi le chef-lieu du d\u00e9partement \u00e9ponyme.<\/p>\n<p>&#13;<br \/>\n&#13;<\/p>\n<p>Suceava a accueilli la cour princi\u00e8re de la Moldavie jusqu\u2019en 1566, lorsque la capitale a d\u00e9m\u00e9nag\u00e9 plus \u00e0 l\u2019Est, \u00e0 Iasi. Malgr\u00e9 les 430 kilom\u00e8tres qui la s\u00e9parent de la capitale roumaine, Bucarest, Suceava reste une destination facile \u00e0 rejoindre gr\u00e2ce \u00e0 son a\u00e9roport Claudiu Br\u0103d\u0103\u0163an, directeur du Centre d\u2019information et de promotion touristique nous a parl\u00e9 des atouts de la ville. <em><\/em> <em>Lancienne cit\u00e9 vient d\u00eatre r\u00e9nov\u00e9e et \u00e0 pr\u00e9sent on fait de notre mieux pour mettre en lumi\u00e8re son patrimoine touristique. Comme les c\u00e9l\u00e8bres monast\u00e8res aux fresques ext\u00e9rieures ne se trouvent pas en ville, les vacanciers passent souvent juste \u00e0 c\u00f4t\u00e9 sans sarr\u00eater. Or, gr\u00e2ce aux tours guid\u00e9s que <\/em><em>le Centre d\u2019information touristique<\/em><em> organise deux fois par semaine, on offre aux touristes la possibilit\u00e9 de d\u00e9couvrir les principales attractions touristiques de la ville.<\/em><em> Nous souhaitons \u00e9galement promouvoir la ville de Suceava en tant que destination city break. <\/em><em>La ville est desservie par un a\u00e9roport modernis\u00e9 depuis 2016 et lafflux des voyageurs est massif \u00bb<\/em><\/p>\n<p>&#13;<br \/>\n&#13;<\/p>\n<p>&#13;<br \/>\n&#13;<\/p>\n<p>La cit\u00e9 fortifi\u00e9e de Suceava, attest\u00e9e dans des documents dat\u00e9s de 1388, a subi maints changements au fil du temps. Gr\u00e2ce au syst\u00e8me de d\u00e9fense con\u00e7u par le prince r\u00e9gnant de Moldavie, Etienne le Grand, la cit\u00e9 s\u2019est av\u00e9r\u00e9e inexpugnable face aux assauts des arm\u00e9es turques ou polonaises. En franchissant le seuil de la cit\u00e9, le visiteur plonge dans lambiance des si\u00e8cles pass\u00e9s, accompagn\u00e9 par la voix des guides virtuels, qui lui en racontent lhistoire. A la tomb\u00e9e de la nuit, les murs ext\u00e9rieurs et int\u00e9rieurs saniment, un spectacle in\u00e9dit son et lumi\u00e8re d\u00e9voilant des sc\u00e8nes de combat de lhistoire de la cit\u00e9. On peut se faire prendre en photo habill\u00e9 des v\u00eatements de l\u2019\u00e9poque m\u00e9di\u00e9vale ou bien admirer les armoiries des familles de boyards moldaves et les armes d\u2019antan. Les touristes peuvent \u00e9galement visiter la prison de la cit\u00e9, les caves, la chapelle ou encore le bain de vapeurs. Notons que la ville de Suceava accueille chaque ann\u00e9e, \u00e0 la mi-ao\u00fbt, le Festival d\u2019art m\u00e9di\u00e9val portant le nom du vo\u00efvode Etienne le Grand. <\/p>\n<p>&#13;<br \/>\n&#13;<\/p>\n<p>&#13;<br \/>\n&#13;<\/p>\n<p>Une autre attraction incontournable de Suceava est le Mus\u00e9e du village de Bucovine. On peut y admirer diverses constructions illustrant les types dhabitation de la zone. A lint\u00e9rieur des maisons, on retrouve des meubles traditionnels, des fours paysans, diff\u00e9rents objets textiles ou d\u00e9coratifs, ainsi que des costumes traditionnels. Par ailleurs, ce mus\u00e9e du village essaie de d\u00e9crire certains moments importants de la vie des villageois.<\/p>\n<p>&#13;<br \/>\n&#13;<\/p>\n<p>   A ne pas rater non plus l\u00e9glise de la Sainte R\u00e9surrection, une des plus anciennes de la ville, o\u00f9 l\u2019on c\u00e9l\u00e8bre de nos jours encore l\u2019office divin les dimanches et les jours de f\u00eate.<\/p>\n<p>&#13;<br \/>\n&#13;<\/p>\n<p>Enfin, on ne saurait oublier de mentionner le parc dendrologique \u015eipote-Cetate qui s\u2019\u00e9tale sur 7 hectares. Il illustre la v\u00e9g\u00e9tation sp\u00e9cifique des diff\u00e9rentes formes de relief: Une belle statue \u00e9questre d\u2019Etienne le Grand se dresse au milieu de ce parc.<\/p>\n<p>&#13;<br \/>\n&#13;<\/p>\n<p>&#13;<\/p>\n","protected":false},"excerpt":{"rendered":"<p>Situ\u00e9e dans la province historique de Bucovine (nord-est de la Roumanie), la ville de Suceava, dont la premi\u00e8re attestation documentaire date d\u2019il y a 631 ans, attire les visiteurs par une riche offre touristique. Suceava est aussi le chef-lieu du d\u00e9partement \u00e9ponyme. &#13; &#13; Suceava a accueilli la cour princi\u00e8re de la Moldavie jusqu\u2019en 1566, [&hellip;]<\/p>\n","protected":false},"author":126,"featured_media":169331,"comment_status":"closed","ping_status":"closed","sticky":false,"template":"","format":"standard","meta":{"_acf_changed":false,"footnotes":""},"categories":[96088],"tags":[96814,68561,89026,96842,96843,96844,150864],"coauthors":[],"class_list":["post-422012","post","type-post","status-publish","format-standard","has-post-thumbnail","hentry","category-visitez-la-roumanie","tag-cite-princiere","tag-claudiu-bradatan","tag-etienne-le-grand","tag-le-musee-du-village-de-bucovine","tag-parc-dendrologique","tag-sipote-cetate","tag-suceava-fr"],"acf":[],"yoast_head":"<!-- This site is optimized with the Yoast SEO plugin v27.5 - https:\/\/yoast.com\/product\/yoast-seo-wordpress\/ -->\n<title>La ville de Suceava - Radio Roumanie Internationale<\/title>\n<meta name=\"robots\" content=\"index, follow, max-snippet:-1, max-image-preview:large, max-video-preview:-1\" \/>\n<link rel=\"canonical\" href=\"https:\/\/www.rri.ro\/fr\/nos-emissions\/visitez-la-roumanie\/la-ville-de-suceava-id422012.html\" \/>\n<meta property=\"og:locale\" content=\"fr_FR\" \/>\n<meta property=\"og:type\" content=\"article\" \/>\n<meta property=\"og:title\" content=\"La ville de Suceava - Radio Roumanie Internationale\" \/>\n<meta property=\"og:description\" content=\"Situ\u00e9e dans la province historique de Bucovine (nord-est de la Roumanie), la ville de Suceava, dont la premi\u00e8re attestation documentaire date d\u2019il y a 631 ans, attire les visiteurs par une riche offre touristique. Suceava est aussi le chef-lieu du d\u00e9partement \u00e9ponyme. &#013; &#013; Suceava a accueilli la cour princi\u00e8re de la Moldavie jusqu\u2019en 1566, [&hellip;]\" \/>\n<meta property=\"og:url\" content=\"https:\/\/www.rri.ro\/fr\/nos-emissions\/visitez-la-roumanie\/la-ville-de-suceava-id422012.html\" \/>\n<meta property=\"og:site_name\" content=\"Radio Roumanie Internationale\" \/>\n<meta property=\"article:published_time\" content=\"2019-11-06T11:20:00+00:00\" \/>\n<meta property=\"og:image\" content=\"https:\/\/www.rri.ro\/wp-content\/uploads\/2023\/10\/cetate-suceava-fotomchirita.png\" \/>\n\t<meta property=\"og:image:width\" content=\"640\" \/>\n\t<meta property=\"og:image:height\" content=\"480\" \/>\n\t<meta property=\"og:image:type\" content=\"image\/png\" \/>\n<meta name=\"author\" content=\"Ana-Maria Cononovici\" \/>\n<meta name=\"twitter:card\" content=\"summary_large_image\" \/>\n<meta name=\"twitter:label1\" content=\"\u00c9crit par\" \/>\n\t<meta name=\"twitter:data1\" content=\"Ana-Maria Cononovici\" \/>\n\t<meta name=\"twitter:label2\" content=\"Dur\u00e9e de lecture estim\u00e9e\" \/>\n\t<meta name=\"twitter:data2\" content=\"3 minutes\" \/>\n\t<meta name=\"twitter:label3\" content=\"Written by\" \/>\n\t<meta name=\"twitter:data3\" content=\"Ana-Maria Cononovici\" \/>\n<script type=\"application\/ld+json\" class=\"yoast-schema-graph\">{\"@context\":\"https:\\\/\\\/schema.org\",\"@graph\":[{\"@type\":\"Article\",\"@id\":\"https:\\\/\\\/www.rri.ro\\\/fr\\\/nos-emissions\\\/visitez-la-roumanie\\\/la-ville-de-suceava-id422012.html#article\",\"isPartOf\":{\"@id\":\"https:\\\/\\\/www.rri.ro\\\/fr\\\/nos-emissions\\\/visitez-la-roumanie\\\/la-ville-de-suceava-id422012.html\"},\"author\":{\"name\":\"Ana-Maria Cononovici\",\"@id\":\"https:\\\/\\\/www.rri.ro\\\/#\\\/schema\\\/person\\\/70ee98042ca8b95ae29876ed4848670e\"},\"headline\":\"La ville de Suceava\",\"datePublished\":\"2019-11-06T11:20:00+00:00\",\"mainEntityOfPage\":{\"@id\":\"https:\\\/\\\/www.rri.ro\\\/fr\\\/nos-emissions\\\/visitez-la-roumanie\\\/la-ville-de-suceava-id422012.html\"},\"wordCount\":593,\"image\":{\"@id\":\"https:\\\/\\\/www.rri.ro\\\/fr\\\/nos-emissions\\\/visitez-la-roumanie\\\/la-ville-de-suceava-id422012.html#primaryimage\"},\"thumbnailUrl\":\"https:\\\/\\\/www.rri.ro\\\/wp-content\\\/uploads\\\/2023\\\/10\\\/cetate-suceava-fotomchirita.png\",\"keywords\":[\"cit\u00e9 princi\u00e8re\",\"Claudiu Br\u0103d\u0103\u0163an\",\"Etienne le Grand\",\"le Mus\u00e9e du village de Bucovine\",\"parc dendrologique\",\"\u015eipote-Cetate\",\"Suceava\"],\"articleSection\":[\"Visitez la Roumanie\"],\"inLanguage\":\"fr-FR\"},{\"@type\":\"WebPage\",\"@id\":\"https:\\\/\\\/www.rri.ro\\\/fr\\\/nos-emissions\\\/visitez-la-roumanie\\\/la-ville-de-suceava-id422012.html\",\"url\":\"https:\\\/\\\/www.rri.ro\\\/fr\\\/nos-emissions\\\/visitez-la-roumanie\\\/la-ville-de-suceava-id422012.html\",\"name\":\"La ville de Suceava - Radio Roumanie Internationale\",\"isPartOf\":{\"@id\":\"https:\\\/\\\/www.rri.ro\\\/#website\"},\"primaryImageOfPage\":{\"@id\":\"https:\\\/\\\/www.rri.ro\\\/fr\\\/nos-emissions\\\/visitez-la-roumanie\\\/la-ville-de-suceava-id422012.html#primaryimage\"},\"image\":{\"@id\":\"https:\\\/\\\/www.rri.ro\\\/fr\\\/nos-emissions\\\/visitez-la-roumanie\\\/la-ville-de-suceava-id422012.html#primaryimage\"},\"thumbnailUrl\":\"https:\\\/\\\/www.rri.ro\\\/wp-content\\\/uploads\\\/2023\\\/10\\\/cetate-suceava-fotomchirita.png\",\"datePublished\":\"2019-11-06T11:20:00+00:00\",\"author\":{\"@id\":\"https:\\\/\\\/www.rri.ro\\\/#\\\/schema\\\/person\\\/70ee98042ca8b95ae29876ed4848670e\"},\"breadcrumb\":{\"@id\":\"https:\\\/\\\/www.rri.ro\\\/fr\\\/nos-emissions\\\/visitez-la-roumanie\\\/la-ville-de-suceava-id422012.html#breadcrumb\"},\"inLanguage\":\"fr-FR\",\"potentialAction\":[{\"@type\":\"ReadAction\",\"target\":[\"https:\\\/\\\/www.rri.ro\\\/fr\\\/nos-emissions\\\/visitez-la-roumanie\\\/la-ville-de-suceava-id422012.html\"]}]},{\"@type\":\"ImageObject\",\"inLanguage\":\"fr-FR\",\"@id\":\"https:\\\/\\\/www.rri.ro\\\/fr\\\/nos-emissions\\\/visitez-la-roumanie\\\/la-ville-de-suceava-id422012.html#primaryimage\",\"url\":\"https:\\\/\\\/www.rri.ro\\\/wp-content\\\/uploads\\\/2023\\\/10\\\/cetate-suceava-fotomchirita.png\",\"contentUrl\":\"https:\\\/\\\/www.rri.ro\\\/wp-content\\\/uploads\\\/2023\\\/10\\\/cetate-suceava-fotomchirita.png\",\"width\":640,\"height\":480},{\"@type\":\"BreadcrumbList\",\"@id\":\"https:\\\/\\\/www.rri.ro\\\/fr\\\/nos-emissions\\\/visitez-la-roumanie\\\/la-ville-de-suceava-id422012.html#breadcrumb\",\"itemListElement\":[{\"@type\":\"ListItem\",\"position\":1,\"name\":\"Page d'accueil\",\"item\":\"https:\\\/\\\/www.rri.ro\\\/fr\"},{\"@type\":\"ListItem\",\"position\":2,\"name\":\"Nos \u00e9missions\",\"item\":\"https:\\\/\\\/www.rri.ro\\\/fr\\\/nos-emissions\"},{\"@type\":\"ListItem\",\"position\":3,\"name\":\"Visitez la Roumanie\",\"item\":\"https:\\\/\\\/www.rri.ro\\\/fr\\\/nos-emissions\\\/visitez-la-roumanie\"},{\"@type\":\"ListItem\",\"position\":4,\"name\":\"La ville de Suceava\"}]},{\"@type\":\"WebSite\",\"@id\":\"https:\\\/\\\/www.rri.ro\\\/#website\",\"url\":\"https:\\\/\\\/www.rri.ro\\\/\",\"name\":\"Radio Roumanie Internationale\",\"description\":\"Totul despre Rom\u00e2nia \u015fi rom\u00e2ni, \u00een 13 limbi\\\/dialecte!\",\"inLanguage\":\"fr-FR\"},{\"@type\":\"Person\",\"@id\":\"https:\\\/\\\/www.rri.ro\\\/#\\\/schema\\\/person\\\/70ee98042ca8b95ae29876ed4848670e\",\"name\":\"Ana-Maria Cononovici\",\"url\":\"https:\\\/\\\/www.rri.ro\\\/fr\\\/author\\\/ana-maria-cononovici\"}]}<\/script>\n<!-- \/ Yoast SEO plugin. -->","yoast_head_json":{"title":"La ville de Suceava - Radio Roumanie Internationale","robots":{"index":"index","follow":"follow","max-snippet":"max-snippet:-1","max-image-preview":"max-image-preview:large","max-video-preview":"max-video-preview:-1"},"canonical":"https:\/\/www.rri.ro\/fr\/nos-emissions\/visitez-la-roumanie\/la-ville-de-suceava-id422012.html","og_locale":"fr_FR","og_type":"article","og_title":"La ville de Suceava - Radio Roumanie Internationale","og_description":"Situ\u00e9e dans la province historique de Bucovine (nord-est de la Roumanie), la ville de Suceava, dont la premi\u00e8re attestation documentaire date d\u2019il y a 631 ans, attire les visiteurs par une riche offre touristique. Suceava est aussi le chef-lieu du d\u00e9partement \u00e9ponyme. &#13; &#13; Suceava a accueilli la cour princi\u00e8re de la Moldavie jusqu\u2019en 1566, [&hellip;]","og_url":"https:\/\/www.rri.ro\/fr\/nos-emissions\/visitez-la-roumanie\/la-ville-de-suceava-id422012.html","og_site_name":"Radio Roumanie Internationale","article_published_time":"2019-11-06T11:20:00+00:00","og_image":[{"width":640,"height":480,"url":"https:\/\/www.rri.ro\/wp-content\/uploads\/2023\/10\/cetate-suceava-fotomchirita.png","type":"image\/png"}],"author":"Ana-Maria Cononovici","twitter_card":"summary_large_image","twitter_misc":{"\u00c9crit par":"Ana-Maria Cononovici","Dur\u00e9e de lecture estim\u00e9e":"3 minutes","Written by":"Ana-Maria Cononovici"},"schema":{"@context":"https:\/\/schema.org","@graph":[{"@type":"Article","@id":"https:\/\/www.rri.ro\/fr\/nos-emissions\/visitez-la-roumanie\/la-ville-de-suceava-id422012.html#article","isPartOf":{"@id":"https:\/\/www.rri.ro\/fr\/nos-emissions\/visitez-la-roumanie\/la-ville-de-suceava-id422012.html"},"author":{"name":"Ana-Maria Cononovici","@id":"https:\/\/www.rri.ro\/#\/schema\/person\/70ee98042ca8b95ae29876ed4848670e"},"headline":"La ville de Suceava","datePublished":"2019-11-06T11:20:00+00:00","mainEntityOfPage":{"@id":"https:\/\/www.rri.ro\/fr\/nos-emissions\/visitez-la-roumanie\/la-ville-de-suceava-id422012.html"},"wordCount":593,"image":{"@id":"https:\/\/www.rri.ro\/fr\/nos-emissions\/visitez-la-roumanie\/la-ville-de-suceava-id422012.html#primaryimage"},"thumbnailUrl":"https:\/\/www.rri.ro\/wp-content\/uploads\/2023\/10\/cetate-suceava-fotomchirita.png","keywords":["cit\u00e9 princi\u00e8re","Claudiu Br\u0103d\u0103\u0163an","Etienne le Grand","le Mus\u00e9e du village de Bucovine","parc dendrologique","\u015eipote-Cetate","Suceava"],"articleSection":["Visitez la Roumanie"],"inLanguage":"fr-FR"},{"@type":"WebPage","@id":"https:\/\/www.rri.ro\/fr\/nos-emissions\/visitez-la-roumanie\/la-ville-de-suceava-id422012.html","url":"https:\/\/www.rri.ro\/fr\/nos-emissions\/visitez-la-roumanie\/la-ville-de-suceava-id422012.html","name":"La ville de Suceava - Radio Roumanie Internationale","isPartOf":{"@id":"https:\/\/www.rri.ro\/#website"},"primaryImageOfPage":{"@id":"https:\/\/www.rri.ro\/fr\/nos-emissions\/visitez-la-roumanie\/la-ville-de-suceava-id422012.html#primaryimage"},"image":{"@id":"https:\/\/www.rri.ro\/fr\/nos-emissions\/visitez-la-roumanie\/la-ville-de-suceava-id422012.html#primaryimage"},"thumbnailUrl":"https:\/\/www.rri.ro\/wp-content\/uploads\/2023\/10\/cetate-suceava-fotomchirita.png","datePublished":"2019-11-06T11:20:00+00:00","author":{"@id":"https:\/\/www.rri.ro\/#\/schema\/person\/70ee98042ca8b95ae29876ed4848670e"},"breadcrumb":{"@id":"https:\/\/www.rri.ro\/fr\/nos-emissions\/visitez-la-roumanie\/la-ville-de-suceava-id422012.html#breadcrumb"},"inLanguage":"fr-FR","potentialAction":[{"@type":"ReadAction","target":["https:\/\/www.rri.ro\/fr\/nos-emissions\/visitez-la-roumanie\/la-ville-de-suceava-id422012.html"]}]},{"@type":"ImageObject","inLanguage":"fr-FR","@id":"https:\/\/www.rri.ro\/fr\/nos-emissions\/visitez-la-roumanie\/la-ville-de-suceava-id422012.html#primaryimage","url":"https:\/\/www.rri.ro\/wp-content\/uploads\/2023\/10\/cetate-suceava-fotomchirita.png","contentUrl":"https:\/\/www.rri.ro\/wp-content\/uploads\/2023\/10\/cetate-suceava-fotomchirita.png","width":640,"height":480},{"@type":"BreadcrumbList","@id":"https:\/\/www.rri.ro\/fr\/nos-emissions\/visitez-la-roumanie\/la-ville-de-suceava-id422012.html#breadcrumb","itemListElement":[{"@type":"ListItem","position":1,"name":"Page d'accueil","item":"https:\/\/www.rri.ro\/fr"},{"@type":"ListItem","position":2,"name":"Nos \u00e9missions","item":"https:\/\/www.rri.ro\/fr\/nos-emissions"},{"@type":"ListItem","position":3,"name":"Visitez la Roumanie","item":"https:\/\/www.rri.ro\/fr\/nos-emissions\/visitez-la-roumanie"},{"@type":"ListItem","position":4,"name":"La ville de Suceava"}]},{"@type":"WebSite","@id":"https:\/\/www.rri.ro\/#website","url":"https:\/\/www.rri.ro\/","name":"Radio Roumanie Internationale","description":"Totul despre Rom\u00e2nia \u015fi rom\u00e2ni, \u00een 13 limbi\/dialecte!","inLanguage":"fr-FR"},{"@type":"Person","@id":"https:\/\/www.rri.ro\/#\/schema\/person\/70ee98042ca8b95ae29876ed4848670e","name":"Ana-Maria Cononovici","url":"https:\/\/www.rri.ro\/fr\/author\/ana-maria-cononovici"}]}},"_links":{"self":[{"href":"https:\/\/www.rri.ro\/fr\/wp-json\/wp\/v2\/posts\/422012","targetHints":{"allow":["GET"]}}],"collection":[{"href":"https:\/\/www.rri.ro\/fr\/wp-json\/wp\/v2\/posts"}],"about":[{"href":"https:\/\/www.rri.ro\/fr\/wp-json\/wp\/v2\/types\/post"}],"author":[{"embeddable":true,"href":"https:\/\/www.rri.ro\/fr\/wp-json\/wp\/v2\/users\/126"}],"replies":[{"embeddable":true,"href":"https:\/\/www.rri.ro\/fr\/wp-json\/wp\/v2\/comments?post=422012"}],"version-history":[{"count":0,"href":"https:\/\/www.rri.ro\/fr\/wp-json\/wp\/v2\/posts\/422012\/revisions"}],"wp:featuredmedia":[{"embeddable":true,"href":"https:\/\/www.rri.ro\/fr\/wp-json\/wp\/v2\/media\/169331"}],"wp:attachment":[{"href":"https:\/\/www.rri.ro\/fr\/wp-json\/wp\/v2\/media?parent=422012"}],"wp:term":[{"taxonomy":"category","embeddable":true,"href":"https:\/\/www.rri.ro\/fr\/wp-json\/wp\/v2\/categories?post=422012"},{"taxonomy":"post_tag","embeddable":true,"href":"https:\/\/www.rri.ro\/fr\/wp-json\/wp\/v2\/tags?post=422012"},{"taxonomy":"author","embeddable":true,"href":"https:\/\/www.rri.ro\/fr\/wp-json\/wp\/v2\/coauthors?post=422012"}],"curies":[{"name":"wp","href":"https:\/\/api.w.org\/{rel}","templated":true}]}}