{"id":422019,"date":"2020-02-19T13:24:00","date_gmt":"2020-02-19T11:24:00","guid":{"rendered":"http:\/\/devrri.freshlemon.ro\/le-roumain-mot-a-mot\/consulter-les-lecons\/la-cite-de-fagaras-id422019.html"},"modified":"2020-02-19T13:24:00","modified_gmt":"2020-02-19T11:24:00","slug":"la-cite-de-fagaras","status":"publish","type":"post","link":"https:\/\/www.rri.ro\/fr\/nos-emissions\/visitez-la-roumanie\/la-cite-de-fagaras-id422019.html","title":{"rendered":"La cit\u00e9 de Fagaras"},"content":{"rendered":"<p>Nous mettons le cap sur le centre de la Roumanie. Le d\u00e9partement de Brasov est renomm\u00e9 parmi les passionn\u00e9s de montagne et de monuments historiques. C&rsquo;est aussi une contr\u00e9e connue pour le tourisme actif, qui offre de multiples possibilit\u00e9s de loisirs et d&rsquo;importants sites culturels \u00e0 d\u00e9couvrir. Une des localit\u00e9s avec une croissance constante du nombre de touristes, c&rsquo;est la ville de Fagaras. Elle est situ\u00e9e aux pieds du massif homonyme, soit la montagne la plus haute de Roumanie, et d&rsquo;une des plus spectaculaires routes de Roumanie, le Transfagarasan. Il ne faut pas oublier de visiter l&rsquo;imposante cit\u00e9 qui se trouve au beau milieu de la ville. C&rsquo;est un des monuments historiques les mieux pr\u00e9serv\u00e9s de Roumanie, jug\u00e9 par des revues et des sites de tourisme internationaux comme la deuxi\u00e8me cit\u00e9 la plus belle au monde apr\u00e8s un ch\u00e2teau d&rsquo;Allemagne du 19e si\u00e8cle. La cit\u00e9 de Fagaras est beaucoup plus ancienne. Sa construction a d\u00e9but\u00e9 au 14e si\u00e8cle pour s&rsquo;achever en 1650. A pr\u00e9sent, son int\u00e9rieur pourrait \u00eatre d\u00e9crit comme m\u00e9lange entre un mus\u00e9e classique et une reconstitution d&rsquo;espaces qui ont eu des destinations des plus diverses.<\/p>\n<p>Horia Pirau, mus\u00e9ologue au Mus\u00e9e de la Contr\u00e9e de Fagaras \u00ab Valer Literat \u00bb, explique : <em class=cms-italic>\u00ab C&rsquo;est une des quelques cit\u00e9s de Roumanie qui n&rsquo;ont jamais \u00e9t\u00e9 conquises. Elle fut assi\u00e9g\u00e9e \u00e0 26 reprises, mais ses portes n&rsquo;ont jamais \u00e9t\u00e9 ouvertes face \u00e0 un adversaire. A une seule exception pr\u00e8s. Elle a ouvert ses portes devant le vo\u00efvode roumain Michel le Brave en 1600. Suite \u00e0 la d\u00e9faite de Mir\u0103sl\u0103u, celui-ci s&rsquo;est retir\u00e9 dans notre forteresse avec une partie des troupes et avec son \u00e9pouse. L&rsquo;architecture de la citadelle est en style Renaissance italienne, la planim\u00e9trie est un peu plus diff\u00e9rente de celle des autres forteresses transylvaines. La majorit\u00e9 suit le style Vauban, en forme d&rsquo;\u00e9toile, mais la citadelle de Fagaras a la forme d&rsquo;un quadrilat\u00e8re irr\u00e9gulier, dont le c\u00f4t\u00e9 le plus long est celui du nord-ouest. Au bout de ce c\u00f4t\u00e9 on retrouve la Tour de la Ge\u00f4le. Du sommet de cette tour, on peut suivre tout mouvement gr\u00e2ce \u00e0 une vue \u00e0 360 degr\u00e9s. A chaque fois qu&rsquo;une attaque \u00e9tait pr\u00e9par\u00e9e, les soldats \u00e0 l&rsquo;int\u00e9rieur de la cit\u00e9 savaient imm\u00e9diatement de quoi il s&rsquo;agissait afin de faire les pr\u00e9paratifs n\u00e9cessaires. Puis, je mentionnerais la Salle du Tr\u00f4ne, situ\u00e9e au deuxi\u00e8me \u00e9tage. C&rsquo;est ici que se trouve le tr\u00f4ne et les armoiries de la ville de Fagaras, repr\u00e9sent\u00e9es par deux poissons. Puis, il y a aussi la Salle de la Di\u00e8te. C&rsquo;est ici que l&rsquo;on peut admirer des meubles du 17e si\u00e8cle reconstitu\u00e9s, vu qu&rsquo;\u00e0 l&rsquo;\u00e9poque des ann\u00e9es 1948 &#8211; 1962 la cit\u00e9 a \u00e9t\u00e9 transform\u00e9e en prison politique communiste. \u00bb <\/em>    <\/p>\n<p>La citadelle peut \u00eatre visit\u00e9e quotidiennement, du lundi au vendredi, un ticket d&rsquo;entr\u00e9e co\u00fbte seulement 15 lei, soit 3 euros pour les adultes et 7 lei (1 euro et demi) pour les enfants. Les touristes peuvent visiter avec le m\u00eame ticket le Mus\u00e9e du Pays de Fagaras \u00ab Valer Literat \u00bb qui peut s&rsquo;enorgueillir de quelque 20 mille pi\u00e8ces. <\/p>\n<p>Horia Pirau, mus\u00e9ologue :<em class=cms-italic> \u00ab  Cela vaut la peine de le visiter, d&rsquo;admirer les chapiteaux d&rsquo;origine italienne, le mobilier, m\u00eame si celui-ci est partiellement reconstitu\u00e9. A ne pas rater le lac de la forteresse, qui accueille des oiseaux, afin notamment de recr\u00e9er l&rsquo;atmosph\u00e8re du 17e si\u00e8cle. Toutes ces infos se retrouvent aussi dans le mat\u00e9riel de promotion de cette attraction, en anglais, fran\u00e7ais et allemand. Il y a aussi des brochures en hongrois et \u00e0 l&rsquo;avenir nous souhaitons promouvoir aussi cet objectif en italien et en espagnol. Nous avons des touristes qui nous rendent visite annuellement. Nous avons d\u00e9cid\u00e9 d&rsquo;offrir des tickets gratuits \u00e0 certains d&rsquo;entre eux. Il faut le reconnaitre, l&rsquo;aspect de notre forteresse est d\u00fb aussi au r\u00f4le b\u00e9n\u00e9fique des touristes. C&rsquo;est gr\u00e2ce \u00e0 ces tickets que nous pr\u00e9servons l&rsquo;histoire, et cela nous permet de restaurer certains \u00e9l\u00e9ments. \u00bb<\/em><\/p>\n<p>Et voil\u00e0, l&rsquo;invitation a \u00e9t\u00e9 lanc\u00e9e. N&rsquo;h\u00e9sitez pas de vous rendre au c\u0153ur de la Roumanie afin de d\u00e9couvrir une des cit\u00e9s m\u00e9di\u00e9vales les plus belles au monde.  (Trad. Alex Diaconescu)<\/p>\n","protected":false},"excerpt":{"rendered":"<p>Nous mettons le cap sur le centre de la Roumanie. Le d\u00e9partement de Brasov est renomm\u00e9 parmi les passionn\u00e9s de montagne et de monuments historiques. C&rsquo;est aussi une contr\u00e9e connue pour le tourisme actif, qui offre de multiples possibilit\u00e9s de loisirs et d&rsquo;importants sites culturels \u00e0 d\u00e9couvrir. Une des localit\u00e9s avec une croissance constante du [&hellip;]<\/p>\n","protected":false},"author":128,"featured_media":324729,"comment_status":"closed","ping_status":"closed","sticky":false,"template":"","format":"standard","meta":{"_acf_changed":false,"footnotes":""},"categories":[96088],"tags":[87712,151095,85277,86216],"coauthors":[],"class_list":["post-422019","post","type-post","status-publish","format-standard","has-post-thumbnail","hentry","category-visitez-la-roumanie","tag-citadelle","tag-fagaras-fr","tag-histoire","tag-tourisme"],"acf":[],"yoast_head":"<!-- This site is optimized with the Yoast SEO plugin v27.3 - https:\/\/yoast.com\/product\/yoast-seo-wordpress\/ -->\n<title>La cit\u00e9 de Fagaras - Radio Roumanie Internationale<\/title>\n<meta name=\"robots\" content=\"index, follow, max-snippet:-1, max-image-preview:large, max-video-preview:-1\" \/>\n<link rel=\"canonical\" href=\"https:\/\/www.rri.ro\/fr\/nos-emissions\/visitez-la-roumanie\/la-cite-de-fagaras-id422019.html\" \/>\n<meta property=\"og:locale\" content=\"fr_FR\" \/>\n<meta property=\"og:type\" content=\"article\" \/>\n<meta property=\"og:title\" content=\"La cit\u00e9 de Fagaras - Radio Roumanie Internationale\" \/>\n<meta property=\"og:description\" content=\"Nous mettons le cap sur le centre de la Roumanie. Le d\u00e9partement de Brasov est renomm\u00e9 parmi les passionn\u00e9s de montagne et de monuments historiques. C&rsquo;est aussi une contr\u00e9e connue pour le tourisme actif, qui offre de multiples possibilit\u00e9s de loisirs et d&rsquo;importants sites culturels \u00e0 d\u00e9couvrir. Une des localit\u00e9s avec une croissance constante du [&hellip;]\" \/>\n<meta property=\"og:url\" content=\"https:\/\/www.rri.ro\/fr\/nos-emissions\/visitez-la-roumanie\/la-cite-de-fagaras-id422019.html\" \/>\n<meta property=\"og:site_name\" content=\"Radio Roumanie Internationale\" \/>\n<meta property=\"article:published_time\" content=\"2020-02-19T11:24:00+00:00\" \/>\n<meta property=\"og:image\" content=\"https:\/\/www.rri.ro\/wp-content\/uploads\/2023\/10\/cetatea-fagarasului-foto-facebook-muzeufagaras.png\" \/>\n\t<meta property=\"og:image:width\" content=\"640\" \/>\n\t<meta property=\"og:image:height\" content=\"427\" \/>\n\t<meta property=\"og:image:type\" content=\"image\/png\" \/>\n<meta name=\"author\" content=\"Daniel Onea\" \/>\n<meta name=\"twitter:card\" content=\"summary_large_image\" \/>\n<meta name=\"twitter:label1\" content=\"\u00c9crit par\" \/>\n\t<meta name=\"twitter:data1\" content=\"Daniel Onea\" \/>\n\t<meta name=\"twitter:label2\" content=\"Dur\u00e9e de lecture estim\u00e9e\" \/>\n\t<meta name=\"twitter:data2\" content=\"4 minutes\" \/>\n\t<meta name=\"twitter:label3\" content=\"Written by\" \/>\n\t<meta name=\"twitter:data3\" content=\"Daniel Onea\" \/>\n<script type=\"application\/ld+json\" class=\"yoast-schema-graph\">{\"@context\":\"https:\\\/\\\/schema.org\",\"@graph\":[{\"@type\":\"Article\",\"@id\":\"https:\\\/\\\/www.rri.ro\\\/fr\\\/nos-emissions\\\/visitez-la-roumanie\\\/la-cite-de-fagaras-id422019.html#article\",\"isPartOf\":{\"@id\":\"https:\\\/\\\/www.rri.ro\\\/fr\\\/nos-emissions\\\/visitez-la-roumanie\\\/la-cite-de-fagaras-id422019.html\"},\"author\":{\"name\":\"Daniel Onea\",\"@id\":\"https:\\\/\\\/www.rri.ro\\\/#\\\/schema\\\/person\\\/fcce42c208d45f30f5b054b64bc1e0df\"},\"headline\":\"La cit\u00e9 de Fagaras\",\"datePublished\":\"2020-02-19T11:24:00+00:00\",\"mainEntityOfPage\":{\"@id\":\"https:\\\/\\\/www.rri.ro\\\/fr\\\/nos-emissions\\\/visitez-la-roumanie\\\/la-cite-de-fagaras-id422019.html\"},\"wordCount\":774,\"image\":{\"@id\":\"https:\\\/\\\/www.rri.ro\\\/fr\\\/nos-emissions\\\/visitez-la-roumanie\\\/la-cite-de-fagaras-id422019.html#primaryimage\"},\"thumbnailUrl\":\"https:\\\/\\\/www.rri.ro\\\/wp-content\\\/uploads\\\/2023\\\/10\\\/cetatea-fagarasului-foto-facebook-muzeufagaras.png\",\"keywords\":[\"citadelle\",\"Fagaras\",\"histoire\",\"tourisme\"],\"articleSection\":[\"Visitez la Roumanie\"],\"inLanguage\":\"fr-FR\"},{\"@type\":\"WebPage\",\"@id\":\"https:\\\/\\\/www.rri.ro\\\/fr\\\/nos-emissions\\\/visitez-la-roumanie\\\/la-cite-de-fagaras-id422019.html\",\"url\":\"https:\\\/\\\/www.rri.ro\\\/fr\\\/nos-emissions\\\/visitez-la-roumanie\\\/la-cite-de-fagaras-id422019.html\",\"name\":\"La cit\u00e9 de Fagaras - Radio Roumanie Internationale\",\"isPartOf\":{\"@id\":\"https:\\\/\\\/www.rri.ro\\\/#website\"},\"primaryImageOfPage\":{\"@id\":\"https:\\\/\\\/www.rri.ro\\\/fr\\\/nos-emissions\\\/visitez-la-roumanie\\\/la-cite-de-fagaras-id422019.html#primaryimage\"},\"image\":{\"@id\":\"https:\\\/\\\/www.rri.ro\\\/fr\\\/nos-emissions\\\/visitez-la-roumanie\\\/la-cite-de-fagaras-id422019.html#primaryimage\"},\"thumbnailUrl\":\"https:\\\/\\\/www.rri.ro\\\/wp-content\\\/uploads\\\/2023\\\/10\\\/cetatea-fagarasului-foto-facebook-muzeufagaras.png\",\"datePublished\":\"2020-02-19T11:24:00+00:00\",\"author\":{\"@id\":\"https:\\\/\\\/www.rri.ro\\\/#\\\/schema\\\/person\\\/fcce42c208d45f30f5b054b64bc1e0df\"},\"breadcrumb\":{\"@id\":\"https:\\\/\\\/www.rri.ro\\\/fr\\\/nos-emissions\\\/visitez-la-roumanie\\\/la-cite-de-fagaras-id422019.html#breadcrumb\"},\"inLanguage\":\"fr-FR\",\"potentialAction\":[{\"@type\":\"ReadAction\",\"target\":[\"https:\\\/\\\/www.rri.ro\\\/fr\\\/nos-emissions\\\/visitez-la-roumanie\\\/la-cite-de-fagaras-id422019.html\"]}]},{\"@type\":\"ImageObject\",\"inLanguage\":\"fr-FR\",\"@id\":\"https:\\\/\\\/www.rri.ro\\\/fr\\\/nos-emissions\\\/visitez-la-roumanie\\\/la-cite-de-fagaras-id422019.html#primaryimage\",\"url\":\"https:\\\/\\\/www.rri.ro\\\/wp-content\\\/uploads\\\/2023\\\/10\\\/cetatea-fagarasului-foto-facebook-muzeufagaras.png\",\"contentUrl\":\"https:\\\/\\\/www.rri.ro\\\/wp-content\\\/uploads\\\/2023\\\/10\\\/cetatea-fagarasului-foto-facebook-muzeufagaras.png\",\"width\":640,\"height\":427},{\"@type\":\"BreadcrumbList\",\"@id\":\"https:\\\/\\\/www.rri.ro\\\/fr\\\/nos-emissions\\\/visitez-la-roumanie\\\/la-cite-de-fagaras-id422019.html#breadcrumb\",\"itemListElement\":[{\"@type\":\"ListItem\",\"position\":1,\"name\":\"Page d'accueil\",\"item\":\"https:\\\/\\\/www.rri.ro\\\/fr\"},{\"@type\":\"ListItem\",\"position\":2,\"name\":\"Nos \u00e9missions\",\"item\":\"https:\\\/\\\/www.rri.ro\\\/fr\\\/nos-emissions\"},{\"@type\":\"ListItem\",\"position\":3,\"name\":\"Visitez la Roumanie\",\"item\":\"https:\\\/\\\/www.rri.ro\\\/fr\\\/nos-emissions\\\/visitez-la-roumanie\"},{\"@type\":\"ListItem\",\"position\":4,\"name\":\"La cit\u00e9 de Fagaras\"}]},{\"@type\":\"WebSite\",\"@id\":\"https:\\\/\\\/www.rri.ro\\\/#website\",\"url\":\"https:\\\/\\\/www.rri.ro\\\/\",\"name\":\"Radio Roumanie Internationale\",\"description\":\"Totul despre Rom\u00e2nia \u015fi rom\u00e2ni, \u00een 13 limbi\\\/dialecte!\",\"inLanguage\":\"fr-FR\"},{\"@type\":\"Person\",\"@id\":\"https:\\\/\\\/www.rri.ro\\\/#\\\/schema\\\/person\\\/fcce42c208d45f30f5b054b64bc1e0df\",\"name\":\"Daniel Onea\",\"url\":\"https:\\\/\\\/www.rri.ro\\\/fr\\\/author\\\/daniel-onea\"}]}<\/script>\n<!-- \/ Yoast SEO plugin. -->","yoast_head_json":{"title":"La cit\u00e9 de Fagaras - Radio Roumanie Internationale","robots":{"index":"index","follow":"follow","max-snippet":"max-snippet:-1","max-image-preview":"max-image-preview:large","max-video-preview":"max-video-preview:-1"},"canonical":"https:\/\/www.rri.ro\/fr\/nos-emissions\/visitez-la-roumanie\/la-cite-de-fagaras-id422019.html","og_locale":"fr_FR","og_type":"article","og_title":"La cit\u00e9 de Fagaras - Radio Roumanie Internationale","og_description":"Nous mettons le cap sur le centre de la Roumanie. Le d\u00e9partement de Brasov est renomm\u00e9 parmi les passionn\u00e9s de montagne et de monuments historiques. C&rsquo;est aussi une contr\u00e9e connue pour le tourisme actif, qui offre de multiples possibilit\u00e9s de loisirs et d&rsquo;importants sites culturels \u00e0 d\u00e9couvrir. Une des localit\u00e9s avec une croissance constante du [&hellip;]","og_url":"https:\/\/www.rri.ro\/fr\/nos-emissions\/visitez-la-roumanie\/la-cite-de-fagaras-id422019.html","og_site_name":"Radio Roumanie Internationale","article_published_time":"2020-02-19T11:24:00+00:00","og_image":[{"width":640,"height":427,"url":"https:\/\/www.rri.ro\/wp-content\/uploads\/2023\/10\/cetatea-fagarasului-foto-facebook-muzeufagaras.png","type":"image\/png"}],"author":"Daniel Onea","twitter_card":"summary_large_image","twitter_misc":{"\u00c9crit par":"Daniel Onea","Dur\u00e9e de lecture estim\u00e9e":"4 minutes","Written by":"Daniel Onea"},"schema":{"@context":"https:\/\/schema.org","@graph":[{"@type":"Article","@id":"https:\/\/www.rri.ro\/fr\/nos-emissions\/visitez-la-roumanie\/la-cite-de-fagaras-id422019.html#article","isPartOf":{"@id":"https:\/\/www.rri.ro\/fr\/nos-emissions\/visitez-la-roumanie\/la-cite-de-fagaras-id422019.html"},"author":{"name":"Daniel Onea","@id":"https:\/\/www.rri.ro\/#\/schema\/person\/fcce42c208d45f30f5b054b64bc1e0df"},"headline":"La cit\u00e9 de Fagaras","datePublished":"2020-02-19T11:24:00+00:00","mainEntityOfPage":{"@id":"https:\/\/www.rri.ro\/fr\/nos-emissions\/visitez-la-roumanie\/la-cite-de-fagaras-id422019.html"},"wordCount":774,"image":{"@id":"https:\/\/www.rri.ro\/fr\/nos-emissions\/visitez-la-roumanie\/la-cite-de-fagaras-id422019.html#primaryimage"},"thumbnailUrl":"https:\/\/www.rri.ro\/wp-content\/uploads\/2023\/10\/cetatea-fagarasului-foto-facebook-muzeufagaras.png","keywords":["citadelle","Fagaras","histoire","tourisme"],"articleSection":["Visitez la Roumanie"],"inLanguage":"fr-FR"},{"@type":"WebPage","@id":"https:\/\/www.rri.ro\/fr\/nos-emissions\/visitez-la-roumanie\/la-cite-de-fagaras-id422019.html","url":"https:\/\/www.rri.ro\/fr\/nos-emissions\/visitez-la-roumanie\/la-cite-de-fagaras-id422019.html","name":"La cit\u00e9 de Fagaras - Radio Roumanie Internationale","isPartOf":{"@id":"https:\/\/www.rri.ro\/#website"},"primaryImageOfPage":{"@id":"https:\/\/www.rri.ro\/fr\/nos-emissions\/visitez-la-roumanie\/la-cite-de-fagaras-id422019.html#primaryimage"},"image":{"@id":"https:\/\/www.rri.ro\/fr\/nos-emissions\/visitez-la-roumanie\/la-cite-de-fagaras-id422019.html#primaryimage"},"thumbnailUrl":"https:\/\/www.rri.ro\/wp-content\/uploads\/2023\/10\/cetatea-fagarasului-foto-facebook-muzeufagaras.png","datePublished":"2020-02-19T11:24:00+00:00","author":{"@id":"https:\/\/www.rri.ro\/#\/schema\/person\/fcce42c208d45f30f5b054b64bc1e0df"},"breadcrumb":{"@id":"https:\/\/www.rri.ro\/fr\/nos-emissions\/visitez-la-roumanie\/la-cite-de-fagaras-id422019.html#breadcrumb"},"inLanguage":"fr-FR","potentialAction":[{"@type":"ReadAction","target":["https:\/\/www.rri.ro\/fr\/nos-emissions\/visitez-la-roumanie\/la-cite-de-fagaras-id422019.html"]}]},{"@type":"ImageObject","inLanguage":"fr-FR","@id":"https:\/\/www.rri.ro\/fr\/nos-emissions\/visitez-la-roumanie\/la-cite-de-fagaras-id422019.html#primaryimage","url":"https:\/\/www.rri.ro\/wp-content\/uploads\/2023\/10\/cetatea-fagarasului-foto-facebook-muzeufagaras.png","contentUrl":"https:\/\/www.rri.ro\/wp-content\/uploads\/2023\/10\/cetatea-fagarasului-foto-facebook-muzeufagaras.png","width":640,"height":427},{"@type":"BreadcrumbList","@id":"https:\/\/www.rri.ro\/fr\/nos-emissions\/visitez-la-roumanie\/la-cite-de-fagaras-id422019.html#breadcrumb","itemListElement":[{"@type":"ListItem","position":1,"name":"Page d'accueil","item":"https:\/\/www.rri.ro\/fr"},{"@type":"ListItem","position":2,"name":"Nos \u00e9missions","item":"https:\/\/www.rri.ro\/fr\/nos-emissions"},{"@type":"ListItem","position":3,"name":"Visitez la Roumanie","item":"https:\/\/www.rri.ro\/fr\/nos-emissions\/visitez-la-roumanie"},{"@type":"ListItem","position":4,"name":"La cit\u00e9 de Fagaras"}]},{"@type":"WebSite","@id":"https:\/\/www.rri.ro\/#website","url":"https:\/\/www.rri.ro\/","name":"Radio Roumanie Internationale","description":"Totul despre Rom\u00e2nia \u015fi rom\u00e2ni, \u00een 13 limbi\/dialecte!","inLanguage":"fr-FR"},{"@type":"Person","@id":"https:\/\/www.rri.ro\/#\/schema\/person\/fcce42c208d45f30f5b054b64bc1e0df","name":"Daniel Onea","url":"https:\/\/www.rri.ro\/fr\/author\/daniel-onea"}]}},"_links":{"self":[{"href":"https:\/\/www.rri.ro\/fr\/wp-json\/wp\/v2\/posts\/422019","targetHints":{"allow":["GET"]}}],"collection":[{"href":"https:\/\/www.rri.ro\/fr\/wp-json\/wp\/v2\/posts"}],"about":[{"href":"https:\/\/www.rri.ro\/fr\/wp-json\/wp\/v2\/types\/post"}],"author":[{"embeddable":true,"href":"https:\/\/www.rri.ro\/fr\/wp-json\/wp\/v2\/users\/128"}],"replies":[{"embeddable":true,"href":"https:\/\/www.rri.ro\/fr\/wp-json\/wp\/v2\/comments?post=422019"}],"version-history":[{"count":0,"href":"https:\/\/www.rri.ro\/fr\/wp-json\/wp\/v2\/posts\/422019\/revisions"}],"wp:featuredmedia":[{"embeddable":true,"href":"https:\/\/www.rri.ro\/fr\/wp-json\/wp\/v2\/media\/324729"}],"wp:attachment":[{"href":"https:\/\/www.rri.ro\/fr\/wp-json\/wp\/v2\/media?parent=422019"}],"wp:term":[{"taxonomy":"category","embeddable":true,"href":"https:\/\/www.rri.ro\/fr\/wp-json\/wp\/v2\/categories?post=422019"},{"taxonomy":"post_tag","embeddable":true,"href":"https:\/\/www.rri.ro\/fr\/wp-json\/wp\/v2\/tags?post=422019"},{"taxonomy":"author","embeddable":true,"href":"https:\/\/www.rri.ro\/fr\/wp-json\/wp\/v2\/coauthors?post=422019"}],"curies":[{"name":"wp","href":"https:\/\/api.w.org\/{rel}","templated":true}]}}