{"id":422148,"date":"2021-06-18T15:49:00","date_gmt":"2021-06-18T12:49:00","guid":{"rendered":"http:\/\/devrri.freshlemon.ro\/le-roumain-mot-a-mot\/consulter-les-lecons\/suceava-2-id422148.html"},"modified":"2021-06-18T15:49:00","modified_gmt":"2021-06-18T12:49:00","slug":"suceava-2","status":"publish","type":"post","link":"https:\/\/www.rri.ro\/fr\/nos-emissions\/visitez-la-roumanie\/suceava-2-id422148.html","title":{"rendered":"Suceava"},"content":{"rendered":"<\/p>\n<p>Aujourd&rsquo;hui,&#13;<br \/>\nRadio Roumanie Internationale vous invite \u00e0 d\u00e9couvrir une ville charg\u00e9e&#13;<br \/>\nd&rsquo;histoire sise dans le nord-est de la Roumanie : Suceava. Les fouilles&#13;<br \/>\narch\u00e9ologiques qui y ont \u00e9t\u00e9 effectu\u00e9es ont prouv\u00e9 l&rsquo;existence d&rsquo;habitations&#13;<br \/>\ndatant m\u00eame du pal\u00e9olithique. Mais ce n&rsquo;est que durant le r\u00e8gne du prince&#13;<br \/>\nEtienne le Grand (1457-1504), que la ville de Suceava atteint son apog\u00e9e. Il&#13;<br \/>\nordonne des travaux de consolidation de la citadelle, de la Cour princi\u00e8re, fait&#13;<br \/>\nb\u00e2tir de nouvelles constructions importantes dans la ville et contribue \u00e0 son&#13;<br \/>\nd\u00e9veloppement \u00e9conomique et culturel. C&rsquo;est pourquoi aujourd&rsquo;hui encore, un des&#13;<br \/>\nsites touristiques les plus importants de Suceava, c&rsquo;est la citadelle m\u00e9di\u00e9vale&#13;<br \/>\nsise \u00e0 l&rsquo;extr\u00e9mit\u00e9 est de la ville. Situ\u00e9e \u00e0 une altitude de 70 m\u00e8tres par&#13;<br \/>\nrapport \u00e0 la vall\u00e9e de la rivi\u00e8re Suceava, sur un endroit d&rsquo;o\u00f9 celle-ci peut&#13;<br \/>\n\u00eatre pleinement admir\u00e9e, la cit\u00e9 de Suceava faisait partie du syst\u00e8me de&#13;<br \/>\nfortifications construit en Moldavie \u00e0 la fin du 14e si\u00e8cle, lors de&#13;<br \/>\nl&rsquo;apparition du danger ottoman. Le syst\u00e8me de fortifications moyen\u00e2geuses&#13;<br \/>\nincluait des cours princi\u00e8res, des monast\u00e8res entour\u00e9s de murailles hautes, ainsi&#13;<br \/>\nque des citadelles d&rsquo;une haute valeur strat\u00e9gique, renforc\u00e9es de remparts en&#13;<br \/>\npierre, de mottes et de douves. <\/p>\n<p><\/p>\n<p>&#13;<br \/>\n&#13;<\/p>\n<p>La&#13;<br \/>\ncitadelle de Suceava accueille ses visiteurs avec des soldats qui gardent les&#13;<br \/>\nportes d&rsquo;entr\u00e9e comme \u00e0 l&rsquo;\u00e9poque m\u00e9di\u00e9vale. Qui plus est, dans la cour&#13;<br \/>\nint\u00e9rieure, des films illustrant l&rsquo;\u00e9poque d&rsquo;Etienne le Grand sont projet\u00e9s&#13;<br \/>\ndurant les visites. Corina Rita Oarza, mus\u00e9ographe \u00e0 la citadelle de Suceava,&#13;<br \/>\nexplique ce que les visiteurs de la cit\u00e9 peuvent d\u00e9couvrir : <em class=cms-italic>\u00ab Dans&#13;<br \/>\nles pi\u00e8ces de la garde on peut admirer des armes m\u00e9di\u00e9vales &#8211; \u00e9p\u00e9es, arcs et fl\u00e8ches,&#13;<br \/>\nhallebardes, sabres et masses d&rsquo;armes portant les symboles du pouvoir princier.&#13;<br \/>\nS&rsquo;y ajoutent des armes assez inattendues, des \u00e9toiles aux quatre coins, tr\u00e8s&#13;<br \/>\nfines, que l&rsquo;on jetait par terre devant les chevaux des envahisseurs. Des armes&#13;<br \/>\nlourdes ne manquent pas non plus : canons et projectiles en m\u00e9tal et en&#13;<br \/>\npierre, catapultes et arbal\u00e8tes. Dans plusieurs salles de la citadelle on peut&#13;<br \/>\nadmirer des v\u00eatements et des uniformes d&rsquo;\u00e9poque. Les soldats portaient des&#13;<br \/>\ncasques sur la t\u00eate, des cottes de mailles sur leur corps, renforc\u00e9es de&#13;<br \/>\ncuirasses et de bouclier, des pantalons en tissu et des bottes en cuir \u00e0 leurs&#13;<br \/>\npieds. En hiver, afin de ne pas glisser, les semelles de leurs chaussures&#13;<br \/>\n\u00e9taient munies de griffes d&rsquo;animaux. C&rsquo;est \u00e9galement dans la citadelle que se&#13;<br \/>\ntrouvent les fameux canons que l&rsquo;on peut entendre \u00e0 travers la ville de&#13;<br \/>\nSuceava, chaque jour \u00e0 midi. Trois coups de canon sont tir\u00e9s \u00e0 la m\u00e9moire de&#13;<br \/>\nvo\u00efvodes moldaves. Depuis les terrasses on peut observer un panorama superbe&#13;<br \/>\nsur la ville de Suceava, avec d&rsquo;autres sites importants, dont la majorit\u00e9&#13;<br \/>\ndatent de l&rsquo;\u00e9poque m\u00e9di\u00e9vale. \u00bb<\/em><\/p>\n<p><em class=cms-italic><br \/><\/em><\/p>\n<p>&#13;<br \/>\n&#13;<\/p>\n<p>Une autre exp\u00e9rience in\u00e9dite \u00e0 ne pas rater, c&rsquo;est&#13;<br \/>\nla possibilit\u00e9 d&rsquo;endosser virtuellement des v\u00eatements moyen\u00e2geux. Deux ch\u00eanes&#13;<br \/>\nimposants dominent la cour int\u00e9rieure et font penser \u00e0 une \u00e9poque r\u00e9volue. La&#13;<br \/>\ncitadelle de Suceava propose des audioguides en roumain, anglais, allemand en&#13;<br \/>\nhongrois. <\/p>\n<p><\/p>\n<p>&#13;<br \/>\n&#13;<\/p>\n<p>Et c&rsquo;est \u00e9galement \u00e0 Suceava que l&rsquo;on peut&#13;<br \/>\nvisiter des \u00e9glises datant des 16e et 17e si\u00e8cles, telles&#13;<br \/>\nl&rsquo;Eglise de la R\u00e9surrection, b\u00e2tie en 1551 sur les ordres de l&rsquo;\u00e9pouse du prince&#13;<br \/>\nr\u00e9gnant Petru Rare\u015f, la princesse Elena, et l&rsquo;Eglise des dauphins, \u00e9rig\u00e9e en&#13;<br \/>\n1643, aux ordres du vo\u00ef\u00e9vode Vasile Lupu pour \u00eatre utilis\u00e9e en tant que chapelle&#13;<br \/>\nde la Cour princi\u00e8re. Une halte au mus\u00e9e d\u00e9partemental de Suceava est aussi&#13;<br \/>\nsynonyme de l&rsquo;incursion dans l&rsquo;histoire h\u00e9ro\u00efque des habitants de la ville&#13;<br \/>\ndepuis la nuit des temps et jusqu&rsquo;\u00e0 pr\u00e9sent. La Salle du tr\u00f4ne est un autre&#13;<br \/>\npoint important puisqu&rsquo;elle reconstitue l&rsquo;atmosph\u00e8re de la cour d&rsquo;Etienne le&#13;<br \/>\nGrand avec ses meubles, ses costumes et autres objets d&rsquo;\u00e9poque. Enfin,&#13;<br \/>\nn&rsquo;oubliez pas non plus que cette r\u00e9gion a aussi un riche patrimoine en termes&#13;<br \/>\nde gastronomie et de vins, des arguments forts lorsqu&rsquo;on choisit une&#13;<br \/>\ndestination de vacances. Bon voyage !<\/p>\n<p>&#13;<br \/>\n&#13;<br \/><\/p>\n","protected":false},"excerpt":{"rendered":"<p>Aujourd&rsquo;hui,&#13; Radio Roumanie Internationale vous invite \u00e0 d\u00e9couvrir une ville charg\u00e9e&#13; d&rsquo;histoire sise dans le nord-est de la Roumanie : Suceava. Les fouilles&#13; arch\u00e9ologiques qui y ont \u00e9t\u00e9 effectu\u00e9es ont prouv\u00e9 l&rsquo;existence d&rsquo;habitations&#13; datant m\u00eame du pal\u00e9olithique. Mais ce n&rsquo;est que durant le r\u00e8gne du prince&#13; Etienne le Grand (1457-1504), que la ville de Suceava [&hellip;]<\/p>\n","protected":false},"author":126,"featured_media":169331,"comment_status":"closed","ping_status":"closed","sticky":false,"template":"","format":"standard","meta":{"_acf_changed":false,"footnotes":""},"categories":[96088],"tags":[87712,89026,85954,85635,150864],"coauthors":[],"class_list":["post-422148","post","type-post","status-publish","format-standard","has-post-thumbnail","hentry","category-visitez-la-roumanie","tag-citadelle","tag-etienne-le-grand","tag-forteresse","tag-moyen-age","tag-suceava-fr"],"acf":[],"yoast_head":"<!-- This site is optimized with the Yoast SEO plugin v27.3 - https:\/\/yoast.com\/product\/yoast-seo-wordpress\/ -->\n<title>Suceava - Radio Roumanie Internationale<\/title>\n<meta name=\"robots\" content=\"index, follow, max-snippet:-1, max-image-preview:large, max-video-preview:-1\" \/>\n<link rel=\"canonical\" href=\"https:\/\/www.rri.ro\/fr\/nos-emissions\/visitez-la-roumanie\/suceava-2-id422148.html\" \/>\n<meta property=\"og:locale\" content=\"fr_FR\" \/>\n<meta property=\"og:type\" content=\"article\" \/>\n<meta property=\"og:title\" content=\"Suceava - Radio Roumanie Internationale\" \/>\n<meta property=\"og:description\" content=\"Aujourd&rsquo;hui,&#013; Radio Roumanie Internationale vous invite \u00e0 d\u00e9couvrir une ville charg\u00e9e&#013; d&rsquo;histoire sise dans le nord-est de la Roumanie : Suceava. Les fouilles&#013; arch\u00e9ologiques qui y ont \u00e9t\u00e9 effectu\u00e9es ont prouv\u00e9 l&rsquo;existence d&rsquo;habitations&#013; datant m\u00eame du pal\u00e9olithique. Mais ce n&rsquo;est que durant le r\u00e8gne du prince&#013; Etienne le Grand (1457-1504), que la ville de Suceava [&hellip;]\" \/>\n<meta property=\"og:url\" content=\"https:\/\/www.rri.ro\/fr\/nos-emissions\/visitez-la-roumanie\/suceava-2-id422148.html\" \/>\n<meta property=\"og:site_name\" content=\"Radio Roumanie Internationale\" \/>\n<meta property=\"article:published_time\" content=\"2021-06-18T12:49:00+00:00\" \/>\n<meta property=\"og:image\" content=\"https:\/\/www.rri.ro\/wp-content\/uploads\/2023\/10\/cetate-suceava-fotomchirita.png\" \/>\n\t<meta property=\"og:image:width\" content=\"640\" \/>\n\t<meta property=\"og:image:height\" content=\"480\" \/>\n\t<meta property=\"og:image:type\" content=\"image\/png\" \/>\n<meta name=\"author\" content=\"Ana-Maria Cononovici\" \/>\n<meta name=\"twitter:card\" content=\"summary_large_image\" \/>\n<meta name=\"twitter:label1\" content=\"\u00c9crit par\" \/>\n\t<meta name=\"twitter:data1\" content=\"Ana-Maria Cononovici\" \/>\n\t<meta name=\"twitter:label2\" content=\"Dur\u00e9e de lecture estim\u00e9e\" \/>\n\t<meta name=\"twitter:data2\" content=\"4 minutes\" \/>\n\t<meta name=\"twitter:label3\" content=\"Written by\" \/>\n\t<meta name=\"twitter:data3\" content=\"Ana-Maria Cononovici\" \/>\n<script type=\"application\/ld+json\" class=\"yoast-schema-graph\">{\"@context\":\"https:\\\/\\\/schema.org\",\"@graph\":[{\"@type\":\"Article\",\"@id\":\"https:\\\/\\\/www.rri.ro\\\/fr\\\/nos-emissions\\\/visitez-la-roumanie\\\/suceava-2-id422148.html#article\",\"isPartOf\":{\"@id\":\"https:\\\/\\\/www.rri.ro\\\/fr\\\/nos-emissions\\\/visitez-la-roumanie\\\/suceava-2-id422148.html\"},\"author\":{\"name\":\"Ana-Maria Cononovici\",\"@id\":\"https:\\\/\\\/www.rri.ro\\\/#\\\/schema\\\/person\\\/70ee98042ca8b95ae29876ed4848670e\"},\"headline\":\"Suceava\",\"datePublished\":\"2021-06-18T12:49:00+00:00\",\"mainEntityOfPage\":{\"@id\":\"https:\\\/\\\/www.rri.ro\\\/fr\\\/nos-emissions\\\/visitez-la-roumanie\\\/suceava-2-id422148.html\"},\"wordCount\":736,\"image\":{\"@id\":\"https:\\\/\\\/www.rri.ro\\\/fr\\\/nos-emissions\\\/visitez-la-roumanie\\\/suceava-2-id422148.html#primaryimage\"},\"thumbnailUrl\":\"https:\\\/\\\/www.rri.ro\\\/wp-content\\\/uploads\\\/2023\\\/10\\\/cetate-suceava-fotomchirita.png\",\"keywords\":[\"citadelle\",\"Etienne le Grand\",\"forteresse\",\"Moyen Age\",\"Suceava\"],\"articleSection\":[\"Visitez la Roumanie\"],\"inLanguage\":\"fr-FR\"},{\"@type\":\"WebPage\",\"@id\":\"https:\\\/\\\/www.rri.ro\\\/fr\\\/nos-emissions\\\/visitez-la-roumanie\\\/suceava-2-id422148.html\",\"url\":\"https:\\\/\\\/www.rri.ro\\\/fr\\\/nos-emissions\\\/visitez-la-roumanie\\\/suceava-2-id422148.html\",\"name\":\"Suceava - Radio Roumanie Internationale\",\"isPartOf\":{\"@id\":\"https:\\\/\\\/www.rri.ro\\\/#website\"},\"primaryImageOfPage\":{\"@id\":\"https:\\\/\\\/www.rri.ro\\\/fr\\\/nos-emissions\\\/visitez-la-roumanie\\\/suceava-2-id422148.html#primaryimage\"},\"image\":{\"@id\":\"https:\\\/\\\/www.rri.ro\\\/fr\\\/nos-emissions\\\/visitez-la-roumanie\\\/suceava-2-id422148.html#primaryimage\"},\"thumbnailUrl\":\"https:\\\/\\\/www.rri.ro\\\/wp-content\\\/uploads\\\/2023\\\/10\\\/cetate-suceava-fotomchirita.png\",\"datePublished\":\"2021-06-18T12:49:00+00:00\",\"author\":{\"@id\":\"https:\\\/\\\/www.rri.ro\\\/#\\\/schema\\\/person\\\/70ee98042ca8b95ae29876ed4848670e\"},\"breadcrumb\":{\"@id\":\"https:\\\/\\\/www.rri.ro\\\/fr\\\/nos-emissions\\\/visitez-la-roumanie\\\/suceava-2-id422148.html#breadcrumb\"},\"inLanguage\":\"fr-FR\",\"potentialAction\":[{\"@type\":\"ReadAction\",\"target\":[\"https:\\\/\\\/www.rri.ro\\\/fr\\\/nos-emissions\\\/visitez-la-roumanie\\\/suceava-2-id422148.html\"]}]},{\"@type\":\"ImageObject\",\"inLanguage\":\"fr-FR\",\"@id\":\"https:\\\/\\\/www.rri.ro\\\/fr\\\/nos-emissions\\\/visitez-la-roumanie\\\/suceava-2-id422148.html#primaryimage\",\"url\":\"https:\\\/\\\/www.rri.ro\\\/wp-content\\\/uploads\\\/2023\\\/10\\\/cetate-suceava-fotomchirita.png\",\"contentUrl\":\"https:\\\/\\\/www.rri.ro\\\/wp-content\\\/uploads\\\/2023\\\/10\\\/cetate-suceava-fotomchirita.png\",\"width\":640,\"height\":480},{\"@type\":\"BreadcrumbList\",\"@id\":\"https:\\\/\\\/www.rri.ro\\\/fr\\\/nos-emissions\\\/visitez-la-roumanie\\\/suceava-2-id422148.html#breadcrumb\",\"itemListElement\":[{\"@type\":\"ListItem\",\"position\":1,\"name\":\"Page d'accueil\",\"item\":\"https:\\\/\\\/www.rri.ro\\\/fr\"},{\"@type\":\"ListItem\",\"position\":2,\"name\":\"Nos \u00e9missions\",\"item\":\"https:\\\/\\\/www.rri.ro\\\/fr\\\/nos-emissions\"},{\"@type\":\"ListItem\",\"position\":3,\"name\":\"Visitez la Roumanie\",\"item\":\"https:\\\/\\\/www.rri.ro\\\/fr\\\/nos-emissions\\\/visitez-la-roumanie\"},{\"@type\":\"ListItem\",\"position\":4,\"name\":\"Suceava\"}]},{\"@type\":\"WebSite\",\"@id\":\"https:\\\/\\\/www.rri.ro\\\/#website\",\"url\":\"https:\\\/\\\/www.rri.ro\\\/\",\"name\":\"Radio Roumanie Internationale\",\"description\":\"Totul despre Rom\u00e2nia \u015fi rom\u00e2ni, \u00een 13 limbi\\\/dialecte!\",\"inLanguage\":\"fr-FR\"},{\"@type\":\"Person\",\"@id\":\"https:\\\/\\\/www.rri.ro\\\/#\\\/schema\\\/person\\\/70ee98042ca8b95ae29876ed4848670e\",\"name\":\"Ana-Maria Cononovici\",\"url\":\"https:\\\/\\\/www.rri.ro\\\/fr\\\/author\\\/ana-maria-cononovici\"}]}<\/script>\n<!-- \/ Yoast SEO plugin. -->","yoast_head_json":{"title":"Suceava - Radio Roumanie Internationale","robots":{"index":"index","follow":"follow","max-snippet":"max-snippet:-1","max-image-preview":"max-image-preview:large","max-video-preview":"max-video-preview:-1"},"canonical":"https:\/\/www.rri.ro\/fr\/nos-emissions\/visitez-la-roumanie\/suceava-2-id422148.html","og_locale":"fr_FR","og_type":"article","og_title":"Suceava - Radio Roumanie Internationale","og_description":"Aujourd&rsquo;hui,&#13; Radio Roumanie Internationale vous invite \u00e0 d\u00e9couvrir une ville charg\u00e9e&#13; d&rsquo;histoire sise dans le nord-est de la Roumanie : Suceava. Les fouilles&#13; arch\u00e9ologiques qui y ont \u00e9t\u00e9 effectu\u00e9es ont prouv\u00e9 l&rsquo;existence d&rsquo;habitations&#13; datant m\u00eame du pal\u00e9olithique. Mais ce n&rsquo;est que durant le r\u00e8gne du prince&#13; Etienne le Grand (1457-1504), que la ville de Suceava [&hellip;]","og_url":"https:\/\/www.rri.ro\/fr\/nos-emissions\/visitez-la-roumanie\/suceava-2-id422148.html","og_site_name":"Radio Roumanie Internationale","article_published_time":"2021-06-18T12:49:00+00:00","og_image":[{"width":640,"height":480,"url":"https:\/\/www.rri.ro\/wp-content\/uploads\/2023\/10\/cetate-suceava-fotomchirita.png","type":"image\/png"}],"author":"Ana-Maria Cononovici","twitter_card":"summary_large_image","twitter_misc":{"\u00c9crit par":"Ana-Maria Cononovici","Dur\u00e9e de lecture estim\u00e9e":"4 minutes","Written by":"Ana-Maria Cononovici"},"schema":{"@context":"https:\/\/schema.org","@graph":[{"@type":"Article","@id":"https:\/\/www.rri.ro\/fr\/nos-emissions\/visitez-la-roumanie\/suceava-2-id422148.html#article","isPartOf":{"@id":"https:\/\/www.rri.ro\/fr\/nos-emissions\/visitez-la-roumanie\/suceava-2-id422148.html"},"author":{"name":"Ana-Maria Cononovici","@id":"https:\/\/www.rri.ro\/#\/schema\/person\/70ee98042ca8b95ae29876ed4848670e"},"headline":"Suceava","datePublished":"2021-06-18T12:49:00+00:00","mainEntityOfPage":{"@id":"https:\/\/www.rri.ro\/fr\/nos-emissions\/visitez-la-roumanie\/suceava-2-id422148.html"},"wordCount":736,"image":{"@id":"https:\/\/www.rri.ro\/fr\/nos-emissions\/visitez-la-roumanie\/suceava-2-id422148.html#primaryimage"},"thumbnailUrl":"https:\/\/www.rri.ro\/wp-content\/uploads\/2023\/10\/cetate-suceava-fotomchirita.png","keywords":["citadelle","Etienne le Grand","forteresse","Moyen Age","Suceava"],"articleSection":["Visitez la Roumanie"],"inLanguage":"fr-FR"},{"@type":"WebPage","@id":"https:\/\/www.rri.ro\/fr\/nos-emissions\/visitez-la-roumanie\/suceava-2-id422148.html","url":"https:\/\/www.rri.ro\/fr\/nos-emissions\/visitez-la-roumanie\/suceava-2-id422148.html","name":"Suceava - Radio Roumanie Internationale","isPartOf":{"@id":"https:\/\/www.rri.ro\/#website"},"primaryImageOfPage":{"@id":"https:\/\/www.rri.ro\/fr\/nos-emissions\/visitez-la-roumanie\/suceava-2-id422148.html#primaryimage"},"image":{"@id":"https:\/\/www.rri.ro\/fr\/nos-emissions\/visitez-la-roumanie\/suceava-2-id422148.html#primaryimage"},"thumbnailUrl":"https:\/\/www.rri.ro\/wp-content\/uploads\/2023\/10\/cetate-suceava-fotomchirita.png","datePublished":"2021-06-18T12:49:00+00:00","author":{"@id":"https:\/\/www.rri.ro\/#\/schema\/person\/70ee98042ca8b95ae29876ed4848670e"},"breadcrumb":{"@id":"https:\/\/www.rri.ro\/fr\/nos-emissions\/visitez-la-roumanie\/suceava-2-id422148.html#breadcrumb"},"inLanguage":"fr-FR","potentialAction":[{"@type":"ReadAction","target":["https:\/\/www.rri.ro\/fr\/nos-emissions\/visitez-la-roumanie\/suceava-2-id422148.html"]}]},{"@type":"ImageObject","inLanguage":"fr-FR","@id":"https:\/\/www.rri.ro\/fr\/nos-emissions\/visitez-la-roumanie\/suceava-2-id422148.html#primaryimage","url":"https:\/\/www.rri.ro\/wp-content\/uploads\/2023\/10\/cetate-suceava-fotomchirita.png","contentUrl":"https:\/\/www.rri.ro\/wp-content\/uploads\/2023\/10\/cetate-suceava-fotomchirita.png","width":640,"height":480},{"@type":"BreadcrumbList","@id":"https:\/\/www.rri.ro\/fr\/nos-emissions\/visitez-la-roumanie\/suceava-2-id422148.html#breadcrumb","itemListElement":[{"@type":"ListItem","position":1,"name":"Page d'accueil","item":"https:\/\/www.rri.ro\/fr"},{"@type":"ListItem","position":2,"name":"Nos \u00e9missions","item":"https:\/\/www.rri.ro\/fr\/nos-emissions"},{"@type":"ListItem","position":3,"name":"Visitez la Roumanie","item":"https:\/\/www.rri.ro\/fr\/nos-emissions\/visitez-la-roumanie"},{"@type":"ListItem","position":4,"name":"Suceava"}]},{"@type":"WebSite","@id":"https:\/\/www.rri.ro\/#website","url":"https:\/\/www.rri.ro\/","name":"Radio Roumanie Internationale","description":"Totul despre Rom\u00e2nia \u015fi rom\u00e2ni, \u00een 13 limbi\/dialecte!","inLanguage":"fr-FR"},{"@type":"Person","@id":"https:\/\/www.rri.ro\/#\/schema\/person\/70ee98042ca8b95ae29876ed4848670e","name":"Ana-Maria Cononovici","url":"https:\/\/www.rri.ro\/fr\/author\/ana-maria-cononovici"}]}},"_links":{"self":[{"href":"https:\/\/www.rri.ro\/fr\/wp-json\/wp\/v2\/posts\/422148","targetHints":{"allow":["GET"]}}],"collection":[{"href":"https:\/\/www.rri.ro\/fr\/wp-json\/wp\/v2\/posts"}],"about":[{"href":"https:\/\/www.rri.ro\/fr\/wp-json\/wp\/v2\/types\/post"}],"author":[{"embeddable":true,"href":"https:\/\/www.rri.ro\/fr\/wp-json\/wp\/v2\/users\/126"}],"replies":[{"embeddable":true,"href":"https:\/\/www.rri.ro\/fr\/wp-json\/wp\/v2\/comments?post=422148"}],"version-history":[{"count":0,"href":"https:\/\/www.rri.ro\/fr\/wp-json\/wp\/v2\/posts\/422148\/revisions"}],"wp:featuredmedia":[{"embeddable":true,"href":"https:\/\/www.rri.ro\/fr\/wp-json\/wp\/v2\/media\/169331"}],"wp:attachment":[{"href":"https:\/\/www.rri.ro\/fr\/wp-json\/wp\/v2\/media?parent=422148"}],"wp:term":[{"taxonomy":"category","embeddable":true,"href":"https:\/\/www.rri.ro\/fr\/wp-json\/wp\/v2\/categories?post=422148"},{"taxonomy":"post_tag","embeddable":true,"href":"https:\/\/www.rri.ro\/fr\/wp-json\/wp\/v2\/tags?post=422148"},{"taxonomy":"author","embeddable":true,"href":"https:\/\/www.rri.ro\/fr\/wp-json\/wp\/v2\/coauthors?post=422148"}],"curies":[{"name":"wp","href":"https:\/\/api.w.org\/{rel}","templated":true}]}}