{"id":422855,"date":"2019-09-24T16:04:00","date_gmt":"2019-09-24T13:04:00","guid":{"rendered":"http:\/\/devrri.freshlemon.ro\/le-roumain-mot-a-mot\/consulter-les-lecons\/avant-premiere-karpatia-horse-show-2019-id422855.html"},"modified":"2019-09-24T16:04:00","modified_gmt":"2019-09-24T13:04:00","slug":"avant-premiere-karpatia-horse-show-2019","status":"publish","type":"post","link":"https:\/\/www.rri.ro\/fr\/nos-emissions\/linvite-du-jour\/avant-premiere-karpatia-horse-show-2019-id422855.html","title":{"rendered":"Avant-premi\u00e8re Karpatia Horse Show 2019"},"content":{"rendered":"<p> En avant-premi\u00e8re, Ligia a interrog\u00e9 pour vous Irina Bossy-Ghica, repr\u00e9sentante de la fondation qui organise l\u00e9v\u00e9nement pr\u00e9vu en cette fin de semaine.<\/p>\n<p><iframe width=100% height=166 scrolling=no frameborder=no allow=autoplay src=https:\/\/w.soundcloud.com\/player\/?url=https%3A\/\/api.soundcloud.com\/tracks\/686057284&#038;color=%23ff5500&#038;auto_play=false&#038;hide_related=false&#038;show_comments=true&#038;show_user=true&#038;show_reposts=false&#038;show_teaser=true><\/iframe>&#13;<\/p>\n","protected":false},"excerpt":{"rendered":"<p>En avant-premi\u00e8re, Ligia a interrog\u00e9 pour vous Irina Bossy-Ghica, repr\u00e9sentante de la fondation qui organise l\u00e9v\u00e9nement pr\u00e9vu en cette fin de semaine. &#13;<\/p>\n","protected":false},"author":2,"featured_media":422856,"comment_status":"closed","ping_status":"closed","sticky":false,"template":"","format":"standard","meta":{"_acf_changed":false,"footnotes":""},"categories":[96095],"tags":[87544,85543,96729,96730,85412],"coauthors":[],"class_list":["post-422855","post","type-post","status-publish","format-standard","has-post-thumbnail","hentry","category-linvite-du-jour","tag-cheval","tag-concours","tag-domaine-cantacuzene","tag-floresti","tag-roumanie"],"acf":[],"yoast_head":"<!-- This site is optimized with the Yoast SEO plugin v27.5 - https:\/\/yoast.com\/product\/yoast-seo-wordpress\/ -->\n<title>Avant-premi\u00e8re Karpatia Horse Show 2019 - Radio Roumanie Internationale<\/title>\n<meta name=\"robots\" content=\"index, follow, max-snippet:-1, max-image-preview:large, max-video-preview:-1\" \/>\n<link rel=\"canonical\" href=\"https:\/\/www.rri.ro\/fr\/nos-emissions\/linvite-du-jour\/avant-premiere-karpatia-horse-show-2019-id422855.html\" \/>\n<meta property=\"og:locale\" content=\"fr_FR\" \/>\n<meta property=\"og:type\" content=\"article\" \/>\n<meta property=\"og:title\" content=\"Avant-premi\u00e8re Karpatia Horse Show 2019 - Radio Roumanie Internationale\" \/>\n<meta property=\"og:description\" content=\"En avant-premi\u00e8re, Ligia a interrog\u00e9 pour vous Irina Bossy-Ghica, repr\u00e9sentante de la fondation qui organise l\u00e9v\u00e9nement pr\u00e9vu en cette fin de semaine. &#013;\" \/>\n<meta property=\"og:url\" content=\"https:\/\/www.rri.ro\/fr\/nos-emissions\/linvite-du-jour\/avant-premiere-karpatia-horse-show-2019-id422855.html\" \/>\n<meta property=\"og:site_name\" content=\"Radio Roumanie Internationale\" \/>\n<meta property=\"article:published_time\" content=\"2019-09-24T13:04:00+00:00\" \/>\n<meta property=\"og:image\" content=\"https:\/\/www.rri.ro\/wp-content\/uploads\/2023\/10\/karpatia-horse-show.jpg\" \/>\n\t<meta property=\"og:image:width\" content=\"640\" \/>\n\t<meta property=\"og:image:height\" content=\"480\" \/>\n\t<meta property=\"og:image:type\" content=\"image\/png\" \/>\n<meta name=\"author\" content=\"Rom\u00e2nia Interna\u021bional\" \/>\n<meta name=\"twitter:card\" content=\"summary_large_image\" \/>\n<meta name=\"twitter:label1\" content=\"\u00c9crit par\" \/>\n\t<meta name=\"twitter:data1\" content=\"Rom\u00e2nia Interna\u021bional\" \/>\n\t<meta name=\"twitter:label2\" content=\"Written by\" \/>\n\t<meta name=\"twitter:data2\" content=\"Rom\u00e2nia Interna\u021bional\" \/>\n<script type=\"application\/ld+json\" class=\"yoast-schema-graph\">{\"@context\":\"https:\\\/\\\/schema.org\",\"@graph\":[{\"@type\":\"Article\",\"@id\":\"https:\\\/\\\/www.rri.ro\\\/fr\\\/nos-emissions\\\/linvite-du-jour\\\/avant-premiere-karpatia-horse-show-2019-id422855.html#article\",\"isPartOf\":{\"@id\":\"https:\\\/\\\/www.rri.ro\\\/fr\\\/nos-emissions\\\/linvite-du-jour\\\/avant-premiere-karpatia-horse-show-2019-id422855.html\"},\"author\":{\"name\":\"Rom\u00e2nia Interna\u021bional\",\"@id\":\"https:\\\/\\\/www.rri.ro\\\/#\\\/schema\\\/person\\\/18fac491bccbfe149b92aea77ad60abd\"},\"headline\":\"Avant-premi\u00e8re Karpatia Horse Show 2019\",\"datePublished\":\"2019-09-24T13:04:00+00:00\",\"mainEntityOfPage\":{\"@id\":\"https:\\\/\\\/www.rri.ro\\\/fr\\\/nos-emissions\\\/linvite-du-jour\\\/avant-premiere-karpatia-horse-show-2019-id422855.html\"},\"wordCount\":32,\"image\":{\"@id\":\"https:\\\/\\\/www.rri.ro\\\/fr\\\/nos-emissions\\\/linvite-du-jour\\\/avant-premiere-karpatia-horse-show-2019-id422855.html#primaryimage\"},\"thumbnailUrl\":\"https:\\\/\\\/www.rri.ro\\\/wp-content\\\/uploads\\\/2023\\\/10\\\/karpatia-horse-show.jpg\",\"keywords\":[\"cheval\",\"concours\",\"domaine Cantacuz\u00e8ne\",\"Flore\u015fti\",\"Roumanie\"],\"articleSection\":[\"L'invit\u00e9 du jour\"],\"inLanguage\":\"fr-FR\"},{\"@type\":\"WebPage\",\"@id\":\"https:\\\/\\\/www.rri.ro\\\/fr\\\/nos-emissions\\\/linvite-du-jour\\\/avant-premiere-karpatia-horse-show-2019-id422855.html\",\"url\":\"https:\\\/\\\/www.rri.ro\\\/fr\\\/nos-emissions\\\/linvite-du-jour\\\/avant-premiere-karpatia-horse-show-2019-id422855.html\",\"name\":\"Avant-premi\u00e8re Karpatia Horse Show 2019 - Radio Roumanie Internationale\",\"isPartOf\":{\"@id\":\"https:\\\/\\\/www.rri.ro\\\/#website\"},\"primaryImageOfPage\":{\"@id\":\"https:\\\/\\\/www.rri.ro\\\/fr\\\/nos-emissions\\\/linvite-du-jour\\\/avant-premiere-karpatia-horse-show-2019-id422855.html#primaryimage\"},\"image\":{\"@id\":\"https:\\\/\\\/www.rri.ro\\\/fr\\\/nos-emissions\\\/linvite-du-jour\\\/avant-premiere-karpatia-horse-show-2019-id422855.html#primaryimage\"},\"thumbnailUrl\":\"https:\\\/\\\/www.rri.ro\\\/wp-content\\\/uploads\\\/2023\\\/10\\\/karpatia-horse-show.jpg\",\"datePublished\":\"2019-09-24T13:04:00+00:00\",\"author\":{\"@id\":\"https:\\\/\\\/www.rri.ro\\\/#\\\/schema\\\/person\\\/18fac491bccbfe149b92aea77ad60abd\"},\"breadcrumb\":{\"@id\":\"https:\\\/\\\/www.rri.ro\\\/fr\\\/nos-emissions\\\/linvite-du-jour\\\/avant-premiere-karpatia-horse-show-2019-id422855.html#breadcrumb\"},\"inLanguage\":\"fr-FR\",\"potentialAction\":[{\"@type\":\"ReadAction\",\"target\":[\"https:\\\/\\\/www.rri.ro\\\/fr\\\/nos-emissions\\\/linvite-du-jour\\\/avant-premiere-karpatia-horse-show-2019-id422855.html\"]}]},{\"@type\":\"ImageObject\",\"inLanguage\":\"fr-FR\",\"@id\":\"https:\\\/\\\/www.rri.ro\\\/fr\\\/nos-emissions\\\/linvite-du-jour\\\/avant-premiere-karpatia-horse-show-2019-id422855.html#primaryimage\",\"url\":\"https:\\\/\\\/www.rri.ro\\\/wp-content\\\/uploads\\\/2023\\\/10\\\/karpatia-horse-show.jpg\",\"contentUrl\":\"https:\\\/\\\/www.rri.ro\\\/wp-content\\\/uploads\\\/2023\\\/10\\\/karpatia-horse-show.jpg\",\"width\":640,\"height\":480},{\"@type\":\"BreadcrumbList\",\"@id\":\"https:\\\/\\\/www.rri.ro\\\/fr\\\/nos-emissions\\\/linvite-du-jour\\\/avant-premiere-karpatia-horse-show-2019-id422855.html#breadcrumb\",\"itemListElement\":[{\"@type\":\"ListItem\",\"position\":1,\"name\":\"Page d'accueil\",\"item\":\"https:\\\/\\\/www.rri.ro\\\/fr\"},{\"@type\":\"ListItem\",\"position\":2,\"name\":\"Nos \u00e9missions\",\"item\":\"https:\\\/\\\/www.rri.ro\\\/fr\\\/nos-emissions\"},{\"@type\":\"ListItem\",\"position\":3,\"name\":\"L'invit\u00e9 du jour\",\"item\":\"https:\\\/\\\/www.rri.ro\\\/fr\\\/nos-emissions\\\/linvite-du-jour\"},{\"@type\":\"ListItem\",\"position\":4,\"name\":\"Avant-premi\u00e8re Karpatia Horse Show 2019\"}]},{\"@type\":\"WebSite\",\"@id\":\"https:\\\/\\\/www.rri.ro\\\/#website\",\"url\":\"https:\\\/\\\/www.rri.ro\\\/\",\"name\":\"Radio Roumanie Internationale\",\"description\":\"Totul despre Rom\u00e2nia \u015fi rom\u00e2ni, \u00een 13 limbi\\\/dialecte!\",\"inLanguage\":\"fr-FR\"},{\"@type\":\"Person\",\"@id\":\"https:\\\/\\\/www.rri.ro\\\/#\\\/schema\\\/person\\\/18fac491bccbfe149b92aea77ad60abd\",\"name\":\"Rom\u00e2nia Interna\u021bional\",\"url\":\"https:\\\/\\\/www.rri.ro\\\/fr\\\/author\\\/redactia\"}]}<\/script>\n<!-- \/ Yoast SEO plugin. -->","yoast_head_json":{"title":"Avant-premi\u00e8re Karpatia Horse Show 2019 - Radio Roumanie Internationale","robots":{"index":"index","follow":"follow","max-snippet":"max-snippet:-1","max-image-preview":"max-image-preview:large","max-video-preview":"max-video-preview:-1"},"canonical":"https:\/\/www.rri.ro\/fr\/nos-emissions\/linvite-du-jour\/avant-premiere-karpatia-horse-show-2019-id422855.html","og_locale":"fr_FR","og_type":"article","og_title":"Avant-premi\u00e8re Karpatia Horse Show 2019 - Radio Roumanie Internationale","og_description":"En avant-premi\u00e8re, Ligia a interrog\u00e9 pour vous Irina Bossy-Ghica, repr\u00e9sentante de la fondation qui organise l\u00e9v\u00e9nement pr\u00e9vu en cette fin de semaine. &#13;","og_url":"https:\/\/www.rri.ro\/fr\/nos-emissions\/linvite-du-jour\/avant-premiere-karpatia-horse-show-2019-id422855.html","og_site_name":"Radio Roumanie Internationale","article_published_time":"2019-09-24T13:04:00+00:00","og_image":[{"width":640,"height":480,"url":"https:\/\/www.rri.ro\/wp-content\/uploads\/2023\/10\/karpatia-horse-show.jpg","type":"image\/png"}],"author":"Rom\u00e2nia Interna\u021bional","twitter_card":"summary_large_image","twitter_misc":{"\u00c9crit par":"Rom\u00e2nia Interna\u021bional","Written by":"Rom\u00e2nia Interna\u021bional"},"schema":{"@context":"https:\/\/schema.org","@graph":[{"@type":"Article","@id":"https:\/\/www.rri.ro\/fr\/nos-emissions\/linvite-du-jour\/avant-premiere-karpatia-horse-show-2019-id422855.html#article","isPartOf":{"@id":"https:\/\/www.rri.ro\/fr\/nos-emissions\/linvite-du-jour\/avant-premiere-karpatia-horse-show-2019-id422855.html"},"author":{"name":"Rom\u00e2nia Interna\u021bional","@id":"https:\/\/www.rri.ro\/#\/schema\/person\/18fac491bccbfe149b92aea77ad60abd"},"headline":"Avant-premi\u00e8re Karpatia Horse Show 2019","datePublished":"2019-09-24T13:04:00+00:00","mainEntityOfPage":{"@id":"https:\/\/www.rri.ro\/fr\/nos-emissions\/linvite-du-jour\/avant-premiere-karpatia-horse-show-2019-id422855.html"},"wordCount":32,"image":{"@id":"https:\/\/www.rri.ro\/fr\/nos-emissions\/linvite-du-jour\/avant-premiere-karpatia-horse-show-2019-id422855.html#primaryimage"},"thumbnailUrl":"https:\/\/www.rri.ro\/wp-content\/uploads\/2023\/10\/karpatia-horse-show.jpg","keywords":["cheval","concours","domaine Cantacuz\u00e8ne","Flore\u015fti","Roumanie"],"articleSection":["L'invit\u00e9 du jour"],"inLanguage":"fr-FR"},{"@type":"WebPage","@id":"https:\/\/www.rri.ro\/fr\/nos-emissions\/linvite-du-jour\/avant-premiere-karpatia-horse-show-2019-id422855.html","url":"https:\/\/www.rri.ro\/fr\/nos-emissions\/linvite-du-jour\/avant-premiere-karpatia-horse-show-2019-id422855.html","name":"Avant-premi\u00e8re Karpatia Horse Show 2019 - Radio Roumanie Internationale","isPartOf":{"@id":"https:\/\/www.rri.ro\/#website"},"primaryImageOfPage":{"@id":"https:\/\/www.rri.ro\/fr\/nos-emissions\/linvite-du-jour\/avant-premiere-karpatia-horse-show-2019-id422855.html#primaryimage"},"image":{"@id":"https:\/\/www.rri.ro\/fr\/nos-emissions\/linvite-du-jour\/avant-premiere-karpatia-horse-show-2019-id422855.html#primaryimage"},"thumbnailUrl":"https:\/\/www.rri.ro\/wp-content\/uploads\/2023\/10\/karpatia-horse-show.jpg","datePublished":"2019-09-24T13:04:00+00:00","author":{"@id":"https:\/\/www.rri.ro\/#\/schema\/person\/18fac491bccbfe149b92aea77ad60abd"},"breadcrumb":{"@id":"https:\/\/www.rri.ro\/fr\/nos-emissions\/linvite-du-jour\/avant-premiere-karpatia-horse-show-2019-id422855.html#breadcrumb"},"inLanguage":"fr-FR","potentialAction":[{"@type":"ReadAction","target":["https:\/\/www.rri.ro\/fr\/nos-emissions\/linvite-du-jour\/avant-premiere-karpatia-horse-show-2019-id422855.html"]}]},{"@type":"ImageObject","inLanguage":"fr-FR","@id":"https:\/\/www.rri.ro\/fr\/nos-emissions\/linvite-du-jour\/avant-premiere-karpatia-horse-show-2019-id422855.html#primaryimage","url":"https:\/\/www.rri.ro\/wp-content\/uploads\/2023\/10\/karpatia-horse-show.jpg","contentUrl":"https:\/\/www.rri.ro\/wp-content\/uploads\/2023\/10\/karpatia-horse-show.jpg","width":640,"height":480},{"@type":"BreadcrumbList","@id":"https:\/\/www.rri.ro\/fr\/nos-emissions\/linvite-du-jour\/avant-premiere-karpatia-horse-show-2019-id422855.html#breadcrumb","itemListElement":[{"@type":"ListItem","position":1,"name":"Page d'accueil","item":"https:\/\/www.rri.ro\/fr"},{"@type":"ListItem","position":2,"name":"Nos \u00e9missions","item":"https:\/\/www.rri.ro\/fr\/nos-emissions"},{"@type":"ListItem","position":3,"name":"L'invit\u00e9 du jour","item":"https:\/\/www.rri.ro\/fr\/nos-emissions\/linvite-du-jour"},{"@type":"ListItem","position":4,"name":"Avant-premi\u00e8re Karpatia Horse Show 2019"}]},{"@type":"WebSite","@id":"https:\/\/www.rri.ro\/#website","url":"https:\/\/www.rri.ro\/","name":"Radio Roumanie Internationale","description":"Totul despre Rom\u00e2nia \u015fi rom\u00e2ni, \u00een 13 limbi\/dialecte!","inLanguage":"fr-FR"},{"@type":"Person","@id":"https:\/\/www.rri.ro\/#\/schema\/person\/18fac491bccbfe149b92aea77ad60abd","name":"Rom\u00e2nia Interna\u021bional","url":"https:\/\/www.rri.ro\/fr\/author\/redactia"}]}},"_links":{"self":[{"href":"https:\/\/www.rri.ro\/fr\/wp-json\/wp\/v2\/posts\/422855","targetHints":{"allow":["GET"]}}],"collection":[{"href":"https:\/\/www.rri.ro\/fr\/wp-json\/wp\/v2\/posts"}],"about":[{"href":"https:\/\/www.rri.ro\/fr\/wp-json\/wp\/v2\/types\/post"}],"author":[{"embeddable":true,"href":"https:\/\/www.rri.ro\/fr\/wp-json\/wp\/v2\/users\/2"}],"replies":[{"embeddable":true,"href":"https:\/\/www.rri.ro\/fr\/wp-json\/wp\/v2\/comments?post=422855"}],"version-history":[{"count":0,"href":"https:\/\/www.rri.ro\/fr\/wp-json\/wp\/v2\/posts\/422855\/revisions"}],"wp:featuredmedia":[{"embeddable":true,"href":"https:\/\/www.rri.ro\/fr\/wp-json\/wp\/v2\/media\/422856"}],"wp:attachment":[{"href":"https:\/\/www.rri.ro\/fr\/wp-json\/wp\/v2\/media?parent=422855"}],"wp:term":[{"taxonomy":"category","embeddable":true,"href":"https:\/\/www.rri.ro\/fr\/wp-json\/wp\/v2\/categories?post=422855"},{"taxonomy":"post_tag","embeddable":true,"href":"https:\/\/www.rri.ro\/fr\/wp-json\/wp\/v2\/tags?post=422855"},{"taxonomy":"author","embeddable":true,"href":"https:\/\/www.rri.ro\/fr\/wp-json\/wp\/v2\/coauthors?post=422855"}],"curies":[{"name":"wp","href":"https:\/\/api.w.org\/{rel}","templated":true}]}}