{"id":432346,"date":"2015-09-27T13:52:00","date_gmt":"2015-09-27T10:52:00","guid":{"rendered":"http:\/\/devrri.freshlemon.ro\/le-roumain-mot-a-mot\/consulter-les-lecons\/les-philippes-dautomne-id432346.html"},"modified":"2015-09-27T13:52:00","modified_gmt":"2015-09-27T10:52:00","slug":"les-philippes-dautomne","status":"publish","type":"post","link":"https:\/\/www.rri.ro\/fr\/nos-emissions\/fetes-et-traditions\/les-philippes-dautomne-id432346.html","title":{"rendered":"Les Philippes d\u2019automne"},"content":{"rendered":"<p>Selon la croyance populaire des Roumains, la saison froide d\u00e9bute plus t\u00f4t que ne l&rsquo;indique le calendrier civil. Le calendrier traditionnel de la mi-septembre comporte toute une s\u00e9rie de f\u00eates automnales, dont celle dite des Philippes. En cette saison, qui fait la transition entre l&rsquo;\u00e9t\u00e9 et l&rsquo;hiver, les villageois de maintes contr\u00e9es de Roumanie pratiquaient jadis plusieurs coutumes cens\u00e9es les prot\u00e9ger et refaire l&rsquo;\u00e9quilibre cosmique. <\/p>\n<p><\/p>\n<p> Delia Suiogan, ethnologue \u00e0 l&rsquo;Universit\u00e9 du Nord de Baia Mare nous a fourni davantage de d\u00e9tails \u00e0 ce sujet: <em class=cms-italic>Selon le calendrier populaire, nous sommes d\u00e9j\u00e0 entr\u00e9s dans la saison froide, d&rsquo;o\u00f9 les changements qui s&rsquo;op\u00e8rent dans les repr\u00e9sentations de l&rsquo;homme traditionnel. Si les animaux \u00e0 valeur symbolique auxquels on se rapportait jusqu&rsquo;ici \u00e9taient le serpent et  l&rsquo;ours, d\u00e9sormais c&rsquo;est au loup d&rsquo;\u00eatre le fauve le plus respect\u00e9. A preuve les nombreuses journ\u00e9es que lui consacre le calendrier traditionnel, notamment au mois d&rsquo;octobre. Pass\u00e9 le 23 septembre, les f\u00eates se multiplient. Les journ\u00e9es commencent \u00e0 se r\u00e9tr\u00e9cir, alors que les nuits se font de plus en plus longues. Le loup symbolise \u00e0 la fois le soleil et les t\u00e9n\u00e8bres, la nuit. Le 22 septembre marque le d\u00e9but de la f\u00eate connue sous le nom de Philippes d&rsquo;automne. Les 26 et 28 septembres, les villageois suivent le plus rigoureusement les coutumes associ\u00e9es \u00e0 cette f\u00eate traditionnelle, car le loup peut s&rsquo;av\u00e9rer l&rsquo;ami de l&rsquo;homme, mais aussi son grand ennemi. <\/em><\/p>\n<p>La croyance populaire d\u00e9signe par le nom de Philippes les sept ap\u00f4tres qui auraient \u00e9chapp\u00e9 \u00e0 une meute de loups gr\u00e2ce \u00e0 leur foi ou bien des mauvais esprits punissant s\u00e9v\u00e8rement ceux qui transgressent certaines r\u00e8gles. Pourtant, dans la plupart des cas, les Philippes sont consid\u00e9r\u00e9s comme protecteurs des foyers contre les incendies et les animaux sauvages. Pendant l&rsquo;hiver, les loups s&rsquo;approchent dangereusement des villages. C&rsquo;est ce qui explique la pr\u00e9servation en milieu rural des vieilles coutumes \u00e0 r\u00f4le de protection. <\/p>\n<p><\/p>\n<p>Delia Suiogan : <em class=cms-italic>En ces jours de f\u00eate, on observe le je\u00fbne et on garde le feu allum\u00e9, car c&rsquo;est lui que craint le loup venu s&rsquo;attaquer au foyer et au b\u00e9tail, notamment aux moutons. Cette p\u00e9riode de l&rsquo;ann\u00e9e est d&rsquo;ailleurs jalonn\u00e9e de nombreuses f\u00eates pastorales. Par tradition, loup et brebis ne sont pas amis. Voil\u00e0 pourquoi en c\u00e9l\u00e9brant ces f\u00eates les gens tentent de r\u00e9tablir un certain \u00e9quilibre entre les deux b\u00eates, car cet \u00e9quilibre est crucial pour le nouveau cycle de la vie pastorale qui vient de d\u00e9buter. Bref, le calendrier populaire consacrent au loup plusieurs jours, vers la fin septembre et tout au long du mois d&rsquo;octobre.<\/em><\/p>\n<p>Les ethnologues ont remarqu\u00e9 une possible correspondance dans les calendriers populaire celtique et roumain du point de vue des f\u00eates  marquant les diff\u00e9rents cycles de l&rsquo;activit\u00e9 pastorale. (Trad. : Mariana Tudose)     <\/p>\n","protected":false},"excerpt":{"rendered":"<p>Selon la croyance populaire des Roumains, la saison froide d\u00e9bute plus t\u00f4t que ne l&rsquo;indique le calendrier civil. Le calendrier traditionnel de la mi-septembre comporte toute une s\u00e9rie de f\u00eates automnales, dont celle dite des Philippes. En cette saison, qui fait la transition entre l&rsquo;\u00e9t\u00e9 et l&rsquo;hiver, les villageois de maintes contr\u00e9es de Roumanie pratiquaient [&hellip;]<\/p>\n","protected":false},"author":133,"featured_media":432347,"comment_status":"closed","ping_status":"closed","sticky":false,"template":"","format":"standard","meta":{"_acf_changed":false,"footnotes":""},"categories":[97162],"tags":[97815,85171,88489,97814,92461,164780],"coauthors":[],"class_list":["post-432346","post","type-post","status-publish","format-standard","has-post-thumbnail","hentry","category-fetes-et-traditions","tag-apotres","tag-automne","tag-loup","tag-philippes-dautomne","tag-septembre","tag-tradition-fr"],"acf":[],"yoast_head":"<!-- This site is optimized with the Yoast SEO plugin v27.5 - https:\/\/yoast.com\/product\/yoast-seo-wordpress\/ -->\n<title>Les Philippes d\u2019automne - Radio Roumanie Internationale<\/title>\n<meta name=\"robots\" content=\"index, follow, max-snippet:-1, max-image-preview:large, max-video-preview:-1\" \/>\n<link rel=\"canonical\" href=\"https:\/\/www.rri.ro\/fr\/nos-emissions\/fetes-et-traditions\/les-philippes-dautomne-id432346.html\" \/>\n<meta property=\"og:locale\" content=\"fr_FR\" \/>\n<meta property=\"og:type\" content=\"article\" \/>\n<meta property=\"og:title\" content=\"Les Philippes d\u2019automne - Radio Roumanie Internationale\" \/>\n<meta property=\"og:description\" content=\"Selon la croyance populaire des Roumains, la saison froide d\u00e9bute plus t\u00f4t que ne l&rsquo;indique le calendrier civil. Le calendrier traditionnel de la mi-septembre comporte toute une s\u00e9rie de f\u00eates automnales, dont celle dite des Philippes. En cette saison, qui fait la transition entre l&rsquo;\u00e9t\u00e9 et l&rsquo;hiver, les villageois de maintes contr\u00e9es de Roumanie pratiquaient [&hellip;]\" \/>\n<meta property=\"og:url\" content=\"https:\/\/www.rri.ro\/fr\/nos-emissions\/fetes-et-traditions\/les-philippes-dautomne-id432346.html\" \/>\n<meta property=\"og:site_name\" content=\"Radio Roumanie Internationale\" \/>\n<meta property=\"article:published_time\" content=\"2015-09-27T10:52:00+00:00\" \/>\n<meta property=\"og:image\" content=\"https:\/\/www.rri.ro\/wp-content\/uploads\/2023\/10\/filipii.jpg\" \/>\n\t<meta property=\"og:image:width\" content=\"640\" \/>\n\t<meta property=\"og:image:height\" content=\"480\" \/>\n\t<meta property=\"og:image:type\" content=\"image\/png\" \/>\n<meta name=\"author\" content=\"Monica Chiorpec\" \/>\n<meta name=\"twitter:card\" content=\"summary_large_image\" \/>\n<meta name=\"twitter:label1\" content=\"\u00c9crit par\" \/>\n\t<meta name=\"twitter:data1\" content=\"Monica Chiorpec\" \/>\n\t<meta name=\"twitter:label2\" content=\"Dur\u00e9e de lecture estim\u00e9e\" \/>\n\t<meta name=\"twitter:data2\" content=\"2 minutes\" \/>\n\t<meta name=\"twitter:label3\" content=\"Written by\" \/>\n\t<meta name=\"twitter:data3\" content=\"Monica Chiorpec\" \/>\n<script type=\"application\/ld+json\" class=\"yoast-schema-graph\">{\"@context\":\"https:\\\/\\\/schema.org\",\"@graph\":[{\"@type\":\"Article\",\"@id\":\"https:\\\/\\\/www.rri.ro\\\/fr\\\/nos-emissions\\\/fetes-et-traditions\\\/les-philippes-dautomne-id432346.html#article\",\"isPartOf\":{\"@id\":\"https:\\\/\\\/www.rri.ro\\\/fr\\\/nos-emissions\\\/fetes-et-traditions\\\/les-philippes-dautomne-id432346.html\"},\"author\":{\"name\":\"Monica Chiorpec\",\"@id\":\"https:\\\/\\\/www.rri.ro\\\/#\\\/schema\\\/person\\\/bde7269c0f61660573c8e224763422e7\"},\"headline\":\"Les Philippes d\u2019automne\",\"datePublished\":\"2015-09-27T10:52:00+00:00\",\"mainEntityOfPage\":{\"@id\":\"https:\\\/\\\/www.rri.ro\\\/fr\\\/nos-emissions\\\/fetes-et-traditions\\\/les-philippes-dautomne-id432346.html\"},\"wordCount\":520,\"image\":{\"@id\":\"https:\\\/\\\/www.rri.ro\\\/fr\\\/nos-emissions\\\/fetes-et-traditions\\\/les-philippes-dautomne-id432346.html#primaryimage\"},\"thumbnailUrl\":\"https:\\\/\\\/www.rri.ro\\\/wp-content\\\/uploads\\\/2023\\\/10\\\/filipii.jpg\",\"keywords\":[\"ap\u00f4tres\",\"automne\",\"loup\",\"Philippes dautomne\",\"septembre\",\"tradition\"],\"articleSection\":[\"F\u00eates et traditions\"],\"inLanguage\":\"fr-FR\"},{\"@type\":\"WebPage\",\"@id\":\"https:\\\/\\\/www.rri.ro\\\/fr\\\/nos-emissions\\\/fetes-et-traditions\\\/les-philippes-dautomne-id432346.html\",\"url\":\"https:\\\/\\\/www.rri.ro\\\/fr\\\/nos-emissions\\\/fetes-et-traditions\\\/les-philippes-dautomne-id432346.html\",\"name\":\"Les Philippes d\u2019automne - Radio Roumanie Internationale\",\"isPartOf\":{\"@id\":\"https:\\\/\\\/www.rri.ro\\\/#website\"},\"primaryImageOfPage\":{\"@id\":\"https:\\\/\\\/www.rri.ro\\\/fr\\\/nos-emissions\\\/fetes-et-traditions\\\/les-philippes-dautomne-id432346.html#primaryimage\"},\"image\":{\"@id\":\"https:\\\/\\\/www.rri.ro\\\/fr\\\/nos-emissions\\\/fetes-et-traditions\\\/les-philippes-dautomne-id432346.html#primaryimage\"},\"thumbnailUrl\":\"https:\\\/\\\/www.rri.ro\\\/wp-content\\\/uploads\\\/2023\\\/10\\\/filipii.jpg\",\"datePublished\":\"2015-09-27T10:52:00+00:00\",\"author\":{\"@id\":\"https:\\\/\\\/www.rri.ro\\\/#\\\/schema\\\/person\\\/bde7269c0f61660573c8e224763422e7\"},\"breadcrumb\":{\"@id\":\"https:\\\/\\\/www.rri.ro\\\/fr\\\/nos-emissions\\\/fetes-et-traditions\\\/les-philippes-dautomne-id432346.html#breadcrumb\"},\"inLanguage\":\"fr-FR\",\"potentialAction\":[{\"@type\":\"ReadAction\",\"target\":[\"https:\\\/\\\/www.rri.ro\\\/fr\\\/nos-emissions\\\/fetes-et-traditions\\\/les-philippes-dautomne-id432346.html\"]}]},{\"@type\":\"ImageObject\",\"inLanguage\":\"fr-FR\",\"@id\":\"https:\\\/\\\/www.rri.ro\\\/fr\\\/nos-emissions\\\/fetes-et-traditions\\\/les-philippes-dautomne-id432346.html#primaryimage\",\"url\":\"https:\\\/\\\/www.rri.ro\\\/wp-content\\\/uploads\\\/2023\\\/10\\\/filipii.jpg\",\"contentUrl\":\"https:\\\/\\\/www.rri.ro\\\/wp-content\\\/uploads\\\/2023\\\/10\\\/filipii.jpg\",\"width\":640,\"height\":480},{\"@type\":\"BreadcrumbList\",\"@id\":\"https:\\\/\\\/www.rri.ro\\\/fr\\\/nos-emissions\\\/fetes-et-traditions\\\/les-philippes-dautomne-id432346.html#breadcrumb\",\"itemListElement\":[{\"@type\":\"ListItem\",\"position\":1,\"name\":\"Page d'accueil\",\"item\":\"https:\\\/\\\/www.rri.ro\\\/fr\"},{\"@type\":\"ListItem\",\"position\":2,\"name\":\"Nos \u00e9missions\",\"item\":\"https:\\\/\\\/www.rri.ro\\\/fr\\\/nos-emissions\"},{\"@type\":\"ListItem\",\"position\":3,\"name\":\"F\u00eates et traditions\",\"item\":\"https:\\\/\\\/www.rri.ro\\\/fr\\\/nos-emissions\\\/fetes-et-traditions\"},{\"@type\":\"ListItem\",\"position\":4,\"name\":\"Les Philippes d\u2019automne\"}]},{\"@type\":\"WebSite\",\"@id\":\"https:\\\/\\\/www.rri.ro\\\/#website\",\"url\":\"https:\\\/\\\/www.rri.ro\\\/\",\"name\":\"Radio Roumanie Internationale\",\"description\":\"Totul despre Rom\u00e2nia \u015fi rom\u00e2ni, \u00een 13 limbi\\\/dialecte!\",\"inLanguage\":\"fr-FR\"},{\"@type\":\"Person\",\"@id\":\"https:\\\/\\\/www.rri.ro\\\/#\\\/schema\\\/person\\\/bde7269c0f61660573c8e224763422e7\",\"name\":\"Monica Chiorpec\",\"url\":\"https:\\\/\\\/www.rri.ro\\\/fr\\\/author\\\/monica-chiorpec\"}]}<\/script>\n<!-- \/ Yoast SEO plugin. -->","yoast_head_json":{"title":"Les Philippes d\u2019automne - Radio Roumanie Internationale","robots":{"index":"index","follow":"follow","max-snippet":"max-snippet:-1","max-image-preview":"max-image-preview:large","max-video-preview":"max-video-preview:-1"},"canonical":"https:\/\/www.rri.ro\/fr\/nos-emissions\/fetes-et-traditions\/les-philippes-dautomne-id432346.html","og_locale":"fr_FR","og_type":"article","og_title":"Les Philippes d\u2019automne - Radio Roumanie Internationale","og_description":"Selon la croyance populaire des Roumains, la saison froide d\u00e9bute plus t\u00f4t que ne l&rsquo;indique le calendrier civil. Le calendrier traditionnel de la mi-septembre comporte toute une s\u00e9rie de f\u00eates automnales, dont celle dite des Philippes. En cette saison, qui fait la transition entre l&rsquo;\u00e9t\u00e9 et l&rsquo;hiver, les villageois de maintes contr\u00e9es de Roumanie pratiquaient [&hellip;]","og_url":"https:\/\/www.rri.ro\/fr\/nos-emissions\/fetes-et-traditions\/les-philippes-dautomne-id432346.html","og_site_name":"Radio Roumanie Internationale","article_published_time":"2015-09-27T10:52:00+00:00","og_image":[{"width":640,"height":480,"url":"https:\/\/www.rri.ro\/wp-content\/uploads\/2023\/10\/filipii.jpg","type":"image\/png"}],"author":"Monica Chiorpec","twitter_card":"summary_large_image","twitter_misc":{"\u00c9crit par":"Monica Chiorpec","Dur\u00e9e de lecture estim\u00e9e":"2 minutes","Written by":"Monica Chiorpec"},"schema":{"@context":"https:\/\/schema.org","@graph":[{"@type":"Article","@id":"https:\/\/www.rri.ro\/fr\/nos-emissions\/fetes-et-traditions\/les-philippes-dautomne-id432346.html#article","isPartOf":{"@id":"https:\/\/www.rri.ro\/fr\/nos-emissions\/fetes-et-traditions\/les-philippes-dautomne-id432346.html"},"author":{"name":"Monica Chiorpec","@id":"https:\/\/www.rri.ro\/#\/schema\/person\/bde7269c0f61660573c8e224763422e7"},"headline":"Les Philippes d\u2019automne","datePublished":"2015-09-27T10:52:00+00:00","mainEntityOfPage":{"@id":"https:\/\/www.rri.ro\/fr\/nos-emissions\/fetes-et-traditions\/les-philippes-dautomne-id432346.html"},"wordCount":520,"image":{"@id":"https:\/\/www.rri.ro\/fr\/nos-emissions\/fetes-et-traditions\/les-philippes-dautomne-id432346.html#primaryimage"},"thumbnailUrl":"https:\/\/www.rri.ro\/wp-content\/uploads\/2023\/10\/filipii.jpg","keywords":["ap\u00f4tres","automne","loup","Philippes dautomne","septembre","tradition"],"articleSection":["F\u00eates et traditions"],"inLanguage":"fr-FR"},{"@type":"WebPage","@id":"https:\/\/www.rri.ro\/fr\/nos-emissions\/fetes-et-traditions\/les-philippes-dautomne-id432346.html","url":"https:\/\/www.rri.ro\/fr\/nos-emissions\/fetes-et-traditions\/les-philippes-dautomne-id432346.html","name":"Les Philippes d\u2019automne - Radio Roumanie Internationale","isPartOf":{"@id":"https:\/\/www.rri.ro\/#website"},"primaryImageOfPage":{"@id":"https:\/\/www.rri.ro\/fr\/nos-emissions\/fetes-et-traditions\/les-philippes-dautomne-id432346.html#primaryimage"},"image":{"@id":"https:\/\/www.rri.ro\/fr\/nos-emissions\/fetes-et-traditions\/les-philippes-dautomne-id432346.html#primaryimage"},"thumbnailUrl":"https:\/\/www.rri.ro\/wp-content\/uploads\/2023\/10\/filipii.jpg","datePublished":"2015-09-27T10:52:00+00:00","author":{"@id":"https:\/\/www.rri.ro\/#\/schema\/person\/bde7269c0f61660573c8e224763422e7"},"breadcrumb":{"@id":"https:\/\/www.rri.ro\/fr\/nos-emissions\/fetes-et-traditions\/les-philippes-dautomne-id432346.html#breadcrumb"},"inLanguage":"fr-FR","potentialAction":[{"@type":"ReadAction","target":["https:\/\/www.rri.ro\/fr\/nos-emissions\/fetes-et-traditions\/les-philippes-dautomne-id432346.html"]}]},{"@type":"ImageObject","inLanguage":"fr-FR","@id":"https:\/\/www.rri.ro\/fr\/nos-emissions\/fetes-et-traditions\/les-philippes-dautomne-id432346.html#primaryimage","url":"https:\/\/www.rri.ro\/wp-content\/uploads\/2023\/10\/filipii.jpg","contentUrl":"https:\/\/www.rri.ro\/wp-content\/uploads\/2023\/10\/filipii.jpg","width":640,"height":480},{"@type":"BreadcrumbList","@id":"https:\/\/www.rri.ro\/fr\/nos-emissions\/fetes-et-traditions\/les-philippes-dautomne-id432346.html#breadcrumb","itemListElement":[{"@type":"ListItem","position":1,"name":"Page d'accueil","item":"https:\/\/www.rri.ro\/fr"},{"@type":"ListItem","position":2,"name":"Nos \u00e9missions","item":"https:\/\/www.rri.ro\/fr\/nos-emissions"},{"@type":"ListItem","position":3,"name":"F\u00eates et traditions","item":"https:\/\/www.rri.ro\/fr\/nos-emissions\/fetes-et-traditions"},{"@type":"ListItem","position":4,"name":"Les Philippes d\u2019automne"}]},{"@type":"WebSite","@id":"https:\/\/www.rri.ro\/#website","url":"https:\/\/www.rri.ro\/","name":"Radio Roumanie Internationale","description":"Totul despre Rom\u00e2nia \u015fi rom\u00e2ni, \u00een 13 limbi\/dialecte!","inLanguage":"fr-FR"},{"@type":"Person","@id":"https:\/\/www.rri.ro\/#\/schema\/person\/bde7269c0f61660573c8e224763422e7","name":"Monica Chiorpec","url":"https:\/\/www.rri.ro\/fr\/author\/monica-chiorpec"}]}},"_links":{"self":[{"href":"https:\/\/www.rri.ro\/fr\/wp-json\/wp\/v2\/posts\/432346","targetHints":{"allow":["GET"]}}],"collection":[{"href":"https:\/\/www.rri.ro\/fr\/wp-json\/wp\/v2\/posts"}],"about":[{"href":"https:\/\/www.rri.ro\/fr\/wp-json\/wp\/v2\/types\/post"}],"author":[{"embeddable":true,"href":"https:\/\/www.rri.ro\/fr\/wp-json\/wp\/v2\/users\/133"}],"replies":[{"embeddable":true,"href":"https:\/\/www.rri.ro\/fr\/wp-json\/wp\/v2\/comments?post=432346"}],"version-history":[{"count":0,"href":"https:\/\/www.rri.ro\/fr\/wp-json\/wp\/v2\/posts\/432346\/revisions"}],"wp:featuredmedia":[{"embeddable":true,"href":"https:\/\/www.rri.ro\/fr\/wp-json\/wp\/v2\/media\/432347"}],"wp:attachment":[{"href":"https:\/\/www.rri.ro\/fr\/wp-json\/wp\/v2\/media?parent=432346"}],"wp:term":[{"taxonomy":"category","embeddable":true,"href":"https:\/\/www.rri.ro\/fr\/wp-json\/wp\/v2\/categories?post=432346"},{"taxonomy":"post_tag","embeddable":true,"href":"https:\/\/www.rri.ro\/fr\/wp-json\/wp\/v2\/tags?post=432346"},{"taxonomy":"author","embeddable":true,"href":"https:\/\/www.rri.ro\/fr\/wp-json\/wp\/v2\/coauthors?post=432346"}],"curies":[{"name":"wp","href":"https:\/\/api.w.org\/{rel}","templated":true}]}}