{"id":656824,"date":"2024-02-06T00:30:00","date_gmt":"2024-02-05T22:30:00","guid":{"rendered":"http:\/\/devrri.freshlemon.ro\/actualites\/consulter-les-lecons\/des-negociations-avec-les-syndicalistes-de-la-sante-id656824.html"},"modified":"2024-02-06T00:30:00","modified_gmt":"2024-02-05T22:30:00","slug":"des-negociations-avec-les-syndicalistes-de-la-sante","status":"publish","type":"post","link":"https:\/\/www.rri.ro\/fr\/actualites\/les-dossiers-de-lactualite\/des-negociations-avec-les-syndicalistes-de-la-sante-id656824.html","title":{"rendered":"Des n\u00e9gociations avec les syndicalistes de la Sant\u00e9."},"content":{"rendered":"<\/p>\n<p>Dans un contexte de m\u00e9contentements&#13;<br \/>\nli\u00e9s principalement au niveau des salaires, plusieurs cat\u00e9gories de personnels&#13;<br \/>\nont protest\u00e9 ces derniers temps en Roumanie, dont ceux du syst\u00e8me sanitaire.&#13;<br \/>\nLes repr\u00e9sentants des conf\u00e9d\u00e9rations syndicales Sanitas et la Solidarit\u00e9&#13;<br \/>\nsanitaire ont rencontr\u00e9 les repr\u00e9sentants du gouvernement \u00e0 plusieurs reprises&#13;<br \/>\npour leur pr\u00e9senter les principales revendications li\u00e9es au niveau des salaires&#13;<br \/>\net au d\u00e9ficit de personnel. <\/p>\n<p><\/p>\n<p>Le vice-pr\u00e9sident de Sanitas, R\u0103zvan Gae, s&rsquo;est&#13;<br \/>\nexprim\u00e9 sur un r\u00e9seau de partage : <em class=cms-italic>\u00ab A&#13;<br \/>\npr\u00e9sent tout le monde souffre parce que les suppl\u00e9ments re\u00e7us sont au niveau de&#13;<br \/>\nl&rsquo;ann\u00e9e 2018 dans le cas de certaines cat\u00e9gories et m\u00eame au niveau des ann\u00e9es 2010-2012,&#13;<br \/>\net le syst\u00e8me sanitaire souffre d&rsquo;un manque s\u00e9v\u00e8re de personnel :&#13;<br \/>\ninfirmi\u00e8res, aides soignantes, brancardiers, personnel administratif,&#13;<br \/>\nfonctionnaires. Heureusement, la nouvelle grille des salaires dans le syst\u00e8me&#13;<br \/>\npublic a fait augmenter les salaires des m\u00e9decins et des sp\u00e9cialistes. Pour le&#13;<br \/>\nreste&#8230; un m\u00e9decin interne en premi\u00e8re ann\u00e9e touche seulement 800 euros. Un&#13;<br \/>\ninterne en 4e ann\u00e9e touche moins de mille euros, s&rsquo;il assure aussi&#13;<br \/>\ndes permanences et une aide soignante en clinique ambulatoire sp\u00e9cialis\u00e9e&#13;<br \/>\ntouche quelque 500 euros. Enfin une aide soignante travaillant dans la section&#13;<br \/>\nde chirurgie d&rsquo;un grand h\u00f4pital se voit r\u00e9mun\u00e9r\u00e9e de 800 euros \u00bb<\/em>. a&#13;<br \/>\nd\u00e9clar\u00e9 le responsable syndical.  <\/p>\n<p><\/p>\n<p>Dans le&#13;<br \/>\ncadre de ce nouveau round de n\u00e9gociations lundi avec le premier ministre Marcel&#13;<br \/>\nCiolacu, les leaders syndicaux qui ont demand\u00e9 une majoration des salaires de&#13;<br \/>\n20% ont obtenu la promesse d&rsquo;une augmentation de 15% qui devrait s&rsquo;ajouter \u00e0&#13;<br \/>\nune indexation de 5%  en d\u00e9but d&rsquo;ann\u00e9e.&#13;<br \/>\nLes deux parties ont d\u00e9cid\u00e9 d&rsquo;accorder ces majorations en deux tranches :&#13;<br \/>\n10% au mois de mars et 5% au mois de juin. Cependant le syst\u00e8me de distribution&#13;<br \/>\nde cette majoration n&rsquo;est pas encore clair et provoque le m\u00e9contentement de&#13;<br \/>\ncertains participants aux n\u00e9gociations. A l&rsquo;issue de la rencontre avec les&#13;<br \/>\nresponsables du gouvernement, les repr\u00e9sentants de la Conf\u00e9d\u00e9ration syndicale \u00ab&#13;<br \/>\nSanitas \u00bb ont d\u00e9clar\u00e9 ne pas connaitre toutes les donn\u00e9es relatives au&#13;<br \/>\nnombre des personnes qui travaillent dans le syst\u00e8me public de sant\u00e9. Ce genre&#13;<br \/>\nd&rsquo;informations en cours d&rsquo;acquisition est particuli\u00e8rement important afin de&#13;<br \/>\nsavoir justement quel sera le niveau des majorations salariales dont&#13;<br \/>\nb\u00e9n\u00e9ficieront toutes les cat\u00e9gories du domaine : m\u00e9decins,&#13;<br \/>\naides-soignantes, infirmiers, brancardiers et personnel administratifs. Ce&#13;<br \/>\nn&rsquo;est qu&rsquo;apr\u00e8s avoir obtenu ces informations que les syndicalistes d\u00e9cideront&#13;<br \/>\nde la poursuite des protestations. <\/p>\n<p><\/p>\n<p><strong class=cms-bold>Une majoration importante uniquement sur papier<\/strong><\/p>\n<p><\/p>\n<p>Par ailleurs, les repr\u00e9sentants de la \u00ab&#13;<br \/>\nSolidarit\u00e9 sanitaire \u00bb affirment que la majoration des salaires de base&#13;<br \/>\nserait bien inf\u00e9rieure aux 20% promis par le gouvernement. Et cela parce que la&#13;<br \/>\nmajoration viserait uniquement le salaire de base sans prendre en compte les&#13;<br \/>\nbonus touch\u00e9s par le corps m\u00e9dical, un compl\u00e9ment salarial non stable, mais qui&#13;<br \/>\nconstitue une part non n\u00e9gligeable de leurs revenus. En prenant cet \u00e9l\u00e9ment en&#13;<br \/>\nconsid\u00e9ration, la majoration salariale augmenterait en r\u00e9alit\u00e9 de moins de 14%&#13;<br \/>\nselon les syndicalistes. Et ce sont les m\u00eames syndicalistes qui promettent de&#13;<br \/>\npoursuivre les n\u00e9gociations avec l&rsquo;ex\u00e9cutif, tout comme les protestations. Une&#13;<br \/>\nmanifestation est pr\u00e9vue pour le 11 mars devant le si\u00e8ge du Gouvernement, apr\u00e8s&#13;<br \/>\nquoi une d\u00e9cision sera adopt\u00e9e quant au d\u00e9clenchement de la gr\u00e8ve g\u00e9n\u00e9rale, en&#13;<br \/>\nfonction du nombre de signatures favorables recens\u00e9es.  <\/p>\n<p><\/p>\n","protected":false},"excerpt":{"rendered":"<p>Les repr\u00e9sentants des syndicats du syst\u00e8me hospitalier public ont obtenu la promesse dune majoration salariale de 15% de la part du gouvernement, qui vient sajouter aux 5% obtenus en d\u00e9but dann\u00e9e.<\/p>\n","protected":false},"author":108,"featured_media":563835,"comment_status":"closed","ping_status":"closed","sticky":false,"template":"","format":"standard","meta":{"_acf_changed":false,"footnotes":""},"categories":[93377],"tags":[85700,87243,86066,85598],"coauthors":[],"class_list":["post-656824","post","type-post","status-publish","format-standard","has-post-thumbnail","hentry","category-les-dossiers-de-lactualite","tag-protestations","tag-salaires","tag-sante","tag-syndicats"],"acf":[],"yoast_head":"<!-- This site is optimized with the Yoast SEO plugin v27.3 - https:\/\/yoast.com\/product\/yoast-seo-wordpress\/ -->\n<title>Des n\u00e9gociations avec les syndicalistes de la Sant\u00e9. - Radio Roumanie Internationale<\/title>\n<meta name=\"robots\" content=\"index, follow, max-snippet:-1, max-image-preview:large, max-video-preview:-1\" \/>\n<link rel=\"canonical\" href=\"https:\/\/www.rri.ro\/fr\/actualites\/les-dossiers-de-lactualite\/des-negociations-avec-les-syndicalistes-de-la-sante-id656824.html\" \/>\n<meta property=\"og:locale\" content=\"fr_FR\" \/>\n<meta property=\"og:type\" content=\"article\" \/>\n<meta property=\"og:title\" content=\"Des n\u00e9gociations avec les syndicalistes de la Sant\u00e9. - Radio Roumanie Internationale\" \/>\n<meta property=\"og:description\" content=\"Les repr\u00e9sentants des syndicats du syst\u00e8me hospitalier public ont obtenu la promesse dune majoration salariale de 15% de la part du gouvernement, qui vient sajouter aux 5% obtenus en d\u00e9but dann\u00e9e.\" \/>\n<meta property=\"og:url\" content=\"https:\/\/www.rri.ro\/fr\/actualites\/les-dossiers-de-lactualite\/des-negociations-avec-les-syndicalistes-de-la-sante-id656824.html\" \/>\n<meta property=\"og:site_name\" content=\"Radio Roumanie Internationale\" \/>\n<meta property=\"article:published_time\" content=\"2024-02-05T22:30:00+00:00\" \/>\n<meta property=\"og:image\" content=\"https:\/\/www.rri.ro\/wp-content\/uploads\/2024\/02\/protest-sanatate-sindicat-sanitas-2023-foto-fb-sanitas.png\" \/>\n\t<meta property=\"og:image:width\" content=\"640\" \/>\n\t<meta property=\"og:image:height\" content=\"480\" \/>\n\t<meta property=\"og:image:type\" content=\"image\/png\" \/>\n<meta name=\"author\" content=\"Corina Cristea\" \/>\n<meta name=\"twitter:card\" content=\"summary_large_image\" \/>\n<meta name=\"twitter:label1\" content=\"\u00c9crit par\" \/>\n\t<meta name=\"twitter:data1\" content=\"Corina Cristea\" \/>\n\t<meta name=\"twitter:label2\" content=\"Dur\u00e9e de lecture estim\u00e9e\" \/>\n\t<meta name=\"twitter:data2\" content=\"3 minutes\" \/>\n\t<meta name=\"twitter:label3\" content=\"Written by\" \/>\n\t<meta name=\"twitter:data3\" content=\"Corina Cristea\" \/>\n<script type=\"application\/ld+json\" class=\"yoast-schema-graph\">{\"@context\":\"https:\\\/\\\/schema.org\",\"@graph\":[{\"@type\":\"Article\",\"@id\":\"https:\\\/\\\/www.rri.ro\\\/fr\\\/actualites\\\/les-dossiers-de-lactualite\\\/des-negociations-avec-les-syndicalistes-de-la-sante-id656824.html#article\",\"isPartOf\":{\"@id\":\"https:\\\/\\\/www.rri.ro\\\/fr\\\/actualites\\\/les-dossiers-de-lactualite\\\/des-negociations-avec-les-syndicalistes-de-la-sante-id656824.html\"},\"author\":{\"name\":\"Corina Cristea\",\"@id\":\"https:\\\/\\\/www.rri.ro\\\/#\\\/schema\\\/person\\\/f9ab1cb3569dee1b2c033a814bb7f0fc\"},\"headline\":\"Des n\u00e9gociations avec les syndicalistes de la Sant\u00e9.\",\"datePublished\":\"2024-02-05T22:30:00+00:00\",\"mainEntityOfPage\":{\"@id\":\"https:\\\/\\\/www.rri.ro\\\/fr\\\/actualites\\\/les-dossiers-de-lactualite\\\/des-negociations-avec-les-syndicalistes-de-la-sante-id656824.html\"},\"wordCount\":616,\"image\":{\"@id\":\"https:\\\/\\\/www.rri.ro\\\/fr\\\/actualites\\\/les-dossiers-de-lactualite\\\/des-negociations-avec-les-syndicalistes-de-la-sante-id656824.html#primaryimage\"},\"thumbnailUrl\":\"https:\\\/\\\/www.rri.ro\\\/wp-content\\\/uploads\\\/2024\\\/02\\\/protest-sanatate-sindicat-sanitas-2023-foto-fb-sanitas.png\",\"keywords\":[\"protestations\",\"salaires\",\"sant\u00e9\",\"syndicats\"],\"articleSection\":[\"Les dossiers de l'actualit\u00e9\"],\"inLanguage\":\"fr-FR\"},{\"@type\":\"WebPage\",\"@id\":\"https:\\\/\\\/www.rri.ro\\\/fr\\\/actualites\\\/les-dossiers-de-lactualite\\\/des-negociations-avec-les-syndicalistes-de-la-sante-id656824.html\",\"url\":\"https:\\\/\\\/www.rri.ro\\\/fr\\\/actualites\\\/les-dossiers-de-lactualite\\\/des-negociations-avec-les-syndicalistes-de-la-sante-id656824.html\",\"name\":\"Des n\u00e9gociations avec les syndicalistes de la Sant\u00e9. - Radio Roumanie Internationale\",\"isPartOf\":{\"@id\":\"https:\\\/\\\/www.rri.ro\\\/#website\"},\"primaryImageOfPage\":{\"@id\":\"https:\\\/\\\/www.rri.ro\\\/fr\\\/actualites\\\/les-dossiers-de-lactualite\\\/des-negociations-avec-les-syndicalistes-de-la-sante-id656824.html#primaryimage\"},\"image\":{\"@id\":\"https:\\\/\\\/www.rri.ro\\\/fr\\\/actualites\\\/les-dossiers-de-lactualite\\\/des-negociations-avec-les-syndicalistes-de-la-sante-id656824.html#primaryimage\"},\"thumbnailUrl\":\"https:\\\/\\\/www.rri.ro\\\/wp-content\\\/uploads\\\/2024\\\/02\\\/protest-sanatate-sindicat-sanitas-2023-foto-fb-sanitas.png\",\"datePublished\":\"2024-02-05T22:30:00+00:00\",\"author\":{\"@id\":\"https:\\\/\\\/www.rri.ro\\\/#\\\/schema\\\/person\\\/f9ab1cb3569dee1b2c033a814bb7f0fc\"},\"breadcrumb\":{\"@id\":\"https:\\\/\\\/www.rri.ro\\\/fr\\\/actualites\\\/les-dossiers-de-lactualite\\\/des-negociations-avec-les-syndicalistes-de-la-sante-id656824.html#breadcrumb\"},\"inLanguage\":\"fr-FR\",\"potentialAction\":[{\"@type\":\"ReadAction\",\"target\":[\"https:\\\/\\\/www.rri.ro\\\/fr\\\/actualites\\\/les-dossiers-de-lactualite\\\/des-negociations-avec-les-syndicalistes-de-la-sante-id656824.html\"]}]},{\"@type\":\"ImageObject\",\"inLanguage\":\"fr-FR\",\"@id\":\"https:\\\/\\\/www.rri.ro\\\/fr\\\/actualites\\\/les-dossiers-de-lactualite\\\/des-negociations-avec-les-syndicalistes-de-la-sante-id656824.html#primaryimage\",\"url\":\"https:\\\/\\\/www.rri.ro\\\/wp-content\\\/uploads\\\/2024\\\/02\\\/protest-sanatate-sindicat-sanitas-2023-foto-fb-sanitas.png\",\"contentUrl\":\"https:\\\/\\\/www.rri.ro\\\/wp-content\\\/uploads\\\/2024\\\/02\\\/protest-sanatate-sindicat-sanitas-2023-foto-fb-sanitas.png\",\"width\":640,\"height\":480,\"caption\":\"Reprezentan\u0163ii sindicatelor Sanitas \u015fi Solidaritatea Sanitar\u0103 au ob\u0163inut promisiunea unei cre\u015fteri salariale de 15% (foto: Facebook \\\/ Federatia Sanitas din Romania)\"},{\"@type\":\"BreadcrumbList\",\"@id\":\"https:\\\/\\\/www.rri.ro\\\/fr\\\/actualites\\\/les-dossiers-de-lactualite\\\/des-negociations-avec-les-syndicalistes-de-la-sante-id656824.html#breadcrumb\",\"itemListElement\":[{\"@type\":\"ListItem\",\"position\":1,\"name\":\"Page d'accueil\",\"item\":\"https:\\\/\\\/www.rri.ro\\\/fr\"},{\"@type\":\"ListItem\",\"position\":2,\"name\":\"Actualit\u00e9s\",\"item\":\"https:\\\/\\\/www.rri.ro\\\/fr\\\/actualites\"},{\"@type\":\"ListItem\",\"position\":3,\"name\":\"Les dossiers de l'actualit\u00e9\",\"item\":\"https:\\\/\\\/www.rri.ro\\\/fr\\\/actualites\\\/les-dossiers-de-lactualite\"},{\"@type\":\"ListItem\",\"position\":4,\"name\":\"Des n\u00e9gociations avec les syndicalistes de la Sant\u00e9.\"}]},{\"@type\":\"WebSite\",\"@id\":\"https:\\\/\\\/www.rri.ro\\\/#website\",\"url\":\"https:\\\/\\\/www.rri.ro\\\/\",\"name\":\"Radio Roumanie Internationale\",\"description\":\"Totul despre Rom\u00e2nia \u015fi rom\u00e2ni, \u00een 13 limbi\\\/dialecte!\",\"inLanguage\":\"fr-FR\"},{\"@type\":\"Person\",\"@id\":\"https:\\\/\\\/www.rri.ro\\\/#\\\/schema\\\/person\\\/f9ab1cb3569dee1b2c033a814bb7f0fc\",\"name\":\"Corina Cristea\",\"url\":\"https:\\\/\\\/www.rri.ro\\\/fr\\\/author\\\/corina-cristea\"}]}<\/script>\n<!-- \/ Yoast SEO plugin. -->","yoast_head_json":{"title":"Des n\u00e9gociations avec les syndicalistes de la Sant\u00e9. - Radio Roumanie Internationale","robots":{"index":"index","follow":"follow","max-snippet":"max-snippet:-1","max-image-preview":"max-image-preview:large","max-video-preview":"max-video-preview:-1"},"canonical":"https:\/\/www.rri.ro\/fr\/actualites\/les-dossiers-de-lactualite\/des-negociations-avec-les-syndicalistes-de-la-sante-id656824.html","og_locale":"fr_FR","og_type":"article","og_title":"Des n\u00e9gociations avec les syndicalistes de la Sant\u00e9. - Radio Roumanie Internationale","og_description":"Les repr\u00e9sentants des syndicats du syst\u00e8me hospitalier public ont obtenu la promesse dune majoration salariale de 15% de la part du gouvernement, qui vient sajouter aux 5% obtenus en d\u00e9but dann\u00e9e.","og_url":"https:\/\/www.rri.ro\/fr\/actualites\/les-dossiers-de-lactualite\/des-negociations-avec-les-syndicalistes-de-la-sante-id656824.html","og_site_name":"Radio Roumanie Internationale","article_published_time":"2024-02-05T22:30:00+00:00","og_image":[{"width":640,"height":480,"url":"https:\/\/www.rri.ro\/wp-content\/uploads\/2024\/02\/protest-sanatate-sindicat-sanitas-2023-foto-fb-sanitas.png","type":"image\/png"}],"author":"Corina Cristea","twitter_card":"summary_large_image","twitter_misc":{"\u00c9crit par":"Corina Cristea","Dur\u00e9e de lecture estim\u00e9e":"3 minutes","Written by":"Corina Cristea"},"schema":{"@context":"https:\/\/schema.org","@graph":[{"@type":"Article","@id":"https:\/\/www.rri.ro\/fr\/actualites\/les-dossiers-de-lactualite\/des-negociations-avec-les-syndicalistes-de-la-sante-id656824.html#article","isPartOf":{"@id":"https:\/\/www.rri.ro\/fr\/actualites\/les-dossiers-de-lactualite\/des-negociations-avec-les-syndicalistes-de-la-sante-id656824.html"},"author":{"name":"Corina Cristea","@id":"https:\/\/www.rri.ro\/#\/schema\/person\/f9ab1cb3569dee1b2c033a814bb7f0fc"},"headline":"Des n\u00e9gociations avec les syndicalistes de la Sant\u00e9.","datePublished":"2024-02-05T22:30:00+00:00","mainEntityOfPage":{"@id":"https:\/\/www.rri.ro\/fr\/actualites\/les-dossiers-de-lactualite\/des-negociations-avec-les-syndicalistes-de-la-sante-id656824.html"},"wordCount":616,"image":{"@id":"https:\/\/www.rri.ro\/fr\/actualites\/les-dossiers-de-lactualite\/des-negociations-avec-les-syndicalistes-de-la-sante-id656824.html#primaryimage"},"thumbnailUrl":"https:\/\/www.rri.ro\/wp-content\/uploads\/2024\/02\/protest-sanatate-sindicat-sanitas-2023-foto-fb-sanitas.png","keywords":["protestations","salaires","sant\u00e9","syndicats"],"articleSection":["Les dossiers de l'actualit\u00e9"],"inLanguage":"fr-FR"},{"@type":"WebPage","@id":"https:\/\/www.rri.ro\/fr\/actualites\/les-dossiers-de-lactualite\/des-negociations-avec-les-syndicalistes-de-la-sante-id656824.html","url":"https:\/\/www.rri.ro\/fr\/actualites\/les-dossiers-de-lactualite\/des-negociations-avec-les-syndicalistes-de-la-sante-id656824.html","name":"Des n\u00e9gociations avec les syndicalistes de la Sant\u00e9. - Radio Roumanie Internationale","isPartOf":{"@id":"https:\/\/www.rri.ro\/#website"},"primaryImageOfPage":{"@id":"https:\/\/www.rri.ro\/fr\/actualites\/les-dossiers-de-lactualite\/des-negociations-avec-les-syndicalistes-de-la-sante-id656824.html#primaryimage"},"image":{"@id":"https:\/\/www.rri.ro\/fr\/actualites\/les-dossiers-de-lactualite\/des-negociations-avec-les-syndicalistes-de-la-sante-id656824.html#primaryimage"},"thumbnailUrl":"https:\/\/www.rri.ro\/wp-content\/uploads\/2024\/02\/protest-sanatate-sindicat-sanitas-2023-foto-fb-sanitas.png","datePublished":"2024-02-05T22:30:00+00:00","author":{"@id":"https:\/\/www.rri.ro\/#\/schema\/person\/f9ab1cb3569dee1b2c033a814bb7f0fc"},"breadcrumb":{"@id":"https:\/\/www.rri.ro\/fr\/actualites\/les-dossiers-de-lactualite\/des-negociations-avec-les-syndicalistes-de-la-sante-id656824.html#breadcrumb"},"inLanguage":"fr-FR","potentialAction":[{"@type":"ReadAction","target":["https:\/\/www.rri.ro\/fr\/actualites\/les-dossiers-de-lactualite\/des-negociations-avec-les-syndicalistes-de-la-sante-id656824.html"]}]},{"@type":"ImageObject","inLanguage":"fr-FR","@id":"https:\/\/www.rri.ro\/fr\/actualites\/les-dossiers-de-lactualite\/des-negociations-avec-les-syndicalistes-de-la-sante-id656824.html#primaryimage","url":"https:\/\/www.rri.ro\/wp-content\/uploads\/2024\/02\/protest-sanatate-sindicat-sanitas-2023-foto-fb-sanitas.png","contentUrl":"https:\/\/www.rri.ro\/wp-content\/uploads\/2024\/02\/protest-sanatate-sindicat-sanitas-2023-foto-fb-sanitas.png","width":640,"height":480,"caption":"Reprezentan\u0163ii sindicatelor Sanitas \u015fi Solidaritatea Sanitar\u0103 au ob\u0163inut promisiunea unei cre\u015fteri salariale de 15% (foto: Facebook \/ Federatia Sanitas din Romania)"},{"@type":"BreadcrumbList","@id":"https:\/\/www.rri.ro\/fr\/actualites\/les-dossiers-de-lactualite\/des-negociations-avec-les-syndicalistes-de-la-sante-id656824.html#breadcrumb","itemListElement":[{"@type":"ListItem","position":1,"name":"Page d'accueil","item":"https:\/\/www.rri.ro\/fr"},{"@type":"ListItem","position":2,"name":"Actualit\u00e9s","item":"https:\/\/www.rri.ro\/fr\/actualites"},{"@type":"ListItem","position":3,"name":"Les dossiers de l'actualit\u00e9","item":"https:\/\/www.rri.ro\/fr\/actualites\/les-dossiers-de-lactualite"},{"@type":"ListItem","position":4,"name":"Des n\u00e9gociations avec les syndicalistes de la Sant\u00e9."}]},{"@type":"WebSite","@id":"https:\/\/www.rri.ro\/#website","url":"https:\/\/www.rri.ro\/","name":"Radio Roumanie Internationale","description":"Totul despre Rom\u00e2nia \u015fi rom\u00e2ni, \u00een 13 limbi\/dialecte!","inLanguage":"fr-FR"},{"@type":"Person","@id":"https:\/\/www.rri.ro\/#\/schema\/person\/f9ab1cb3569dee1b2c033a814bb7f0fc","name":"Corina Cristea","url":"https:\/\/www.rri.ro\/fr\/author\/corina-cristea"}]}},"_links":{"self":[{"href":"https:\/\/www.rri.ro\/fr\/wp-json\/wp\/v2\/posts\/656824","targetHints":{"allow":["GET"]}}],"collection":[{"href":"https:\/\/www.rri.ro\/fr\/wp-json\/wp\/v2\/posts"}],"about":[{"href":"https:\/\/www.rri.ro\/fr\/wp-json\/wp\/v2\/types\/post"}],"author":[{"embeddable":true,"href":"https:\/\/www.rri.ro\/fr\/wp-json\/wp\/v2\/users\/108"}],"replies":[{"embeddable":true,"href":"https:\/\/www.rri.ro\/fr\/wp-json\/wp\/v2\/comments?post=656824"}],"version-history":[{"count":0,"href":"https:\/\/www.rri.ro\/fr\/wp-json\/wp\/v2\/posts\/656824\/revisions"}],"wp:featuredmedia":[{"embeddable":true,"href":"https:\/\/www.rri.ro\/fr\/wp-json\/wp\/v2\/media\/563835"}],"wp:attachment":[{"href":"https:\/\/www.rri.ro\/fr\/wp-json\/wp\/v2\/media?parent=656824"}],"wp:term":[{"taxonomy":"category","embeddable":true,"href":"https:\/\/www.rri.ro\/fr\/wp-json\/wp\/v2\/categories?post=656824"},{"taxonomy":"post_tag","embeddable":true,"href":"https:\/\/www.rri.ro\/fr\/wp-json\/wp\/v2\/tags?post=656824"},{"taxonomy":"author","embeddable":true,"href":"https:\/\/www.rri.ro\/fr\/wp-json\/wp\/v2\/coauthors?post=656824"}],"curies":[{"name":"wp","href":"https:\/\/api.w.org\/{rel}","templated":true}]}}