{"id":656921,"date":"2024-02-07T11:59:00","date_gmt":"2024-02-07T09:59:00","guid":{"rendered":"http:\/\/devrri.freshlemon.ro\/actualites\/consulter-les-lecons\/la-commission-europeenne-contre-les-agriculteurs-id656921.html"},"modified":"2024-02-07T11:59:00","modified_gmt":"2024-02-07T09:59:00","slug":"la-commission-europeenne-contre-les-agriculteurs","status":"publish","type":"post","link":"https:\/\/www.rri.ro\/fr\/actualites\/complement-dactu\/la-commission-europeenne-contre-les-agriculteurs-id656921.html","title":{"rendered":"La Commission europ\u00e9enne contre les agriculteurs"},"content":{"rendered":"<p><p>Ce mardi, lors de la s\u00e9ance pl\u00e9ni\u00e8re du&#13;<br \/>\nParlement europ\u00e9en \u00e0 Strasbourg, la pr\u00e9sidente de la Commission europ\u00e9enne,&#13;<br \/>\nUrsula Von Der Leyen, a propos\u00e9 de retirer un projet de loi visant \u00e0 r\u00e9duire de&#13;<br \/>\nmoiti\u00e9 l&rsquo;utilisation de pesticides dans l&rsquo;Union Europ\u00e9enne. Le projet l\u00e9gislatif&#13;<br \/>\nest un \u00e9l\u00e9ment fondamental du \u00ab Pacte vert pour l&rsquo;Europe \u00bb et pr\u00e9voit&#13;<br \/>\nplus pr\u00e9cis\u00e9ment de r\u00e9duire de moiti\u00e9 l&rsquo;utilisation de produits chimiques&#13;<br \/>\nphytosanitaires d&rsquo;ici 2030 par rapport \u00e0 la p\u00e9riode 2015-2017. La proposition,&#13;<br \/>\nrejet\u00e9e fin novembre au Parlement europ\u00e9en, alors que les n\u00e9gociations entre&#13;<br \/>\nles Etats \u00e9taient dans une impasse, \u00ab est devenue un symbole de&#13;<br \/>\npolarisation \u00bb, a d\u00e9clar\u00e9 la cheffe de la Commission europ\u00e9enne devant les&#13;<br \/>\nd\u00e9put\u00e9s r\u00e9unis en s\u00e9ance pl\u00e9ni\u00e8re. <\/p>\n<p>&#13;<br \/>\n&#13;<br \/>\n&#13;<br \/>\n&#13;<\/p>\n<p><\/p>\n<p><strong class=cms-bold>Des protestations devant le Parlement europ\u00e9en<\/strong><\/p>\n<p>&#13;<br \/>\n&#13;<\/p>\n<p>Lors des pourparlers, une vingtaine de&#13;<br \/>\ntracteurs et plusieurs dizaines d&rsquo;agriculteurs se sont rassembl\u00e9s devant le&#13;<br \/>\nsi\u00e8ge du Parlement europ\u00e9en pour faire pression sur les d\u00e9put\u00e9s. Les mesures de&#13;<br \/>\ns\u00e9curit\u00e9 ont \u00e9t\u00e9 renforc\u00e9es dans la zone pour bloquer l&rsquo;acc\u00e8s aux manifestants,&#13;<br \/>\nqui ont affich\u00e9 des drapeaux et des pancartes pour exprimer leurs&#13;<br \/>\nrevendications.  <\/p>\n<p>&#13;<br \/>\n&#13;<\/p>\n<p>Il y a eu deux manifestations diff\u00e9rentes :&#13;<br \/>\nl&rsquo;une de la Coordination rurale, pour d\u00e9noncer l&rsquo;importation de produits en&#13;<br \/>\nprovenance de pays comme l&rsquo;Ukraine, qui ne sont pas soumis aux m\u00eames normes&#13;<br \/>\nqu&rsquo;en France, et l&rsquo;autre d&rsquo;une conf\u00e9d\u00e9ration qui s&rsquo;oppose aux nouveaux&#13;<br \/>\norganismes g\u00e9n\u00e9tiquement modifi\u00e9s.  <\/p>\n<p>&#13;<br \/>\n&#13;<br \/>\n&#13;<br \/>\n&#13;<\/p>\n<p><\/p>\n<p><strong class=cms-bold>Des manifs dans d&rsquo;autres pays<\/strong><\/p>\n<p>&#13;<br \/>\n&#13;<\/p>\n<p>Des manifestations ont eu lieu dans plusieurs&#13;<br \/>\npays europ\u00e9ens ces derniers jours. En Espagne, les agriculteurs ont bloqu\u00e9&#13;<br \/>\nmardi la circulation sur certaines des autoroutes les plus importantes,&#13;<br \/>\nrejoignant leurs homologues europ\u00e9ens pour protester contre les co\u00fbts \u00e9lev\u00e9s,&#13;<br \/>\nla bureaucratie et la concurrence des pays tiers. Beaucoup sont descendus dans&#13;<br \/>\nles rues avec des tracteurs, cr\u00e9ant des embouteillages dans tout le pays. A&#13;<br \/>\nl&rsquo;instar de leurs coll\u00e8gues de France, des Pays-Bas, de Belgique et du&#13;<br \/>\nPortugal, les agriculteurs espagnols se plaignent de la lourdeur de la bureaucratie&#13;<br \/>\neurop\u00e9enne, des prix bas qu&rsquo;ils re\u00e7oivent pour leurs produits ainsi que de la&#13;<br \/>\nhausse des co\u00fbts. En Gr\u00e8ce, les agriculteurs ont aussi manifest\u00e9 dans la&#13;<br \/>\nplupart du pays, en renfor\u00e7ant les barrages routiers r\u00e9gionaux et en organisant&#13;<br \/>\ndes rassemblements de tracteurs. Ils exigent la r\u00e9vision de la politique&#13;<br \/>\nagricole commune de l&rsquo;UE, qui, selon eux, a consid\u00e9rablement r\u00e9duit leurs&#13;<br \/>\nrevenus, mais aussi des compensations pour les pertes subies en raison des prix&#13;<br \/>\n\u00e9lev\u00e9s des produits n\u00e9cessaires aux cultures. Les manifestations se sont&#13;<br \/>\n\u00e9galement \u00e9tendues \u00e0 l&rsquo;Allemagne et \u00e0 la Pologne. Du c\u00f4t\u00e9 de l&rsquo;Italie, les&#13;<br \/>\nagriculteurs se pr\u00e9parent \u00e0 des manifestations \u00e0 grande \u00e9chelle dans les&#13;<br \/>\nprochains jours. Les agriculteurs bulgares ont \u00e9galement protest\u00e9 mardi en bloquant&#13;<br \/>\ntemporairement les routes principales et les postes de passage aux fronti\u00e8res,&#13;<br \/>\nnotamment avec la Roumanie. <\/p>\n<p><\/p>\n<p>&#13;<br \/>\n&#13;<br \/>\n&#13;<br \/>\n&#13;<\/p>\n<p><strong class=cms-bold>Des protestations \u00e0 Bucarest<\/strong><\/p>\n<p>&#13;<br \/>\n&#13;<br \/>\n Le gouvernement de coalition de Bucarest a&#13;<br \/>\nconclu, \u00e0 la fin de la semaine derni\u00e8re, un accord avec les agriculteurs et les&#13;<br \/>\ntransporteurs. En Roumanie, des centaines d&rsquo;agriculteurs et de chauffeurs poids-lourds&#13;<br \/>\nont protest\u00e9 contre la hausse des co\u00fbts des entreprises. En m\u00eame temps, des&#13;<br \/>\nconvois de tracteurs et de camions ralentissaient ou bloquaient la circulation&#13;<br \/>\nsur les routes nationales \u00e0 proximit\u00e9 des grandes villes, y compris autour de&#13;<br \/>\nla capitale. D&rsquo;ailleurs, les manifestants ont bri\u00e8vement bloqu\u00e9 un passage de&#13;<br \/>\nfronti\u00e8re avec l&rsquo;Ukraine et ont tent\u00e9 de couper l&rsquo;acc\u00e8s au port de Constanta&#13;<br \/>\nsur la mer Noire.<\/p>\n","protected":false},"excerpt":{"rendered":"<p>Face \u00e0 la col\u00e8re des agriculteurs, la pr\u00e9sidente de la Commission europ\u00e9enne, Ursula von der Leyen, a retir\u00e9 un projet de loi visant \u00e0 r\u00e9duire l&rsquo;usage des pesticides.<\/p>\n","protected":false},"author":106,"featured_media":563343,"comment_status":"closed","ping_status":"closed","sticky":false,"template":"","format":"standard","meta":{"_acf_changed":false,"footnotes":""},"categories":[94412],"tags":[86059,147090,85700,143291,143680],"coauthors":[],"class_list":["post-656921","post","type-post","status-publish","format-standard","has-post-thumbnail","hentry","category-complement-dactu","tag-agriculteurs","tag-europe-fr","tag-protestations","tag-ue-fr","tag-ursula-von-der-leyen-fr"],"acf":[],"yoast_head":"<!-- This site is optimized with the Yoast SEO plugin v27.3 - https:\/\/yoast.com\/product\/yoast-seo-wordpress\/ -->\n<title>La Commission europ\u00e9enne contre les agriculteurs - Radio Roumanie Internationale<\/title>\n<meta name=\"robots\" content=\"index, follow, max-snippet:-1, max-image-preview:large, max-video-preview:-1\" \/>\n<link rel=\"canonical\" href=\"https:\/\/www.rri.ro\/fr\/actualites\/complement-dactu\/la-commission-europeenne-contre-les-agriculteurs-id656921.html\" \/>\n<meta property=\"og:locale\" content=\"fr_FR\" \/>\n<meta property=\"og:type\" content=\"article\" \/>\n<meta property=\"og:title\" content=\"La Commission europ\u00e9enne contre les agriculteurs - Radio Roumanie Internationale\" \/>\n<meta property=\"og:description\" content=\"Face \u00e0 la col\u00e8re des agriculteurs, la pr\u00e9sidente de la Commission europ\u00e9enne, Ursula von der Leyen, a retir\u00e9 un projet de loi visant \u00e0 r\u00e9duire l&#039;usage des pesticides.\" \/>\n<meta property=\"og:url\" content=\"https:\/\/www.rri.ro\/fr\/actualites\/complement-dactu\/la-commission-europeenne-contre-les-agriculteurs-id656921.html\" \/>\n<meta property=\"og:site_name\" content=\"Radio Roumanie Internationale\" \/>\n<meta property=\"article:published_time\" content=\"2024-02-07T09:59:00+00:00\" \/>\n<meta property=\"og:image\" content=\"https:\/\/www.rri.ro\/wp-content\/uploads\/2024\/02\/Ursula-von-der-Leyen-foto-European-Union-2023-Copyright-Source-EC-Audiovisual-Service-Photographer-Christophe-Licoppe.png\" \/>\n\t<meta property=\"og:image:width\" content=\"1200\" \/>\n\t<meta property=\"og:image:height\" content=\"801\" \/>\n\t<meta property=\"og:image:type\" content=\"image\/png\" \/>\n<meta name=\"author\" content=\"Mihai Pelin\" \/>\n<meta name=\"twitter:card\" content=\"summary_large_image\" \/>\n<meta name=\"twitter:label1\" content=\"\u00c9crit par\" \/>\n\t<meta name=\"twitter:data1\" content=\"Mihai Pelin\" \/>\n\t<meta name=\"twitter:label2\" content=\"Dur\u00e9e de lecture estim\u00e9e\" \/>\n\t<meta name=\"twitter:data2\" content=\"3 minutes\" \/>\n\t<meta name=\"twitter:label3\" content=\"Written by\" \/>\n\t<meta name=\"twitter:data3\" content=\"Mihai Pelin\" \/>\n<script type=\"application\/ld+json\" class=\"yoast-schema-graph\">{\"@context\":\"https:\\\/\\\/schema.org\",\"@graph\":[{\"@type\":\"Article\",\"@id\":\"https:\\\/\\\/www.rri.ro\\\/fr\\\/actualites\\\/complement-dactu\\\/la-commission-europeenne-contre-les-agriculteurs-id656921.html#article\",\"isPartOf\":{\"@id\":\"https:\\\/\\\/www.rri.ro\\\/fr\\\/actualites\\\/complement-dactu\\\/la-commission-europeenne-contre-les-agriculteurs-id656921.html\"},\"author\":{\"name\":\"Mihai Pelin\",\"@id\":\"https:\\\/\\\/www.rri.ro\\\/#\\\/schema\\\/person\\\/c6036c822534c855dc3aad41a484f05d\"},\"headline\":\"La Commission europ\u00e9enne contre les agriculteurs\",\"datePublished\":\"2024-02-07T09:59:00+00:00\",\"mainEntityOfPage\":{\"@id\":\"https:\\\/\\\/www.rri.ro\\\/fr\\\/actualites\\\/complement-dactu\\\/la-commission-europeenne-contre-les-agriculteurs-id656921.html\"},\"wordCount\":631,\"image\":{\"@id\":\"https:\\\/\\\/www.rri.ro\\\/fr\\\/actualites\\\/complement-dactu\\\/la-commission-europeenne-contre-les-agriculteurs-id656921.html#primaryimage\"},\"thumbnailUrl\":\"https:\\\/\\\/www.rri.ro\\\/wp-content\\\/uploads\\\/2024\\\/02\\\/Ursula-von-der-Leyen-foto-European-Union-2023-Copyright-Source-EC-Audiovisual-Service-Photographer-Christophe-Licoppe.png\",\"keywords\":[\"agriculteurs\",\"Europe\",\"protestations\",\"UE\",\"Ursula von der Leyen\"],\"articleSection\":[\"Compl\u00e9ment d'actu\"],\"inLanguage\":\"fr-FR\"},{\"@type\":\"WebPage\",\"@id\":\"https:\\\/\\\/www.rri.ro\\\/fr\\\/actualites\\\/complement-dactu\\\/la-commission-europeenne-contre-les-agriculteurs-id656921.html\",\"url\":\"https:\\\/\\\/www.rri.ro\\\/fr\\\/actualites\\\/complement-dactu\\\/la-commission-europeenne-contre-les-agriculteurs-id656921.html\",\"name\":\"La Commission europ\u00e9enne contre les agriculteurs - Radio Roumanie Internationale\",\"isPartOf\":{\"@id\":\"https:\\\/\\\/www.rri.ro\\\/#website\"},\"primaryImageOfPage\":{\"@id\":\"https:\\\/\\\/www.rri.ro\\\/fr\\\/actualites\\\/complement-dactu\\\/la-commission-europeenne-contre-les-agriculteurs-id656921.html#primaryimage\"},\"image\":{\"@id\":\"https:\\\/\\\/www.rri.ro\\\/fr\\\/actualites\\\/complement-dactu\\\/la-commission-europeenne-contre-les-agriculteurs-id656921.html#primaryimage\"},\"thumbnailUrl\":\"https:\\\/\\\/www.rri.ro\\\/wp-content\\\/uploads\\\/2024\\\/02\\\/Ursula-von-der-Leyen-foto-European-Union-2023-Copyright-Source-EC-Audiovisual-Service-Photographer-Christophe-Licoppe.png\",\"datePublished\":\"2024-02-07T09:59:00+00:00\",\"author\":{\"@id\":\"https:\\\/\\\/www.rri.ro\\\/#\\\/schema\\\/person\\\/c6036c822534c855dc3aad41a484f05d\"},\"breadcrumb\":{\"@id\":\"https:\\\/\\\/www.rri.ro\\\/fr\\\/actualites\\\/complement-dactu\\\/la-commission-europeenne-contre-les-agriculteurs-id656921.html#breadcrumb\"},\"inLanguage\":\"fr-FR\",\"potentialAction\":[{\"@type\":\"ReadAction\",\"target\":[\"https:\\\/\\\/www.rri.ro\\\/fr\\\/actualites\\\/complement-dactu\\\/la-commission-europeenne-contre-les-agriculteurs-id656921.html\"]}]},{\"@type\":\"ImageObject\",\"inLanguage\":\"fr-FR\",\"@id\":\"https:\\\/\\\/www.rri.ro\\\/fr\\\/actualites\\\/complement-dactu\\\/la-commission-europeenne-contre-les-agriculteurs-id656921.html#primaryimage\",\"url\":\"https:\\\/\\\/www.rri.ro\\\/wp-content\\\/uploads\\\/2024\\\/02\\\/Ursula-von-der-Leyen-foto-European-Union-2023-Copyright-Source-EC-Audiovisual-Service-Photographer-Christophe-Licoppe.png\",\"contentUrl\":\"https:\\\/\\\/www.rri.ro\\\/wp-content\\\/uploads\\\/2024\\\/02\\\/Ursula-von-der-Leyen-foto-European-Union-2023-Copyright-Source-EC-Audiovisual-Service-Photographer-Christophe-Licoppe.png\",\"width\":1200,\"height\":801,\"caption\":\"Ursula von der Leyen\"},{\"@type\":\"BreadcrumbList\",\"@id\":\"https:\\\/\\\/www.rri.ro\\\/fr\\\/actualites\\\/complement-dactu\\\/la-commission-europeenne-contre-les-agriculteurs-id656921.html#breadcrumb\",\"itemListElement\":[{\"@type\":\"ListItem\",\"position\":1,\"name\":\"Page d'accueil\",\"item\":\"https:\\\/\\\/www.rri.ro\\\/fr\"},{\"@type\":\"ListItem\",\"position\":2,\"name\":\"Actualit\u00e9s\",\"item\":\"https:\\\/\\\/www.rri.ro\\\/fr\\\/actualites\"},{\"@type\":\"ListItem\",\"position\":3,\"name\":\"Compl\u00e9ment d'actu\",\"item\":\"https:\\\/\\\/www.rri.ro\\\/fr\\\/actualites\\\/complement-dactu\"},{\"@type\":\"ListItem\",\"position\":4,\"name\":\"La Commission europ\u00e9enne contre les agriculteurs\"}]},{\"@type\":\"WebSite\",\"@id\":\"https:\\\/\\\/www.rri.ro\\\/#website\",\"url\":\"https:\\\/\\\/www.rri.ro\\\/\",\"name\":\"Radio Roumanie Internationale\",\"description\":\"Totul despre Rom\u00e2nia \u015fi rom\u00e2ni, \u00een 13 limbi\\\/dialecte!\",\"inLanguage\":\"fr-FR\"},{\"@type\":\"Person\",\"@id\":\"https:\\\/\\\/www.rri.ro\\\/#\\\/schema\\\/person\\\/c6036c822534c855dc3aad41a484f05d\",\"name\":\"Mihai Pelin\",\"url\":\"https:\\\/\\\/www.rri.ro\\\/fr\\\/author\\\/mihai-pelin\"}]}<\/script>\n<!-- \/ Yoast SEO plugin. -->","yoast_head_json":{"title":"La Commission europ\u00e9enne contre les agriculteurs - Radio Roumanie Internationale","robots":{"index":"index","follow":"follow","max-snippet":"max-snippet:-1","max-image-preview":"max-image-preview:large","max-video-preview":"max-video-preview:-1"},"canonical":"https:\/\/www.rri.ro\/fr\/actualites\/complement-dactu\/la-commission-europeenne-contre-les-agriculteurs-id656921.html","og_locale":"fr_FR","og_type":"article","og_title":"La Commission europ\u00e9enne contre les agriculteurs - Radio Roumanie Internationale","og_description":"Face \u00e0 la col\u00e8re des agriculteurs, la pr\u00e9sidente de la Commission europ\u00e9enne, Ursula von der Leyen, a retir\u00e9 un projet de loi visant \u00e0 r\u00e9duire l'usage des pesticides.","og_url":"https:\/\/www.rri.ro\/fr\/actualites\/complement-dactu\/la-commission-europeenne-contre-les-agriculteurs-id656921.html","og_site_name":"Radio Roumanie Internationale","article_published_time":"2024-02-07T09:59:00+00:00","og_image":[{"width":1200,"height":801,"url":"https:\/\/www.rri.ro\/wp-content\/uploads\/2024\/02\/Ursula-von-der-Leyen-foto-European-Union-2023-Copyright-Source-EC-Audiovisual-Service-Photographer-Christophe-Licoppe.png","type":"image\/png"}],"author":"Mihai Pelin","twitter_card":"summary_large_image","twitter_misc":{"\u00c9crit par":"Mihai Pelin","Dur\u00e9e de lecture estim\u00e9e":"3 minutes","Written by":"Mihai Pelin"},"schema":{"@context":"https:\/\/schema.org","@graph":[{"@type":"Article","@id":"https:\/\/www.rri.ro\/fr\/actualites\/complement-dactu\/la-commission-europeenne-contre-les-agriculteurs-id656921.html#article","isPartOf":{"@id":"https:\/\/www.rri.ro\/fr\/actualites\/complement-dactu\/la-commission-europeenne-contre-les-agriculteurs-id656921.html"},"author":{"name":"Mihai Pelin","@id":"https:\/\/www.rri.ro\/#\/schema\/person\/c6036c822534c855dc3aad41a484f05d"},"headline":"La Commission europ\u00e9enne contre les agriculteurs","datePublished":"2024-02-07T09:59:00+00:00","mainEntityOfPage":{"@id":"https:\/\/www.rri.ro\/fr\/actualites\/complement-dactu\/la-commission-europeenne-contre-les-agriculteurs-id656921.html"},"wordCount":631,"image":{"@id":"https:\/\/www.rri.ro\/fr\/actualites\/complement-dactu\/la-commission-europeenne-contre-les-agriculteurs-id656921.html#primaryimage"},"thumbnailUrl":"https:\/\/www.rri.ro\/wp-content\/uploads\/2024\/02\/Ursula-von-der-Leyen-foto-European-Union-2023-Copyright-Source-EC-Audiovisual-Service-Photographer-Christophe-Licoppe.png","keywords":["agriculteurs","Europe","protestations","UE","Ursula von der Leyen"],"articleSection":["Compl\u00e9ment d'actu"],"inLanguage":"fr-FR"},{"@type":"WebPage","@id":"https:\/\/www.rri.ro\/fr\/actualites\/complement-dactu\/la-commission-europeenne-contre-les-agriculteurs-id656921.html","url":"https:\/\/www.rri.ro\/fr\/actualites\/complement-dactu\/la-commission-europeenne-contre-les-agriculteurs-id656921.html","name":"La Commission europ\u00e9enne contre les agriculteurs - Radio Roumanie Internationale","isPartOf":{"@id":"https:\/\/www.rri.ro\/#website"},"primaryImageOfPage":{"@id":"https:\/\/www.rri.ro\/fr\/actualites\/complement-dactu\/la-commission-europeenne-contre-les-agriculteurs-id656921.html#primaryimage"},"image":{"@id":"https:\/\/www.rri.ro\/fr\/actualites\/complement-dactu\/la-commission-europeenne-contre-les-agriculteurs-id656921.html#primaryimage"},"thumbnailUrl":"https:\/\/www.rri.ro\/wp-content\/uploads\/2024\/02\/Ursula-von-der-Leyen-foto-European-Union-2023-Copyright-Source-EC-Audiovisual-Service-Photographer-Christophe-Licoppe.png","datePublished":"2024-02-07T09:59:00+00:00","author":{"@id":"https:\/\/www.rri.ro\/#\/schema\/person\/c6036c822534c855dc3aad41a484f05d"},"breadcrumb":{"@id":"https:\/\/www.rri.ro\/fr\/actualites\/complement-dactu\/la-commission-europeenne-contre-les-agriculteurs-id656921.html#breadcrumb"},"inLanguage":"fr-FR","potentialAction":[{"@type":"ReadAction","target":["https:\/\/www.rri.ro\/fr\/actualites\/complement-dactu\/la-commission-europeenne-contre-les-agriculteurs-id656921.html"]}]},{"@type":"ImageObject","inLanguage":"fr-FR","@id":"https:\/\/www.rri.ro\/fr\/actualites\/complement-dactu\/la-commission-europeenne-contre-les-agriculteurs-id656921.html#primaryimage","url":"https:\/\/www.rri.ro\/wp-content\/uploads\/2024\/02\/Ursula-von-der-Leyen-foto-European-Union-2023-Copyright-Source-EC-Audiovisual-Service-Photographer-Christophe-Licoppe.png","contentUrl":"https:\/\/www.rri.ro\/wp-content\/uploads\/2024\/02\/Ursula-von-der-Leyen-foto-European-Union-2023-Copyright-Source-EC-Audiovisual-Service-Photographer-Christophe-Licoppe.png","width":1200,"height":801,"caption":"Ursula von der Leyen"},{"@type":"BreadcrumbList","@id":"https:\/\/www.rri.ro\/fr\/actualites\/complement-dactu\/la-commission-europeenne-contre-les-agriculteurs-id656921.html#breadcrumb","itemListElement":[{"@type":"ListItem","position":1,"name":"Page d'accueil","item":"https:\/\/www.rri.ro\/fr"},{"@type":"ListItem","position":2,"name":"Actualit\u00e9s","item":"https:\/\/www.rri.ro\/fr\/actualites"},{"@type":"ListItem","position":3,"name":"Compl\u00e9ment d'actu","item":"https:\/\/www.rri.ro\/fr\/actualites\/complement-dactu"},{"@type":"ListItem","position":4,"name":"La Commission europ\u00e9enne contre les agriculteurs"}]},{"@type":"WebSite","@id":"https:\/\/www.rri.ro\/#website","url":"https:\/\/www.rri.ro\/","name":"Radio Roumanie Internationale","description":"Totul despre Rom\u00e2nia \u015fi rom\u00e2ni, \u00een 13 limbi\/dialecte!","inLanguage":"fr-FR"},{"@type":"Person","@id":"https:\/\/www.rri.ro\/#\/schema\/person\/c6036c822534c855dc3aad41a484f05d","name":"Mihai Pelin","url":"https:\/\/www.rri.ro\/fr\/author\/mihai-pelin"}]}},"_links":{"self":[{"href":"https:\/\/www.rri.ro\/fr\/wp-json\/wp\/v2\/posts\/656921","targetHints":{"allow":["GET"]}}],"collection":[{"href":"https:\/\/www.rri.ro\/fr\/wp-json\/wp\/v2\/posts"}],"about":[{"href":"https:\/\/www.rri.ro\/fr\/wp-json\/wp\/v2\/types\/post"}],"author":[{"embeddable":true,"href":"https:\/\/www.rri.ro\/fr\/wp-json\/wp\/v2\/users\/106"}],"replies":[{"embeddable":true,"href":"https:\/\/www.rri.ro\/fr\/wp-json\/wp\/v2\/comments?post=656921"}],"version-history":[{"count":0,"href":"https:\/\/www.rri.ro\/fr\/wp-json\/wp\/v2\/posts\/656921\/revisions"}],"wp:featuredmedia":[{"embeddable":true,"href":"https:\/\/www.rri.ro\/fr\/wp-json\/wp\/v2\/media\/563343"}],"wp:attachment":[{"href":"https:\/\/www.rri.ro\/fr\/wp-json\/wp\/v2\/media?parent=656921"}],"wp:term":[{"taxonomy":"category","embeddable":true,"href":"https:\/\/www.rri.ro\/fr\/wp-json\/wp\/v2\/categories?post=656921"},{"taxonomy":"post_tag","embeddable":true,"href":"https:\/\/www.rri.ro\/fr\/wp-json\/wp\/v2\/tags?post=656921"},{"taxonomy":"author","embeddable":true,"href":"https:\/\/www.rri.ro\/fr\/wp-json\/wp\/v2\/coauthors?post=656921"}],"curies":[{"name":"wp","href":"https:\/\/api.w.org\/{rel}","templated":true}]}}