{"id":657016,"date":"2017-11-17T12:57:00","date_gmt":"2017-11-17T10:57:00","guid":{"rendered":"http:\/\/devrri.freshlemon.ro\/actualites\/consulter-les-lecons\/qsl-septembre-2017-la-citadelle-de-costesti-id657016.html"},"modified":"2017-11-17T12:57:00","modified_gmt":"2017-11-17T10:57:00","slug":"qsl-septembre-2017-la-citadelle-de-costesti","status":"publish","type":"post","link":"https:\/\/www.rri.ro\/fr\/le-coin-des-auditeurs\/qsl-fr\/qsl-septembre-2017-la-citadelle-de-costesti-id657016.html","title":{"rendered":"QSL septembre 2017 &#8211; La citadelle de Coste\u015fti"},"content":{"rendered":"<p>Il s&rsquo;agit en fait d&rsquo;un ensemble de citadelles et fortifications situ\u00e9 dans les Monts Sureanu, dans les Carpates M\u00e9ridionales, dans le centre-ouest de la Roumanie. Un ensemble connu aussi sous le nom de cit\u00e9s daciques des Monts Or\u0103\u015ftiei. La citadelle de Coste\u015fti fut b\u00e2tie sur la colline haute de 561 m appel\u00e9e tout simplement Cet\u0103\u0163uia &#8211; la petite citadelle. Elle avait le r\u00f4le de d\u00e9fendre un village se trouvant au pied de la colline et servait de r\u00e9sidence aux rois daces de la zone. Elle avait aussi une autre mission : d\u00e9fendre la route qui menait \u00e0 la capitale de la Dacie, Sarmizegetusa Regia. D&rsquo;ailleurs, la citadelle de Coste\u015fti est une des 6 forteresses daciques des Monts Or\u0103\u015ftiei b\u00e2ties au 1er sic\u00e8le av. J.-C. afin de d\u00e9fendre le pays contre l&rsquo;invasion romaine. Elles sont actuellement incluses au patrimoine mondial de l&rsquo;UNESCO. <\/p>\n<p>Le mur de d\u00e9fense n&rsquo;entourait pas compl\u00e8tement la colline. Il avait \u00e9t\u00e9 construit uniquement sur les c\u00f4t\u00e9s o\u00f9 l&rsquo;acc\u00e8s \u00e0 la cit\u00e9 \u00e9tait facile. Inspir\u00e9 des constructions similaires de Gr\u00e8ce, la cit\u00e9 a \u00e9t\u00e9 toutefois adapt\u00e9e aux conditions naturelles sp\u00e9cifiques aux Monts Or\u0103\u015ftiei. Un type de mur baptis\u00e9 Murus Dacicus &#8211; le mur dacique. Par endroits, il avait des bastions dont le rez-de-chauss\u00e9e servait de d\u00e9p\u00f4t pour les armes et les provisions. Son \u00e9tage servait d&rsquo;habitation et de position de lutte pour les soldats qui d\u00e9fendaient la citadelle. Derri\u00e8re le mur, il y avait aussi des plates-formes de combat. Si les ennemis franchissaient tous ces syst\u00e8mes d\u00e9fensifs, ils devaient encore casser une porte qui permettait l&rsquo;acc\u00e8s \u00e0 une pente raide vers le plateau sup\u00e9rieur de la cit\u00e9. La citadelle de Coste\u015fti a \u00e9t\u00e9 d\u00e9truite en l&rsquo;an 102, pendant la premi\u00e8re guerre daco-romaine. Elle fut tout de suite reconstruite pour \u00eatre d\u00e9truite une nouvelle fois, cette fois-ci d\u00e9finitivement, et abandonn\u00e9e en l&rsquo;an 106 apr\u00e8s la conqu\u00eate de la Dacie par les Romains. Aujourd&rsquo;hui il ne reste plus que des ruines de ce qu&rsquo;\u00e9tait jadis une v\u00e9ritable forteresse dacique. (Trad. Valentina Beleavski)<\/p>\n","protected":false},"excerpt":{"rendered":"<p>Les ruines d&rsquo;une cit\u00e9 dacique&#8230;<\/p>\n","protected":false},"author":128,"featured_media":657017,"comment_status":"closed","ping_status":"closed","sticky":false,"template":"","format":"standard","meta":{"_acf_changed":false,"footnotes":""},"categories":[132180],"tags":[87712,73625,46390,92461],"coauthors":[],"class_list":["post-657016","post","type-post","status-publish","format-standard","has-post-thumbnail","hentry","category-qsl-fr","tag-citadelle","tag-costesti","tag-qsl","tag-septembre"],"acf":[],"yoast_head":"<!-- This site is optimized with the Yoast SEO plugin v27.3 - https:\/\/yoast.com\/product\/yoast-seo-wordpress\/ -->\n<title>QSL septembre 2017 - La citadelle de Coste\u015fti - Radio Roumanie Internationale<\/title>\n<meta name=\"robots\" content=\"index, follow, max-snippet:-1, max-image-preview:large, max-video-preview:-1\" \/>\n<link rel=\"canonical\" href=\"https:\/\/www.rri.ro\/fr\/le-coin-des-auditeurs\/qsl-fr\/qsl-septembre-2017-la-citadelle-de-costesti-id657016.html\" \/>\n<meta property=\"og:locale\" content=\"fr_FR\" \/>\n<meta property=\"og:type\" content=\"article\" \/>\n<meta property=\"og:title\" content=\"QSL septembre 2017 - La citadelle de Coste\u015fti - Radio Roumanie Internationale\" \/>\n<meta property=\"og:description\" content=\"Les ruines d&#039;une cit\u00e9 dacique...\" \/>\n<meta property=\"og:url\" content=\"https:\/\/www.rri.ro\/fr\/le-coin-des-auditeurs\/qsl-fr\/qsl-septembre-2017-la-citadelle-de-costesti-id657016.html\" \/>\n<meta property=\"og:site_name\" content=\"Radio Roumanie Internationale\" \/>\n<meta property=\"article:published_time\" content=\"2017-11-17T10:57:00+00:00\" \/>\n<meta property=\"og:image\" content=\"https:\/\/www.rri.ro\/wp-content\/uploads\/2024\/02\/cetatea-costesti-qsl.jpg\" \/>\n\t<meta property=\"og:image:width\" content=\"640\" \/>\n\t<meta property=\"og:image:height\" content=\"471\" \/>\n\t<meta property=\"og:image:type\" content=\"image\/jpeg\" \/>\n<meta name=\"author\" content=\"Daniel Onea\" \/>\n<meta name=\"twitter:card\" content=\"summary_large_image\" \/>\n<meta name=\"twitter:label1\" content=\"\u00c9crit par\" \/>\n\t<meta name=\"twitter:data1\" content=\"Daniel Onea\" \/>\n\t<meta name=\"twitter:label2\" content=\"Dur\u00e9e de lecture estim\u00e9e\" \/>\n\t<meta name=\"twitter:data2\" content=\"2 minutes\" \/>\n\t<meta name=\"twitter:label3\" content=\"Written by\" \/>\n\t<meta name=\"twitter:data3\" content=\"Daniel Onea\" \/>\n<script type=\"application\/ld+json\" class=\"yoast-schema-graph\">{\"@context\":\"https:\\\/\\\/schema.org\",\"@graph\":[{\"@type\":\"Article\",\"@id\":\"https:\\\/\\\/www.rri.ro\\\/fr\\\/le-coin-des-auditeurs\\\/qsl-fr\\\/qsl-septembre-2017-la-citadelle-de-costesti-id657016.html#article\",\"isPartOf\":{\"@id\":\"https:\\\/\\\/www.rri.ro\\\/fr\\\/le-coin-des-auditeurs\\\/qsl-fr\\\/qsl-septembre-2017-la-citadelle-de-costesti-id657016.html\"},\"author\":{\"name\":\"Daniel Onea\",\"@id\":\"https:\\\/\\\/www.rri.ro\\\/#\\\/schema\\\/person\\\/fcce42c208d45f30f5b054b64bc1e0df\"},\"headline\":\"QSL septembre 2017 &#8211; La citadelle de Coste\u015fti\",\"datePublished\":\"2017-11-17T10:57:00+00:00\",\"mainEntityOfPage\":{\"@id\":\"https:\\\/\\\/www.rri.ro\\\/fr\\\/le-coin-des-auditeurs\\\/qsl-fr\\\/qsl-septembre-2017-la-citadelle-de-costesti-id657016.html\"},\"wordCount\":388,\"image\":{\"@id\":\"https:\\\/\\\/www.rri.ro\\\/fr\\\/le-coin-des-auditeurs\\\/qsl-fr\\\/qsl-septembre-2017-la-citadelle-de-costesti-id657016.html#primaryimage\"},\"thumbnailUrl\":\"https:\\\/\\\/www.rri.ro\\\/wp-content\\\/uploads\\\/2024\\\/02\\\/cetatea-costesti-qsl.jpg\",\"keywords\":[\"citadelle\",\"Coste\u015fti\",\"QSL\",\"septembre\"],\"articleSection\":[\"QSL\"],\"inLanguage\":\"fr-FR\"},{\"@type\":\"WebPage\",\"@id\":\"https:\\\/\\\/www.rri.ro\\\/fr\\\/le-coin-des-auditeurs\\\/qsl-fr\\\/qsl-septembre-2017-la-citadelle-de-costesti-id657016.html\",\"url\":\"https:\\\/\\\/www.rri.ro\\\/fr\\\/le-coin-des-auditeurs\\\/qsl-fr\\\/qsl-septembre-2017-la-citadelle-de-costesti-id657016.html\",\"name\":\"QSL septembre 2017 - La citadelle de Coste\u015fti - Radio Roumanie Internationale\",\"isPartOf\":{\"@id\":\"https:\\\/\\\/www.rri.ro\\\/#website\"},\"primaryImageOfPage\":{\"@id\":\"https:\\\/\\\/www.rri.ro\\\/fr\\\/le-coin-des-auditeurs\\\/qsl-fr\\\/qsl-septembre-2017-la-citadelle-de-costesti-id657016.html#primaryimage\"},\"image\":{\"@id\":\"https:\\\/\\\/www.rri.ro\\\/fr\\\/le-coin-des-auditeurs\\\/qsl-fr\\\/qsl-septembre-2017-la-citadelle-de-costesti-id657016.html#primaryimage\"},\"thumbnailUrl\":\"https:\\\/\\\/www.rri.ro\\\/wp-content\\\/uploads\\\/2024\\\/02\\\/cetatea-costesti-qsl.jpg\",\"datePublished\":\"2017-11-17T10:57:00+00:00\",\"author\":{\"@id\":\"https:\\\/\\\/www.rri.ro\\\/#\\\/schema\\\/person\\\/fcce42c208d45f30f5b054b64bc1e0df\"},\"breadcrumb\":{\"@id\":\"https:\\\/\\\/www.rri.ro\\\/fr\\\/le-coin-des-auditeurs\\\/qsl-fr\\\/qsl-septembre-2017-la-citadelle-de-costesti-id657016.html#breadcrumb\"},\"inLanguage\":\"fr-FR\",\"potentialAction\":[{\"@type\":\"ReadAction\",\"target\":[\"https:\\\/\\\/www.rri.ro\\\/fr\\\/le-coin-des-auditeurs\\\/qsl-fr\\\/qsl-septembre-2017-la-citadelle-de-costesti-id657016.html\"]}]},{\"@type\":\"ImageObject\",\"inLanguage\":\"fr-FR\",\"@id\":\"https:\\\/\\\/www.rri.ro\\\/fr\\\/le-coin-des-auditeurs\\\/qsl-fr\\\/qsl-septembre-2017-la-citadelle-de-costesti-id657016.html#primaryimage\",\"url\":\"https:\\\/\\\/www.rri.ro\\\/wp-content\\\/uploads\\\/2024\\\/02\\\/cetatea-costesti-qsl.jpg\",\"contentUrl\":\"https:\\\/\\\/www.rri.ro\\\/wp-content\\\/uploads\\\/2024\\\/02\\\/cetatea-costesti-qsl.jpg\",\"width\":640,\"height\":471},{\"@type\":\"BreadcrumbList\",\"@id\":\"https:\\\/\\\/www.rri.ro\\\/fr\\\/le-coin-des-auditeurs\\\/qsl-fr\\\/qsl-septembre-2017-la-citadelle-de-costesti-id657016.html#breadcrumb\",\"itemListElement\":[{\"@type\":\"ListItem\",\"position\":1,\"name\":\"Page d'accueil\",\"item\":\"https:\\\/\\\/www.rri.ro\\\/fr\"},{\"@type\":\"ListItem\",\"position\":2,\"name\":\"Le coin des auditeurs\",\"item\":\"https:\\\/\\\/www.rri.ro\\\/fr\\\/le-coin-des-auditeurs\"},{\"@type\":\"ListItem\",\"position\":3,\"name\":\"QSL\",\"item\":\"https:\\\/\\\/www.rri.ro\\\/fr\\\/le-coin-des-auditeurs\\\/qsl-fr\"},{\"@type\":\"ListItem\",\"position\":4,\"name\":\"QSL septembre 2017 &#8211; La citadelle de Coste\u015fti\"}]},{\"@type\":\"WebSite\",\"@id\":\"https:\\\/\\\/www.rri.ro\\\/#website\",\"url\":\"https:\\\/\\\/www.rri.ro\\\/\",\"name\":\"Radio Roumanie Internationale\",\"description\":\"Totul despre Rom\u00e2nia \u015fi rom\u00e2ni, \u00een 13 limbi\\\/dialecte!\",\"inLanguage\":\"fr-FR\"},{\"@type\":\"Person\",\"@id\":\"https:\\\/\\\/www.rri.ro\\\/#\\\/schema\\\/person\\\/fcce42c208d45f30f5b054b64bc1e0df\",\"name\":\"Daniel Onea\",\"url\":\"https:\\\/\\\/www.rri.ro\\\/fr\\\/author\\\/daniel-onea\"}]}<\/script>\n<!-- \/ Yoast SEO plugin. -->","yoast_head_json":{"title":"QSL septembre 2017 - La citadelle de Coste\u015fti - Radio Roumanie Internationale","robots":{"index":"index","follow":"follow","max-snippet":"max-snippet:-1","max-image-preview":"max-image-preview:large","max-video-preview":"max-video-preview:-1"},"canonical":"https:\/\/www.rri.ro\/fr\/le-coin-des-auditeurs\/qsl-fr\/qsl-septembre-2017-la-citadelle-de-costesti-id657016.html","og_locale":"fr_FR","og_type":"article","og_title":"QSL septembre 2017 - La citadelle de Coste\u015fti - Radio Roumanie Internationale","og_description":"Les ruines d'une cit\u00e9 dacique...","og_url":"https:\/\/www.rri.ro\/fr\/le-coin-des-auditeurs\/qsl-fr\/qsl-septembre-2017-la-citadelle-de-costesti-id657016.html","og_site_name":"Radio Roumanie Internationale","article_published_time":"2017-11-17T10:57:00+00:00","og_image":[{"width":640,"height":471,"url":"https:\/\/www.rri.ro\/wp-content\/uploads\/2024\/02\/cetatea-costesti-qsl.jpg","type":"image\/jpeg"}],"author":"Daniel Onea","twitter_card":"summary_large_image","twitter_misc":{"\u00c9crit par":"Daniel Onea","Dur\u00e9e de lecture estim\u00e9e":"2 minutes","Written by":"Daniel Onea"},"schema":{"@context":"https:\/\/schema.org","@graph":[{"@type":"Article","@id":"https:\/\/www.rri.ro\/fr\/le-coin-des-auditeurs\/qsl-fr\/qsl-septembre-2017-la-citadelle-de-costesti-id657016.html#article","isPartOf":{"@id":"https:\/\/www.rri.ro\/fr\/le-coin-des-auditeurs\/qsl-fr\/qsl-septembre-2017-la-citadelle-de-costesti-id657016.html"},"author":{"name":"Daniel Onea","@id":"https:\/\/www.rri.ro\/#\/schema\/person\/fcce42c208d45f30f5b054b64bc1e0df"},"headline":"QSL septembre 2017 &#8211; La citadelle de Coste\u015fti","datePublished":"2017-11-17T10:57:00+00:00","mainEntityOfPage":{"@id":"https:\/\/www.rri.ro\/fr\/le-coin-des-auditeurs\/qsl-fr\/qsl-septembre-2017-la-citadelle-de-costesti-id657016.html"},"wordCount":388,"image":{"@id":"https:\/\/www.rri.ro\/fr\/le-coin-des-auditeurs\/qsl-fr\/qsl-septembre-2017-la-citadelle-de-costesti-id657016.html#primaryimage"},"thumbnailUrl":"https:\/\/www.rri.ro\/wp-content\/uploads\/2024\/02\/cetatea-costesti-qsl.jpg","keywords":["citadelle","Coste\u015fti","QSL","septembre"],"articleSection":["QSL"],"inLanguage":"fr-FR"},{"@type":"WebPage","@id":"https:\/\/www.rri.ro\/fr\/le-coin-des-auditeurs\/qsl-fr\/qsl-septembre-2017-la-citadelle-de-costesti-id657016.html","url":"https:\/\/www.rri.ro\/fr\/le-coin-des-auditeurs\/qsl-fr\/qsl-septembre-2017-la-citadelle-de-costesti-id657016.html","name":"QSL septembre 2017 - La citadelle de Coste\u015fti - Radio Roumanie Internationale","isPartOf":{"@id":"https:\/\/www.rri.ro\/#website"},"primaryImageOfPage":{"@id":"https:\/\/www.rri.ro\/fr\/le-coin-des-auditeurs\/qsl-fr\/qsl-septembre-2017-la-citadelle-de-costesti-id657016.html#primaryimage"},"image":{"@id":"https:\/\/www.rri.ro\/fr\/le-coin-des-auditeurs\/qsl-fr\/qsl-septembre-2017-la-citadelle-de-costesti-id657016.html#primaryimage"},"thumbnailUrl":"https:\/\/www.rri.ro\/wp-content\/uploads\/2024\/02\/cetatea-costesti-qsl.jpg","datePublished":"2017-11-17T10:57:00+00:00","author":{"@id":"https:\/\/www.rri.ro\/#\/schema\/person\/fcce42c208d45f30f5b054b64bc1e0df"},"breadcrumb":{"@id":"https:\/\/www.rri.ro\/fr\/le-coin-des-auditeurs\/qsl-fr\/qsl-septembre-2017-la-citadelle-de-costesti-id657016.html#breadcrumb"},"inLanguage":"fr-FR","potentialAction":[{"@type":"ReadAction","target":["https:\/\/www.rri.ro\/fr\/le-coin-des-auditeurs\/qsl-fr\/qsl-septembre-2017-la-citadelle-de-costesti-id657016.html"]}]},{"@type":"ImageObject","inLanguage":"fr-FR","@id":"https:\/\/www.rri.ro\/fr\/le-coin-des-auditeurs\/qsl-fr\/qsl-septembre-2017-la-citadelle-de-costesti-id657016.html#primaryimage","url":"https:\/\/www.rri.ro\/wp-content\/uploads\/2024\/02\/cetatea-costesti-qsl.jpg","contentUrl":"https:\/\/www.rri.ro\/wp-content\/uploads\/2024\/02\/cetatea-costesti-qsl.jpg","width":640,"height":471},{"@type":"BreadcrumbList","@id":"https:\/\/www.rri.ro\/fr\/le-coin-des-auditeurs\/qsl-fr\/qsl-septembre-2017-la-citadelle-de-costesti-id657016.html#breadcrumb","itemListElement":[{"@type":"ListItem","position":1,"name":"Page d'accueil","item":"https:\/\/www.rri.ro\/fr"},{"@type":"ListItem","position":2,"name":"Le coin des auditeurs","item":"https:\/\/www.rri.ro\/fr\/le-coin-des-auditeurs"},{"@type":"ListItem","position":3,"name":"QSL","item":"https:\/\/www.rri.ro\/fr\/le-coin-des-auditeurs\/qsl-fr"},{"@type":"ListItem","position":4,"name":"QSL septembre 2017 &#8211; La citadelle de Coste\u015fti"}]},{"@type":"WebSite","@id":"https:\/\/www.rri.ro\/#website","url":"https:\/\/www.rri.ro\/","name":"Radio Roumanie Internationale","description":"Totul despre Rom\u00e2nia \u015fi rom\u00e2ni, \u00een 13 limbi\/dialecte!","inLanguage":"fr-FR"},{"@type":"Person","@id":"https:\/\/www.rri.ro\/#\/schema\/person\/fcce42c208d45f30f5b054b64bc1e0df","name":"Daniel Onea","url":"https:\/\/www.rri.ro\/fr\/author\/daniel-onea"}]}},"_links":{"self":[{"href":"https:\/\/www.rri.ro\/fr\/wp-json\/wp\/v2\/posts\/657016","targetHints":{"allow":["GET"]}}],"collection":[{"href":"https:\/\/www.rri.ro\/fr\/wp-json\/wp\/v2\/posts"}],"about":[{"href":"https:\/\/www.rri.ro\/fr\/wp-json\/wp\/v2\/types\/post"}],"author":[{"embeddable":true,"href":"https:\/\/www.rri.ro\/fr\/wp-json\/wp\/v2\/users\/128"}],"replies":[{"embeddable":true,"href":"https:\/\/www.rri.ro\/fr\/wp-json\/wp\/v2\/comments?post=657016"}],"version-history":[{"count":0,"href":"https:\/\/www.rri.ro\/fr\/wp-json\/wp\/v2\/posts\/657016\/revisions"}],"wp:featuredmedia":[{"embeddable":true,"href":"https:\/\/www.rri.ro\/fr\/wp-json\/wp\/v2\/media\/657017"}],"wp:attachment":[{"href":"https:\/\/www.rri.ro\/fr\/wp-json\/wp\/v2\/media?parent=657016"}],"wp:term":[{"taxonomy":"category","embeddable":true,"href":"https:\/\/www.rri.ro\/fr\/wp-json\/wp\/v2\/categories?post=657016"},{"taxonomy":"post_tag","embeddable":true,"href":"https:\/\/www.rri.ro\/fr\/wp-json\/wp\/v2\/tags?post=657016"},{"taxonomy":"author","embeddable":true,"href":"https:\/\/www.rri.ro\/fr\/wp-json\/wp\/v2\/coauthors?post=657016"}],"curies":[{"name":"wp","href":"https:\/\/api.w.org\/{rel}","templated":true}]}}