{"id":657249,"date":"2014-10-17T12:52:00","date_gmt":"2014-10-17T09:52:00","guid":{"rendered":"http:\/\/devrri.freshlemon.ro\/actualites\/consulter-les-lecons\/samir-bechka-algerie-la-chasse-et-la-peche-en-roumanie-id657249.html"},"modified":"2014-10-17T12:52:00","modified_gmt":"2014-10-17T09:52:00","slug":"samir-bechka-algerie-la-chasse-et-la-peche-en-roumanie","status":"publish","type":"post","link":"https:\/\/www.rri.ro\/fr\/le-coin-des-auditeurs\/vos-questions-nos-reponses\/samir-bechka-algerie-la-chasse-et-la-peche-en-roumanie-id657249.html","title":{"rendered":"Samir Bechka (Alg\u00e9rie) &#8211; la chasse et la p\u00eache en Roumanie"},"content":{"rendered":"<p>Notons que la Roumanie est un pays avec une riche biodiversit\u00e9 et qui conserve beaucoup d\u2019\u00e9cosyst\u00e8mes naturels intacts. Il rec\u00e8le la plus grande superficie de for\u00eat naturelle d\u2019Europe et 30.000 esp\u00e8ces d\u2019oiseaux. Il existe dans ce pays 2147 fonds de chasse avec une superficie moyenne de 10.000 ha. Chaque fond de chasse dispose d\u2019une esp\u00e8ce de gibier avec une valeur plus importante du point de vue cyn\u00e9g\u00e9tique.<\/p>\n<p>&#13;<br \/>\n&#13;<\/p>\n<p>&#13;<br \/>\n&#13;<\/p>\n<p>Pour vous faire une meilleure id\u00e9e, pr\u00e9cisons que le fonds cyn\u00e9g\u00e9tique de la Roumanie se pr\u00e9sente de la fa\u00e7on suivante : pr\u00e8s de 2 millions de li\u00e8vres, des centaines de milliers d\u2019oiseaux, 30.000 ours, 50.000 loups, 10.000 martres, ainsi que des chevreuils, des sangliers, des cerfs, des chamois et du gibier aquatique est \u00e0 retrouver dans ce pays, sans oublier les oiseaux ni le  fonds piscicole : poissons des rivi\u00e8res, lacs et \u00e9tangs. Le li\u00e8vre est suivi par la biche, avec 3,9 millions d\u2019exemplaires, le cerf rouge des Carpates, l\u2019esp\u00e8ce pr\u00e9sentant un int\u00e9r\u00eat cyn\u00e9g\u00e9tique majeur, avec 30.000 exemplaires environ et un poids moyen du m\u00e2le de 240 kilos. Disparu dans d\u2019autres pays d\u2019Europe, 1000 \u00e0 2000 exemplaires sont chass\u00e9s chaque ann\u00e9e. L\u2019ours, qui peuple \u00e0 peu pr\u00e8s les m\u00eames zones, enregistre  quasiment le m\u00eame nombre d\u2019effectifs.<\/p>\n<p>&#13;<br \/>\n&#13;<\/p>\n<p>&#13;<br \/>\n&#13;<\/p>\n<p>Le gibier aquatique, les oies et les canards sauvages, la loutre, l\u2019hermine et le rat musqu\u00e9 &#8211; et le chamois, animal prot\u00e9g\u00e9, arrivent ensuite. Le gibier peuple, en Roumanie, toutes les zones g\u00e9ographiques et toutes les formes de relief.<\/p>\n<p>&#13;<br \/>\n&#13;<\/p>\n<p>&#13;<br \/>\n&#13;<\/p>\n<p>En r\u00e9gion de plaine, c\u2019est le faisan qui est tr\u00e8s recherch\u00e9, avec plus de 150.000 exemplaires. En zone de colline, on retrouve la biche et le sanglier, mais aussi le li\u00e8vre.<\/p>\n<p>&#13;<br \/>\n&#13;<\/p>\n<p>&#13;<br \/>\n&#13;<\/p>\n<p>En montagne, vous avez le coq de bruy\u00e8re. Si sa femelle est compl\u00e8tement prot\u00e9g\u00e9e, le m\u00e2le peut \u00eatre chass\u00e9 avec une autorisation sp\u00e9ciale pendant le printemps. Les quelques centaines de lynx du pays sont prot\u00e9g\u00e9s par la loi. 10.000 martres peuplent les for\u00eats roumaines, dont on extrait 1500 annuellement environ.<\/p>\n<p>&#13;<br \/>\n&#13;<\/p>\n<p>&#13;<br \/>\n&#13;<\/p>\n<p>En haute montagne, on retrouvera le chamois, prot\u00e9g\u00e9 par la loi, mais aussi le t\u00e9tras lyre, d\u00e9clar\u00e9 monument de la nature. En Roumanie, le fonds de chasse est partag\u00e9 entre l\u2019Association g\u00e9n\u00e9rale des chasseurs et des p\u00eacheurs sportifs de Roumanie (avec 70%) et la R\u00e9gie nationale des for\u00eats (27%). L\u2019Association est reconnue par l\u2019Etat roumain et reconnue d\u2019utilit\u00e9 publique.<\/p>\n<p>&#13;<br \/>\n&#13;<\/p>\n<p>&#13;<\/p>\n","protected":false},"excerpt":{"rendered":"<p>La Roumanie rec\u00e8le la plus grande superficie de for\u00eat naturelle dEurope et 30.000 esp\u00e8ces doiseaux.<\/p>\n","protected":false},"author":2,"featured_media":657250,"comment_status":"closed","ping_status":"closed","sticky":false,"template":"","format":"standard","meta":{"_acf_changed":false,"footnotes":""},"categories":[132181],"tags":[132546,44413,86306,132548,86944,132547,132545,87677],"coauthors":[],"class_list":["post-657249","post","type-post","status-publish","format-standard","has-post-thumbnail","hentry","category-vos-questions-nos-reponses","tag-cerf","tag-chamois","tag-chasse","tag-faisan","tag-forets","tag-gibier","tag-lievres","tag-peche"],"acf":[],"yoast_head":"<!-- This site is optimized with the Yoast SEO plugin v27.3 - https:\/\/yoast.com\/product\/yoast-seo-wordpress\/ -->\n<title>Samir Bechka (Alg\u00e9rie) - la chasse et la p\u00eache en Roumanie - Radio Roumanie Internationale<\/title>\n<meta name=\"robots\" content=\"index, follow, max-snippet:-1, max-image-preview:large, max-video-preview:-1\" \/>\n<link rel=\"canonical\" href=\"https:\/\/www.rri.ro\/fr\/le-coin-des-auditeurs\/vos-questions-nos-reponses\/samir-bechka-algerie-la-chasse-et-la-peche-en-roumanie-id657249.html\" \/>\n<meta property=\"og:locale\" content=\"fr_FR\" \/>\n<meta property=\"og:type\" content=\"article\" \/>\n<meta property=\"og:title\" content=\"Samir Bechka (Alg\u00e9rie) - la chasse et la p\u00eache en Roumanie - Radio Roumanie Internationale\" \/>\n<meta property=\"og:description\" content=\"La Roumanie rec\u00e8le la plus grande superficie de for\u00eat naturelle dEurope et 30.000 esp\u00e8ces doiseaux.\" \/>\n<meta property=\"og:url\" content=\"https:\/\/www.rri.ro\/fr\/le-coin-des-auditeurs\/vos-questions-nos-reponses\/samir-bechka-algerie-la-chasse-et-la-peche-en-roumanie-id657249.html\" \/>\n<meta property=\"og:site_name\" content=\"Radio Roumanie Internationale\" \/>\n<meta property=\"article:published_time\" content=\"2014-10-17T09:52:00+00:00\" \/>\n<meta property=\"og:image\" content=\"https:\/\/www.rri.ro\/wp-content\/uploads\/2024\/02\/Ursulbrun.jpg\" \/>\n\t<meta property=\"og:image:width\" content=\"950\" \/>\n\t<meta property=\"og:image:height\" content=\"633\" \/>\n\t<meta property=\"og:image:type\" content=\"image\/jpeg\" \/>\n<meta name=\"author\" content=\"Rom\u00e2nia Interna\u021bional\" \/>\n<meta name=\"twitter:card\" content=\"summary_large_image\" \/>\n<meta name=\"twitter:label1\" content=\"\u00c9crit par\" \/>\n\t<meta name=\"twitter:data1\" content=\"Rom\u00e2nia Interna\u021bional\" \/>\n\t<meta name=\"twitter:label2\" content=\"Dur\u00e9e de lecture estim\u00e9e\" \/>\n\t<meta name=\"twitter:data2\" content=\"2 minutes\" \/>\n\t<meta name=\"twitter:label3\" content=\"Written by\" \/>\n\t<meta name=\"twitter:data3\" content=\"Rom\u00e2nia Interna\u021bional\" \/>\n<script type=\"application\/ld+json\" class=\"yoast-schema-graph\">{\"@context\":\"https:\\\/\\\/schema.org\",\"@graph\":[{\"@type\":\"Article\",\"@id\":\"https:\\\/\\\/www.rri.ro\\\/fr\\\/le-coin-des-auditeurs\\\/vos-questions-nos-reponses\\\/samir-bechka-algerie-la-chasse-et-la-peche-en-roumanie-id657249.html#article\",\"isPartOf\":{\"@id\":\"https:\\\/\\\/www.rri.ro\\\/fr\\\/le-coin-des-auditeurs\\\/vos-questions-nos-reponses\\\/samir-bechka-algerie-la-chasse-et-la-peche-en-roumanie-id657249.html\"},\"author\":{\"name\":\"Rom\u00e2nia Interna\u021bional\",\"@id\":\"https:\\\/\\\/www.rri.ro\\\/#\\\/schema\\\/person\\\/18fac491bccbfe149b92aea77ad60abd\"},\"headline\":\"Samir Bechka (Alg\u00e9rie) &#8211; la chasse et la p\u00eache en Roumanie\",\"datePublished\":\"2014-10-17T09:52:00+00:00\",\"mainEntityOfPage\":{\"@id\":\"https:\\\/\\\/www.rri.ro\\\/fr\\\/le-coin-des-auditeurs\\\/vos-questions-nos-reponses\\\/samir-bechka-algerie-la-chasse-et-la-peche-en-roumanie-id657249.html\"},\"wordCount\":441,\"image\":{\"@id\":\"https:\\\/\\\/www.rri.ro\\\/fr\\\/le-coin-des-auditeurs\\\/vos-questions-nos-reponses\\\/samir-bechka-algerie-la-chasse-et-la-peche-en-roumanie-id657249.html#primaryimage\"},\"thumbnailUrl\":\"https:\\\/\\\/www.rri.ro\\\/wp-content\\\/uploads\\\/2024\\\/02\\\/Ursulbrun.jpg\",\"keywords\":[\"cerf\",\"chamois\",\"chasse\",\"faisan\",\"for\u00eats\",\"gibier\",\"li\u00e8vres\",\"p\u00eache\"],\"articleSection\":[\"Vos questions, nos r\u00e9ponses\"],\"inLanguage\":\"fr-FR\"},{\"@type\":\"WebPage\",\"@id\":\"https:\\\/\\\/www.rri.ro\\\/fr\\\/le-coin-des-auditeurs\\\/vos-questions-nos-reponses\\\/samir-bechka-algerie-la-chasse-et-la-peche-en-roumanie-id657249.html\",\"url\":\"https:\\\/\\\/www.rri.ro\\\/fr\\\/le-coin-des-auditeurs\\\/vos-questions-nos-reponses\\\/samir-bechka-algerie-la-chasse-et-la-peche-en-roumanie-id657249.html\",\"name\":\"Samir Bechka (Alg\u00e9rie) - la chasse et la p\u00eache en Roumanie - Radio Roumanie Internationale\",\"isPartOf\":{\"@id\":\"https:\\\/\\\/www.rri.ro\\\/#website\"},\"primaryImageOfPage\":{\"@id\":\"https:\\\/\\\/www.rri.ro\\\/fr\\\/le-coin-des-auditeurs\\\/vos-questions-nos-reponses\\\/samir-bechka-algerie-la-chasse-et-la-peche-en-roumanie-id657249.html#primaryimage\"},\"image\":{\"@id\":\"https:\\\/\\\/www.rri.ro\\\/fr\\\/le-coin-des-auditeurs\\\/vos-questions-nos-reponses\\\/samir-bechka-algerie-la-chasse-et-la-peche-en-roumanie-id657249.html#primaryimage\"},\"thumbnailUrl\":\"https:\\\/\\\/www.rri.ro\\\/wp-content\\\/uploads\\\/2024\\\/02\\\/Ursulbrun.jpg\",\"datePublished\":\"2014-10-17T09:52:00+00:00\",\"author\":{\"@id\":\"https:\\\/\\\/www.rri.ro\\\/#\\\/schema\\\/person\\\/18fac491bccbfe149b92aea77ad60abd\"},\"breadcrumb\":{\"@id\":\"https:\\\/\\\/www.rri.ro\\\/fr\\\/le-coin-des-auditeurs\\\/vos-questions-nos-reponses\\\/samir-bechka-algerie-la-chasse-et-la-peche-en-roumanie-id657249.html#breadcrumb\"},\"inLanguage\":\"fr-FR\",\"potentialAction\":[{\"@type\":\"ReadAction\",\"target\":[\"https:\\\/\\\/www.rri.ro\\\/fr\\\/le-coin-des-auditeurs\\\/vos-questions-nos-reponses\\\/samir-bechka-algerie-la-chasse-et-la-peche-en-roumanie-id657249.html\"]}]},{\"@type\":\"ImageObject\",\"inLanguage\":\"fr-FR\",\"@id\":\"https:\\\/\\\/www.rri.ro\\\/fr\\\/le-coin-des-auditeurs\\\/vos-questions-nos-reponses\\\/samir-bechka-algerie-la-chasse-et-la-peche-en-roumanie-id657249.html#primaryimage\",\"url\":\"https:\\\/\\\/www.rri.ro\\\/wp-content\\\/uploads\\\/2024\\\/02\\\/Ursulbrun.jpg\",\"contentUrl\":\"https:\\\/\\\/www.rri.ro\\\/wp-content\\\/uploads\\\/2024\\\/02\\\/Ursulbrun.jpg\",\"width\":950,\"height\":633},{\"@type\":\"BreadcrumbList\",\"@id\":\"https:\\\/\\\/www.rri.ro\\\/fr\\\/le-coin-des-auditeurs\\\/vos-questions-nos-reponses\\\/samir-bechka-algerie-la-chasse-et-la-peche-en-roumanie-id657249.html#breadcrumb\",\"itemListElement\":[{\"@type\":\"ListItem\",\"position\":1,\"name\":\"Page d'accueil\",\"item\":\"https:\\\/\\\/www.rri.ro\\\/fr\"},{\"@type\":\"ListItem\",\"position\":2,\"name\":\"Le coin des auditeurs\",\"item\":\"https:\\\/\\\/www.rri.ro\\\/fr\\\/le-coin-des-auditeurs\"},{\"@type\":\"ListItem\",\"position\":3,\"name\":\"Vos questions, nos r\u00e9ponses\",\"item\":\"https:\\\/\\\/www.rri.ro\\\/fr\\\/le-coin-des-auditeurs\\\/vos-questions-nos-reponses\"},{\"@type\":\"ListItem\",\"position\":4,\"name\":\"Samir Bechka (Alg\u00e9rie) &#8211; la chasse et la p\u00eache en Roumanie\"}]},{\"@type\":\"WebSite\",\"@id\":\"https:\\\/\\\/www.rri.ro\\\/#website\",\"url\":\"https:\\\/\\\/www.rri.ro\\\/\",\"name\":\"Radio Roumanie Internationale\",\"description\":\"Totul despre Rom\u00e2nia \u015fi rom\u00e2ni, \u00een 13 limbi\\\/dialecte!\",\"inLanguage\":\"fr-FR\"},{\"@type\":\"Person\",\"@id\":\"https:\\\/\\\/www.rri.ro\\\/#\\\/schema\\\/person\\\/18fac491bccbfe149b92aea77ad60abd\",\"name\":\"Rom\u00e2nia Interna\u021bional\",\"url\":\"https:\\\/\\\/www.rri.ro\\\/fr\\\/author\\\/redactia\"}]}<\/script>\n<!-- \/ Yoast SEO plugin. -->","yoast_head_json":{"title":"Samir Bechka (Alg\u00e9rie) - la chasse et la p\u00eache en Roumanie - Radio Roumanie Internationale","robots":{"index":"index","follow":"follow","max-snippet":"max-snippet:-1","max-image-preview":"max-image-preview:large","max-video-preview":"max-video-preview:-1"},"canonical":"https:\/\/www.rri.ro\/fr\/le-coin-des-auditeurs\/vos-questions-nos-reponses\/samir-bechka-algerie-la-chasse-et-la-peche-en-roumanie-id657249.html","og_locale":"fr_FR","og_type":"article","og_title":"Samir Bechka (Alg\u00e9rie) - la chasse et la p\u00eache en Roumanie - Radio Roumanie Internationale","og_description":"La Roumanie rec\u00e8le la plus grande superficie de for\u00eat naturelle dEurope et 30.000 esp\u00e8ces doiseaux.","og_url":"https:\/\/www.rri.ro\/fr\/le-coin-des-auditeurs\/vos-questions-nos-reponses\/samir-bechka-algerie-la-chasse-et-la-peche-en-roumanie-id657249.html","og_site_name":"Radio Roumanie Internationale","article_published_time":"2014-10-17T09:52:00+00:00","og_image":[{"width":950,"height":633,"url":"https:\/\/www.rri.ro\/wp-content\/uploads\/2024\/02\/Ursulbrun.jpg","type":"image\/jpeg"}],"author":"Rom\u00e2nia Interna\u021bional","twitter_card":"summary_large_image","twitter_misc":{"\u00c9crit par":"Rom\u00e2nia Interna\u021bional","Dur\u00e9e de lecture estim\u00e9e":"2 minutes","Written by":"Rom\u00e2nia Interna\u021bional"},"schema":{"@context":"https:\/\/schema.org","@graph":[{"@type":"Article","@id":"https:\/\/www.rri.ro\/fr\/le-coin-des-auditeurs\/vos-questions-nos-reponses\/samir-bechka-algerie-la-chasse-et-la-peche-en-roumanie-id657249.html#article","isPartOf":{"@id":"https:\/\/www.rri.ro\/fr\/le-coin-des-auditeurs\/vos-questions-nos-reponses\/samir-bechka-algerie-la-chasse-et-la-peche-en-roumanie-id657249.html"},"author":{"name":"Rom\u00e2nia Interna\u021bional","@id":"https:\/\/www.rri.ro\/#\/schema\/person\/18fac491bccbfe149b92aea77ad60abd"},"headline":"Samir Bechka (Alg\u00e9rie) &#8211; la chasse et la p\u00eache en Roumanie","datePublished":"2014-10-17T09:52:00+00:00","mainEntityOfPage":{"@id":"https:\/\/www.rri.ro\/fr\/le-coin-des-auditeurs\/vos-questions-nos-reponses\/samir-bechka-algerie-la-chasse-et-la-peche-en-roumanie-id657249.html"},"wordCount":441,"image":{"@id":"https:\/\/www.rri.ro\/fr\/le-coin-des-auditeurs\/vos-questions-nos-reponses\/samir-bechka-algerie-la-chasse-et-la-peche-en-roumanie-id657249.html#primaryimage"},"thumbnailUrl":"https:\/\/www.rri.ro\/wp-content\/uploads\/2024\/02\/Ursulbrun.jpg","keywords":["cerf","chamois","chasse","faisan","for\u00eats","gibier","li\u00e8vres","p\u00eache"],"articleSection":["Vos questions, nos r\u00e9ponses"],"inLanguage":"fr-FR"},{"@type":"WebPage","@id":"https:\/\/www.rri.ro\/fr\/le-coin-des-auditeurs\/vos-questions-nos-reponses\/samir-bechka-algerie-la-chasse-et-la-peche-en-roumanie-id657249.html","url":"https:\/\/www.rri.ro\/fr\/le-coin-des-auditeurs\/vos-questions-nos-reponses\/samir-bechka-algerie-la-chasse-et-la-peche-en-roumanie-id657249.html","name":"Samir Bechka (Alg\u00e9rie) - la chasse et la p\u00eache en Roumanie - Radio Roumanie Internationale","isPartOf":{"@id":"https:\/\/www.rri.ro\/#website"},"primaryImageOfPage":{"@id":"https:\/\/www.rri.ro\/fr\/le-coin-des-auditeurs\/vos-questions-nos-reponses\/samir-bechka-algerie-la-chasse-et-la-peche-en-roumanie-id657249.html#primaryimage"},"image":{"@id":"https:\/\/www.rri.ro\/fr\/le-coin-des-auditeurs\/vos-questions-nos-reponses\/samir-bechka-algerie-la-chasse-et-la-peche-en-roumanie-id657249.html#primaryimage"},"thumbnailUrl":"https:\/\/www.rri.ro\/wp-content\/uploads\/2024\/02\/Ursulbrun.jpg","datePublished":"2014-10-17T09:52:00+00:00","author":{"@id":"https:\/\/www.rri.ro\/#\/schema\/person\/18fac491bccbfe149b92aea77ad60abd"},"breadcrumb":{"@id":"https:\/\/www.rri.ro\/fr\/le-coin-des-auditeurs\/vos-questions-nos-reponses\/samir-bechka-algerie-la-chasse-et-la-peche-en-roumanie-id657249.html#breadcrumb"},"inLanguage":"fr-FR","potentialAction":[{"@type":"ReadAction","target":["https:\/\/www.rri.ro\/fr\/le-coin-des-auditeurs\/vos-questions-nos-reponses\/samir-bechka-algerie-la-chasse-et-la-peche-en-roumanie-id657249.html"]}]},{"@type":"ImageObject","inLanguage":"fr-FR","@id":"https:\/\/www.rri.ro\/fr\/le-coin-des-auditeurs\/vos-questions-nos-reponses\/samir-bechka-algerie-la-chasse-et-la-peche-en-roumanie-id657249.html#primaryimage","url":"https:\/\/www.rri.ro\/wp-content\/uploads\/2024\/02\/Ursulbrun.jpg","contentUrl":"https:\/\/www.rri.ro\/wp-content\/uploads\/2024\/02\/Ursulbrun.jpg","width":950,"height":633},{"@type":"BreadcrumbList","@id":"https:\/\/www.rri.ro\/fr\/le-coin-des-auditeurs\/vos-questions-nos-reponses\/samir-bechka-algerie-la-chasse-et-la-peche-en-roumanie-id657249.html#breadcrumb","itemListElement":[{"@type":"ListItem","position":1,"name":"Page d'accueil","item":"https:\/\/www.rri.ro\/fr"},{"@type":"ListItem","position":2,"name":"Le coin des auditeurs","item":"https:\/\/www.rri.ro\/fr\/le-coin-des-auditeurs"},{"@type":"ListItem","position":3,"name":"Vos questions, nos r\u00e9ponses","item":"https:\/\/www.rri.ro\/fr\/le-coin-des-auditeurs\/vos-questions-nos-reponses"},{"@type":"ListItem","position":4,"name":"Samir Bechka (Alg\u00e9rie) &#8211; la chasse et la p\u00eache en Roumanie"}]},{"@type":"WebSite","@id":"https:\/\/www.rri.ro\/#website","url":"https:\/\/www.rri.ro\/","name":"Radio Roumanie Internationale","description":"Totul despre Rom\u00e2nia \u015fi rom\u00e2ni, \u00een 13 limbi\/dialecte!","inLanguage":"fr-FR"},{"@type":"Person","@id":"https:\/\/www.rri.ro\/#\/schema\/person\/18fac491bccbfe149b92aea77ad60abd","name":"Rom\u00e2nia Interna\u021bional","url":"https:\/\/www.rri.ro\/fr\/author\/redactia"}]}},"_links":{"self":[{"href":"https:\/\/www.rri.ro\/fr\/wp-json\/wp\/v2\/posts\/657249","targetHints":{"allow":["GET"]}}],"collection":[{"href":"https:\/\/www.rri.ro\/fr\/wp-json\/wp\/v2\/posts"}],"about":[{"href":"https:\/\/www.rri.ro\/fr\/wp-json\/wp\/v2\/types\/post"}],"author":[{"embeddable":true,"href":"https:\/\/www.rri.ro\/fr\/wp-json\/wp\/v2\/users\/2"}],"replies":[{"embeddable":true,"href":"https:\/\/www.rri.ro\/fr\/wp-json\/wp\/v2\/comments?post=657249"}],"version-history":[{"count":0,"href":"https:\/\/www.rri.ro\/fr\/wp-json\/wp\/v2\/posts\/657249\/revisions"}],"wp:featuredmedia":[{"embeddable":true,"href":"https:\/\/www.rri.ro\/fr\/wp-json\/wp\/v2\/media\/657250"}],"wp:attachment":[{"href":"https:\/\/www.rri.ro\/fr\/wp-json\/wp\/v2\/media?parent=657249"}],"wp:term":[{"taxonomy":"category","embeddable":true,"href":"https:\/\/www.rri.ro\/fr\/wp-json\/wp\/v2\/categories?post=657249"},{"taxonomy":"post_tag","embeddable":true,"href":"https:\/\/www.rri.ro\/fr\/wp-json\/wp\/v2\/tags?post=657249"},{"taxonomy":"author","embeddable":true,"href":"https:\/\/www.rri.ro\/fr\/wp-json\/wp\/v2\/coauthors?post=657249"}],"curies":[{"name":"wp","href":"https:\/\/api.w.org\/{rel}","templated":true}]}}