{"id":657813,"date":"2015-11-20T14:42:00","date_gmt":"2015-11-20T12:42:00","guid":{"rendered":"http:\/\/devrri.freshlemon.ro\/actualites\/consulter-les-lecons\/le-courrier-des-auditeurs-20-11-2015-id657813.html"},"modified":"2015-11-20T14:42:00","modified_gmt":"2015-11-20T12:42:00","slug":"le-courrier-des-auditeurs-20-11-2015","status":"publish","type":"post","link":"https:\/\/www.rri.ro\/fr\/le-coin-des-auditeurs\/le-courrier-des-auditeurs-20-11-2015-id657813.html","title":{"rendered":"Le courrier des auditeurs 20.11.2015"},"content":{"rendered":"<p>Une semaine apr\u00e8s les \u00e9v\u00e9nements tragiques de Paris qui ont secou\u00e9 la France aussi bien que le reste du monde, j&rsquo;esp\u00e8re que tout le monde soit sain et sauf et je vous assure au nom de tous mes coll\u00e8gues de notre soutien et notre solidarit\u00e9. C&rsquo;est vraiment effrayant et injuste quand des personnes sont tu\u00e9es tout simplement parce que des sc\u00e9l\u00e9rats ont la force de le faire. Condol\u00e9ances une fois de plus aux familles des victimes ! <\/p>\n<p><\/p>\n<p>Madame, Monsieur, dans les minutes suivantes, je voudrais bien vous inviter dans un endroit merveilleux de Roumanie, un endroit d&rsquo;une beaut\u00e9 surprenante : le Parc naturel de <strong class=cms-bold>Retezat <\/strong>que notre ami fran\u00e7ais <strong class=cms-bold>Maurice Mercier <\/strong>voudrait d\u00e9couvrir sur nos ondes.<\/p>\n<p><\/p>\n<p>D\u00e9couvrez la r\u00e9ponse ici: <\/p>\n<p>Comment allez-vous, cher <strong class=cms-bold>Bernard Watelet<\/strong> de Clermont Ferrand, en France ? Merci \u00e0 vous pour toutes vos lettres fort sympas et riches en d\u00e9tails au sujet de nos programmes. Notre ami a suivi une nouvelle \u00e9dition de notre rubrique d&rsquo;histoire roumaine, Pro M\u00e9moria, consacr\u00e9e \u00e0 la communaut\u00e9 arm\u00e9nienne de Roumanie. Nous sommes contents que vous ayez appr\u00e9ci\u00e9 la visite radiophonique \u00e0 la mosqu\u00e9e de Mangalia dans le cadre de notre dossier l&rsquo;Encyclop\u00e9die de RRI. La liste des pr\u00e9f\u00e9rences radiophonique est compl\u00e9t\u00e9e par Le caf\u00e9 des francophones assum\u00e9 par notre coll\u00e8gue fran\u00e7ais Antoine Heemeryck depuis le d\u00e9part de Ioana Lutic. Malheureusement, la Roumanie en toutes lettres est arriv\u00e9e \u00e0 sa fin. M. Bernard Watelet, grand merci pour la fort jolie carte postale avec en image le Ch\u00e2teau de Val, au Cantal. Une image magnifique qui me donne envie de partir en vacances \u00e0 la d\u00e9couverte de beaux endroits comme celui-ci. Ceci dit, bien des choses \u00e0 vous et \u00e0 la prochaine ! <\/p>\n<p>Bonjour ou bonsoir \u00e0 vous, cher monsieur <strong class=cms-bold>Didier Vasseur<\/strong> d&rsquo;Amiens, toujours en France. Ca fait chaud au c\u0153ur de lire des messages comme le v\u00f4tre o\u00f9 vous nous \u00e9crivez tout simplement : \u00ab j&rsquo;adore vos \u00e9missions ! \u00bb. Que vouloir de plus ? Bonheur supr\u00eame pour toute notre \u00e9quipe. Merci \u00e9galement pour le rapport d&rsquo;\u00e9coute, d\u00e9j\u00e0 confirm\u00e9 par une jolie carte QSL et bonne continuation sur nos ondes. Bises ! <\/p>\n<p><\/p>\n<p>Voici une petite annonce pour vous signaler que RRI vient de lancer son propre profil sur tumblr, une plate-forme de microbloguement et de socialisation permettant aux utilisateurs de rebloguer du contenu multim\u00e9dia sur leur blog personnel ou sur d&rsquo;autres blogs priv\u00e9s et de surfer sur toutes sorte de blogs. Le profil RRI sur tumblr est \u00e0 trouver \u00e0 l&rsquo;adresse www.tumblr.com\/blog\/radioromaniainternational. Bien s\u00fbr, RRI est pr\u00e9sente aussi sur Facebook, Twitter, Google+, Flickr, Pinterest, LinkedIn, YouTube, Instagram et SoundCloud. <\/p>\n<p><\/p>\n","protected":false},"excerpt":{"rendered":"<p>Ioana r\u00e9pond \u00e0 vos messages&#8230;<\/p>\n","protected":false},"author":134,"featured_media":50395,"comment_status":"closed","ping_status":"closed","sticky":false,"template":"","format":"standard","meta":{"_acf_changed":false,"footnotes":""},"categories":[132179],"tags":[125877,68973,46106,132841,132839],"coauthors":[],"class_list":["post-657813","post","type-post","status-publish","format-standard","has-post-thumbnail","hentry","category-le-coin-des-auditeurs","tag-mercier","tag-retezat","tag-tumblr","tag-vasseur","tag-watelet"],"acf":[],"yoast_head":"<!-- This site is optimized with the Yoast SEO plugin v27.3 - https:\/\/yoast.com\/product\/yoast-seo-wordpress\/ -->\n<title>Le courrier des auditeurs 20.11.2015 - Radio Roumanie Internationale<\/title>\n<meta name=\"robots\" content=\"index, follow, max-snippet:-1, max-image-preview:large, max-video-preview:-1\" \/>\n<link rel=\"canonical\" href=\"https:\/\/www.rri.ro\/fr\/le-coin-des-auditeurs\/le-courrier-des-auditeurs-20-11-2015-id657813.html\" \/>\n<meta property=\"og:locale\" content=\"fr_FR\" \/>\n<meta property=\"og:type\" content=\"article\" \/>\n<meta property=\"og:title\" content=\"Le courrier des auditeurs 20.11.2015 - Radio Roumanie Internationale\" \/>\n<meta property=\"og:description\" content=\"Ioana r\u00e9pond \u00e0 vos messages...\" \/>\n<meta property=\"og:url\" content=\"https:\/\/www.rri.ro\/fr\/le-coin-des-auditeurs\/le-courrier-des-auditeurs-20-11-2015-id657813.html\" \/>\n<meta property=\"og:site_name\" content=\"Radio Roumanie Internationale\" \/>\n<meta property=\"article:published_time\" content=\"2015-11-20T12:42:00+00:00\" \/>\n<meta property=\"og:image\" content=\"https:\/\/www.rri.ro\/wp-content\/uploads\/2023\/10\/LOGO-RRI-FUNDALALB-640.png\" \/>\n\t<meta property=\"og:image:width\" content=\"640\" \/>\n\t<meta property=\"og:image:height\" content=\"480\" \/>\n\t<meta property=\"og:image:type\" content=\"image\/png\" \/>\n<meta name=\"author\" content=\"Ioana St\u0103ncescu\" \/>\n<meta name=\"twitter:card\" content=\"summary_large_image\" \/>\n<meta name=\"twitter:label1\" content=\"\u00c9crit par\" \/>\n\t<meta name=\"twitter:data1\" content=\"Ioana St\u0103ncescu\" \/>\n\t<meta name=\"twitter:label2\" content=\"Dur\u00e9e de lecture estim\u00e9e\" \/>\n\t<meta name=\"twitter:data2\" content=\"2 minutes\" \/>\n\t<meta name=\"twitter:label3\" content=\"Written by\" \/>\n\t<meta name=\"twitter:data3\" content=\"Ioana St\u0103ncescu\" \/>\n<script type=\"application\/ld+json\" class=\"yoast-schema-graph\">{\"@context\":\"https:\\\/\\\/schema.org\",\"@graph\":[{\"@type\":\"Article\",\"@id\":\"https:\\\/\\\/www.rri.ro\\\/fr\\\/le-coin-des-auditeurs\\\/le-courrier-des-auditeurs-20-11-2015-id657813.html#article\",\"isPartOf\":{\"@id\":\"https:\\\/\\\/www.rri.ro\\\/fr\\\/le-coin-des-auditeurs\\\/le-courrier-des-auditeurs-20-11-2015-id657813.html\"},\"author\":{\"name\":\"Ioana St\u0103ncescu\",\"@id\":\"https:\\\/\\\/www.rri.ro\\\/#\\\/schema\\\/person\\\/1d9435fa2588bfdd89285a0891ce5040\"},\"headline\":\"Le courrier des auditeurs 20.11.2015\",\"datePublished\":\"2015-11-20T12:42:00+00:00\",\"mainEntityOfPage\":{\"@id\":\"https:\\\/\\\/www.rri.ro\\\/fr\\\/le-coin-des-auditeurs\\\/le-courrier-des-auditeurs-20-11-2015-id657813.html\"},\"wordCount\":463,\"image\":{\"@id\":\"https:\\\/\\\/www.rri.ro\\\/fr\\\/le-coin-des-auditeurs\\\/le-courrier-des-auditeurs-20-11-2015-id657813.html#primaryimage\"},\"thumbnailUrl\":\"https:\\\/\\\/www.rri.ro\\\/wp-content\\\/uploads\\\/2023\\\/10\\\/LOGO-RRI-FUNDALALB-640.png\",\"keywords\":[\"Mercier\",\"Retezat\",\"Tumblr\",\"Vasseur\",\"Watelet\"],\"articleSection\":[\"Le coin des auditeurs\"],\"inLanguage\":\"fr-FR\"},{\"@type\":\"WebPage\",\"@id\":\"https:\\\/\\\/www.rri.ro\\\/fr\\\/le-coin-des-auditeurs\\\/le-courrier-des-auditeurs-20-11-2015-id657813.html\",\"url\":\"https:\\\/\\\/www.rri.ro\\\/fr\\\/le-coin-des-auditeurs\\\/le-courrier-des-auditeurs-20-11-2015-id657813.html\",\"name\":\"Le courrier des auditeurs 20.11.2015 - Radio Roumanie Internationale\",\"isPartOf\":{\"@id\":\"https:\\\/\\\/www.rri.ro\\\/#website\"},\"primaryImageOfPage\":{\"@id\":\"https:\\\/\\\/www.rri.ro\\\/fr\\\/le-coin-des-auditeurs\\\/le-courrier-des-auditeurs-20-11-2015-id657813.html#primaryimage\"},\"image\":{\"@id\":\"https:\\\/\\\/www.rri.ro\\\/fr\\\/le-coin-des-auditeurs\\\/le-courrier-des-auditeurs-20-11-2015-id657813.html#primaryimage\"},\"thumbnailUrl\":\"https:\\\/\\\/www.rri.ro\\\/wp-content\\\/uploads\\\/2023\\\/10\\\/LOGO-RRI-FUNDALALB-640.png\",\"datePublished\":\"2015-11-20T12:42:00+00:00\",\"author\":{\"@id\":\"https:\\\/\\\/www.rri.ro\\\/#\\\/schema\\\/person\\\/1d9435fa2588bfdd89285a0891ce5040\"},\"breadcrumb\":{\"@id\":\"https:\\\/\\\/www.rri.ro\\\/fr\\\/le-coin-des-auditeurs\\\/le-courrier-des-auditeurs-20-11-2015-id657813.html#breadcrumb\"},\"inLanguage\":\"fr-FR\",\"potentialAction\":[{\"@type\":\"ReadAction\",\"target\":[\"https:\\\/\\\/www.rri.ro\\\/fr\\\/le-coin-des-auditeurs\\\/le-courrier-des-auditeurs-20-11-2015-id657813.html\"]}]},{\"@type\":\"ImageObject\",\"inLanguage\":\"fr-FR\",\"@id\":\"https:\\\/\\\/www.rri.ro\\\/fr\\\/le-coin-des-auditeurs\\\/le-courrier-des-auditeurs-20-11-2015-id657813.html#primaryimage\",\"url\":\"https:\\\/\\\/www.rri.ro\\\/wp-content\\\/uploads\\\/2023\\\/10\\\/LOGO-RRI-FUNDALALB-640.png\",\"contentUrl\":\"https:\\\/\\\/www.rri.ro\\\/wp-content\\\/uploads\\\/2023\\\/10\\\/LOGO-RRI-FUNDALALB-640.png\",\"width\":640,\"height\":480},{\"@type\":\"BreadcrumbList\",\"@id\":\"https:\\\/\\\/www.rri.ro\\\/fr\\\/le-coin-des-auditeurs\\\/le-courrier-des-auditeurs-20-11-2015-id657813.html#breadcrumb\",\"itemListElement\":[{\"@type\":\"ListItem\",\"position\":1,\"name\":\"Page d'accueil\",\"item\":\"https:\\\/\\\/www.rri.ro\\\/fr\"},{\"@type\":\"ListItem\",\"position\":2,\"name\":\"Le coin des auditeurs\",\"item\":\"https:\\\/\\\/www.rri.ro\\\/fr\\\/le-coin-des-auditeurs\"},{\"@type\":\"ListItem\",\"position\":3,\"name\":\"Le courrier des auditeurs 20.11.2015\"}]},{\"@type\":\"WebSite\",\"@id\":\"https:\\\/\\\/www.rri.ro\\\/#website\",\"url\":\"https:\\\/\\\/www.rri.ro\\\/\",\"name\":\"Radio Roumanie Internationale\",\"description\":\"Totul despre Rom\u00e2nia \u015fi rom\u00e2ni, \u00een 13 limbi\\\/dialecte!\",\"inLanguage\":\"fr-FR\"},{\"@type\":\"Person\",\"@id\":\"https:\\\/\\\/www.rri.ro\\\/#\\\/schema\\\/person\\\/1d9435fa2588bfdd89285a0891ce5040\",\"name\":\"Ioana St\u0103ncescu\",\"url\":\"https:\\\/\\\/www.rri.ro\\\/fr\\\/author\\\/ioana-stancescu\"}]}<\/script>\n<!-- \/ Yoast SEO plugin. -->","yoast_head_json":{"title":"Le courrier des auditeurs 20.11.2015 - Radio Roumanie Internationale","robots":{"index":"index","follow":"follow","max-snippet":"max-snippet:-1","max-image-preview":"max-image-preview:large","max-video-preview":"max-video-preview:-1"},"canonical":"https:\/\/www.rri.ro\/fr\/le-coin-des-auditeurs\/le-courrier-des-auditeurs-20-11-2015-id657813.html","og_locale":"fr_FR","og_type":"article","og_title":"Le courrier des auditeurs 20.11.2015 - Radio Roumanie Internationale","og_description":"Ioana r\u00e9pond \u00e0 vos messages...","og_url":"https:\/\/www.rri.ro\/fr\/le-coin-des-auditeurs\/le-courrier-des-auditeurs-20-11-2015-id657813.html","og_site_name":"Radio Roumanie Internationale","article_published_time":"2015-11-20T12:42:00+00:00","og_image":[{"width":640,"height":480,"url":"https:\/\/www.rri.ro\/wp-content\/uploads\/2023\/10\/LOGO-RRI-FUNDALALB-640.png","type":"image\/png"}],"author":"Ioana St\u0103ncescu","twitter_card":"summary_large_image","twitter_misc":{"\u00c9crit par":"Ioana St\u0103ncescu","Dur\u00e9e de lecture estim\u00e9e":"2 minutes","Written by":"Ioana St\u0103ncescu"},"schema":{"@context":"https:\/\/schema.org","@graph":[{"@type":"Article","@id":"https:\/\/www.rri.ro\/fr\/le-coin-des-auditeurs\/le-courrier-des-auditeurs-20-11-2015-id657813.html#article","isPartOf":{"@id":"https:\/\/www.rri.ro\/fr\/le-coin-des-auditeurs\/le-courrier-des-auditeurs-20-11-2015-id657813.html"},"author":{"name":"Ioana St\u0103ncescu","@id":"https:\/\/www.rri.ro\/#\/schema\/person\/1d9435fa2588bfdd89285a0891ce5040"},"headline":"Le courrier des auditeurs 20.11.2015","datePublished":"2015-11-20T12:42:00+00:00","mainEntityOfPage":{"@id":"https:\/\/www.rri.ro\/fr\/le-coin-des-auditeurs\/le-courrier-des-auditeurs-20-11-2015-id657813.html"},"wordCount":463,"image":{"@id":"https:\/\/www.rri.ro\/fr\/le-coin-des-auditeurs\/le-courrier-des-auditeurs-20-11-2015-id657813.html#primaryimage"},"thumbnailUrl":"https:\/\/www.rri.ro\/wp-content\/uploads\/2023\/10\/LOGO-RRI-FUNDALALB-640.png","keywords":["Mercier","Retezat","Tumblr","Vasseur","Watelet"],"articleSection":["Le coin des auditeurs"],"inLanguage":"fr-FR"},{"@type":"WebPage","@id":"https:\/\/www.rri.ro\/fr\/le-coin-des-auditeurs\/le-courrier-des-auditeurs-20-11-2015-id657813.html","url":"https:\/\/www.rri.ro\/fr\/le-coin-des-auditeurs\/le-courrier-des-auditeurs-20-11-2015-id657813.html","name":"Le courrier des auditeurs 20.11.2015 - Radio Roumanie Internationale","isPartOf":{"@id":"https:\/\/www.rri.ro\/#website"},"primaryImageOfPage":{"@id":"https:\/\/www.rri.ro\/fr\/le-coin-des-auditeurs\/le-courrier-des-auditeurs-20-11-2015-id657813.html#primaryimage"},"image":{"@id":"https:\/\/www.rri.ro\/fr\/le-coin-des-auditeurs\/le-courrier-des-auditeurs-20-11-2015-id657813.html#primaryimage"},"thumbnailUrl":"https:\/\/www.rri.ro\/wp-content\/uploads\/2023\/10\/LOGO-RRI-FUNDALALB-640.png","datePublished":"2015-11-20T12:42:00+00:00","author":{"@id":"https:\/\/www.rri.ro\/#\/schema\/person\/1d9435fa2588bfdd89285a0891ce5040"},"breadcrumb":{"@id":"https:\/\/www.rri.ro\/fr\/le-coin-des-auditeurs\/le-courrier-des-auditeurs-20-11-2015-id657813.html#breadcrumb"},"inLanguage":"fr-FR","potentialAction":[{"@type":"ReadAction","target":["https:\/\/www.rri.ro\/fr\/le-coin-des-auditeurs\/le-courrier-des-auditeurs-20-11-2015-id657813.html"]}]},{"@type":"ImageObject","inLanguage":"fr-FR","@id":"https:\/\/www.rri.ro\/fr\/le-coin-des-auditeurs\/le-courrier-des-auditeurs-20-11-2015-id657813.html#primaryimage","url":"https:\/\/www.rri.ro\/wp-content\/uploads\/2023\/10\/LOGO-RRI-FUNDALALB-640.png","contentUrl":"https:\/\/www.rri.ro\/wp-content\/uploads\/2023\/10\/LOGO-RRI-FUNDALALB-640.png","width":640,"height":480},{"@type":"BreadcrumbList","@id":"https:\/\/www.rri.ro\/fr\/le-coin-des-auditeurs\/le-courrier-des-auditeurs-20-11-2015-id657813.html#breadcrumb","itemListElement":[{"@type":"ListItem","position":1,"name":"Page d'accueil","item":"https:\/\/www.rri.ro\/fr"},{"@type":"ListItem","position":2,"name":"Le coin des auditeurs","item":"https:\/\/www.rri.ro\/fr\/le-coin-des-auditeurs"},{"@type":"ListItem","position":3,"name":"Le courrier des auditeurs 20.11.2015"}]},{"@type":"WebSite","@id":"https:\/\/www.rri.ro\/#website","url":"https:\/\/www.rri.ro\/","name":"Radio Roumanie Internationale","description":"Totul despre Rom\u00e2nia \u015fi rom\u00e2ni, \u00een 13 limbi\/dialecte!","inLanguage":"fr-FR"},{"@type":"Person","@id":"https:\/\/www.rri.ro\/#\/schema\/person\/1d9435fa2588bfdd89285a0891ce5040","name":"Ioana St\u0103ncescu","url":"https:\/\/www.rri.ro\/fr\/author\/ioana-stancescu"}]}},"_links":{"self":[{"href":"https:\/\/www.rri.ro\/fr\/wp-json\/wp\/v2\/posts\/657813","targetHints":{"allow":["GET"]}}],"collection":[{"href":"https:\/\/www.rri.ro\/fr\/wp-json\/wp\/v2\/posts"}],"about":[{"href":"https:\/\/www.rri.ro\/fr\/wp-json\/wp\/v2\/types\/post"}],"author":[{"embeddable":true,"href":"https:\/\/www.rri.ro\/fr\/wp-json\/wp\/v2\/users\/134"}],"replies":[{"embeddable":true,"href":"https:\/\/www.rri.ro\/fr\/wp-json\/wp\/v2\/comments?post=657813"}],"version-history":[{"count":0,"href":"https:\/\/www.rri.ro\/fr\/wp-json\/wp\/v2\/posts\/657813\/revisions"}],"wp:featuredmedia":[{"embeddable":true,"href":"https:\/\/www.rri.ro\/fr\/wp-json\/wp\/v2\/media\/50395"}],"wp:attachment":[{"href":"https:\/\/www.rri.ro\/fr\/wp-json\/wp\/v2\/media?parent=657813"}],"wp:term":[{"taxonomy":"category","embeddable":true,"href":"https:\/\/www.rri.ro\/fr\/wp-json\/wp\/v2\/categories?post=657813"},{"taxonomy":"post_tag","embeddable":true,"href":"https:\/\/www.rri.ro\/fr\/wp-json\/wp\/v2\/tags?post=657813"},{"taxonomy":"author","embeddable":true,"href":"https:\/\/www.rri.ro\/fr\/wp-json\/wp\/v2\/coauthors?post=657813"}],"curies":[{"name":"wp","href":"https:\/\/api.w.org\/{rel}","templated":true}]}}