{"id":658125,"date":"2021-07-30T13:13:00","date_gmt":"2021-07-30T10:13:00","guid":{"rendered":"http:\/\/devrri.freshlemon.ro\/actualites\/consulter-les-lecons\/le-courrier-des-auditeurs-du-30-07-2021-id658125.html"},"modified":"2021-07-30T13:13:00","modified_gmt":"2021-07-30T10:13:00","slug":"le-courrier-des-auditeurs-du-30-07-2021","status":"publish","type":"post","link":"https:\/\/www.rri.ro\/fr\/le-coin-des-auditeurs\/le-courrier-des-auditeurs-du-30-07-2021-id658125.html","title":{"rendered":"Le Courrier des auditeurs du 30.07.2021"},"content":{"rendered":"<\/p>\n<p>&#13;<br \/>\n&#13;<\/p>\n<p>        Bucarest fond sous la canicule, et cea ne fait que commencer. En fin de semaine, la ville est d\u00e9sert\u00e9e de ses habitants qui vont se rafra\u00eechir, notamment au bord de la mer Noire. Ainsi, la semaine derni\u00e8re, 150 000 touristes avaient investi la c\u00f4te roumaine, un record pour cet \u00e9t\u00e9. D\u2019ailleurs, c\u2019est la saison des vacances ; d\u2019autres, et j\u2019en fais partie, ont choisi de faire un tour en Roumanie. Un tour de 2 000 km en 9 jours, qui a \u00e9t\u00e9 tr\u00e8s appr\u00e9ci\u00e9 par ceux qui ont vu les photos ou qui connaissent d\u00e9j\u00e0 les endroits. Je me propose de vous le raconter pour vous donner des id\u00e9es de voyage, vu que nous l\u2019avons imagin\u00e9 aussi pour un membre de la famille qui est \u00e9tranger.<\/p>\n<p>&#13;<br \/>\n&#13;<\/p>\n<p>&#13;<br \/>\n&#13;<\/p>\n<p>Partis de Bucarest, nous avons rejoint Dunav\u0103\u0163u de Jos, une commune du delta du Danube, dans le d\u00e9partement de Tulcea (sud-est). En chemin, vous pouvez \u00e9galement visiter la ville-port de Constan\u0163a, Mamaia, la perle de la c\u00f4te roumaine de la mer Noire, et l\u2019ancienne cit\u00e9 de Histria, fond\u00e9e par les colons grecs au 6e s. avt. J.-C. Cette derni\u00e8re est aussi la ville la plus ancienne attest\u00e9e sur le territoire de la Roumanie. Sachez que la Dobroudja est, \u00e0 cette \u00e9poque, pleine de champs de tournesol d\u2019une tr\u00e8s grande beaut\u00e9 ; nous nous sommes arr\u00eat\u00e9s pour faire un nombre impressionnant de photos. Le delta nous a accueillis avec une m\u00e9t\u00e9o tr\u00e8s agr\u00e9able, ce qui nous a permis de faire deux promenades en barque. L\u2019une \u00e0 partir de Dunav\u0103\u0163u de Jos, pour aller jusqu\u2019\u00e0 la plage sauvage de Peri\u015foru, \u00e0 la mer Noire, \u00e0 travers plusieurs canaux de toutes les dimensions, dont certains &#8211; minuscules. Nous avons eu la joie de voir p\u00e9licans, cormorans, aigrettes, cygnes, foulques, gr\u00e8bes hupp\u00e9s, h\u00e9rons cendr\u00e9s et autres \u00e9voluer parmi les n\u00e9nuphars et les roseaux. Le lendemain, nous avons pris un petit bateau de Jurilovca pour aller jusqu\u2019\u00e0 Gura Porti\u0163ei, une langue de terre o\u00f9 vous avez d\u2019un c\u00f4t\u00e9 le lac Golovi\u0163a et de l\u2019autre &#8212; la mer Noire. Pour ceux qui souhaitent assaisonner leurs vacances d\u2019histoire, ne passez pas sans visiter la citadelle m\u00e9di\u00e9vale d\u2019Enisala, construite dans les ann\u00e9es 1300 en haut d\u2019une colline empierr\u00e9e. Les fouilles arch\u00e9ologiques qui y ont \u00e9t\u00e9 pratiqu\u00e9es ont permis de mettre au jour deux logements du premier \u00e2ge du fer. De l\u00e0, vous avez une superbe vue sur les environs.<\/p>\n<p>&#13;<br \/>\n&#13;<\/p>\n<p>&#13;<br \/>\n&#13;<\/p>\n<p>        Nous avons quitt\u00e9 \u00e0 regret le delta, travers\u00e9 le Danube en bac \u00e0 Br\u0103ila et mis le cap sur une autre attraction dont nous vous avons souvent parl\u00e9 \u00e0 l\u2019antenne : les Volcans de boue de Berca, au d\u00e9partement de Buz\u0103u. Un paysage lunaire, tout \u00e0 fait in\u00e9dit, avec de petits crat\u00e8res bouillonnants et des coul\u00e9es de boue nous attendait &#8212; contrastant avec les for\u00eats avoisinantes. Je n\u2019ai jamais rien vu de semblable, je peux dire qu\u2019il vaut bien le d\u00e9tour. Le lendemain, nous avons visit\u00e9 le camp de sculpture en plein air de M\u0103gura, dans le m\u00eame d\u00e9partement. En effet, c\u2019est sur ces collines qu\u2019un camp de sculpture pour artistes \u00e9moulus de l\u2019Acad\u00e9mie d\u2019architecture de Bucarest et m\u00eame pour des lyc\u00e9ens avait \u00e9t\u00e9 organis\u00e9, entre 1970 et 1985. Les sculpteurs ont laiss\u00e9 leurs 256 \u0153uvres monumentales l\u00e0, et aujourd\u2019hui l\u2019exposition s\u2019\u00e9tale sur 21 ha. On dit que des ph\u00e9nom\u00e8nes paranormaux se produisent \u00e0 proximit\u00e9, dans la for\u00eat ; je ne les ai pas exp\u00e9riment\u00e9s. A l\u2019h\u00f4tel o\u00f9 nous avons pass\u00e9 la nuit, en pleine for\u00eat, nous avons eu un visiteur tout \u00e0 fait inattendu le matin : un renard qui a pris son petit d\u00e9jeuner avec nous. Les h\u00f4teliers le connaissent depuis trois ans et il vient se faire servir des victuailles tous les jours ; il en emporte pour nourrir aussi sa famille.<\/p>\n<p>&#13;<br \/>\n&#13;<\/p>\n<p>&#13;<br \/>\n&#13;<\/p>\n<p>        Nous avons de nouveau pris la route pour aller \u00e0 \u015eirnea, un petit village \u00e9parpill\u00e9 sur des collines, au d\u00e9partement de Bra\u015fov (centre). Jusque-l\u00e0, nous avons admir\u00e9 le paysage et le superbe lac de Siriu, \u00e0 l\u2019eau turquoise. Aux environs de Bra\u015fov, nous avons visit\u00e9 l\u2019\u00e9glise m\u00e9di\u00e9vale fortifi\u00e9e de Prejmer, du XIIIe si\u00e8cle, incluse au patrimoine mondial de l\u2019UNESCO. C\u2019est toujours un plaisir de la revoir, surtout quand il fait beau. Bien entendu, nous ne pouvions pas passer \u00e0 c\u00f4t\u00e9 de Bra\u015fov sans faire un tour au centre-ville. La rue pi\u00e9tonne \u00e9tait tr\u00e8s anim\u00e9e, nous y avons pris du bon temps. Nous sommes pass\u00e9s par Poiana Bra\u015fov et sommes arriv\u00e9s \u00e0 \u015eirnea, dans un paysage bucolique, avec beaucoup d\u2019animaux. Nous y sommes all\u00e9s pour faire des randonn\u00e9es dans les alentours. Un trajet trouv\u00e9 sur une application semblait s\u00e9duisant ; 15 km par monts et par vaux, partiellement \u00e0 travers la for\u00eat, s\u2019est av\u00e9r\u00e9 tr\u00e8s tr\u00e8s beau, mais aussi particuli\u00e8rement fatigant. Nous l\u2019avons parcouru en 6 heures ; on se reprend de la fatigue, on ne garde que les bons souvenirs. N\u00e9anmoins, il convient d\u2019y aller avec un \u00e9quipement appropri\u00e9, et aussi d\u2019emprunter un itin\u00e9raire adapt\u00e9 \u00e0 sa condition physique.<\/p>\n<p>&#13;<br \/>\n&#13;<\/p>\n<p>&#13;<br \/>\n&#13;<\/p>\n<p>        Il existe au d\u00e9partement de Bra\u015fov un site rupestre tr\u00e8s int\u00e9ressant, qui est aujourd\u2019hui un monast\u00e8re, celui de \u015einca Veche, creus\u00e9 dans les Monts F\u0103g\u0103ra\u015f. Il est pr\u00e9sum\u00e9 par certains \u00eatre vieux de 7 000 ans et avoir des origines daciques ou m\u00eame plus anciennes. Un lieu tr\u00e8s calme, tr\u00e8s beau et tr\u00e8s int\u00e9ressant que les gens visitent pour ses l\u00e9gendes et ses myst\u00e8res. Il comporte cinq pi\u00e8ces, et une sorte de tour haute de 10 m, par laquelle la lumi\u00e8re naturelle p\u00e9n\u00e8tre dans ce lieu \u00e9trange. Il a deux autels, ce qui indique ses origines pr\u00e9chr\u00e9tiennes. On dit que cet endroit de recueillement est b\u00e9ni de Dieu et plein d\u2019\u00e9nergie positive. On y a d\u00e9couvert un symbole similaire au Yin et Yang et aussi l\u2019\u00e9toile de David. Selon d\u2019autres, c\u2019est un lieu o\u00f9 des ph\u00e9nom\u00e8nes paranormaux se passeraient, aussi. Au-del\u00e0 de tout, un endroit vraiment int\u00e9ressant \u00e0 visiter.<\/p>\n<p>&#13;<br \/>\n&#13;<\/p>\n<p>&#13;<br \/>\n&#13;<\/p>\n<p>        En route ! Avant de rejoindre notre g\u00eete \u00e0 Vi\u015fti\u015foara, dans le d\u00e9partement de Bra\u015fov, en pleine nature, nous avons visit\u00e9 le monast\u00e8re Br\u00e2ncoveanu (XVIe si\u00e8cle), \u00e0 S\u00e2mb\u0103ta de Sus. A proximit\u00e9, vous avez aussi un lieu appel\u00e9 La V\u00e2ltori, dans le village de Lisa. Les v\u00e2ltori, ce sont des tourbillons construits sur un cours d\u2019eau, o\u00f9 les villageois lavaient leur linge par la seule force motrice de l\u2019eau, sans lessive. Des machines \u00e0 laver traditionnelles, si vous voulez. Il y avait aussi un m\u00e9tier associ\u00e9, qui pouvait ou non \u00eatre en rapport avec le traitement de la laine. Nous avons ainsi vu tous ces \u00e9quipements des ann\u00e9es 1900, et aussi des \u00e9quipements pour traiter et filer la laine datant de la m\u00eame \u00e9poque et toujours fonctionnels. L\u00e0 encore, tr\u00e8s int\u00e9ressant !<\/p>\n<p>&#13;<br \/>\n&#13;<\/p>\n<p>&#13;<br \/>\n&#13;<\/p>\n<p>        Pas loin, au d\u00e9partement de Sibiu, je vous recommande de voir l\u2019Abbaye cistercienne de C\u00e2r\u0163a, unique en Roumanie, une construction d\u2019art roman et gothique fond\u00e9e par les moines bourguignons et \u00e9rig\u00e9e d\u2019abord en bois, vers 1202-1209, et ensuite en pierre, par des tailleurs de pierre fran\u00e7ais. Sa premi\u00e8re attestation documentaire remonte \u00e0 1225. Les moines avaient un style de vie asc\u00e9tique et leur activit\u00e9 \u00e9tait vou\u00e9e \u00e0 l\u2019int\u00e9r\u00eat de la communaut\u00e9. On y voit des chapiteaux, des cl\u00e9s de vo\u00fbte, des fen\u00eatres ainsi que le portail ouest, du XVe si\u00e8cle. Vous verrez aussi l\u2019\u00e9glise \u00e9vang\u00e9lique du XIIIe s. Cette abbaye a eu un r\u00f4le majeur dans l\u2019histoire politique, \u00e9conomique et culturelle de la Transylvanie.<\/p>\n<p>&#13;<br \/>\n&#13;<\/p>\n<p>&#13;<br \/>\n&#13;<\/p>\n<p>        Ne passez pas \u00e0 c\u00f4t\u00e9 de la citadelle de F\u0103g\u0103ra\u015f, dans la ville homonyme. M\u00eame si l\u2019ext\u00e9rieur est en r\u00e9novation pour lui rendre l\u2019aspect d\u2019il y a 200 ans, pr\u00e9sent\u00e9 dans les gravures d\u2019\u00e9poque, l\u2019int\u00e9rieur est visitable. Forte d\u2019une histoire de 600 ans, elle a conquis les tenanciers du site de voyages Hopper qui l\u2019ont d\u00e9clar\u00e9e le deuxi\u00e8me plus beau ch\u00e2teau du monde voici quelques ann\u00e9es &#8212; article pr\u00e9sent\u00e9 par le Huffington Post. Faire quelques pas dans l\u2019ancien centre-ville de Sibiu est aussi un must ; laissez-vous envo\u00fbter.<\/p>\n<p>&#13;<br \/>\n&#13;<\/p>\n<p>&#13;<br \/>\n&#13;<\/p>\n<p>        En qu\u00eate de beaut\u00e9, nous avons emprunt\u00e9 la Transalpina, la route la plus haute de Roumanie, qui traverse les Monts Par\u00e2ng du nord au sud, et qui culmine \u00e0 2 145 m. Une route construite d\u2019abord par les Romains, semble-t-il. En tout cas, les bergers des alentours de Sibiu l\u2019empruntaient avec leurs moutons pour se rendre en Valachie. Modernis\u00e9e \u00e0 compter de 2009, elle est spectaculaire aujourd\u2019hui. La beaut\u00e9 des paysages est \u00e0 couper le souffle. 138 km parfois \u00e0 travers des for\u00eats et parfois m\u00eame \u00e0 travers les nuages, avec des lacs, et des paysages bucoliques. Une fois arriv\u00e9s \u00e0 Horezu, vous pouvez visiter le monast\u00e8re de Hurezi du XVIe s., figurant au patrimoine mondial de l\u2019humanit\u00e9, et aussi les ateliers des potiers. Nous avons termin\u00e9 le tour par les Cule, ces maisons fortifi\u00e9es de M\u0103ld\u0103re\u015fti, au d\u00e9partement de V\u00e2lcea (sud).<\/p>\n<p>&#13;<br \/>\n&#13;<\/p>\n<p>&#13;<br \/>\n&#13;<\/p>\n<p>      Chers amis, pour ceux qui seraient int\u00e9ress\u00e9s, je peux r\u00e9v\u00e9ler les noms des h\u00f4tels et des g\u00eetes que j\u2019ai choisis, et qui se sont av\u00e9r\u00e9s excellents. Voil\u00e0, j\u2019ai \u00e9t\u00e9 un peu longue, mais j\u2019esp\u00e8re que mon r\u00e9cit vous donne des id\u00e9es de vacances en Roumanie. <\/p>\n<p>&#13;<\/p>\n","protected":false},"excerpt":{"rendered":"<p>Une \u00e9dition consacr\u00e9e au tourisme : Ligia vous donne des suggestions de voyage en Roumanie<\/p>\n","protected":false},"author":2,"featured_media":658098,"comment_status":"closed","ping_status":"closed","sticky":false,"template":"","format":"standard","meta":{"_acf_changed":false,"footnotes":""},"categories":[132179],"tags":[133232,133225,74112,149045,43172,89419,87712,147699,96268,96893,133226,86483,86724,133223,87732,44191,151095,68788,133227,74314,85590,133231,168850,161760,72559,149374,85943,86089,133230,133233,133228,96208,133224,87947,43953,180871,87827,85412,88485,150441,74422,68411,69099,34101,151717,152112,133229,87855,144399],"coauthors":[],"class_list":["post-658125","post","type-post","status-publish","format-standard","has-post-thumbnail","hentry","category-le-coin-des-auditeurs","tag-abbaye-cistercienne-de-carta","tag-aigrettes","tag-berca","tag-brasov-fr","tag-camp","tag-canicule","tag-citadelle","tag-constanta-fr","tag-cormorans","tag-cule","tag-cygnes","tag-delta-du-danube","tag-dobroudja","tag-dunavatu-de-jos","tag-eglise-fortifiee","tag-enisala","tag-fagaras-fr","tag-gura-portitei","tag-herons-cendres","tag-histria","tag-idees","tag-la-valtori","tag-lac-fr","tag-magura-fr","tag-maldaresti","tag-mamaia-fr","tag-mer-noire","tag-monastere","tag-monastere-brancoveanu","tag-monastere-de-hurezi","tag-nenuphars","tag-pelicans","tag-perisoru","tag-plage","tag-poiana-brasov","tag-prejmer-fr","tag-randonnee","tag-roumanie","tag-sauvage","tag-sculpture-fr","tag-sinca-veche","tag-siriu","tag-sirnea","tag-tour","tag-transalpina-fr","tag-unesco-fr","tag-vistisoara","tag-volcans-de-boue","tag-voyage-fr"],"acf":[],"yoast_head":"<!-- This site is optimized with the Yoast SEO plugin v27.3 - https:\/\/yoast.com\/product\/yoast-seo-wordpress\/ -->\n<title>Le Courrier des auditeurs du 30.07.2021 - Radio Roumanie Internationale<\/title>\n<meta name=\"robots\" content=\"index, follow, max-snippet:-1, max-image-preview:large, max-video-preview:-1\" \/>\n<link rel=\"canonical\" href=\"https:\/\/www.rri.ro\/fr\/le-coin-des-auditeurs\/le-courrier-des-auditeurs-du-30-07-2021-id658125.html\" \/>\n<meta property=\"og:locale\" content=\"fr_FR\" \/>\n<meta property=\"og:type\" content=\"article\" \/>\n<meta property=\"og:title\" content=\"Le Courrier des auditeurs du 30.07.2021 - Radio Roumanie Internationale\" \/>\n<meta property=\"og:description\" content=\"Une \u00e9dition consacr\u00e9e au tourisme : Ligia vous donne des suggestions de voyage en Roumanie\" \/>\n<meta property=\"og:url\" content=\"https:\/\/www.rri.ro\/fr\/le-coin-des-auditeurs\/le-courrier-des-auditeurs-du-30-07-2021-id658125.html\" \/>\n<meta property=\"og:site_name\" content=\"Radio Roumanie Internationale\" \/>\n<meta property=\"article:published_time\" content=\"2021-07-30T10:13:00+00:00\" \/>\n<meta property=\"og:image\" content=\"https:\/\/www.rri.ro\/wp-content\/uploads\/2024\/02\/posta-foto-sectia-franceza.jpg\" \/>\n\t<meta property=\"og:image:width\" content=\"640\" \/>\n\t<meta property=\"og:image:height\" content=\"853\" \/>\n\t<meta property=\"og:image:type\" content=\"image\/jpeg\" \/>\n<meta name=\"author\" content=\"Rom\u00e2nia Interna\u021bional\" \/>\n<meta name=\"twitter:card\" content=\"summary_large_image\" \/>\n<meta name=\"twitter:label1\" content=\"\u00c9crit par\" \/>\n\t<meta name=\"twitter:data1\" content=\"Rom\u00e2nia Interna\u021bional\" \/>\n\t<meta name=\"twitter:label2\" content=\"Dur\u00e9e de lecture estim\u00e9e\" \/>\n\t<meta name=\"twitter:data2\" content=\"8 minutes\" \/>\n\t<meta name=\"twitter:label3\" content=\"Written by\" \/>\n\t<meta name=\"twitter:data3\" content=\"Rom\u00e2nia Interna\u021bional\" \/>\n<script type=\"application\/ld+json\" class=\"yoast-schema-graph\">{\"@context\":\"https:\\\/\\\/schema.org\",\"@graph\":[{\"@type\":\"Article\",\"@id\":\"https:\\\/\\\/www.rri.ro\\\/fr\\\/le-coin-des-auditeurs\\\/le-courrier-des-auditeurs-du-30-07-2021-id658125.html#article\",\"isPartOf\":{\"@id\":\"https:\\\/\\\/www.rri.ro\\\/fr\\\/le-coin-des-auditeurs\\\/le-courrier-des-auditeurs-du-30-07-2021-id658125.html\"},\"author\":{\"name\":\"Rom\u00e2nia Interna\u021bional\",\"@id\":\"https:\\\/\\\/www.rri.ro\\\/#\\\/schema\\\/person\\\/18fac491bccbfe149b92aea77ad60abd\"},\"headline\":\"Le Courrier des auditeurs du 30.07.2021\",\"datePublished\":\"2021-07-30T10:13:00+00:00\",\"mainEntityOfPage\":{\"@id\":\"https:\\\/\\\/www.rri.ro\\\/fr\\\/le-coin-des-auditeurs\\\/le-courrier-des-auditeurs-du-30-07-2021-id658125.html\"},\"wordCount\":1682,\"image\":{\"@id\":\"https:\\\/\\\/www.rri.ro\\\/fr\\\/le-coin-des-auditeurs\\\/le-courrier-des-auditeurs-du-30-07-2021-id658125.html#primaryimage\"},\"thumbnailUrl\":\"https:\\\/\\\/www.rri.ro\\\/wp-content\\\/uploads\\\/2024\\\/02\\\/posta-foto-sectia-franceza.jpg\",\"keywords\":[\"Abbaye cistercienne de C\u00e2r\u0163a\",\"aigrettes\",\"Berca\",\"Brasov\",\"camp\",\"canicule\",\"citadelle\",\"Constanta\",\"cormorans\",\"cule\",\"cygnes\",\"delta du Danube\",\"Dobroudja\",\"Dunav\u0103\u0163u de Jos\",\"\u00e9glise fortifi\u00e9e\",\"Enisala\",\"Fagaras\",\"Gura Portitei\",\"h\u00e9rons cendr\u00e9s\",\"Histria\",\"id\u00e9es\",\"La V\u00e2ltori\",\"lac\",\"Magura\",\"Maldaresti\",\"Mamaia\",\"mer Noire\",\"monast\u00e8re\",\"monast\u00e8re Br\u00e2ncoveanu\",\"monast\u00e8re de Hurezi\",\"n\u00e9nuphars\",\"p\u00e9licans\",\"Peri\u015foru\",\"plage\",\"Poiana Brasov\",\"Prejmer\",\"randonn\u00e9e\",\"Roumanie\",\"sauvage\",\"sculpture\",\"Sinca Veche\",\"Siriu\",\"Sirnea\",\"tour\",\"Transalpina\",\"UNESCO\",\"Vi\u015fti\u015foara\",\"volcans de boue\",\"Voyage\"],\"articleSection\":[\"Le coin des auditeurs\"],\"inLanguage\":\"fr-FR\"},{\"@type\":\"WebPage\",\"@id\":\"https:\\\/\\\/www.rri.ro\\\/fr\\\/le-coin-des-auditeurs\\\/le-courrier-des-auditeurs-du-30-07-2021-id658125.html\",\"url\":\"https:\\\/\\\/www.rri.ro\\\/fr\\\/le-coin-des-auditeurs\\\/le-courrier-des-auditeurs-du-30-07-2021-id658125.html\",\"name\":\"Le Courrier des auditeurs du 30.07.2021 - Radio Roumanie Internationale\",\"isPartOf\":{\"@id\":\"https:\\\/\\\/www.rri.ro\\\/#website\"},\"primaryImageOfPage\":{\"@id\":\"https:\\\/\\\/www.rri.ro\\\/fr\\\/le-coin-des-auditeurs\\\/le-courrier-des-auditeurs-du-30-07-2021-id658125.html#primaryimage\"},\"image\":{\"@id\":\"https:\\\/\\\/www.rri.ro\\\/fr\\\/le-coin-des-auditeurs\\\/le-courrier-des-auditeurs-du-30-07-2021-id658125.html#primaryimage\"},\"thumbnailUrl\":\"https:\\\/\\\/www.rri.ro\\\/wp-content\\\/uploads\\\/2024\\\/02\\\/posta-foto-sectia-franceza.jpg\",\"datePublished\":\"2021-07-30T10:13:00+00:00\",\"author\":{\"@id\":\"https:\\\/\\\/www.rri.ro\\\/#\\\/schema\\\/person\\\/18fac491bccbfe149b92aea77ad60abd\"},\"breadcrumb\":{\"@id\":\"https:\\\/\\\/www.rri.ro\\\/fr\\\/le-coin-des-auditeurs\\\/le-courrier-des-auditeurs-du-30-07-2021-id658125.html#breadcrumb\"},\"inLanguage\":\"fr-FR\",\"potentialAction\":[{\"@type\":\"ReadAction\",\"target\":[\"https:\\\/\\\/www.rri.ro\\\/fr\\\/le-coin-des-auditeurs\\\/le-courrier-des-auditeurs-du-30-07-2021-id658125.html\"]}]},{\"@type\":\"ImageObject\",\"inLanguage\":\"fr-FR\",\"@id\":\"https:\\\/\\\/www.rri.ro\\\/fr\\\/le-coin-des-auditeurs\\\/le-courrier-des-auditeurs-du-30-07-2021-id658125.html#primaryimage\",\"url\":\"https:\\\/\\\/www.rri.ro\\\/wp-content\\\/uploads\\\/2024\\\/02\\\/posta-foto-sectia-franceza.jpg\",\"contentUrl\":\"https:\\\/\\\/www.rri.ro\\\/wp-content\\\/uploads\\\/2024\\\/02\\\/posta-foto-sectia-franceza.jpg\",\"width\":640,\"height\":853},{\"@type\":\"BreadcrumbList\",\"@id\":\"https:\\\/\\\/www.rri.ro\\\/fr\\\/le-coin-des-auditeurs\\\/le-courrier-des-auditeurs-du-30-07-2021-id658125.html#breadcrumb\",\"itemListElement\":[{\"@type\":\"ListItem\",\"position\":1,\"name\":\"Page d'accueil\",\"item\":\"https:\\\/\\\/www.rri.ro\\\/fr\"},{\"@type\":\"ListItem\",\"position\":2,\"name\":\"Le coin des auditeurs\",\"item\":\"https:\\\/\\\/www.rri.ro\\\/fr\\\/le-coin-des-auditeurs\"},{\"@type\":\"ListItem\",\"position\":3,\"name\":\"Le Courrier des auditeurs du 30.07.2021\"}]},{\"@type\":\"WebSite\",\"@id\":\"https:\\\/\\\/www.rri.ro\\\/#website\",\"url\":\"https:\\\/\\\/www.rri.ro\\\/\",\"name\":\"Radio Roumanie Internationale\",\"description\":\"Totul despre Rom\u00e2nia \u015fi rom\u00e2ni, \u00een 13 limbi\\\/dialecte!\",\"inLanguage\":\"fr-FR\"},{\"@type\":\"Person\",\"@id\":\"https:\\\/\\\/www.rri.ro\\\/#\\\/schema\\\/person\\\/18fac491bccbfe149b92aea77ad60abd\",\"name\":\"Rom\u00e2nia Interna\u021bional\",\"url\":\"https:\\\/\\\/www.rri.ro\\\/fr\\\/author\\\/redactia\"}]}<\/script>\n<!-- \/ Yoast SEO plugin. -->","yoast_head_json":{"title":"Le Courrier des auditeurs du 30.07.2021 - Radio Roumanie Internationale","robots":{"index":"index","follow":"follow","max-snippet":"max-snippet:-1","max-image-preview":"max-image-preview:large","max-video-preview":"max-video-preview:-1"},"canonical":"https:\/\/www.rri.ro\/fr\/le-coin-des-auditeurs\/le-courrier-des-auditeurs-du-30-07-2021-id658125.html","og_locale":"fr_FR","og_type":"article","og_title":"Le Courrier des auditeurs du 30.07.2021 - Radio Roumanie Internationale","og_description":"Une \u00e9dition consacr\u00e9e au tourisme : Ligia vous donne des suggestions de voyage en Roumanie","og_url":"https:\/\/www.rri.ro\/fr\/le-coin-des-auditeurs\/le-courrier-des-auditeurs-du-30-07-2021-id658125.html","og_site_name":"Radio Roumanie Internationale","article_published_time":"2021-07-30T10:13:00+00:00","og_image":[{"width":640,"height":853,"url":"https:\/\/www.rri.ro\/wp-content\/uploads\/2024\/02\/posta-foto-sectia-franceza.jpg","type":"image\/jpeg"}],"author":"Rom\u00e2nia Interna\u021bional","twitter_card":"summary_large_image","twitter_misc":{"\u00c9crit par":"Rom\u00e2nia Interna\u021bional","Dur\u00e9e de lecture estim\u00e9e":"8 minutes","Written by":"Rom\u00e2nia Interna\u021bional"},"schema":{"@context":"https:\/\/schema.org","@graph":[{"@type":"Article","@id":"https:\/\/www.rri.ro\/fr\/le-coin-des-auditeurs\/le-courrier-des-auditeurs-du-30-07-2021-id658125.html#article","isPartOf":{"@id":"https:\/\/www.rri.ro\/fr\/le-coin-des-auditeurs\/le-courrier-des-auditeurs-du-30-07-2021-id658125.html"},"author":{"name":"Rom\u00e2nia Interna\u021bional","@id":"https:\/\/www.rri.ro\/#\/schema\/person\/18fac491bccbfe149b92aea77ad60abd"},"headline":"Le Courrier des auditeurs du 30.07.2021","datePublished":"2021-07-30T10:13:00+00:00","mainEntityOfPage":{"@id":"https:\/\/www.rri.ro\/fr\/le-coin-des-auditeurs\/le-courrier-des-auditeurs-du-30-07-2021-id658125.html"},"wordCount":1682,"image":{"@id":"https:\/\/www.rri.ro\/fr\/le-coin-des-auditeurs\/le-courrier-des-auditeurs-du-30-07-2021-id658125.html#primaryimage"},"thumbnailUrl":"https:\/\/www.rri.ro\/wp-content\/uploads\/2024\/02\/posta-foto-sectia-franceza.jpg","keywords":["Abbaye cistercienne de C\u00e2r\u0163a","aigrettes","Berca","Brasov","camp","canicule","citadelle","Constanta","cormorans","cule","cygnes","delta du Danube","Dobroudja","Dunav\u0103\u0163u de Jos","\u00e9glise fortifi\u00e9e","Enisala","Fagaras","Gura Portitei","h\u00e9rons cendr\u00e9s","Histria","id\u00e9es","La V\u00e2ltori","lac","Magura","Maldaresti","Mamaia","mer Noire","monast\u00e8re","monast\u00e8re Br\u00e2ncoveanu","monast\u00e8re de Hurezi","n\u00e9nuphars","p\u00e9licans","Peri\u015foru","plage","Poiana Brasov","Prejmer","randonn\u00e9e","Roumanie","sauvage","sculpture","Sinca Veche","Siriu","Sirnea","tour","Transalpina","UNESCO","Vi\u015fti\u015foara","volcans de boue","Voyage"],"articleSection":["Le coin des auditeurs"],"inLanguage":"fr-FR"},{"@type":"WebPage","@id":"https:\/\/www.rri.ro\/fr\/le-coin-des-auditeurs\/le-courrier-des-auditeurs-du-30-07-2021-id658125.html","url":"https:\/\/www.rri.ro\/fr\/le-coin-des-auditeurs\/le-courrier-des-auditeurs-du-30-07-2021-id658125.html","name":"Le Courrier des auditeurs du 30.07.2021 - Radio Roumanie Internationale","isPartOf":{"@id":"https:\/\/www.rri.ro\/#website"},"primaryImageOfPage":{"@id":"https:\/\/www.rri.ro\/fr\/le-coin-des-auditeurs\/le-courrier-des-auditeurs-du-30-07-2021-id658125.html#primaryimage"},"image":{"@id":"https:\/\/www.rri.ro\/fr\/le-coin-des-auditeurs\/le-courrier-des-auditeurs-du-30-07-2021-id658125.html#primaryimage"},"thumbnailUrl":"https:\/\/www.rri.ro\/wp-content\/uploads\/2024\/02\/posta-foto-sectia-franceza.jpg","datePublished":"2021-07-30T10:13:00+00:00","author":{"@id":"https:\/\/www.rri.ro\/#\/schema\/person\/18fac491bccbfe149b92aea77ad60abd"},"breadcrumb":{"@id":"https:\/\/www.rri.ro\/fr\/le-coin-des-auditeurs\/le-courrier-des-auditeurs-du-30-07-2021-id658125.html#breadcrumb"},"inLanguage":"fr-FR","potentialAction":[{"@type":"ReadAction","target":["https:\/\/www.rri.ro\/fr\/le-coin-des-auditeurs\/le-courrier-des-auditeurs-du-30-07-2021-id658125.html"]}]},{"@type":"ImageObject","inLanguage":"fr-FR","@id":"https:\/\/www.rri.ro\/fr\/le-coin-des-auditeurs\/le-courrier-des-auditeurs-du-30-07-2021-id658125.html#primaryimage","url":"https:\/\/www.rri.ro\/wp-content\/uploads\/2024\/02\/posta-foto-sectia-franceza.jpg","contentUrl":"https:\/\/www.rri.ro\/wp-content\/uploads\/2024\/02\/posta-foto-sectia-franceza.jpg","width":640,"height":853},{"@type":"BreadcrumbList","@id":"https:\/\/www.rri.ro\/fr\/le-coin-des-auditeurs\/le-courrier-des-auditeurs-du-30-07-2021-id658125.html#breadcrumb","itemListElement":[{"@type":"ListItem","position":1,"name":"Page d'accueil","item":"https:\/\/www.rri.ro\/fr"},{"@type":"ListItem","position":2,"name":"Le coin des auditeurs","item":"https:\/\/www.rri.ro\/fr\/le-coin-des-auditeurs"},{"@type":"ListItem","position":3,"name":"Le Courrier des auditeurs du 30.07.2021"}]},{"@type":"WebSite","@id":"https:\/\/www.rri.ro\/#website","url":"https:\/\/www.rri.ro\/","name":"Radio Roumanie Internationale","description":"Totul despre Rom\u00e2nia \u015fi rom\u00e2ni, \u00een 13 limbi\/dialecte!","inLanguage":"fr-FR"},{"@type":"Person","@id":"https:\/\/www.rri.ro\/#\/schema\/person\/18fac491bccbfe149b92aea77ad60abd","name":"Rom\u00e2nia Interna\u021bional","url":"https:\/\/www.rri.ro\/fr\/author\/redactia"}]}},"_links":{"self":[{"href":"https:\/\/www.rri.ro\/fr\/wp-json\/wp\/v2\/posts\/658125","targetHints":{"allow":["GET"]}}],"collection":[{"href":"https:\/\/www.rri.ro\/fr\/wp-json\/wp\/v2\/posts"}],"about":[{"href":"https:\/\/www.rri.ro\/fr\/wp-json\/wp\/v2\/types\/post"}],"author":[{"embeddable":true,"href":"https:\/\/www.rri.ro\/fr\/wp-json\/wp\/v2\/users\/2"}],"replies":[{"embeddable":true,"href":"https:\/\/www.rri.ro\/fr\/wp-json\/wp\/v2\/comments?post=658125"}],"version-history":[{"count":0,"href":"https:\/\/www.rri.ro\/fr\/wp-json\/wp\/v2\/posts\/658125\/revisions"}],"wp:featuredmedia":[{"embeddable":true,"href":"https:\/\/www.rri.ro\/fr\/wp-json\/wp\/v2\/media\/658098"}],"wp:attachment":[{"href":"https:\/\/www.rri.ro\/fr\/wp-json\/wp\/v2\/media?parent=658125"}],"wp:term":[{"taxonomy":"category","embeddable":true,"href":"https:\/\/www.rri.ro\/fr\/wp-json\/wp\/v2\/categories?post=658125"},{"taxonomy":"post_tag","embeddable":true,"href":"https:\/\/www.rri.ro\/fr\/wp-json\/wp\/v2\/tags?post=658125"},{"taxonomy":"author","embeddable":true,"href":"https:\/\/www.rri.ro\/fr\/wp-json\/wp\/v2\/coauthors?post=658125"}],"curies":[{"name":"wp","href":"https:\/\/api.w.org\/{rel}","templated":true}]}}