{"id":659504,"date":"2015-05-05T14:04:00","date_gmt":"2015-05-05T11:04:00","guid":{"rendered":"http:\/\/devrri.freshlemon.ro\/actualites\/consulter-les-lecons\/voyage-avec-la-navette-de-mamie-ruta-id659504.html"},"modified":"2015-05-05T14:04:00","modified_gmt":"2015-05-05T11:04:00","slug":"voyage-avec-la-navette-de-mamie-ruta","status":"publish","type":"post","link":"https:\/\/www.rri.ro\/fr\/archives\/concours-rri\/voyage-avec-la-navette-de-mamie-ruta-id659504.html","title":{"rendered":"Voyage avec \u00abLa navette de Mamie Ru\u0163\u0103\u00bb"},"content":{"rendered":"<\/p>\n<p>Chers amis, RRI vous invite \u00e0 participer \u00e0 un&#13;<br \/>\nnouveau jeu concours intitul\u00e9 <strong class=cms-bold>\u00ab Voyage avec la Navette de Mamie Ru\u0163\u0103 \u00bb<\/strong>, organis\u00e9 aux c\u00f4t\u00e9s de nos coll\u00e8gues de l&rsquo;Antenne&#13;<br \/>\ndes villages, la station de la Radio publique roumaine destin\u00e9e au monde rural.&#13;<br \/>\nVous connaissez sans doute le film \u00abLe fabuleux destin d&rsquo;Am\u00e9lie Poulain\u00bb et vous vous souvenez du nain qui&#13;<br \/>\nvoyageait \u00e0 travers le monde envoyant des photos des endroits exotiques qu&rsquo;il&#13;<br \/>\nd\u00e9couvrait. Eh bien, une id\u00e9e similaire est n\u00e9e au c\u0153ur de la Roumanie, dans la&#13;<br \/>\ncontr\u00e9e de F\u0103g\u0103ra\u015f. \u00abLa Navette de Mamie Ru\u0163\u0103\u00bb fait parler \u00e0 travers le monde du village de&#13;<br \/>\nM\u00e2ndra. Il s&rsquo;agit d&rsquo;une navette en bois&#13;<br \/>\nutilis\u00e9e jadis au m\u00e9tier&#13;<br \/>\n\u00e0 tisser, un objet authentique ayant appartenu \u00e0 la Mamie Ru\u0163\u0103, une femme simple qui a pass\u00e9 toute sa vie en tissant et en r\u00eavant de&#13;<br \/>\nfaire le tour du monde. <\/p>\n<p><\/p>\n<p>&#13;<br \/>\n&#13;<br \/>\n&#13;<br \/>\n&#13;<\/p>\n<p>Nous vous proposons donc un concours qui vous fera d\u00e9couvrir le point de&#13;<br \/>\nd\u00e9part de la navette, le village de M\u00e2ndra, la r\u00e9gion de F\u0103g\u0103ra\u015f ainsi que&#13;<br \/>\nM\u0103rginimea Sibiului, une contr\u00e9e superbe qui l&rsquo;avoisine.<\/p>\n<p><\/p>\n<p>&#13;<br \/>\n&#13;<br \/>\n&#13;<br \/>\n&#13;<\/p>\n<p>Il y a 10 ans, une vieille femme du village de M\u00e2ndra quittait ce monde&#13;<br \/>\napr\u00e8s une vie pass\u00e9e au m\u00e9tier \u00e0 tisser. Elle laissait en h\u00e9ritage entre autres&#13;<br \/>\nune navette pas comme les autres. Et pour cause: accabl\u00e9e par les difficult\u00e9s&#13;<br \/>\nde la vie, cette vieille femme n&rsquo;avait jamais r\u00e9ussi \u00e0 voir le monde au &#8211; del\u00e0&#13;<br \/>\nde sa contr\u00e9e natale, celle de Fagaras, malgr\u00e9 le fait d&rsquo;y avoir r\u00eav\u00e9 tout le&#13;<br \/>\nlong de son existence. En signe de respect pour sa vie exemplaire, les&#13;<br \/>\ndescendants de Mamie Ru\u0163\u0103 d\u00e9cident de porter la&#13;<br \/>\nnavette \u00e0 travers le pays et partout dans le monde, histoire d&rsquo;accomplir ce&#13;<br \/>\nr\u00eave. <\/p>\n<p><\/p>\n<p>&#13;<br \/>\n&#13;<br \/>\n&#13;<br \/>\n&#13;<\/p>\n<p>L&rsquo;initiative appartient \u00e0 la petite fille de Mamie <a>Ru\u0163\u0103<\/a>,&#13;<br \/>\nl&rsquo;actrice Alina Zar\u0103. Par cons\u00e9quent, depuis plusieurs ann\u00e9es, de nombreux&#13;<br \/>\nRoumains emportent cette navette dans leurs p\u00e9riples et la photographient \u00e0&#13;<br \/>\ndiff\u00e9rents endroits. Des goulags sovi\u00e9tiques jusqu&rsquo;en Australie, du Mont Athos&#13;<br \/>\n\u00e0 P\u00e9kin, du P\u00f4le Nord \u00e0 l&rsquo;Equateur, la navette de Mamie Ru\u0163\u0103 a d\u00e9j\u00e0 parcouru un&#13;<br \/>\nmillion de km. Elle a m\u00eame voyag\u00e9 dans la bo\u00eete du Stradivarius du violoniste&#13;<br \/>\nroumain Alexandru Tomescu. Le tout dans le but d\u00e9clar\u00e9 de transmettre un&#13;<br \/>\nmessage de paix et de solidarit\u00e9 avec les valeurs les plus pr\u00e9cieuses d&rsquo;un \u00eatre&#13;<br \/>\nhumain, mais aussi faire conna\u00eetre la Roumanie, notamment la vie du village&#13;<br \/>\nroumain, soit dans le cadre des ambassades roumaines \u00e0 travers le monde ou&#13;<br \/>\ndurant d&rsquo;importants \u00e9v\u00e9nements culturels. La navette de Mamie Ru\u0163\u0103 est devenue&#13;<br \/>\nun symbole des anciens m\u00e9tiers et des traditions folkloriques. Son voyage&#13;<br \/>\nattire l&rsquo;attention de toujours plus de monde, ce qui t\u00e9moigne de la force de&#13;<br \/>\nson discours sur les beaut\u00e9s de la Roumanie. <\/p>\n<p><\/p>\n<p>&#13;<br \/>\n&#13;<br \/>\n&#13;<br \/>\n&#13;<\/p>\n<p>Nous vous invitons \u00e0 suivre nos \u00e9missions, \u00e0 consulter notre site Internet&#13;<br \/>\nwww.rri.ro, ainsi que nos profils sur Facebook, Twitter, Google+, LinkedIn et&#13;<br \/>\ntoutes ces sources d&rsquo;information vous aideront \u00e0 r\u00e9pondre correctement, par&#13;<br \/>\n\u00e9crit, \u00e0 nos questions. Le jeu se d\u00e9roule jusqu&rsquo;au <strong class=cms-bold>15 juillet 2015<\/strong>, le&#13;<br \/>\ncachet de la poste faisant foi. <\/p>\n<p><\/p>\n<p>&#13;<br \/>\n&#13;<br \/>\n&#13;<br \/>\n&#13;<\/p>\n<p>Nous&#13;<br \/>\nn&rsquo;avons pas chang\u00e9 nos bonnes habitudes et nous avons un grand prix&#13;<br \/>\nsp\u00e9cialement pour vous. Il s&rsquo;agit de deux s\u00e9jours de 8 jours, soit 7 nuit\u00e9es,&#13;<br \/>\nen pension compl\u00e8te, du 1er au 8 septembre 2015, dans une pension de S\u00e2mbata de&#13;<br \/>\nSus, r\u00e9gion de F\u0103g\u0103ra\u015f, d\u00e9partement de Brasov, ou bien dans un g\u00eete de&#13;<br \/>\nMarginimea Sibiului, au d\u00e9partement de Sibiu. Nous aurons deux gagnants: un&#13;<br \/>\nauditeur de RRI et un auditeur de l&rsquo;Antenne des Villages. Les deux pourront&#13;<br \/>\n\u00eatre accompagn\u00e9s par une personne de leur choix. <\/p>\n<p><\/p>\n<p>&#13;<br \/>\n&#13;<br \/>\n&#13;<br \/>\n&#13;<\/p>\n<p>Comme d&rsquo;habitude, les frais de voyage en Roumanie et&#13;<br \/>\nde visa, si n\u00e9cessaire, sont \u00e0 la charge des gagnants du grand prix.<\/p>\n<p><\/p>\n<p>&#13;<br \/>\n&#13;<br \/>\n&#13;<br \/>\n&#13;<\/p>\n<p>Le sponsor de&#13;<br \/>\nnotre jeu est SC SCORILO TURISM SRL. Le jeu vous est propos\u00e9 par RRI en&#13;<br \/>\npartenariat avec ses partenaires locaux des d\u00e9partements de Brasov et Sibiu. <\/p>\n<p><\/p>\n<p>&#13;<br \/>\n&#13;<br \/>\n&#13;<br \/>\n&#13;<\/p>\n<p><strong class=cms-bold>Voici maintenant les&#13;<br \/>\nquestions:<\/strong><\/p>\n<p><strong class=cms-bold><br \/><\/strong><\/p>\n<p>&#13;<br \/>\n&#13;<br \/>\n&#13;<br \/>\n&#13;<\/p>\n<p>1.D&rsquo;o\u00f9 est partie en voyage \u00abLa Navette de Mamie Ru\u0163\u0103\u00bb ?<\/p>\n<p>&#13;<br \/>\n&#13;<\/p>\n<p>2.Combien de km cette navette a-t-elle parcouru&#13;<br \/>\njusqu&rsquo;ici ?<\/p>\n<p>&#13;<br \/>\n&#13;<\/p>\n<p>3.Comment s&rsquo;appellent les deux r\u00e9gions que les&#13;<br \/>\ngagnants du grand prix auront l&rsquo;occasion de visiter ? <\/p>\n<p>&#13;<br \/>\n&#13;<\/p>\n<p>4.Nommez 5 villages ou endroits in\u00e9dits que \u00ab La&#13;<br \/>\nNavette de Mamie Ru\u0163\u0103 a&#13;<br \/>\nvisit\u00e9s. <\/p>\n<p>&#13;<br \/>\n&#13;<\/p>\n<p>5.Nous vous invitons \u00e9galement \u00e0&#13;<br \/>\nnous dire la raison de votre participation et pourquoi vous \u00e9coutez les&#13;<br \/>\nprogrammes de RRI.<\/p>\n<p><\/p>\n<p>&#13;<br \/>\n&#13;<br \/>\n&#13;<br \/>\n&#13;<\/p>\n<p>Pour plus de d\u00e9tails sur \u00abLa Navette de Mamie Ru\u0163\u0103\u00bb et ses voyages, vous&#13;<br \/>\npouvez consulter :<\/p>\n<p><\/p>\n<p>&#13;<br \/>\n&#13;<br \/>\n&#13;<br \/>\n&#13;<\/p>\n<p>&#8211; le blog du&#13;<br \/>\nprojet : <a href=http:\/\/suveicachicd10.blogspot.ro\/>http:\/\/suveicachicd10.blogspot.ro\/<\/a><\/p>\n<p>&#13;<br \/>\n&#13;<\/p>\n<p>&#8211; le profil Facebook du projet :<a href=https:\/\/www.facebook.com\/pages\/Suveica-Mamei-Ru%C5%A3a-%C3%AEn-jurul-lumii\/360304274111765>https:\/\/www.facebook.com\/pages\/Suveica-Mamei-Ru%C5%A3a-%C3%AEn-jurul-lumii\/360304274111765<\/a>, <\/p>\n<p><\/p>\n<p>&#13;<br \/>\n&#13;<br \/>\n&#13;<br \/>\n&#13;<\/p>\n<p>Nos coordonn\u00e9es, vous les connaissez bien:<\/p>\n<p>&#13;<br \/>\n&#13;<\/p>\n<p> &#8211;    Radio Roumanie Internationale, R\u00e9daction&#13;<br \/>\nfran\u00e7aise, 60-64 rue du G\u00e9n\u00e9ral Berthelot, Bo\u00eete postale 111, secteur 1,&#13;<br \/>\nBucarest, Roumanie, code postal 010165<\/p>\n<p>&#13;<br \/>\n&#13;<\/p>\n<p>-num\u00e9ro de fax 00.40.21.319.05.62;<\/p>\n<p>&#13;<br \/>\n&#13;<\/p>\n<p>-email: fran@rri.ro, service_francais_rri@yahoo.fr .<\/p>\n<p>&#13;<br \/>\n&#13;<br \/>\n&#13;<br \/>\n&#13;<\/p>\n<p> Nous attendons vos r\u00e9ponses <strong>jusqu&rsquo;au 15 juillet 2015<\/strong>,&#13;<br \/>\nle cachet de la poste faisant foi. Les noms des gagnants seront annonc\u00e9s peu&#13;<br \/>\napr\u00e8s la fin du concours, pour que les grands gagnants aient le temps de&#13;<br \/>\npr\u00e9parer leur voyage en Roumanie. <\/p>\n<p>&#13;<br \/>\n&#13;<\/p>\n<p>Bon succ\u00e8s !<\/p>\n<p><\/p>\n","protected":false},"excerpt":{"rendered":"<p>Gagnez un s\u00e9jour au centre de la Roumanie du 1er au 8 septembre 2015.<\/p>\n","protected":false},"author":2,"featured_media":659506,"comment_status":"closed","ping_status":"closed","sticky":false,"template":"","format":"standard","meta":{"_acf_changed":false,"footnotes":""},"categories":[132191],"tags":[133783,85543,151095,86293,90755,87731,87742,150235,59082],"coauthors":[],"class_list":["post-659504","post","type-post","status-publish","format-standard","has-post-thumbnail","hentry","category-concours-rri","tag-amelie","tag-concours","tag-fagaras-fr","tag-jeux","tag-mamie-ruta","tag-navette","tag-sejour","tag-sibiu-fr","tag-suveica"],"acf":[],"yoast_head":"<!-- This site is optimized with the Yoast SEO plugin v27.5 - https:\/\/yoast.com\/product\/yoast-seo-wordpress\/ -->\n<title>Voyage avec \u00abLa navette de Mamie Ru\u0163\u0103\u00bb - Radio Roumanie Internationale<\/title>\n<meta name=\"robots\" content=\"index, follow, max-snippet:-1, max-image-preview:large, max-video-preview:-1\" \/>\n<link rel=\"canonical\" href=\"https:\/\/www.rri.ro\/fr\/archives\/concours-rri\/voyage-avec-la-navette-de-mamie-ruta-id659504.html\" \/>\n<meta property=\"og:locale\" content=\"fr_FR\" \/>\n<meta property=\"og:type\" content=\"article\" \/>\n<meta property=\"og:title\" content=\"Voyage avec \u00abLa navette de Mamie Ru\u0163\u0103\u00bb - Radio Roumanie Internationale\" \/>\n<meta property=\"og:description\" content=\"Gagnez un s\u00e9jour au centre de la Roumanie du 1er au 8 septembre 2015.\" \/>\n<meta property=\"og:url\" content=\"https:\/\/www.rri.ro\/fr\/archives\/concours-rri\/voyage-avec-la-navette-de-mamie-ruta-id659504.html\" \/>\n<meta property=\"og:site_name\" content=\"Radio Roumanie Internationale\" \/>\n<meta property=\"article:published_time\" content=\"2015-05-05T11:04:00+00:00\" \/>\n<meta property=\"og:image\" content=\"https:\/\/www.rri.ro\/wp-content\/uploads\/2024\/02\/suveica-grota-albastra.png\" \/>\n\t<meta property=\"og:image:width\" content=\"640\" \/>\n\t<meta property=\"og:image:height\" content=\"480\" \/>\n\t<meta property=\"og:image:type\" content=\"image\/png\" \/>\n<meta name=\"author\" content=\"Rom\u00e2nia Interna\u021bional\" \/>\n<meta name=\"twitter:card\" content=\"summary_large_image\" \/>\n<meta name=\"twitter:label1\" content=\"\u00c9crit par\" \/>\n\t<meta name=\"twitter:data1\" content=\"Rom\u00e2nia Interna\u021bional\" \/>\n\t<meta name=\"twitter:label2\" content=\"Dur\u00e9e de lecture estim\u00e9e\" \/>\n\t<meta name=\"twitter:data2\" content=\"4 minutes\" \/>\n\t<meta name=\"twitter:label3\" content=\"Written by\" \/>\n\t<meta name=\"twitter:data3\" content=\"Rom\u00e2nia Interna\u021bional\" \/>\n<script type=\"application\/ld+json\" class=\"yoast-schema-graph\">{\"@context\":\"https:\\\/\\\/schema.org\",\"@graph\":[{\"@type\":\"Article\",\"@id\":\"https:\\\/\\\/www.rri.ro\\\/fr\\\/archives\\\/concours-rri\\\/voyage-avec-la-navette-de-mamie-ruta-id659504.html#article\",\"isPartOf\":{\"@id\":\"https:\\\/\\\/www.rri.ro\\\/fr\\\/archives\\\/concours-rri\\\/voyage-avec-la-navette-de-mamie-ruta-id659504.html\"},\"author\":{\"name\":\"Rom\u00e2nia Interna\u021bional\",\"@id\":\"https:\\\/\\\/www.rri.ro\\\/#\\\/schema\\\/person\\\/18fac491bccbfe149b92aea77ad60abd\"},\"headline\":\"Voyage avec \u00abLa navette de Mamie Ru\u0163\u0103\u00bb\",\"datePublished\":\"2015-05-05T11:04:00+00:00\",\"mainEntityOfPage\":{\"@id\":\"https:\\\/\\\/www.rri.ro\\\/fr\\\/archives\\\/concours-rri\\\/voyage-avec-la-navette-de-mamie-ruta-id659504.html\"},\"wordCount\":925,\"image\":{\"@id\":\"https:\\\/\\\/www.rri.ro\\\/fr\\\/archives\\\/concours-rri\\\/voyage-avec-la-navette-de-mamie-ruta-id659504.html#primaryimage\"},\"thumbnailUrl\":\"https:\\\/\\\/www.rri.ro\\\/wp-content\\\/uploads\\\/2024\\\/02\\\/suveica-grota-albastra.png\",\"keywords\":[\"Am\u00e9lie\",\"concours\",\"Fagaras\",\"jeux\",\"Mamie Ruta\",\"navette\",\"s\u00e9jour\",\"Sibiu\",\"Suveica\"],\"articleSection\":[\"Concours RRI\"],\"inLanguage\":\"fr-FR\"},{\"@type\":\"WebPage\",\"@id\":\"https:\\\/\\\/www.rri.ro\\\/fr\\\/archives\\\/concours-rri\\\/voyage-avec-la-navette-de-mamie-ruta-id659504.html\",\"url\":\"https:\\\/\\\/www.rri.ro\\\/fr\\\/archives\\\/concours-rri\\\/voyage-avec-la-navette-de-mamie-ruta-id659504.html\",\"name\":\"Voyage avec \u00abLa navette de Mamie Ru\u0163\u0103\u00bb - Radio Roumanie Internationale\",\"isPartOf\":{\"@id\":\"https:\\\/\\\/www.rri.ro\\\/#website\"},\"primaryImageOfPage\":{\"@id\":\"https:\\\/\\\/www.rri.ro\\\/fr\\\/archives\\\/concours-rri\\\/voyage-avec-la-navette-de-mamie-ruta-id659504.html#primaryimage\"},\"image\":{\"@id\":\"https:\\\/\\\/www.rri.ro\\\/fr\\\/archives\\\/concours-rri\\\/voyage-avec-la-navette-de-mamie-ruta-id659504.html#primaryimage\"},\"thumbnailUrl\":\"https:\\\/\\\/www.rri.ro\\\/wp-content\\\/uploads\\\/2024\\\/02\\\/suveica-grota-albastra.png\",\"datePublished\":\"2015-05-05T11:04:00+00:00\",\"author\":{\"@id\":\"https:\\\/\\\/www.rri.ro\\\/#\\\/schema\\\/person\\\/18fac491bccbfe149b92aea77ad60abd\"},\"breadcrumb\":{\"@id\":\"https:\\\/\\\/www.rri.ro\\\/fr\\\/archives\\\/concours-rri\\\/voyage-avec-la-navette-de-mamie-ruta-id659504.html#breadcrumb\"},\"inLanguage\":\"fr-FR\",\"potentialAction\":[{\"@type\":\"ReadAction\",\"target\":[\"https:\\\/\\\/www.rri.ro\\\/fr\\\/archives\\\/concours-rri\\\/voyage-avec-la-navette-de-mamie-ruta-id659504.html\"]}]},{\"@type\":\"ImageObject\",\"inLanguage\":\"fr-FR\",\"@id\":\"https:\\\/\\\/www.rri.ro\\\/fr\\\/archives\\\/concours-rri\\\/voyage-avec-la-navette-de-mamie-ruta-id659504.html#primaryimage\",\"url\":\"https:\\\/\\\/www.rri.ro\\\/wp-content\\\/uploads\\\/2024\\\/02\\\/suveica-grota-albastra.png\",\"contentUrl\":\"https:\\\/\\\/www.rri.ro\\\/wp-content\\\/uploads\\\/2024\\\/02\\\/suveica-grota-albastra.png\",\"width\":640,\"height\":480},{\"@type\":\"BreadcrumbList\",\"@id\":\"https:\\\/\\\/www.rri.ro\\\/fr\\\/archives\\\/concours-rri\\\/voyage-avec-la-navette-de-mamie-ruta-id659504.html#breadcrumb\",\"itemListElement\":[{\"@type\":\"ListItem\",\"position\":1,\"name\":\"Page d'accueil\",\"item\":\"https:\\\/\\\/www.rri.ro\\\/fr\"},{\"@type\":\"ListItem\",\"position\":2,\"name\":\"Archives\",\"item\":\"https:\\\/\\\/www.rri.ro\\\/fr\\\/archives\"},{\"@type\":\"ListItem\",\"position\":3,\"name\":\"Concours RRI\",\"item\":\"https:\\\/\\\/www.rri.ro\\\/fr\\\/archives\\\/concours-rri\"},{\"@type\":\"ListItem\",\"position\":4,\"name\":\"Voyage avec \u00abLa navette de Mamie Ru\u0163\u0103\u00bb\"}]},{\"@type\":\"WebSite\",\"@id\":\"https:\\\/\\\/www.rri.ro\\\/#website\",\"url\":\"https:\\\/\\\/www.rri.ro\\\/\",\"name\":\"Radio Roumanie Internationale\",\"description\":\"Totul despre Rom\u00e2nia \u015fi rom\u00e2ni, \u00een 13 limbi\\\/dialecte!\",\"inLanguage\":\"fr-FR\"},{\"@type\":\"Person\",\"@id\":\"https:\\\/\\\/www.rri.ro\\\/#\\\/schema\\\/person\\\/18fac491bccbfe149b92aea77ad60abd\",\"name\":\"Rom\u00e2nia Interna\u021bional\",\"url\":\"https:\\\/\\\/www.rri.ro\\\/fr\\\/author\\\/redactia\"}]}<\/script>\n<!-- \/ Yoast SEO plugin. -->","yoast_head_json":{"title":"Voyage avec \u00abLa navette de Mamie Ru\u0163\u0103\u00bb - Radio Roumanie Internationale","robots":{"index":"index","follow":"follow","max-snippet":"max-snippet:-1","max-image-preview":"max-image-preview:large","max-video-preview":"max-video-preview:-1"},"canonical":"https:\/\/www.rri.ro\/fr\/archives\/concours-rri\/voyage-avec-la-navette-de-mamie-ruta-id659504.html","og_locale":"fr_FR","og_type":"article","og_title":"Voyage avec \u00abLa navette de Mamie Ru\u0163\u0103\u00bb - Radio Roumanie Internationale","og_description":"Gagnez un s\u00e9jour au centre de la Roumanie du 1er au 8 septembre 2015.","og_url":"https:\/\/www.rri.ro\/fr\/archives\/concours-rri\/voyage-avec-la-navette-de-mamie-ruta-id659504.html","og_site_name":"Radio Roumanie Internationale","article_published_time":"2015-05-05T11:04:00+00:00","og_image":[{"width":640,"height":480,"url":"https:\/\/www.rri.ro\/wp-content\/uploads\/2024\/02\/suveica-grota-albastra.png","type":"image\/png"}],"author":"Rom\u00e2nia Interna\u021bional","twitter_card":"summary_large_image","twitter_misc":{"\u00c9crit par":"Rom\u00e2nia Interna\u021bional","Dur\u00e9e de lecture estim\u00e9e":"4 minutes","Written by":"Rom\u00e2nia Interna\u021bional"},"schema":{"@context":"https:\/\/schema.org","@graph":[{"@type":"Article","@id":"https:\/\/www.rri.ro\/fr\/archives\/concours-rri\/voyage-avec-la-navette-de-mamie-ruta-id659504.html#article","isPartOf":{"@id":"https:\/\/www.rri.ro\/fr\/archives\/concours-rri\/voyage-avec-la-navette-de-mamie-ruta-id659504.html"},"author":{"name":"Rom\u00e2nia Interna\u021bional","@id":"https:\/\/www.rri.ro\/#\/schema\/person\/18fac491bccbfe149b92aea77ad60abd"},"headline":"Voyage avec \u00abLa navette de Mamie Ru\u0163\u0103\u00bb","datePublished":"2015-05-05T11:04:00+00:00","mainEntityOfPage":{"@id":"https:\/\/www.rri.ro\/fr\/archives\/concours-rri\/voyage-avec-la-navette-de-mamie-ruta-id659504.html"},"wordCount":925,"image":{"@id":"https:\/\/www.rri.ro\/fr\/archives\/concours-rri\/voyage-avec-la-navette-de-mamie-ruta-id659504.html#primaryimage"},"thumbnailUrl":"https:\/\/www.rri.ro\/wp-content\/uploads\/2024\/02\/suveica-grota-albastra.png","keywords":["Am\u00e9lie","concours","Fagaras","jeux","Mamie Ruta","navette","s\u00e9jour","Sibiu","Suveica"],"articleSection":["Concours RRI"],"inLanguage":"fr-FR"},{"@type":"WebPage","@id":"https:\/\/www.rri.ro\/fr\/archives\/concours-rri\/voyage-avec-la-navette-de-mamie-ruta-id659504.html","url":"https:\/\/www.rri.ro\/fr\/archives\/concours-rri\/voyage-avec-la-navette-de-mamie-ruta-id659504.html","name":"Voyage avec \u00abLa navette de Mamie Ru\u0163\u0103\u00bb - Radio Roumanie Internationale","isPartOf":{"@id":"https:\/\/www.rri.ro\/#website"},"primaryImageOfPage":{"@id":"https:\/\/www.rri.ro\/fr\/archives\/concours-rri\/voyage-avec-la-navette-de-mamie-ruta-id659504.html#primaryimage"},"image":{"@id":"https:\/\/www.rri.ro\/fr\/archives\/concours-rri\/voyage-avec-la-navette-de-mamie-ruta-id659504.html#primaryimage"},"thumbnailUrl":"https:\/\/www.rri.ro\/wp-content\/uploads\/2024\/02\/suveica-grota-albastra.png","datePublished":"2015-05-05T11:04:00+00:00","author":{"@id":"https:\/\/www.rri.ro\/#\/schema\/person\/18fac491bccbfe149b92aea77ad60abd"},"breadcrumb":{"@id":"https:\/\/www.rri.ro\/fr\/archives\/concours-rri\/voyage-avec-la-navette-de-mamie-ruta-id659504.html#breadcrumb"},"inLanguage":"fr-FR","potentialAction":[{"@type":"ReadAction","target":["https:\/\/www.rri.ro\/fr\/archives\/concours-rri\/voyage-avec-la-navette-de-mamie-ruta-id659504.html"]}]},{"@type":"ImageObject","inLanguage":"fr-FR","@id":"https:\/\/www.rri.ro\/fr\/archives\/concours-rri\/voyage-avec-la-navette-de-mamie-ruta-id659504.html#primaryimage","url":"https:\/\/www.rri.ro\/wp-content\/uploads\/2024\/02\/suveica-grota-albastra.png","contentUrl":"https:\/\/www.rri.ro\/wp-content\/uploads\/2024\/02\/suveica-grota-albastra.png","width":640,"height":480},{"@type":"BreadcrumbList","@id":"https:\/\/www.rri.ro\/fr\/archives\/concours-rri\/voyage-avec-la-navette-de-mamie-ruta-id659504.html#breadcrumb","itemListElement":[{"@type":"ListItem","position":1,"name":"Page d'accueil","item":"https:\/\/www.rri.ro\/fr"},{"@type":"ListItem","position":2,"name":"Archives","item":"https:\/\/www.rri.ro\/fr\/archives"},{"@type":"ListItem","position":3,"name":"Concours RRI","item":"https:\/\/www.rri.ro\/fr\/archives\/concours-rri"},{"@type":"ListItem","position":4,"name":"Voyage avec \u00abLa navette de Mamie Ru\u0163\u0103\u00bb"}]},{"@type":"WebSite","@id":"https:\/\/www.rri.ro\/#website","url":"https:\/\/www.rri.ro\/","name":"Radio Roumanie Internationale","description":"Totul despre Rom\u00e2nia \u015fi rom\u00e2ni, \u00een 13 limbi\/dialecte!","inLanguage":"fr-FR"},{"@type":"Person","@id":"https:\/\/www.rri.ro\/#\/schema\/person\/18fac491bccbfe149b92aea77ad60abd","name":"Rom\u00e2nia Interna\u021bional","url":"https:\/\/www.rri.ro\/fr\/author\/redactia"}]}},"_links":{"self":[{"href":"https:\/\/www.rri.ro\/fr\/wp-json\/wp\/v2\/posts\/659504","targetHints":{"allow":["GET"]}}],"collection":[{"href":"https:\/\/www.rri.ro\/fr\/wp-json\/wp\/v2\/posts"}],"about":[{"href":"https:\/\/www.rri.ro\/fr\/wp-json\/wp\/v2\/types\/post"}],"author":[{"embeddable":true,"href":"https:\/\/www.rri.ro\/fr\/wp-json\/wp\/v2\/users\/2"}],"replies":[{"embeddable":true,"href":"https:\/\/www.rri.ro\/fr\/wp-json\/wp\/v2\/comments?post=659504"}],"version-history":[{"count":0,"href":"https:\/\/www.rri.ro\/fr\/wp-json\/wp\/v2\/posts\/659504\/revisions"}],"wp:featuredmedia":[{"embeddable":true,"href":"https:\/\/www.rri.ro\/fr\/wp-json\/wp\/v2\/media\/659506"}],"wp:attachment":[{"href":"https:\/\/www.rri.ro\/fr\/wp-json\/wp\/v2\/media?parent=659504"}],"wp:term":[{"taxonomy":"category","embeddable":true,"href":"https:\/\/www.rri.ro\/fr\/wp-json\/wp\/v2\/categories?post=659504"},{"taxonomy":"post_tag","embeddable":true,"href":"https:\/\/www.rri.ro\/fr\/wp-json\/wp\/v2\/tags?post=659504"},{"taxonomy":"author","embeddable":true,"href":"https:\/\/www.rri.ro\/fr\/wp-json\/wp\/v2\/coauthors?post=659504"}],"curies":[{"name":"wp","href":"https:\/\/api.w.org\/{rel}","templated":true}]}}