{"id":709118,"date":"2024-03-07T13:10:48","date_gmt":"2024-03-07T11:10:48","guid":{"rendered":"http:\/\/devrri.freshlemon.ro\/?p=709118"},"modified":"2024-03-07T13:10:48","modified_gmt":"2024-03-07T11:10:48","slug":"les-forets-roumaines-surveillees-via-satellite","status":"publish","type":"post","link":"https:\/\/www.rri.ro\/fr\/nos-emissions\/planete-verte\/les-forets-roumaines-surveillees-via-satellite-id709118.html","title":{"rendered":"Les for\u00eats roumaines surveill\u00e9es via satellite"},"content":{"rendered":"<p>Les coupes ill\u00e9gales d&rsquo;arbres r\u00e9duisent la biodiversit\u00e9 et mettent en danger l&rsquo;ensemble du processus de gestion durable des for\u00eats. Ces actions ont \u00e9galement des cons\u00e9quences sur le plan social, mena\u00e7ant les emplois et les moyens de subsistance de ceux qui d\u00e9pendent des ressources foresti\u00e8res. Elles favorisent l&rsquo;\u00e9vasion fiscale, mettent en p\u00e9ril l&rsquo;\u00e9tat de droit et entra\u00eenent m\u00eame la perte de vies humaines. Selon les statistiques, en Roumanie, les for\u00eats couvrent environ 29 % de la surface du pays, contre une moyenne de plus de 40 % dans l\u2019Union europ\u00e9enne. La d\u00e9forestation en Roumanie est un ph\u00e9nom\u00e8ne tr\u00e8s courant, surtout dans les r\u00e9gions montagneuses et les autorit\u00e9s g\u00e8rent et surveillent les interventions foresti\u00e8res. De plus, en cas de coupes ill\u00e9gales, il incombe aux autorit\u00e9s d&rsquo;effectuer des inspections et d&rsquo;appliquer les sanctions n\u00e9cessaires, et, le cas \u00e9ch\u00e9ant, d&rsquo;engager des poursuites p\u00e9nales. Cependant, jusqu&rsquo;\u00e0 pr\u00e9sent, ces actions ont fait face \u00e0 des obstacles logistiques.<\/p>\n<p>&nbsp;<\/p>\n<p>Ainsi, l&rsquo;un des projets financ\u00e9s par le Plan National de Relance et de R\u00e9silience (PNRR) consiste \u00e0 surveiller les for\u00eats de Roumanie \u00e0 l&rsquo;aide de satellites. Les autorit\u00e9s ont expliqu\u00e9 ce qui a concr\u00e8tement \u00e9t\u00e9 mis en place\u00a0: les images satellites seront utilis\u00e9es pour comparer les zones pr\u00e9sentant des clairi\u00e8res dans la v\u00e9g\u00e9tation avec les donn\u00e9es sur les coupes l\u00e9galement approuv\u00e9es et avec les zones o\u00f9 des catastrophes naturelles ont eu lieu. Le syst\u00e8me de surveillance vid\u00e9o, similaire \u00e0 celui utilis\u00e9 pour v\u00e9rifier la validit\u00e9 des vignettes, comprendra \u00e9galement un r\u00e9seau de cam\u00e9ras vid\u00e9o install\u00e9es sur l\u2019ensemble du territoire national et sera connect\u00e9 au syst\u00e8me de tra\u00e7abilit\u00e9 des mat\u00e9riaux ligneux, d\u00e9velopp\u00e9 en collaboration avec le Service de t\u00e9l\u00e9communications sp\u00e9ciales et actuellement fonctionnel. La superficie de la v\u00e9g\u00e9tation foresti\u00e8re qui fera l&rsquo;objet de la surveillance est d&rsquo;environ 70 mille kilom\u00e8tres carr\u00e9s. La surveillance vid\u00e9o des transports de mat\u00e9riaux ligneux sur toutes les cat\u00e9gories de routes vise \u00e0 r\u00e9duire le temps de r\u00e9action et d&rsquo;intervention, optimisant ainsi les ressources de contr\u00f4le existantes. Mircea Fechet, ministre roumain de l&rsquo;Environnement, souligne que la mise en \u0153uvre d&rsquo;une plateforme d&rsquo;analyse g\u00e9ospatiale avanc\u00e9e des images satellites facilitera l&rsquo;automatisation de la d\u00e9tection des changements dans le couvert forestier de la Roumanie\u00a0:<\/p>\n<p>&nbsp;<\/p>\n<p><strong>TRACK <\/strong><em>\u00ab\u00a0Nous allons tout de m\u00eame intervenir, que ce soit via des cartes satellitaires, pour lesquelles nous avons d\u00e9j\u00e0 attribu\u00e9 le contrat d&rsquo;acquisition publique ou via des cam\u00e9ras de surveillance. Nous utiliserons ces cam\u00e9ras non seulement pour interpr\u00e9ter et identifier le num\u00e9ro d&rsquo;immatriculation d&rsquo;un v\u00e9hicule transportant du bois, mais \u00e9galement pour \u00e9valuer le volume de cette charge et pour interroger en temps r\u00e9el le syst\u00e8me \u00e9lectronique de tra\u00e7abilit\u00e9, afin de d\u00e9cider s&rsquo;il existe des soup\u00e7ons concernant ce transport.\u00a0\u00bb<\/em><\/p>\n<p>&nbsp;<\/p>\n<p>L&rsquo;initiative des autorit\u00e9s concernant la surveillance satellite survient dans un contexte o\u00f9 les for\u00eats de Roumanie disparaissent \u00e0 un rythme alarmant. Selon les rapports de Greenpeace Roumanie, chaque heure, six hectares sont d\u00e9bois\u00e9s, totalisant ainsi, sur une ann\u00e9e, 20 millions de m\u00e8tres cubes de bois provenant de d\u00e9forestation ill\u00e9gale. (Trad :Rada Stanica)<\/p>\n","protected":false},"excerpt":{"rendered":"<p>Les coupes ill\u00e9gales d&rsquo;arbres r\u00e9duisent la biodiversit\u00e9 et mettent en danger l&rsquo;ensemble du processus de gestion durable des for\u00eats. Ces actions ont \u00e9galement des cons\u00e9quences sur le plan social, mena\u00e7ant les emplois et les moyens de subsistance de ceux qui d\u00e9pendent des ressources foresti\u00e8res. Elles favorisent l&rsquo;\u00e9vasion fiscale, mettent en p\u00e9ril l&rsquo;\u00e9tat de droit et [&hellip;]<\/p>\n","protected":false},"author":128,"featured_media":151360,"comment_status":"closed","ping_status":"closed","sticky":false,"template":"","format":"standard","meta":{"_acf_changed":false,"footnotes":""},"categories":[95817],"tags":[143636,86944,88129],"coauthors":[113280],"class_list":["post-709118","post","type-post","status-publish","format-standard","has-post-thumbnail","hentry","category-planete-verte","tag-deforestation-fr","tag-forets","tag-satellite"],"acf":[],"yoast_head":"<!-- This site is optimized with the Yoast SEO plugin v27.5 - https:\/\/yoast.com\/product\/yoast-seo-wordpress\/ -->\n<title>Les for\u00eats roumaines surveill\u00e9es via satellite - Radio Roumanie Internationale<\/title>\n<meta name=\"robots\" content=\"index, follow, max-snippet:-1, max-image-preview:large, max-video-preview:-1\" \/>\n<link rel=\"canonical\" href=\"https:\/\/www.rri.ro\/fr\/nos-emissions\/planete-verte\/les-forets-roumaines-surveillees-via-satellite-id709118.html\" \/>\n<meta property=\"og:locale\" content=\"fr_FR\" \/>\n<meta property=\"og:type\" content=\"article\" \/>\n<meta property=\"og:title\" content=\"Les for\u00eats roumaines surveill\u00e9es via satellite - Radio Roumanie Internationale\" \/>\n<meta property=\"og:description\" content=\"Les coupes ill\u00e9gales d&rsquo;arbres r\u00e9duisent la biodiversit\u00e9 et mettent en danger l&rsquo;ensemble du processus de gestion durable des for\u00eats. Ces actions ont \u00e9galement des cons\u00e9quences sur le plan social, mena\u00e7ant les emplois et les moyens de subsistance de ceux qui d\u00e9pendent des ressources foresti\u00e8res. Elles favorisent l&rsquo;\u00e9vasion fiscale, mettent en p\u00e9ril l&rsquo;\u00e9tat de droit et [&hellip;]\" \/>\n<meta property=\"og:url\" content=\"https:\/\/www.rri.ro\/fr\/nos-emissions\/planete-verte\/les-forets-roumaines-surveillees-via-satellite-id709118.html\" \/>\n<meta property=\"og:site_name\" content=\"Radio Roumanie Internationale\" \/>\n<meta property=\"article:published_time\" content=\"2024-03-07T11:10:48+00:00\" \/>\n<meta property=\"og:image\" content=\"https:\/\/www.rri.ro\/wp-content\/uploads\/2023\/10\/padure-foto-rri.png\" \/>\n\t<meta property=\"og:image:width\" content=\"640\" \/>\n\t<meta property=\"og:image:height\" content=\"480\" \/>\n\t<meta property=\"og:image:type\" content=\"image\/png\" \/>\n<meta name=\"author\" content=\"Daniel Onea\" \/>\n<meta name=\"twitter:card\" content=\"summary_large_image\" \/>\n<meta name=\"twitter:label1\" content=\"\u00c9crit par\" \/>\n\t<meta name=\"twitter:data1\" content=\"Daniel Onea\" \/>\n\t<meta name=\"twitter:label2\" content=\"Dur\u00e9e de lecture estim\u00e9e\" \/>\n\t<meta name=\"twitter:data2\" content=\"3 minutes\" \/>\n\t<meta name=\"twitter:label3\" content=\"Written by\" \/>\n\t<meta name=\"twitter:data3\" content=\"Daniel Onea\" \/>\n<script type=\"application\/ld+json\" class=\"yoast-schema-graph\">{\"@context\":\"https:\\\/\\\/schema.org\",\"@graph\":[{\"@type\":\"Article\",\"@id\":\"https:\\\/\\\/www.rri.ro\\\/fr\\\/nos-emissions\\\/planete-verte\\\/les-forets-roumaines-surveillees-via-satellite-id709118.html#article\",\"isPartOf\":{\"@id\":\"https:\\\/\\\/www.rri.ro\\\/fr\\\/nos-emissions\\\/planete-verte\\\/les-forets-roumaines-surveillees-via-satellite-id709118.html\"},\"author\":{\"name\":\"Daniel Onea\",\"@id\":\"https:\\\/\\\/www.rri.ro\\\/#\\\/schema\\\/person\\\/fcce42c208d45f30f5b054b64bc1e0df\"},\"headline\":\"Les for\u00eats roumaines surveill\u00e9es via satellite\",\"datePublished\":\"2024-03-07T11:10:48+00:00\",\"mainEntityOfPage\":{\"@id\":\"https:\\\/\\\/www.rri.ro\\\/fr\\\/nos-emissions\\\/planete-verte\\\/les-forets-roumaines-surveillees-via-satellite-id709118.html\"},\"wordCount\":594,\"image\":{\"@id\":\"https:\\\/\\\/www.rri.ro\\\/fr\\\/nos-emissions\\\/planete-verte\\\/les-forets-roumaines-surveillees-via-satellite-id709118.html#primaryimage\"},\"thumbnailUrl\":\"https:\\\/\\\/www.rri.ro\\\/wp-content\\\/uploads\\\/2023\\\/10\\\/padure-foto-rri.png\",\"keywords\":[\"deforestation\",\"for\u00eats\",\"satellite\"],\"articleSection\":[\"Plan\u00e8te verte\"],\"inLanguage\":\"fr-FR\"},{\"@type\":\"WebPage\",\"@id\":\"https:\\\/\\\/www.rri.ro\\\/fr\\\/nos-emissions\\\/planete-verte\\\/les-forets-roumaines-surveillees-via-satellite-id709118.html\",\"url\":\"https:\\\/\\\/www.rri.ro\\\/fr\\\/nos-emissions\\\/planete-verte\\\/les-forets-roumaines-surveillees-via-satellite-id709118.html\",\"name\":\"Les for\u00eats roumaines surveill\u00e9es via satellite - Radio Roumanie Internationale\",\"isPartOf\":{\"@id\":\"https:\\\/\\\/www.rri.ro\\\/#website\"},\"primaryImageOfPage\":{\"@id\":\"https:\\\/\\\/www.rri.ro\\\/fr\\\/nos-emissions\\\/planete-verte\\\/les-forets-roumaines-surveillees-via-satellite-id709118.html#primaryimage\"},\"image\":{\"@id\":\"https:\\\/\\\/www.rri.ro\\\/fr\\\/nos-emissions\\\/planete-verte\\\/les-forets-roumaines-surveillees-via-satellite-id709118.html#primaryimage\"},\"thumbnailUrl\":\"https:\\\/\\\/www.rri.ro\\\/wp-content\\\/uploads\\\/2023\\\/10\\\/padure-foto-rri.png\",\"datePublished\":\"2024-03-07T11:10:48+00:00\",\"author\":{\"@id\":\"https:\\\/\\\/www.rri.ro\\\/#\\\/schema\\\/person\\\/fcce42c208d45f30f5b054b64bc1e0df\"},\"breadcrumb\":{\"@id\":\"https:\\\/\\\/www.rri.ro\\\/fr\\\/nos-emissions\\\/planete-verte\\\/les-forets-roumaines-surveillees-via-satellite-id709118.html#breadcrumb\"},\"inLanguage\":\"fr-FR\",\"potentialAction\":[{\"@type\":\"ReadAction\",\"target\":[\"https:\\\/\\\/www.rri.ro\\\/fr\\\/nos-emissions\\\/planete-verte\\\/les-forets-roumaines-surveillees-via-satellite-id709118.html\"]}]},{\"@type\":\"ImageObject\",\"inLanguage\":\"fr-FR\",\"@id\":\"https:\\\/\\\/www.rri.ro\\\/fr\\\/nos-emissions\\\/planete-verte\\\/les-forets-roumaines-surveillees-via-satellite-id709118.html#primaryimage\",\"url\":\"https:\\\/\\\/www.rri.ro\\\/wp-content\\\/uploads\\\/2023\\\/10\\\/padure-foto-rri.png\",\"contentUrl\":\"https:\\\/\\\/www.rri.ro\\\/wp-content\\\/uploads\\\/2023\\\/10\\\/padure-foto-rri.png\",\"width\":640,\"height\":480},{\"@type\":\"BreadcrumbList\",\"@id\":\"https:\\\/\\\/www.rri.ro\\\/fr\\\/nos-emissions\\\/planete-verte\\\/les-forets-roumaines-surveillees-via-satellite-id709118.html#breadcrumb\",\"itemListElement\":[{\"@type\":\"ListItem\",\"position\":1,\"name\":\"Page d'accueil\",\"item\":\"https:\\\/\\\/www.rri.ro\\\/fr\"},{\"@type\":\"ListItem\",\"position\":2,\"name\":\"Nos \u00e9missions\",\"item\":\"https:\\\/\\\/www.rri.ro\\\/fr\\\/nos-emissions\"},{\"@type\":\"ListItem\",\"position\":3,\"name\":\"Plan\u00e8te verte\",\"item\":\"https:\\\/\\\/www.rri.ro\\\/fr\\\/nos-emissions\\\/planete-verte\"},{\"@type\":\"ListItem\",\"position\":4,\"name\":\"Les for\u00eats roumaines surveill\u00e9es via satellite\"}]},{\"@type\":\"WebSite\",\"@id\":\"https:\\\/\\\/www.rri.ro\\\/#website\",\"url\":\"https:\\\/\\\/www.rri.ro\\\/\",\"name\":\"Radio Roumanie Internationale\",\"description\":\"Totul despre Rom\u00e2nia \u015fi rom\u00e2ni, \u00een 13 limbi\\\/dialecte!\",\"inLanguage\":\"fr-FR\"},{\"@type\":\"Person\",\"@id\":\"https:\\\/\\\/www.rri.ro\\\/#\\\/schema\\\/person\\\/fcce42c208d45f30f5b054b64bc1e0df\",\"name\":\"Daniel Onea\",\"url\":\"https:\\\/\\\/www.rri.ro\\\/fr\\\/author\\\/daniel-onea\"}]}<\/script>\n<!-- \/ Yoast SEO plugin. -->","yoast_head_json":{"title":"Les for\u00eats roumaines surveill\u00e9es via satellite - Radio Roumanie Internationale","robots":{"index":"index","follow":"follow","max-snippet":"max-snippet:-1","max-image-preview":"max-image-preview:large","max-video-preview":"max-video-preview:-1"},"canonical":"https:\/\/www.rri.ro\/fr\/nos-emissions\/planete-verte\/les-forets-roumaines-surveillees-via-satellite-id709118.html","og_locale":"fr_FR","og_type":"article","og_title":"Les for\u00eats roumaines surveill\u00e9es via satellite - Radio Roumanie Internationale","og_description":"Les coupes ill\u00e9gales d&rsquo;arbres r\u00e9duisent la biodiversit\u00e9 et mettent en danger l&rsquo;ensemble du processus de gestion durable des for\u00eats. Ces actions ont \u00e9galement des cons\u00e9quences sur le plan social, mena\u00e7ant les emplois et les moyens de subsistance de ceux qui d\u00e9pendent des ressources foresti\u00e8res. Elles favorisent l&rsquo;\u00e9vasion fiscale, mettent en p\u00e9ril l&rsquo;\u00e9tat de droit et [&hellip;]","og_url":"https:\/\/www.rri.ro\/fr\/nos-emissions\/planete-verte\/les-forets-roumaines-surveillees-via-satellite-id709118.html","og_site_name":"Radio Roumanie Internationale","article_published_time":"2024-03-07T11:10:48+00:00","og_image":[{"width":640,"height":480,"url":"https:\/\/www.rri.ro\/wp-content\/uploads\/2023\/10\/padure-foto-rri.png","type":"image\/png"}],"author":"Daniel Onea","twitter_card":"summary_large_image","twitter_misc":{"\u00c9crit par":"Daniel Onea","Dur\u00e9e de lecture estim\u00e9e":"3 minutes","Written by":"Daniel Onea"},"schema":{"@context":"https:\/\/schema.org","@graph":[{"@type":"Article","@id":"https:\/\/www.rri.ro\/fr\/nos-emissions\/planete-verte\/les-forets-roumaines-surveillees-via-satellite-id709118.html#article","isPartOf":{"@id":"https:\/\/www.rri.ro\/fr\/nos-emissions\/planete-verte\/les-forets-roumaines-surveillees-via-satellite-id709118.html"},"author":{"name":"Daniel Onea","@id":"https:\/\/www.rri.ro\/#\/schema\/person\/fcce42c208d45f30f5b054b64bc1e0df"},"headline":"Les for\u00eats roumaines surveill\u00e9es via satellite","datePublished":"2024-03-07T11:10:48+00:00","mainEntityOfPage":{"@id":"https:\/\/www.rri.ro\/fr\/nos-emissions\/planete-verte\/les-forets-roumaines-surveillees-via-satellite-id709118.html"},"wordCount":594,"image":{"@id":"https:\/\/www.rri.ro\/fr\/nos-emissions\/planete-verte\/les-forets-roumaines-surveillees-via-satellite-id709118.html#primaryimage"},"thumbnailUrl":"https:\/\/www.rri.ro\/wp-content\/uploads\/2023\/10\/padure-foto-rri.png","keywords":["deforestation","for\u00eats","satellite"],"articleSection":["Plan\u00e8te verte"],"inLanguage":"fr-FR"},{"@type":"WebPage","@id":"https:\/\/www.rri.ro\/fr\/nos-emissions\/planete-verte\/les-forets-roumaines-surveillees-via-satellite-id709118.html","url":"https:\/\/www.rri.ro\/fr\/nos-emissions\/planete-verte\/les-forets-roumaines-surveillees-via-satellite-id709118.html","name":"Les for\u00eats roumaines surveill\u00e9es via satellite - Radio Roumanie Internationale","isPartOf":{"@id":"https:\/\/www.rri.ro\/#website"},"primaryImageOfPage":{"@id":"https:\/\/www.rri.ro\/fr\/nos-emissions\/planete-verte\/les-forets-roumaines-surveillees-via-satellite-id709118.html#primaryimage"},"image":{"@id":"https:\/\/www.rri.ro\/fr\/nos-emissions\/planete-verte\/les-forets-roumaines-surveillees-via-satellite-id709118.html#primaryimage"},"thumbnailUrl":"https:\/\/www.rri.ro\/wp-content\/uploads\/2023\/10\/padure-foto-rri.png","datePublished":"2024-03-07T11:10:48+00:00","author":{"@id":"https:\/\/www.rri.ro\/#\/schema\/person\/fcce42c208d45f30f5b054b64bc1e0df"},"breadcrumb":{"@id":"https:\/\/www.rri.ro\/fr\/nos-emissions\/planete-verte\/les-forets-roumaines-surveillees-via-satellite-id709118.html#breadcrumb"},"inLanguage":"fr-FR","potentialAction":[{"@type":"ReadAction","target":["https:\/\/www.rri.ro\/fr\/nos-emissions\/planete-verte\/les-forets-roumaines-surveillees-via-satellite-id709118.html"]}]},{"@type":"ImageObject","inLanguage":"fr-FR","@id":"https:\/\/www.rri.ro\/fr\/nos-emissions\/planete-verte\/les-forets-roumaines-surveillees-via-satellite-id709118.html#primaryimage","url":"https:\/\/www.rri.ro\/wp-content\/uploads\/2023\/10\/padure-foto-rri.png","contentUrl":"https:\/\/www.rri.ro\/wp-content\/uploads\/2023\/10\/padure-foto-rri.png","width":640,"height":480},{"@type":"BreadcrumbList","@id":"https:\/\/www.rri.ro\/fr\/nos-emissions\/planete-verte\/les-forets-roumaines-surveillees-via-satellite-id709118.html#breadcrumb","itemListElement":[{"@type":"ListItem","position":1,"name":"Page d'accueil","item":"https:\/\/www.rri.ro\/fr"},{"@type":"ListItem","position":2,"name":"Nos \u00e9missions","item":"https:\/\/www.rri.ro\/fr\/nos-emissions"},{"@type":"ListItem","position":3,"name":"Plan\u00e8te verte","item":"https:\/\/www.rri.ro\/fr\/nos-emissions\/planete-verte"},{"@type":"ListItem","position":4,"name":"Les for\u00eats roumaines surveill\u00e9es via satellite"}]},{"@type":"WebSite","@id":"https:\/\/www.rri.ro\/#website","url":"https:\/\/www.rri.ro\/","name":"Radio Roumanie Internationale","description":"Totul despre Rom\u00e2nia \u015fi rom\u00e2ni, \u00een 13 limbi\/dialecte!","inLanguage":"fr-FR"},{"@type":"Person","@id":"https:\/\/www.rri.ro\/#\/schema\/person\/fcce42c208d45f30f5b054b64bc1e0df","name":"Daniel Onea","url":"https:\/\/www.rri.ro\/fr\/author\/daniel-onea"}]}},"_links":{"self":[{"href":"https:\/\/www.rri.ro\/fr\/wp-json\/wp\/v2\/posts\/709118","targetHints":{"allow":["GET"]}}],"collection":[{"href":"https:\/\/www.rri.ro\/fr\/wp-json\/wp\/v2\/posts"}],"about":[{"href":"https:\/\/www.rri.ro\/fr\/wp-json\/wp\/v2\/types\/post"}],"author":[{"embeddable":true,"href":"https:\/\/www.rri.ro\/fr\/wp-json\/wp\/v2\/users\/128"}],"replies":[{"embeddable":true,"href":"https:\/\/www.rri.ro\/fr\/wp-json\/wp\/v2\/comments?post=709118"}],"version-history":[{"count":0,"href":"https:\/\/www.rri.ro\/fr\/wp-json\/wp\/v2\/posts\/709118\/revisions"}],"wp:featuredmedia":[{"embeddable":true,"href":"https:\/\/www.rri.ro\/fr\/wp-json\/wp\/v2\/media\/151360"}],"wp:attachment":[{"href":"https:\/\/www.rri.ro\/fr\/wp-json\/wp\/v2\/media?parent=709118"}],"wp:term":[{"taxonomy":"category","embeddable":true,"href":"https:\/\/www.rri.ro\/fr\/wp-json\/wp\/v2\/categories?post=709118"},{"taxonomy":"post_tag","embeddable":true,"href":"https:\/\/www.rri.ro\/fr\/wp-json\/wp\/v2\/tags?post=709118"},{"taxonomy":"author","embeddable":true,"href":"https:\/\/www.rri.ro\/fr\/wp-json\/wp\/v2\/coauthors?post=709118"}],"curies":[{"name":"wp","href":"https:\/\/api.w.org\/{rel}","templated":true}]}}