{"id":709396,"date":"2024-03-08T13:42:48","date_gmt":"2024-03-08T11:42:48","guid":{"rendered":"http:\/\/devrri.freshlemon.ro\/?p=709396"},"modified":"2024-03-08T13:43:57","modified_gmt":"2024-03-08T11:43:57","slug":"congres-du-ppe-a-bucarest","status":"publish","type":"post","link":"https:\/\/www.rri.ro\/fr\/actualites\/les-dossiers-de-lactualite\/congres-du-ppe-a-bucarest-id709396.html","title":{"rendered":"Congr\u00e8s du PPE \u00e0 Bucarest\u00a0\u00a0\u00a0"},"content":{"rendered":"<h3><strong>Un Nouveau mandat pour Ursula von der Leyen<\/strong><\/h3>\n<p>&nbsp;<\/p>\n<p>Jeudi \u00e0 Bucarest la pr\u00e9sidente de la Commission europ\u00e9enne, la conservatrice allemande Ursula von der Leyen, a re\u00e7u l&rsquo;avis favorable de sa famille politique, le Parti populaire europ\u00e9en (PPE, centre-droit), en tant que candidate pour un second mandat \u00e0 la t\u00eate de l&rsquo;Ex\u00e9cutif communautaire.<\/p>\n<p>&nbsp;<\/p>\n<blockquote><p>\u00ab\u00a0Il nous reste 90 jours avant les \u00e9lections au Parlement europ\u00e9en\u00a0\u00bb soit du 6 au 9 juin \u2013 a-t-elle d\u00e9clar\u00e9, en remerciant les participants pour leur \u00ab\u00a0confiance\u00a0\u00bb et leur large \u00ab\u00a0soutien\u00a0\u00bb (soit 400 voix pour et 89 contre).<\/p>\n<p>&nbsp;<\/p><\/blockquote>\n<p>Le congr\u00e8s de Bucarest \u00e9tait organis\u00e9 par le Parti National-Lib\u00e9ral, affili\u00e9 au Parti populaire europ\u00e9en et associ\u00e9, en tant que partenaire au sein du gouvernement roumain, du Parti Social-D\u00e9mocrate (de gauche, membre du Parti des socialistes europ\u00e9ens).<\/p>\n<p>&nbsp;<\/p>\n<p>Le Parti populaire europ\u00e9en constitue le groupe le plus important au sein du Parlement europ\u00e9en actuel et les sondages sur les intentions de vote dans les 27 Etats membres continuent de lui attribuer la premi\u00e8re place. Ce qui, selon les analystes, permettra aux populistes de rester \u00e0 la t\u00eate de l&rsquo;Europe, avec une Commission dans laquelle, tout comme auparavant, seront coopt\u00e9s les socialistes et les lib\u00e9raux de l&rsquo;ALDE-Renew Europe.<\/p>\n<p>&nbsp;<\/p>\n<p>Madame von der Leyen a annonc\u00e9 \u00e0 Bucarest ses priorit\u00e9s pour le prochain mandat de cinq ans, en mettant l&rsquo;accent sur l&rsquo;appui \u00e0 l&rsquo;Ukraine envahie par les troupes russes, la d\u00e9fense europ\u00e9enne et la lutte contre l&rsquo;extr\u00e9misme.<\/p>\n<p>&nbsp;<\/p>\n<blockquote><p>\u00a0\u00ab\u00a0Le pr\u00e9sident russe Vladimir Poutine ne doit pas gagner cette guerre qu&rsquo;il a d\u00e9clench\u00e9e et par laquelle il tente de d\u00e9placer les fronti\u00e8res par la force\u00a0\u00bb \u2013 a d\u00e9clar\u00e9 le pr\u00e9sidente de la Commission. \u00ab\u00a0Nous restons aux c\u00f4t\u00e9s de l&rsquo;Ukraine, et c&rsquo;est la seule fa\u00e7on de pr\u00e9server la libert\u00e9 et la prosp\u00e9rit\u00e9 de l&rsquo;Union europ\u00e9enne\u00a0\u00bb \u2013 affirme-t-elle encore.<\/p><\/blockquote>\n<p>&nbsp;<\/p>\n<h3><strong>L\u2019admission de la Roumanie et de la Bulgarie \u00e0 l\u2019espace Schengen \u2013 exig\u00e9e aussi par le PPE<\/strong><\/h3>\n<p><strong>\u00a0<\/strong><\/p>\n<p>Par ailleurs, les d\u00e9l\u00e9gu\u00e9s pr\u00e9sents au Congr\u00e8s ont vot\u00e9 \u00e0 l\u2019unanimit\u00e9 un manifeste \u00e9lectoral dans lequel ils demandent notamment l\u2019adh\u00e9sion compl\u00e8te de la Roumanie et de la Bulgarie \u00e0 l\u2019espace Schengen de libre circulation europ\u00e9enne. Et pourtant, l&rsquo;Autriche a encore des objections quant \u00e0 l&rsquo;admission des deux pays, membres de l&rsquo;Union depuis 2007 et qui pourront int\u00e9grer partiellement l\u2019espace Schengen \u00e0 la fin de ce mois, uniquement avec leurs fronti\u00e8res a\u00e9riennes et maritimes et pas avec celles terrestres.<\/p>\n<p>&nbsp;<\/p>\n<h3>Les Roumains, des Europ\u00e9ens de second rang<\/h3>\n<p>&nbsp;<\/p>\n<p>Environ 25 millions de Roumains et de Bulgares restent, selon la presse, des Europ\u00e9ens de second rang, uniquement parce \u00a0le chancelier conservateur autrichien Karl Nehammer le souhaite, alors que son parti est lui-m\u00eame affili\u00e9 au Parti populaire europ\u00e9en. Bien que les statistiques communautaires les contredisent, le chancelier et son \u00e9quipe pointent du doigt les vagues de migrants ill\u00e9gaux en provenance d&rsquo;Afrique ou d&rsquo;Asie qui arriveraient dans son pays via la Roumanie, \u00e0 leurs dires. A Bucarest, Monsieur Nehammer a parl\u00e9 de ce sujet avec le pr\u00e9sident Klaus Ioahnnis, ancien leader du Parti National-Lib\u00e9ral, et avec le premier ministre social-d\u00e9mocrate Marcel Ciolacu. Mais sa position est toujours inchang\u00e9e : actuellement, le syst\u00e8me Schengen ne fonctionne pas, donc il n\u2019est pas question de l\u2019\u00e9largir. (trad. Andra Juganaru)<\/p>\n","protected":false},"excerpt":{"rendered":"<p>Un Nouveau mandat pour Ursula von der Leyen &nbsp; Jeudi \u00e0 Bucarest la pr\u00e9sidente de la Commission europ\u00e9enne, la conservatrice allemande Ursula von der Leyen, a re\u00e7u l&rsquo;avis favorable de sa famille politique, le Parti populaire europ\u00e9en (PPE, centre-droit), en tant que candidate pour un second mandat \u00e0 la t\u00eate de l&rsquo;Ex\u00e9cutif communautaire. &nbsp; \u00ab\u00a0Il [&hellip;]<\/p>\n","protected":false},"author":105,"featured_media":709283,"comment_status":"closed","ping_status":"closed","sticky":false,"template":"","format":"standard","meta":{"_acf_changed":false,"footnotes":""},"categories":[93377],"tags":[143578,143630,143291,143680],"coauthors":[113297],"class_list":["post-709396","post","type-post","status-publish","format-standard","has-post-thumbnail","hentry","category-les-dossiers-de-lactualite","tag-ppe-fr","tag-schengen-fr","tag-ue-fr","tag-ursula-von-der-leyen-fr"],"acf":[],"yoast_head":"<!-- This site is optimized with the Yoast SEO plugin v27.3 - https:\/\/yoast.com\/product\/yoast-seo-wordpress\/ -->\n<title>Congr\u00e8s du PPE \u00e0 Bucarest\u00a0\u00a0\u00a0 - Radio Roumanie Internationale<\/title>\n<meta name=\"robots\" content=\"index, follow, max-snippet:-1, max-image-preview:large, max-video-preview:-1\" \/>\n<link rel=\"canonical\" href=\"https:\/\/www.rri.ro\/fr\/actualites\/les-dossiers-de-lactualite\/congres-du-ppe-a-bucarest-id709396.html\" \/>\n<meta property=\"og:locale\" content=\"fr_FR\" \/>\n<meta property=\"og:type\" content=\"article\" \/>\n<meta property=\"og:title\" content=\"Congr\u00e8s du PPE \u00e0 Bucarest\u00a0\u00a0\u00a0 - Radio Roumanie Internationale\" \/>\n<meta property=\"og:description\" content=\"Un Nouveau mandat pour Ursula von der Leyen &nbsp; Jeudi \u00e0 Bucarest la pr\u00e9sidente de la Commission europ\u00e9enne, la conservatrice allemande Ursula von der Leyen, a re\u00e7u l&rsquo;avis favorable de sa famille politique, le Parti populaire europ\u00e9en (PPE, centre-droit), en tant que candidate pour un second mandat \u00e0 la t\u00eate de l&rsquo;Ex\u00e9cutif communautaire. &nbsp; \u00ab\u00a0Il [&hellip;]\" \/>\n<meta property=\"og:url\" content=\"https:\/\/www.rri.ro\/fr\/actualites\/les-dossiers-de-lactualite\/congres-du-ppe-a-bucarest-id709396.html\" \/>\n<meta property=\"og:site_name\" content=\"Radio Roumanie Internationale\" \/>\n<meta property=\"article:published_time\" content=\"2024-03-08T11:42:48+00:00\" \/>\n<meta property=\"article:modified_time\" content=\"2024-03-08T11:43:57+00:00\" \/>\n<meta property=\"og:image\" content=\"https:\/\/www.rri.ro\/wp-content\/uploads\/2024\/03\/Ursula-von-der-Leyen-un-nou-mandat-foto-fb-administratia-prezidentiala.jpg\" \/>\n\t<meta property=\"og:image:width\" content=\"1200\" \/>\n\t<meta property=\"og:image:height\" content=\"801\" \/>\n\t<meta property=\"og:image:type\" content=\"image\/jpeg\" \/>\n<meta name=\"author\" content=\"Bogdan Matei\" \/>\n<meta name=\"twitter:card\" content=\"summary_large_image\" \/>\n<meta name=\"twitter:label1\" content=\"\u00c9crit par\" \/>\n\t<meta name=\"twitter:data1\" content=\"Bogdan Matei\" \/>\n\t<meta name=\"twitter:label2\" content=\"Dur\u00e9e de lecture estim\u00e9e\" \/>\n\t<meta name=\"twitter:data2\" content=\"3 minutes\" \/>\n\t<meta name=\"twitter:label3\" content=\"Written by\" \/>\n\t<meta name=\"twitter:data3\" content=\"Bogdan Matei\" \/>\n<script type=\"application\/ld+json\" class=\"yoast-schema-graph\">{\"@context\":\"https:\\\/\\\/schema.org\",\"@graph\":[{\"@type\":\"Article\",\"@id\":\"https:\\\/\\\/www.rri.ro\\\/fr\\\/actualites\\\/les-dossiers-de-lactualite\\\/congres-du-ppe-a-bucarest-id709396.html#article\",\"isPartOf\":{\"@id\":\"https:\\\/\\\/www.rri.ro\\\/fr\\\/actualites\\\/les-dossiers-de-lactualite\\\/congres-du-ppe-a-bucarest-id709396.html\"},\"author\":{\"name\":\"Bogdan Matei\",\"@id\":\"https:\\\/\\\/www.rri.ro\\\/#\\\/schema\\\/person\\\/0ed327d40678578e6dbb840527e3ba32\"},\"headline\":\"Congr\u00e8s du PPE \u00e0 Bucarest\u00a0\u00a0\u00a0\",\"datePublished\":\"2024-03-08T11:42:48+00:00\",\"dateModified\":\"2024-03-08T11:43:57+00:00\",\"mainEntityOfPage\":{\"@id\":\"https:\\\/\\\/www.rri.ro\\\/fr\\\/actualites\\\/les-dossiers-de-lactualite\\\/congres-du-ppe-a-bucarest-id709396.html\"},\"wordCount\":591,\"image\":{\"@id\":\"https:\\\/\\\/www.rri.ro\\\/fr\\\/actualites\\\/les-dossiers-de-lactualite\\\/congres-du-ppe-a-bucarest-id709396.html#primaryimage\"},\"thumbnailUrl\":\"https:\\\/\\\/www.rri.ro\\\/wp-content\\\/uploads\\\/2024\\\/03\\\/Ursula-von-der-Leyen-un-nou-mandat-foto-fb-administratia-prezidentiala.jpg\",\"keywords\":[\"PPE\",\"Schengen\",\"UE\",\"Ursula von der Leyen\"],\"articleSection\":[\"Les dossiers de l'actualit\u00e9\"],\"inLanguage\":\"fr-FR\"},{\"@type\":\"WebPage\",\"@id\":\"https:\\\/\\\/www.rri.ro\\\/fr\\\/actualites\\\/les-dossiers-de-lactualite\\\/congres-du-ppe-a-bucarest-id709396.html\",\"url\":\"https:\\\/\\\/www.rri.ro\\\/fr\\\/actualites\\\/les-dossiers-de-lactualite\\\/congres-du-ppe-a-bucarest-id709396.html\",\"name\":\"Congr\u00e8s du PPE \u00e0 Bucarest\u00a0\u00a0\u00a0 - Radio Roumanie Internationale\",\"isPartOf\":{\"@id\":\"https:\\\/\\\/www.rri.ro\\\/#website\"},\"primaryImageOfPage\":{\"@id\":\"https:\\\/\\\/www.rri.ro\\\/fr\\\/actualites\\\/les-dossiers-de-lactualite\\\/congres-du-ppe-a-bucarest-id709396.html#primaryimage\"},\"image\":{\"@id\":\"https:\\\/\\\/www.rri.ro\\\/fr\\\/actualites\\\/les-dossiers-de-lactualite\\\/congres-du-ppe-a-bucarest-id709396.html#primaryimage\"},\"thumbnailUrl\":\"https:\\\/\\\/www.rri.ro\\\/wp-content\\\/uploads\\\/2024\\\/03\\\/Ursula-von-der-Leyen-un-nou-mandat-foto-fb-administratia-prezidentiala.jpg\",\"datePublished\":\"2024-03-08T11:42:48+00:00\",\"dateModified\":\"2024-03-08T11:43:57+00:00\",\"author\":{\"@id\":\"https:\\\/\\\/www.rri.ro\\\/#\\\/schema\\\/person\\\/0ed327d40678578e6dbb840527e3ba32\"},\"breadcrumb\":{\"@id\":\"https:\\\/\\\/www.rri.ro\\\/fr\\\/actualites\\\/les-dossiers-de-lactualite\\\/congres-du-ppe-a-bucarest-id709396.html#breadcrumb\"},\"inLanguage\":\"fr-FR\",\"potentialAction\":[{\"@type\":\"ReadAction\",\"target\":[\"https:\\\/\\\/www.rri.ro\\\/fr\\\/actualites\\\/les-dossiers-de-lactualite\\\/congres-du-ppe-a-bucarest-id709396.html\"]}]},{\"@type\":\"ImageObject\",\"inLanguage\":\"fr-FR\",\"@id\":\"https:\\\/\\\/www.rri.ro\\\/fr\\\/actualites\\\/les-dossiers-de-lactualite\\\/congres-du-ppe-a-bucarest-id709396.html#primaryimage\",\"url\":\"https:\\\/\\\/www.rri.ro\\\/wp-content\\\/uploads\\\/2024\\\/03\\\/Ursula-von-der-Leyen-un-nou-mandat-foto-fb-administratia-prezidentiala.jpg\",\"contentUrl\":\"https:\\\/\\\/www.rri.ro\\\/wp-content\\\/uploads\\\/2024\\\/03\\\/Ursula-von-der-Leyen-un-nou-mandat-foto-fb-administratia-prezidentiala.jpg\",\"width\":1200,\"height\":801,\"caption\":\"Ursula von der Leyen un nou mandat foto fb administratia prezidentiala\"},{\"@type\":\"BreadcrumbList\",\"@id\":\"https:\\\/\\\/www.rri.ro\\\/fr\\\/actualites\\\/les-dossiers-de-lactualite\\\/congres-du-ppe-a-bucarest-id709396.html#breadcrumb\",\"itemListElement\":[{\"@type\":\"ListItem\",\"position\":1,\"name\":\"Page d'accueil\",\"item\":\"https:\\\/\\\/www.rri.ro\\\/fr\"},{\"@type\":\"ListItem\",\"position\":2,\"name\":\"Actualit\u00e9s\",\"item\":\"https:\\\/\\\/www.rri.ro\\\/fr\\\/actualites\"},{\"@type\":\"ListItem\",\"position\":3,\"name\":\"Les dossiers de l'actualit\u00e9\",\"item\":\"https:\\\/\\\/www.rri.ro\\\/fr\\\/actualites\\\/les-dossiers-de-lactualite\"},{\"@type\":\"ListItem\",\"position\":4,\"name\":\"Congr\u00e8s du PPE \u00e0 Bucarest\u00a0\u00a0\u00a0\"}]},{\"@type\":\"WebSite\",\"@id\":\"https:\\\/\\\/www.rri.ro\\\/#website\",\"url\":\"https:\\\/\\\/www.rri.ro\\\/\",\"name\":\"Radio Roumanie Internationale\",\"description\":\"Totul despre Rom\u00e2nia \u015fi rom\u00e2ni, \u00een 13 limbi\\\/dialecte!\",\"inLanguage\":\"fr-FR\"},{\"@type\":\"Person\",\"@id\":\"https:\\\/\\\/www.rri.ro\\\/#\\\/schema\\\/person\\\/0ed327d40678578e6dbb840527e3ba32\",\"name\":\"Bogdan Matei\",\"url\":\"https:\\\/\\\/www.rri.ro\\\/fr\\\/author\\\/bogdan-matei\"}]}<\/script>\n<!-- \/ Yoast SEO plugin. -->","yoast_head_json":{"title":"Congr\u00e8s du PPE \u00e0 Bucarest\u00a0\u00a0\u00a0 - Radio Roumanie Internationale","robots":{"index":"index","follow":"follow","max-snippet":"max-snippet:-1","max-image-preview":"max-image-preview:large","max-video-preview":"max-video-preview:-1"},"canonical":"https:\/\/www.rri.ro\/fr\/actualites\/les-dossiers-de-lactualite\/congres-du-ppe-a-bucarest-id709396.html","og_locale":"fr_FR","og_type":"article","og_title":"Congr\u00e8s du PPE \u00e0 Bucarest\u00a0\u00a0\u00a0 - Radio Roumanie Internationale","og_description":"Un Nouveau mandat pour Ursula von der Leyen &nbsp; Jeudi \u00e0 Bucarest la pr\u00e9sidente de la Commission europ\u00e9enne, la conservatrice allemande Ursula von der Leyen, a re\u00e7u l&rsquo;avis favorable de sa famille politique, le Parti populaire europ\u00e9en (PPE, centre-droit), en tant que candidate pour un second mandat \u00e0 la t\u00eate de l&rsquo;Ex\u00e9cutif communautaire. &nbsp; \u00ab\u00a0Il [&hellip;]","og_url":"https:\/\/www.rri.ro\/fr\/actualites\/les-dossiers-de-lactualite\/congres-du-ppe-a-bucarest-id709396.html","og_site_name":"Radio Roumanie Internationale","article_published_time":"2024-03-08T11:42:48+00:00","article_modified_time":"2024-03-08T11:43:57+00:00","og_image":[{"width":1200,"height":801,"url":"https:\/\/www.rri.ro\/wp-content\/uploads\/2024\/03\/Ursula-von-der-Leyen-un-nou-mandat-foto-fb-administratia-prezidentiala.jpg","type":"image\/jpeg"}],"author":"Bogdan Matei","twitter_card":"summary_large_image","twitter_misc":{"\u00c9crit par":"Bogdan Matei","Dur\u00e9e de lecture estim\u00e9e":"3 minutes","Written by":"Bogdan Matei"},"schema":{"@context":"https:\/\/schema.org","@graph":[{"@type":"Article","@id":"https:\/\/www.rri.ro\/fr\/actualites\/les-dossiers-de-lactualite\/congres-du-ppe-a-bucarest-id709396.html#article","isPartOf":{"@id":"https:\/\/www.rri.ro\/fr\/actualites\/les-dossiers-de-lactualite\/congres-du-ppe-a-bucarest-id709396.html"},"author":{"name":"Bogdan Matei","@id":"https:\/\/www.rri.ro\/#\/schema\/person\/0ed327d40678578e6dbb840527e3ba32"},"headline":"Congr\u00e8s du PPE \u00e0 Bucarest\u00a0\u00a0\u00a0","datePublished":"2024-03-08T11:42:48+00:00","dateModified":"2024-03-08T11:43:57+00:00","mainEntityOfPage":{"@id":"https:\/\/www.rri.ro\/fr\/actualites\/les-dossiers-de-lactualite\/congres-du-ppe-a-bucarest-id709396.html"},"wordCount":591,"image":{"@id":"https:\/\/www.rri.ro\/fr\/actualites\/les-dossiers-de-lactualite\/congres-du-ppe-a-bucarest-id709396.html#primaryimage"},"thumbnailUrl":"https:\/\/www.rri.ro\/wp-content\/uploads\/2024\/03\/Ursula-von-der-Leyen-un-nou-mandat-foto-fb-administratia-prezidentiala.jpg","keywords":["PPE","Schengen","UE","Ursula von der Leyen"],"articleSection":["Les dossiers de l'actualit\u00e9"],"inLanguage":"fr-FR"},{"@type":"WebPage","@id":"https:\/\/www.rri.ro\/fr\/actualites\/les-dossiers-de-lactualite\/congres-du-ppe-a-bucarest-id709396.html","url":"https:\/\/www.rri.ro\/fr\/actualites\/les-dossiers-de-lactualite\/congres-du-ppe-a-bucarest-id709396.html","name":"Congr\u00e8s du PPE \u00e0 Bucarest\u00a0\u00a0\u00a0 - Radio Roumanie Internationale","isPartOf":{"@id":"https:\/\/www.rri.ro\/#website"},"primaryImageOfPage":{"@id":"https:\/\/www.rri.ro\/fr\/actualites\/les-dossiers-de-lactualite\/congres-du-ppe-a-bucarest-id709396.html#primaryimage"},"image":{"@id":"https:\/\/www.rri.ro\/fr\/actualites\/les-dossiers-de-lactualite\/congres-du-ppe-a-bucarest-id709396.html#primaryimage"},"thumbnailUrl":"https:\/\/www.rri.ro\/wp-content\/uploads\/2024\/03\/Ursula-von-der-Leyen-un-nou-mandat-foto-fb-administratia-prezidentiala.jpg","datePublished":"2024-03-08T11:42:48+00:00","dateModified":"2024-03-08T11:43:57+00:00","author":{"@id":"https:\/\/www.rri.ro\/#\/schema\/person\/0ed327d40678578e6dbb840527e3ba32"},"breadcrumb":{"@id":"https:\/\/www.rri.ro\/fr\/actualites\/les-dossiers-de-lactualite\/congres-du-ppe-a-bucarest-id709396.html#breadcrumb"},"inLanguage":"fr-FR","potentialAction":[{"@type":"ReadAction","target":["https:\/\/www.rri.ro\/fr\/actualites\/les-dossiers-de-lactualite\/congres-du-ppe-a-bucarest-id709396.html"]}]},{"@type":"ImageObject","inLanguage":"fr-FR","@id":"https:\/\/www.rri.ro\/fr\/actualites\/les-dossiers-de-lactualite\/congres-du-ppe-a-bucarest-id709396.html#primaryimage","url":"https:\/\/www.rri.ro\/wp-content\/uploads\/2024\/03\/Ursula-von-der-Leyen-un-nou-mandat-foto-fb-administratia-prezidentiala.jpg","contentUrl":"https:\/\/www.rri.ro\/wp-content\/uploads\/2024\/03\/Ursula-von-der-Leyen-un-nou-mandat-foto-fb-administratia-prezidentiala.jpg","width":1200,"height":801,"caption":"Ursula von der Leyen un nou mandat foto fb administratia prezidentiala"},{"@type":"BreadcrumbList","@id":"https:\/\/www.rri.ro\/fr\/actualites\/les-dossiers-de-lactualite\/congres-du-ppe-a-bucarest-id709396.html#breadcrumb","itemListElement":[{"@type":"ListItem","position":1,"name":"Page d'accueil","item":"https:\/\/www.rri.ro\/fr"},{"@type":"ListItem","position":2,"name":"Actualit\u00e9s","item":"https:\/\/www.rri.ro\/fr\/actualites"},{"@type":"ListItem","position":3,"name":"Les dossiers de l'actualit\u00e9","item":"https:\/\/www.rri.ro\/fr\/actualites\/les-dossiers-de-lactualite"},{"@type":"ListItem","position":4,"name":"Congr\u00e8s du PPE \u00e0 Bucarest\u00a0\u00a0\u00a0"}]},{"@type":"WebSite","@id":"https:\/\/www.rri.ro\/#website","url":"https:\/\/www.rri.ro\/","name":"Radio Roumanie Internationale","description":"Totul despre Rom\u00e2nia \u015fi rom\u00e2ni, \u00een 13 limbi\/dialecte!","inLanguage":"fr-FR"},{"@type":"Person","@id":"https:\/\/www.rri.ro\/#\/schema\/person\/0ed327d40678578e6dbb840527e3ba32","name":"Bogdan Matei","url":"https:\/\/www.rri.ro\/fr\/author\/bogdan-matei"}]}},"_links":{"self":[{"href":"https:\/\/www.rri.ro\/fr\/wp-json\/wp\/v2\/posts\/709396","targetHints":{"allow":["GET"]}}],"collection":[{"href":"https:\/\/www.rri.ro\/fr\/wp-json\/wp\/v2\/posts"}],"about":[{"href":"https:\/\/www.rri.ro\/fr\/wp-json\/wp\/v2\/types\/post"}],"author":[{"embeddable":true,"href":"https:\/\/www.rri.ro\/fr\/wp-json\/wp\/v2\/users\/105"}],"replies":[{"embeddable":true,"href":"https:\/\/www.rri.ro\/fr\/wp-json\/wp\/v2\/comments?post=709396"}],"version-history":[{"count":0,"href":"https:\/\/www.rri.ro\/fr\/wp-json\/wp\/v2\/posts\/709396\/revisions"}],"wp:featuredmedia":[{"embeddable":true,"href":"https:\/\/www.rri.ro\/fr\/wp-json\/wp\/v2\/media\/709283"}],"wp:attachment":[{"href":"https:\/\/www.rri.ro\/fr\/wp-json\/wp\/v2\/media?parent=709396"}],"wp:term":[{"taxonomy":"category","embeddable":true,"href":"https:\/\/www.rri.ro\/fr\/wp-json\/wp\/v2\/categories?post=709396"},{"taxonomy":"post_tag","embeddable":true,"href":"https:\/\/www.rri.ro\/fr\/wp-json\/wp\/v2\/tags?post=709396"},{"taxonomy":"author","embeddable":true,"href":"https:\/\/www.rri.ro\/fr\/wp-json\/wp\/v2\/coauthors?post=709396"}],"curies":[{"name":"wp","href":"https:\/\/api.w.org\/{rel}","templated":true}]}}