{"id":713755,"date":"2024-03-19T12:37:31","date_gmt":"2024-03-19T10:37:31","guid":{"rendered":"http:\/\/devrri.freshlemon.ro\/?p=713755"},"modified":"2024-03-19T12:43:04","modified_gmt":"2024-03-19T10:43:04","slug":"mecontentements-au-sein-de-la-societe","status":"publish","type":"post","link":"https:\/\/www.rri.ro\/fr\/actualites\/les-dossiers-de-lactualite\/mecontentements-au-sein-de-la-societe-id713755.html","title":{"rendered":"M\u00e9contentements au sein de la soci\u00e9t\u00e9"},"content":{"rendered":"<p>M\u00e9contents que l\u2019Ex\u00e9cutif n\u2019ait pas pris en compte leurs revendications salariales, lundi dernier les employ\u00e9s des mairies de Roumanie ont lanc\u00e9 un cycle de protestations. Plus pr\u00e9cis\u00e9ment, pendant une semaine, ils feront une gr\u00e8ve d\u2019avertissement de deux heures, chaque jour, et pendant le reste du programme, ils feront une gr\u00e8ve \u00e0 la japonaise par exc\u00e8s de z\u00e8le. Autrement dit, ils traiteront les p\u00e9titions et les requ\u00eates, mais dans le d\u00e9lai fix\u00e9 par la loi \u2013 a expliqu\u00e9 le leader du Syndicat national des employ\u00e9s des communes et villes de Roumanie, Dan C\u00e2rlan. Selon les repr\u00e9sentants syndicaux les 60 000 employ\u00e9s des mairies sont les seuls du syst\u00e8me public \u00e0 avoir conserv\u00e9 leur salaire au niveau de 2021, tandis que le gouvernement leur a promis une augmentation de 500 lei bruts (environ 100 euros).<\/p>\n<p>Une d\u00e9cision concernant une \u00e9ventuelle augmentation de salaire pourrait \u00eatre prise apr\u00e8s que l\u2019ex\u00e9cution du budget des trois premiers mois de l\u2019ann\u00e9e sera analys\u00e9e le mois prochain.<\/p>\n<p>&nbsp;<\/p>\n<p><strong>M\u00e9contentements de la part des employ\u00e9s du commerce<\/strong><\/p>\n<p>Lundi \u00e9galement, environ 200 employ\u00e9s du commerce sont \u00e9galement descendus dans la rue. Ils se sont pr\u00e9sent\u00e9s devant le minist\u00e8re du Travail et ont exig\u00e9 que les ch\u00e8ques-repas et les ch\u00e8ques-vacances soient exon\u00e9r\u00e9s d\u2019imp\u00f4ts. Par ailleurs, un autre m\u00e9contentement est li\u00e9 \u00e0 l\u2019absence de contrat de travail national. Les manifestants se plaignent des pressions exerc\u00e9es par les employeurs. Selon eux, ils maintiennent souvent un niveau de salaire minimum tandis que la productivit\u00e9 du travail est \u00e9lev\u00e9e, tout comme les profits.<\/p>\n<p>&nbsp;<\/p>\n<p><strong>Une gr\u00e8ve dans le syst\u00e8me de sant\u00e9\u00a0?<\/strong><\/p>\n<p>Parall\u00e8lement, apr\u00e8s les manifestations organis\u00e9es dans la capitale, en fin de semaine la F\u00e9d\u00e9ration de la solidarit\u00e9 sanitaire a organis\u00e9 un r\u00e9f\u00e9rendum sur le th\u00e8me du d\u00e9clenchement d\u2019une gr\u00e8ve g\u00e9n\u00e9rale. \u00a0Tous les employ\u00e9s du syst\u00e8me de sant\u00e9 ont \u00e9t\u00e9 invit\u00e9s \u00e0 \u00e9valuer la pertinence et l\u2019impact de l\u2019augmentation des salaires de base sur les revenus salariaux individuels et \u00e0 d\u00e9cider de d\u00e9clencher une gr\u00e8ve ou de participer \u00e0 la gr\u00e8ve. Les syndicalistes de la sant\u00e9 sont m\u00e9contents que le gouvernement leur ait promis une augmentation de seulement 20 % des salaires. Selon eux, ils re\u00e7oivent trop peu d\u2019argent pour les gardes qu\u2019ils effectuent. Les m\u00e9decins ont un contrat pour les gardes, mais leur paiement se fait au niveau du salaire ant\u00e9rieur \u00e0 celui mis \u00e0 jour. Qui plus est les infirmi\u00e8res ne re\u00e7oivent pas de prime suppl\u00e9mentaire pour les gardes de nuit et pour les gardes du weekend, alors que ce programme permet d\u2019assurer la continuit\u00e9 des soins.<\/p>\n<p>Par la voix de leurs repr\u00e9sentants syndicaux, les infirmiers, brancardiers et les aides-soignants d\u00e9plorent que l\u2019augmentation pour conditions dangereuses et nocives, ainsi que \u00a0l\u2019augmentation pour les gardes de nuit et l\u2019augmentation pour les samedis, dimanches et jours f\u00e9ri\u00e9s soient calcul\u00e9e sur la base salariale de 2018, donc sur un salaire ant\u00e9rieur \u00e0 l\u2019application de la loi sur les salaires. Le personnel technique \u00e9conomique et socio-administratif est dans la m\u00eame situation. Un autre probl\u00e8me concerne le fait que le montant des cheque-repas n\u2019est pas non plus mis \u00e0 jour.<\/p>\n<p>Les syndicalistes se disent d\u00e9termin\u00e9s \u00e0 poursuivre les actions de protestation, la prochaine \u00e9tape \u00e9tant une gr\u00e8ve d\u2019avertissement.<\/p>\n<p>&nbsp;<\/p>\n<p><strong>Des protestations de la part des employ\u00e9s p\u00e9nitentiaires<\/strong><\/p>\n<p>Lundi dernier les employ\u00e9s p\u00e9nitentiaires ont \u00e9galement annonc\u00e9 qu\u2019ils protesteraient, dans la plupart des unit\u00e9s de d\u00e9tention, \u00e0 partir du 21 mars, si la loi sur les salaires unitaires ne leur \u00e9tait pas appliqu\u00e9e.<\/p>\n","protected":false},"excerpt":{"rendered":"<p>M\u00e9contents que l\u2019Ex\u00e9cutif n\u2019ait pas pris en compte leurs revendications salariales, lundi dernier les employ\u00e9s des mairies de Roumanie ont lanc\u00e9 un cycle de protestations. Plus pr\u00e9cis\u00e9ment, pendant une semaine, ils feront une gr\u00e8ve d\u2019avertissement de deux heures, chaque jour, et pendant le reste du programme, ils feront une gr\u00e8ve \u00e0 la japonaise par exc\u00e8s [&hellip;]<\/p>\n","protected":false},"author":108,"featured_media":713656,"comment_status":"closed","ping_status":"closed","sticky":false,"template":"","format":"standard","meta":{"_acf_changed":false,"footnotes":""},"categories":[93377],"tags":[85700],"coauthors":[113249],"class_list":["post-713755","post","type-post","status-publish","format-standard","has-post-thumbnail","hentry","category-les-dossiers-de-lactualite","tag-protestations"],"acf":[],"yoast_head":"<!-- This site is optimized with the Yoast SEO plugin v27.3 - https:\/\/yoast.com\/product\/yoast-seo-wordpress\/ -->\n<title>M\u00e9contentements au sein de la soci\u00e9t\u00e9 - Radio Roumanie Internationale<\/title>\n<meta name=\"robots\" content=\"index, follow, max-snippet:-1, max-image-preview:large, max-video-preview:-1\" \/>\n<link rel=\"canonical\" href=\"https:\/\/www.rri.ro\/fr\/actualites\/les-dossiers-de-lactualite\/mecontentements-au-sein-de-la-societe-id713755.html\" \/>\n<meta property=\"og:locale\" content=\"fr_FR\" \/>\n<meta property=\"og:type\" content=\"article\" \/>\n<meta property=\"og:title\" content=\"M\u00e9contentements au sein de la soci\u00e9t\u00e9 - Radio Roumanie Internationale\" \/>\n<meta property=\"og:description\" content=\"M\u00e9contents que l\u2019Ex\u00e9cutif n\u2019ait pas pris en compte leurs revendications salariales, lundi dernier les employ\u00e9s des mairies de Roumanie ont lanc\u00e9 un cycle de protestations. Plus pr\u00e9cis\u00e9ment, pendant une semaine, ils feront une gr\u00e8ve d\u2019avertissement de deux heures, chaque jour, et pendant le reste du programme, ils feront une gr\u00e8ve \u00e0 la japonaise par exc\u00e8s [&hellip;]\" \/>\n<meta property=\"og:url\" content=\"https:\/\/www.rri.ro\/fr\/actualites\/les-dossiers-de-lactualite\/mecontentements-au-sein-de-la-societe-id713755.html\" \/>\n<meta property=\"og:site_name\" content=\"Radio Roumanie Internationale\" \/>\n<meta property=\"article:published_time\" content=\"2024-03-19T10:37:31+00:00\" \/>\n<meta property=\"article:modified_time\" content=\"2024-03-19T10:43:04+00:00\" \/>\n<meta property=\"og:image\" content=\"https:\/\/www.rri.ro\/wp-content\/uploads\/2024\/03\/protest-sanatate-sindicat-sanitas-2023-foto-fb-sanitas.png\" \/>\n\t<meta property=\"og:image:width\" content=\"640\" \/>\n\t<meta property=\"og:image:height\" content=\"480\" \/>\n\t<meta property=\"og:image:type\" content=\"image\/png\" \/>\n<meta name=\"author\" content=\"Corina Cristea\" \/>\n<meta name=\"twitter:card\" content=\"summary_large_image\" \/>\n<meta name=\"twitter:label1\" content=\"\u00c9crit par\" \/>\n\t<meta name=\"twitter:data1\" content=\"Corina Cristea\" \/>\n\t<meta name=\"twitter:label2\" content=\"Dur\u00e9e de lecture estim\u00e9e\" \/>\n\t<meta name=\"twitter:data2\" content=\"3 minutes\" \/>\n\t<meta name=\"twitter:label3\" content=\"Written by\" \/>\n\t<meta name=\"twitter:data3\" content=\"Corina Cristea\" \/>\n<script type=\"application\/ld+json\" class=\"yoast-schema-graph\">{\"@context\":\"https:\\\/\\\/schema.org\",\"@graph\":[{\"@type\":\"Article\",\"@id\":\"https:\\\/\\\/www.rri.ro\\\/fr\\\/actualites\\\/les-dossiers-de-lactualite\\\/mecontentements-au-sein-de-la-societe-id713755.html#article\",\"isPartOf\":{\"@id\":\"https:\\\/\\\/www.rri.ro\\\/fr\\\/actualites\\\/les-dossiers-de-lactualite\\\/mecontentements-au-sein-de-la-societe-id713755.html\"},\"author\":{\"name\":\"Corina Cristea\",\"@id\":\"https:\\\/\\\/www.rri.ro\\\/#\\\/schema\\\/person\\\/f9ab1cb3569dee1b2c033a814bb7f0fc\"},\"headline\":\"M\u00e9contentements au sein de la soci\u00e9t\u00e9\",\"datePublished\":\"2024-03-19T10:37:31+00:00\",\"dateModified\":\"2024-03-19T10:43:04+00:00\",\"mainEntityOfPage\":{\"@id\":\"https:\\\/\\\/www.rri.ro\\\/fr\\\/actualites\\\/les-dossiers-de-lactualite\\\/mecontentements-au-sein-de-la-societe-id713755.html\"},\"wordCount\":651,\"image\":{\"@id\":\"https:\\\/\\\/www.rri.ro\\\/fr\\\/actualites\\\/les-dossiers-de-lactualite\\\/mecontentements-au-sein-de-la-societe-id713755.html#primaryimage\"},\"thumbnailUrl\":\"https:\\\/\\\/www.rri.ro\\\/wp-content\\\/uploads\\\/2024\\\/03\\\/protest-sanatate-sindicat-sanitas-2023-foto-fb-sanitas.png\",\"keywords\":[\"protestations\"],\"articleSection\":[\"Les dossiers de l'actualit\u00e9\"],\"inLanguage\":\"fr-FR\"},{\"@type\":\"WebPage\",\"@id\":\"https:\\\/\\\/www.rri.ro\\\/fr\\\/actualites\\\/les-dossiers-de-lactualite\\\/mecontentements-au-sein-de-la-societe-id713755.html\",\"url\":\"https:\\\/\\\/www.rri.ro\\\/fr\\\/actualites\\\/les-dossiers-de-lactualite\\\/mecontentements-au-sein-de-la-societe-id713755.html\",\"name\":\"M\u00e9contentements au sein de la soci\u00e9t\u00e9 - Radio Roumanie Internationale\",\"isPartOf\":{\"@id\":\"https:\\\/\\\/www.rri.ro\\\/#website\"},\"primaryImageOfPage\":{\"@id\":\"https:\\\/\\\/www.rri.ro\\\/fr\\\/actualites\\\/les-dossiers-de-lactualite\\\/mecontentements-au-sein-de-la-societe-id713755.html#primaryimage\"},\"image\":{\"@id\":\"https:\\\/\\\/www.rri.ro\\\/fr\\\/actualites\\\/les-dossiers-de-lactualite\\\/mecontentements-au-sein-de-la-societe-id713755.html#primaryimage\"},\"thumbnailUrl\":\"https:\\\/\\\/www.rri.ro\\\/wp-content\\\/uploads\\\/2024\\\/03\\\/protest-sanatate-sindicat-sanitas-2023-foto-fb-sanitas.png\",\"datePublished\":\"2024-03-19T10:37:31+00:00\",\"dateModified\":\"2024-03-19T10:43:04+00:00\",\"author\":{\"@id\":\"https:\\\/\\\/www.rri.ro\\\/#\\\/schema\\\/person\\\/f9ab1cb3569dee1b2c033a814bb7f0fc\"},\"breadcrumb\":{\"@id\":\"https:\\\/\\\/www.rri.ro\\\/fr\\\/actualites\\\/les-dossiers-de-lactualite\\\/mecontentements-au-sein-de-la-societe-id713755.html#breadcrumb\"},\"inLanguage\":\"fr-FR\",\"potentialAction\":[{\"@type\":\"ReadAction\",\"target\":[\"https:\\\/\\\/www.rri.ro\\\/fr\\\/actualites\\\/les-dossiers-de-lactualite\\\/mecontentements-au-sein-de-la-societe-id713755.html\"]}]},{\"@type\":\"ImageObject\",\"inLanguage\":\"fr-FR\",\"@id\":\"https:\\\/\\\/www.rri.ro\\\/fr\\\/actualites\\\/les-dossiers-de-lactualite\\\/mecontentements-au-sein-de-la-societe-id713755.html#primaryimage\",\"url\":\"https:\\\/\\\/www.rri.ro\\\/wp-content\\\/uploads\\\/2024\\\/03\\\/protest-sanatate-sindicat-sanitas-2023-foto-fb-sanitas.png\",\"contentUrl\":\"https:\\\/\\\/www.rri.ro\\\/wp-content\\\/uploads\\\/2024\\\/03\\\/protest-sanatate-sindicat-sanitas-2023-foto-fb-sanitas.png\",\"width\":640,\"height\":480,\"caption\":\"Protest al angaja\u0163ilor din sistemul sanitar (foto arhiva: Facebook \\\/ Federatia Sanitas din Romania)\"},{\"@type\":\"BreadcrumbList\",\"@id\":\"https:\\\/\\\/www.rri.ro\\\/fr\\\/actualites\\\/les-dossiers-de-lactualite\\\/mecontentements-au-sein-de-la-societe-id713755.html#breadcrumb\",\"itemListElement\":[{\"@type\":\"ListItem\",\"position\":1,\"name\":\"Page d'accueil\",\"item\":\"https:\\\/\\\/www.rri.ro\\\/fr\"},{\"@type\":\"ListItem\",\"position\":2,\"name\":\"Actualit\u00e9s\",\"item\":\"https:\\\/\\\/www.rri.ro\\\/fr\\\/actualites\"},{\"@type\":\"ListItem\",\"position\":3,\"name\":\"Les dossiers de l'actualit\u00e9\",\"item\":\"https:\\\/\\\/www.rri.ro\\\/fr\\\/actualites\\\/les-dossiers-de-lactualite\"},{\"@type\":\"ListItem\",\"position\":4,\"name\":\"M\u00e9contentements au sein de la soci\u00e9t\u00e9\"}]},{\"@type\":\"WebSite\",\"@id\":\"https:\\\/\\\/www.rri.ro\\\/#website\",\"url\":\"https:\\\/\\\/www.rri.ro\\\/\",\"name\":\"Radio Roumanie Internationale\",\"description\":\"Totul despre Rom\u00e2nia \u015fi rom\u00e2ni, \u00een 13 limbi\\\/dialecte!\",\"inLanguage\":\"fr-FR\"},{\"@type\":\"Person\",\"@id\":\"https:\\\/\\\/www.rri.ro\\\/#\\\/schema\\\/person\\\/f9ab1cb3569dee1b2c033a814bb7f0fc\",\"name\":\"Corina Cristea\",\"url\":\"https:\\\/\\\/www.rri.ro\\\/fr\\\/author\\\/corina-cristea\"}]}<\/script>\n<!-- \/ Yoast SEO plugin. -->","yoast_head_json":{"title":"M\u00e9contentements au sein de la soci\u00e9t\u00e9 - Radio Roumanie Internationale","robots":{"index":"index","follow":"follow","max-snippet":"max-snippet:-1","max-image-preview":"max-image-preview:large","max-video-preview":"max-video-preview:-1"},"canonical":"https:\/\/www.rri.ro\/fr\/actualites\/les-dossiers-de-lactualite\/mecontentements-au-sein-de-la-societe-id713755.html","og_locale":"fr_FR","og_type":"article","og_title":"M\u00e9contentements au sein de la soci\u00e9t\u00e9 - Radio Roumanie Internationale","og_description":"M\u00e9contents que l\u2019Ex\u00e9cutif n\u2019ait pas pris en compte leurs revendications salariales, lundi dernier les employ\u00e9s des mairies de Roumanie ont lanc\u00e9 un cycle de protestations. Plus pr\u00e9cis\u00e9ment, pendant une semaine, ils feront une gr\u00e8ve d\u2019avertissement de deux heures, chaque jour, et pendant le reste du programme, ils feront une gr\u00e8ve \u00e0 la japonaise par exc\u00e8s [&hellip;]","og_url":"https:\/\/www.rri.ro\/fr\/actualites\/les-dossiers-de-lactualite\/mecontentements-au-sein-de-la-societe-id713755.html","og_site_name":"Radio Roumanie Internationale","article_published_time":"2024-03-19T10:37:31+00:00","article_modified_time":"2024-03-19T10:43:04+00:00","og_image":[{"width":640,"height":480,"url":"https:\/\/www.rri.ro\/wp-content\/uploads\/2024\/03\/protest-sanatate-sindicat-sanitas-2023-foto-fb-sanitas.png","type":"image\/png"}],"author":"Corina Cristea","twitter_card":"summary_large_image","twitter_misc":{"\u00c9crit par":"Corina Cristea","Dur\u00e9e de lecture estim\u00e9e":"3 minutes","Written by":"Corina Cristea"},"schema":{"@context":"https:\/\/schema.org","@graph":[{"@type":"Article","@id":"https:\/\/www.rri.ro\/fr\/actualites\/les-dossiers-de-lactualite\/mecontentements-au-sein-de-la-societe-id713755.html#article","isPartOf":{"@id":"https:\/\/www.rri.ro\/fr\/actualites\/les-dossiers-de-lactualite\/mecontentements-au-sein-de-la-societe-id713755.html"},"author":{"name":"Corina Cristea","@id":"https:\/\/www.rri.ro\/#\/schema\/person\/f9ab1cb3569dee1b2c033a814bb7f0fc"},"headline":"M\u00e9contentements au sein de la soci\u00e9t\u00e9","datePublished":"2024-03-19T10:37:31+00:00","dateModified":"2024-03-19T10:43:04+00:00","mainEntityOfPage":{"@id":"https:\/\/www.rri.ro\/fr\/actualites\/les-dossiers-de-lactualite\/mecontentements-au-sein-de-la-societe-id713755.html"},"wordCount":651,"image":{"@id":"https:\/\/www.rri.ro\/fr\/actualites\/les-dossiers-de-lactualite\/mecontentements-au-sein-de-la-societe-id713755.html#primaryimage"},"thumbnailUrl":"https:\/\/www.rri.ro\/wp-content\/uploads\/2024\/03\/protest-sanatate-sindicat-sanitas-2023-foto-fb-sanitas.png","keywords":["protestations"],"articleSection":["Les dossiers de l'actualit\u00e9"],"inLanguage":"fr-FR"},{"@type":"WebPage","@id":"https:\/\/www.rri.ro\/fr\/actualites\/les-dossiers-de-lactualite\/mecontentements-au-sein-de-la-societe-id713755.html","url":"https:\/\/www.rri.ro\/fr\/actualites\/les-dossiers-de-lactualite\/mecontentements-au-sein-de-la-societe-id713755.html","name":"M\u00e9contentements au sein de la soci\u00e9t\u00e9 - Radio Roumanie Internationale","isPartOf":{"@id":"https:\/\/www.rri.ro\/#website"},"primaryImageOfPage":{"@id":"https:\/\/www.rri.ro\/fr\/actualites\/les-dossiers-de-lactualite\/mecontentements-au-sein-de-la-societe-id713755.html#primaryimage"},"image":{"@id":"https:\/\/www.rri.ro\/fr\/actualites\/les-dossiers-de-lactualite\/mecontentements-au-sein-de-la-societe-id713755.html#primaryimage"},"thumbnailUrl":"https:\/\/www.rri.ro\/wp-content\/uploads\/2024\/03\/protest-sanatate-sindicat-sanitas-2023-foto-fb-sanitas.png","datePublished":"2024-03-19T10:37:31+00:00","dateModified":"2024-03-19T10:43:04+00:00","author":{"@id":"https:\/\/www.rri.ro\/#\/schema\/person\/f9ab1cb3569dee1b2c033a814bb7f0fc"},"breadcrumb":{"@id":"https:\/\/www.rri.ro\/fr\/actualites\/les-dossiers-de-lactualite\/mecontentements-au-sein-de-la-societe-id713755.html#breadcrumb"},"inLanguage":"fr-FR","potentialAction":[{"@type":"ReadAction","target":["https:\/\/www.rri.ro\/fr\/actualites\/les-dossiers-de-lactualite\/mecontentements-au-sein-de-la-societe-id713755.html"]}]},{"@type":"ImageObject","inLanguage":"fr-FR","@id":"https:\/\/www.rri.ro\/fr\/actualites\/les-dossiers-de-lactualite\/mecontentements-au-sein-de-la-societe-id713755.html#primaryimage","url":"https:\/\/www.rri.ro\/wp-content\/uploads\/2024\/03\/protest-sanatate-sindicat-sanitas-2023-foto-fb-sanitas.png","contentUrl":"https:\/\/www.rri.ro\/wp-content\/uploads\/2024\/03\/protest-sanatate-sindicat-sanitas-2023-foto-fb-sanitas.png","width":640,"height":480,"caption":"Protest al angaja\u0163ilor din sistemul sanitar (foto arhiva: Facebook \/ Federatia Sanitas din Romania)"},{"@type":"BreadcrumbList","@id":"https:\/\/www.rri.ro\/fr\/actualites\/les-dossiers-de-lactualite\/mecontentements-au-sein-de-la-societe-id713755.html#breadcrumb","itemListElement":[{"@type":"ListItem","position":1,"name":"Page d'accueil","item":"https:\/\/www.rri.ro\/fr"},{"@type":"ListItem","position":2,"name":"Actualit\u00e9s","item":"https:\/\/www.rri.ro\/fr\/actualites"},{"@type":"ListItem","position":3,"name":"Les dossiers de l'actualit\u00e9","item":"https:\/\/www.rri.ro\/fr\/actualites\/les-dossiers-de-lactualite"},{"@type":"ListItem","position":4,"name":"M\u00e9contentements au sein de la soci\u00e9t\u00e9"}]},{"@type":"WebSite","@id":"https:\/\/www.rri.ro\/#website","url":"https:\/\/www.rri.ro\/","name":"Radio Roumanie Internationale","description":"Totul despre Rom\u00e2nia \u015fi rom\u00e2ni, \u00een 13 limbi\/dialecte!","inLanguage":"fr-FR"},{"@type":"Person","@id":"https:\/\/www.rri.ro\/#\/schema\/person\/f9ab1cb3569dee1b2c033a814bb7f0fc","name":"Corina Cristea","url":"https:\/\/www.rri.ro\/fr\/author\/corina-cristea"}]}},"_links":{"self":[{"href":"https:\/\/www.rri.ro\/fr\/wp-json\/wp\/v2\/posts\/713755","targetHints":{"allow":["GET"]}}],"collection":[{"href":"https:\/\/www.rri.ro\/fr\/wp-json\/wp\/v2\/posts"}],"about":[{"href":"https:\/\/www.rri.ro\/fr\/wp-json\/wp\/v2\/types\/post"}],"author":[{"embeddable":true,"href":"https:\/\/www.rri.ro\/fr\/wp-json\/wp\/v2\/users\/108"}],"replies":[{"embeddable":true,"href":"https:\/\/www.rri.ro\/fr\/wp-json\/wp\/v2\/comments?post=713755"}],"version-history":[{"count":0,"href":"https:\/\/www.rri.ro\/fr\/wp-json\/wp\/v2\/posts\/713755\/revisions"}],"wp:featuredmedia":[{"embeddable":true,"href":"https:\/\/www.rri.ro\/fr\/wp-json\/wp\/v2\/media\/713656"}],"wp:attachment":[{"href":"https:\/\/www.rri.ro\/fr\/wp-json\/wp\/v2\/media?parent=713755"}],"wp:term":[{"taxonomy":"category","embeddable":true,"href":"https:\/\/www.rri.ro\/fr\/wp-json\/wp\/v2\/categories?post=713755"},{"taxonomy":"post_tag","embeddable":true,"href":"https:\/\/www.rri.ro\/fr\/wp-json\/wp\/v2\/tags?post=713755"},{"taxonomy":"author","embeddable":true,"href":"https:\/\/www.rri.ro\/fr\/wp-json\/wp\/v2\/coauthors?post=713755"}],"curies":[{"name":"wp","href":"https:\/\/api.w.org\/{rel}","templated":true}]}}