{"id":750651,"date":"2024-04-19T13:03:31","date_gmt":"2024-04-19T10:03:31","guid":{"rendered":"https:\/\/www.rri.ro\/?p=750651"},"modified":"2024-04-19T13:03:31","modified_gmt":"2024-04-19T10:03:31","slug":"la-roumanie-et-ladhesion-a-la-zone-schengen","status":"publish","type":"post","link":"https:\/\/www.rri.ro\/fr\/actualites\/la-roumanie-et-ladhesion-a-la-zone-schengen-id750651.html","title":{"rendered":"La Roumanie et l\u2019adh\u00e9sion \u00e0 la zone Schengen"},"content":{"rendered":"<p>Le 31 mars, la Roumanie et la Bulgarie voisine ont partiellement rejoint l\u2019Espace Schengen de libre circulation, apr\u00e8s la d\u00e9cision du Conseil Justice et Affaires Int\u00e9rieures de l\u2019UE de lev\u00e9e les contr\u00f4les \u00e0 leurs fronti\u00e8res a\u00e9riennes et maritimes internes. Des mesures devenues possibles apr\u00e8s que l\u2019Autriche a assoupli son v\u00e9to \u00e0 l\u2019adh\u00e9sion de ces deux pays. D\u00e9sormais, la zone de libre circulation a une seule fronti\u00e8re ext\u00e9rieure o\u00f9 les contr\u00f4les se d\u00e9roulent selon une s\u00e9rie de r\u00e8gles claires en mati\u00e8re de visas, migration, droit d\u2019asile et coop\u00e9ration polici\u00e8re, judiciaire et douani\u00e8re.<\/p>\n<p>&nbsp;<\/p>\n<p><strong>Dans un rapport sollicit\u00e9 par le Conseil, on insiste sur la n\u00e9cessit\u00e9 d\u2019une adh\u00e9sion int\u00e9grale de la Roumanie et de la Bulgarie \u00e0 la zone de libre circulation<\/strong><\/p>\n<p>Pr\u00e9sent \u00e0 la r\u00e9union extraordinaire du Conseil europ\u00e9en d\u00e9roul\u00e9e cette semaine, \u00e0 Bruxelles, le chef de l\u2019Etat roumain, Klaus Iohannis, a invoqu\u00e9 la n\u00e9cessit\u00e9 d\u2019\u00e9liminer tous les obstacles au bon fonctionnement du march\u00e9 unique, en permettant la libert\u00e9 de circulation des personnes et des marchandises. C\u2019est un des aspects tr\u00e8s importants dans le contexte des efforts men\u00e9s par la Roumanie d\u2019int\u00e9grer enti\u00e8rement l\u2019Espace Schengen, en levant les contr\u00f4les aux fronti\u00e8res terrestres. Dans un rapport sollicit\u00e9 par le Conseil, on insiste sur la n\u00e9cessit\u00e9 d\u2019une adh\u00e9sion int\u00e9grale de la Roumanie et de la Bulgarie \u00e0 la zone de libre circulation, afin d\u2019encourager le march\u00e9 unique.<\/p>\n<p>&nbsp;<\/p>\n<p><strong>La commissaire europ\u00e9enne a exprim\u00e9 son espoir que Bucarest et Sofia se voient proposer une date concr\u00e8te de leur \u00a0adh\u00e9sion enti\u00e8re \u00e0 Schengen<\/strong><\/p>\n<p>Entre temps, \u00e0 Sofia, le ministre roumain des Affaires Int\u00e9rieures, Catalin Predoiu, et la commissaire europ\u00e9enne charg\u00e9e des Affaires Int\u00e9rieures, Ylva Johansson, ont eu une discussion avec le ministre bulgare de l\u2019Int\u00e9rieur, Kalin Stoyanov, cibl\u00e9e sur le dossier Schengen. Le responsable de Bucarest a d\u00e9clar\u00e9 qu\u2019aussi bien la Roumanie que la Bulgarie, sont pr\u00eates pour lever les contr\u00f4les \u00e0 leurs fronti\u00e8res terrestres. Et lui d\u2019ajouter que les autorit\u00e9s des deux pays ont examin\u00e9 en d\u00e9tails des aspects de lutte contre \u00a0le crime organis\u00e9 et l\u2019immigration ill\u00e9gale. Pour sa part, la commissaire europ\u00e9enne a exprim\u00e9 son espoir que Bucarest et Sofia se voient proposer une date concr\u00e8te de leur \u00a0adh\u00e9sion enti\u00e8re \u00e0 Schengen, selon la volont\u00e9 de l\u2019Ex\u00e9cutif communautaire. Et elle de pr\u00e9ciser que le sujet sera d\u00e9battu lors du Conseil Justice et Affaires Int\u00e9rieures pr\u00e9vu mi-juin. \u00ab\u00a0Nous avons eu un \u00e9change d\u2019opinion particuli\u00e8rement constructif lors duquel les deux ministres, Stoyanov et Predoiu, ont mis en \u00e9vidence les progr\u00e8s enregistr\u00e9s par leurs pays\u00a0\u00bb a expliqu\u00e9 Ylva Johansson. Elle a tenu \u00e0 pr\u00e9ciser qu\u2019\u00e0 l\u2019heure o\u00f9 l\u2019on parle et gr\u00e2ce aux efforts d\u00e9ploy\u00e9s, la Roumanie et la Bulgarie sont mieux pr\u00e9parer \u00e0 respecter les crit\u00e8res de la zone de libre circulation que certains de ses pays membres.<\/p>\n","protected":false},"excerpt":{"rendered":"<p>Le 31 mars, la Roumanie et la Bulgarie voisine ont partiellement rejoint l\u2019Espace Schengen de libre circulation, apr\u00e8s la d\u00e9cision du Conseil Justice et Affaires Int\u00e9rieures de l\u2019UE de lev\u00e9e les contr\u00f4les \u00e0 leurs fronti\u00e8res a\u00e9riennes et maritimes internes. Des mesures devenues possibles apr\u00e8s que l\u2019Autriche a assoupli son v\u00e9to \u00e0 l\u2019adh\u00e9sion de ces deux [&hellip;]<\/p>\n","protected":false},"author":46,"featured_media":705948,"comment_status":"closed","ping_status":"closed","sticky":false,"template":"","format":"standard","meta":{"_acf_changed":false,"footnotes":""},"categories":[88981,93377],"tags":[85519,85412,143630],"coauthors":[115852],"class_list":["post-750651","post","type-post","status-publish","format-standard","has-post-thumbnail","hentry","category-actualites","category-les-dossiers-de-lactualite","tag-bulgarie","tag-roumanie","tag-schengen-fr"],"acf":[],"yoast_head":"<!-- This site is optimized with the Yoast SEO plugin v27.3 - https:\/\/yoast.com\/product\/yoast-seo-wordpress\/ -->\n<title>La Roumanie et l\u2019adh\u00e9sion \u00e0 la zone Schengen - Radio Roumanie Internationale<\/title>\n<meta name=\"robots\" content=\"index, follow, max-snippet:-1, max-image-preview:large, max-video-preview:-1\" \/>\n<link rel=\"canonical\" href=\"https:\/\/www.rri.ro\/fr\/actualites\/la-roumanie-et-ladhesion-a-la-zone-schengen-id750651.html\" \/>\n<meta property=\"og:locale\" content=\"fr_FR\" \/>\n<meta property=\"og:type\" content=\"article\" \/>\n<meta property=\"og:title\" content=\"La Roumanie et l\u2019adh\u00e9sion \u00e0 la zone Schengen - Radio Roumanie Internationale\" \/>\n<meta property=\"og:description\" content=\"Le 31 mars, la Roumanie et la Bulgarie voisine ont partiellement rejoint l\u2019Espace Schengen de libre circulation, apr\u00e8s la d\u00e9cision du Conseil Justice et Affaires Int\u00e9rieures de l\u2019UE de lev\u00e9e les contr\u00f4les \u00e0 leurs fronti\u00e8res a\u00e9riennes et maritimes internes. Des mesures devenues possibles apr\u00e8s que l\u2019Autriche a assoupli son v\u00e9to \u00e0 l\u2019adh\u00e9sion de ces deux [&hellip;]\" \/>\n<meta property=\"og:url\" content=\"https:\/\/www.rri.ro\/fr\/actualites\/la-roumanie-et-ladhesion-a-la-zone-schengen-id750651.html\" \/>\n<meta property=\"og:site_name\" content=\"Radio Roumanie Internationale\" \/>\n<meta property=\"article:published_time\" content=\"2024-04-19T10:03:31+00:00\" \/>\n<meta property=\"og:image\" content=\"https:\/\/www.rri.ro\/wp-content\/uploads\/2024\/03\/schengen-steag-ue-sursa-foto-pixabay.jpg\" \/>\n\t<meta property=\"og:image:width\" content=\"1200\" \/>\n\t<meta property=\"og:image:height\" content=\"795\" \/>\n\t<meta property=\"og:image:type\" content=\"image\/jpeg\" \/>\n<meta name=\"author\" content=\"Leyla Cheamil\" \/>\n<meta name=\"twitter:card\" content=\"summary_large_image\" \/>\n<meta name=\"twitter:label1\" content=\"\u00c9crit par\" \/>\n\t<meta name=\"twitter:data1\" content=\"Leyla Cheamil\" \/>\n\t<meta name=\"twitter:label2\" content=\"Dur\u00e9e de lecture estim\u00e9e\" \/>\n\t<meta name=\"twitter:data2\" content=\"3 minutes\" \/>\n\t<meta name=\"twitter:label3\" content=\"Written by\" \/>\n\t<meta name=\"twitter:data3\" content=\"Leyla Cheamil\" \/>\n<script type=\"application\/ld+json\" class=\"yoast-schema-graph\">{\"@context\":\"https:\\\/\\\/schema.org\",\"@graph\":[{\"@type\":\"Article\",\"@id\":\"https:\\\/\\\/www.rri.ro\\\/fr\\\/actualites\\\/la-roumanie-et-ladhesion-a-la-zone-schengen-id750651.html#article\",\"isPartOf\":{\"@id\":\"https:\\\/\\\/www.rri.ro\\\/fr\\\/actualites\\\/la-roumanie-et-ladhesion-a-la-zone-schengen-id750651.html\"},\"author\":{\"name\":\"Leyla Cheamil\",\"@id\":\"https:\\\/\\\/www.rri.ro\\\/#\\\/schema\\\/person\\\/e6364ed2d4b6af207a82ca66000d07e0\"},\"headline\":\"La Roumanie et l\u2019adh\u00e9sion \u00e0 la zone Schengen\",\"datePublished\":\"2024-04-19T10:03:31+00:00\",\"mainEntityOfPage\":{\"@id\":\"https:\\\/\\\/www.rri.ro\\\/fr\\\/actualites\\\/la-roumanie-et-ladhesion-a-la-zone-schengen-id750651.html\"},\"wordCount\":544,\"image\":{\"@id\":\"https:\\\/\\\/www.rri.ro\\\/fr\\\/actualites\\\/la-roumanie-et-ladhesion-a-la-zone-schengen-id750651.html#primaryimage\"},\"thumbnailUrl\":\"https:\\\/\\\/www.rri.ro\\\/wp-content\\\/uploads\\\/2024\\\/03\\\/schengen-steag-ue-sursa-foto-pixabay.jpg\",\"keywords\":[\"Bulgarie\",\"Roumanie\",\"Schengen\"],\"articleSection\":[\"Actualit\u00e9s\",\"Les dossiers de l'actualit\u00e9\"],\"inLanguage\":\"fr-FR\"},{\"@type\":\"WebPage\",\"@id\":\"https:\\\/\\\/www.rri.ro\\\/fr\\\/actualites\\\/la-roumanie-et-ladhesion-a-la-zone-schengen-id750651.html\",\"url\":\"https:\\\/\\\/www.rri.ro\\\/fr\\\/actualites\\\/la-roumanie-et-ladhesion-a-la-zone-schengen-id750651.html\",\"name\":\"La Roumanie et l\u2019adh\u00e9sion \u00e0 la zone Schengen - Radio Roumanie Internationale\",\"isPartOf\":{\"@id\":\"https:\\\/\\\/www.rri.ro\\\/#website\"},\"primaryImageOfPage\":{\"@id\":\"https:\\\/\\\/www.rri.ro\\\/fr\\\/actualites\\\/la-roumanie-et-ladhesion-a-la-zone-schengen-id750651.html#primaryimage\"},\"image\":{\"@id\":\"https:\\\/\\\/www.rri.ro\\\/fr\\\/actualites\\\/la-roumanie-et-ladhesion-a-la-zone-schengen-id750651.html#primaryimage\"},\"thumbnailUrl\":\"https:\\\/\\\/www.rri.ro\\\/wp-content\\\/uploads\\\/2024\\\/03\\\/schengen-steag-ue-sursa-foto-pixabay.jpg\",\"datePublished\":\"2024-04-19T10:03:31+00:00\",\"author\":{\"@id\":\"https:\\\/\\\/www.rri.ro\\\/#\\\/schema\\\/person\\\/e6364ed2d4b6af207a82ca66000d07e0\"},\"breadcrumb\":{\"@id\":\"https:\\\/\\\/www.rri.ro\\\/fr\\\/actualites\\\/la-roumanie-et-ladhesion-a-la-zone-schengen-id750651.html#breadcrumb\"},\"inLanguage\":\"fr-FR\",\"potentialAction\":[{\"@type\":\"ReadAction\",\"target\":[\"https:\\\/\\\/www.rri.ro\\\/fr\\\/actualites\\\/la-roumanie-et-ladhesion-a-la-zone-schengen-id750651.html\"]}]},{\"@type\":\"ImageObject\",\"inLanguage\":\"fr-FR\",\"@id\":\"https:\\\/\\\/www.rri.ro\\\/fr\\\/actualites\\\/la-roumanie-et-ladhesion-a-la-zone-schengen-id750651.html#primaryimage\",\"url\":\"https:\\\/\\\/www.rri.ro\\\/wp-content\\\/uploads\\\/2024\\\/03\\\/schengen-steag-ue-sursa-foto-pixabay.jpg\",\"contentUrl\":\"https:\\\/\\\/www.rri.ro\\\/wp-content\\\/uploads\\\/2024\\\/03\\\/schengen-steag-ue-sursa-foto-pixabay.jpg\",\"width\":1200,\"height\":795,\"caption\":\"schengen-steag-ue sursa foto pixabay\"},{\"@type\":\"BreadcrumbList\",\"@id\":\"https:\\\/\\\/www.rri.ro\\\/fr\\\/actualites\\\/la-roumanie-et-ladhesion-a-la-zone-schengen-id750651.html#breadcrumb\",\"itemListElement\":[{\"@type\":\"ListItem\",\"position\":1,\"name\":\"Page d'accueil\",\"item\":\"https:\\\/\\\/www.rri.ro\\\/fr\"},{\"@type\":\"ListItem\",\"position\":2,\"name\":\"Actualit\u00e9s\",\"item\":\"https:\\\/\\\/www.rri.ro\\\/fr\\\/actualites\"},{\"@type\":\"ListItem\",\"position\":3,\"name\":\"Les dossiers de l'actualit\u00e9\",\"item\":\"https:\\\/\\\/www.rri.ro\\\/fr\\\/actualites\\\/les-dossiers-de-lactualite\"},{\"@type\":\"ListItem\",\"position\":4,\"name\":\"La Roumanie et l\u2019adh\u00e9sion \u00e0 la zone Schengen\"}]},{\"@type\":\"WebSite\",\"@id\":\"https:\\\/\\\/www.rri.ro\\\/#website\",\"url\":\"https:\\\/\\\/www.rri.ro\\\/\",\"name\":\"Radio Roumanie Internationale\",\"description\":\"Totul despre Rom\u00e2nia \u015fi rom\u00e2ni, \u00een 13 limbi\\\/dialecte!\",\"inLanguage\":\"fr-FR\"},{\"@type\":\"Person\",\"@id\":\"https:\\\/\\\/www.rri.ro\\\/#\\\/schema\\\/person\\\/e6364ed2d4b6af207a82ca66000d07e0\",\"name\":\"Leyla Cheamil\",\"url\":\"https:\\\/\\\/www.rri.ro\\\/fr\\\/author\\\/leyla-cheamil\"}]}<\/script>\n<!-- \/ Yoast SEO plugin. -->","yoast_head_json":{"title":"La Roumanie et l\u2019adh\u00e9sion \u00e0 la zone Schengen - Radio Roumanie Internationale","robots":{"index":"index","follow":"follow","max-snippet":"max-snippet:-1","max-image-preview":"max-image-preview:large","max-video-preview":"max-video-preview:-1"},"canonical":"https:\/\/www.rri.ro\/fr\/actualites\/la-roumanie-et-ladhesion-a-la-zone-schengen-id750651.html","og_locale":"fr_FR","og_type":"article","og_title":"La Roumanie et l\u2019adh\u00e9sion \u00e0 la zone Schengen - Radio Roumanie Internationale","og_description":"Le 31 mars, la Roumanie et la Bulgarie voisine ont partiellement rejoint l\u2019Espace Schengen de libre circulation, apr\u00e8s la d\u00e9cision du Conseil Justice et Affaires Int\u00e9rieures de l\u2019UE de lev\u00e9e les contr\u00f4les \u00e0 leurs fronti\u00e8res a\u00e9riennes et maritimes internes. Des mesures devenues possibles apr\u00e8s que l\u2019Autriche a assoupli son v\u00e9to \u00e0 l\u2019adh\u00e9sion de ces deux [&hellip;]","og_url":"https:\/\/www.rri.ro\/fr\/actualites\/la-roumanie-et-ladhesion-a-la-zone-schengen-id750651.html","og_site_name":"Radio Roumanie Internationale","article_published_time":"2024-04-19T10:03:31+00:00","og_image":[{"width":1200,"height":795,"url":"https:\/\/www.rri.ro\/wp-content\/uploads\/2024\/03\/schengen-steag-ue-sursa-foto-pixabay.jpg","type":"image\/jpeg"}],"author":"Leyla Cheamil","twitter_card":"summary_large_image","twitter_misc":{"\u00c9crit par":"Leyla Cheamil","Dur\u00e9e de lecture estim\u00e9e":"3 minutes","Written by":"Leyla Cheamil"},"schema":{"@context":"https:\/\/schema.org","@graph":[{"@type":"Article","@id":"https:\/\/www.rri.ro\/fr\/actualites\/la-roumanie-et-ladhesion-a-la-zone-schengen-id750651.html#article","isPartOf":{"@id":"https:\/\/www.rri.ro\/fr\/actualites\/la-roumanie-et-ladhesion-a-la-zone-schengen-id750651.html"},"author":{"name":"Leyla Cheamil","@id":"https:\/\/www.rri.ro\/#\/schema\/person\/e6364ed2d4b6af207a82ca66000d07e0"},"headline":"La Roumanie et l\u2019adh\u00e9sion \u00e0 la zone Schengen","datePublished":"2024-04-19T10:03:31+00:00","mainEntityOfPage":{"@id":"https:\/\/www.rri.ro\/fr\/actualites\/la-roumanie-et-ladhesion-a-la-zone-schengen-id750651.html"},"wordCount":544,"image":{"@id":"https:\/\/www.rri.ro\/fr\/actualites\/la-roumanie-et-ladhesion-a-la-zone-schengen-id750651.html#primaryimage"},"thumbnailUrl":"https:\/\/www.rri.ro\/wp-content\/uploads\/2024\/03\/schengen-steag-ue-sursa-foto-pixabay.jpg","keywords":["Bulgarie","Roumanie","Schengen"],"articleSection":["Actualit\u00e9s","Les dossiers de l'actualit\u00e9"],"inLanguage":"fr-FR"},{"@type":"WebPage","@id":"https:\/\/www.rri.ro\/fr\/actualites\/la-roumanie-et-ladhesion-a-la-zone-schengen-id750651.html","url":"https:\/\/www.rri.ro\/fr\/actualites\/la-roumanie-et-ladhesion-a-la-zone-schengen-id750651.html","name":"La Roumanie et l\u2019adh\u00e9sion \u00e0 la zone Schengen - Radio Roumanie Internationale","isPartOf":{"@id":"https:\/\/www.rri.ro\/#website"},"primaryImageOfPage":{"@id":"https:\/\/www.rri.ro\/fr\/actualites\/la-roumanie-et-ladhesion-a-la-zone-schengen-id750651.html#primaryimage"},"image":{"@id":"https:\/\/www.rri.ro\/fr\/actualites\/la-roumanie-et-ladhesion-a-la-zone-schengen-id750651.html#primaryimage"},"thumbnailUrl":"https:\/\/www.rri.ro\/wp-content\/uploads\/2024\/03\/schengen-steag-ue-sursa-foto-pixabay.jpg","datePublished":"2024-04-19T10:03:31+00:00","author":{"@id":"https:\/\/www.rri.ro\/#\/schema\/person\/e6364ed2d4b6af207a82ca66000d07e0"},"breadcrumb":{"@id":"https:\/\/www.rri.ro\/fr\/actualites\/la-roumanie-et-ladhesion-a-la-zone-schengen-id750651.html#breadcrumb"},"inLanguage":"fr-FR","potentialAction":[{"@type":"ReadAction","target":["https:\/\/www.rri.ro\/fr\/actualites\/la-roumanie-et-ladhesion-a-la-zone-schengen-id750651.html"]}]},{"@type":"ImageObject","inLanguage":"fr-FR","@id":"https:\/\/www.rri.ro\/fr\/actualites\/la-roumanie-et-ladhesion-a-la-zone-schengen-id750651.html#primaryimage","url":"https:\/\/www.rri.ro\/wp-content\/uploads\/2024\/03\/schengen-steag-ue-sursa-foto-pixabay.jpg","contentUrl":"https:\/\/www.rri.ro\/wp-content\/uploads\/2024\/03\/schengen-steag-ue-sursa-foto-pixabay.jpg","width":1200,"height":795,"caption":"schengen-steag-ue sursa foto pixabay"},{"@type":"BreadcrumbList","@id":"https:\/\/www.rri.ro\/fr\/actualites\/la-roumanie-et-ladhesion-a-la-zone-schengen-id750651.html#breadcrumb","itemListElement":[{"@type":"ListItem","position":1,"name":"Page d'accueil","item":"https:\/\/www.rri.ro\/fr"},{"@type":"ListItem","position":2,"name":"Actualit\u00e9s","item":"https:\/\/www.rri.ro\/fr\/actualites"},{"@type":"ListItem","position":3,"name":"Les dossiers de l'actualit\u00e9","item":"https:\/\/www.rri.ro\/fr\/actualites\/les-dossiers-de-lactualite"},{"@type":"ListItem","position":4,"name":"La Roumanie et l\u2019adh\u00e9sion \u00e0 la zone Schengen"}]},{"@type":"WebSite","@id":"https:\/\/www.rri.ro\/#website","url":"https:\/\/www.rri.ro\/","name":"Radio Roumanie Internationale","description":"Totul despre Rom\u00e2nia \u015fi rom\u00e2ni, \u00een 13 limbi\/dialecte!","inLanguage":"fr-FR"},{"@type":"Person","@id":"https:\/\/www.rri.ro\/#\/schema\/person\/e6364ed2d4b6af207a82ca66000d07e0","name":"Leyla Cheamil","url":"https:\/\/www.rri.ro\/fr\/author\/leyla-cheamil"}]}},"_links":{"self":[{"href":"https:\/\/www.rri.ro\/fr\/wp-json\/wp\/v2\/posts\/750651","targetHints":{"allow":["GET"]}}],"collection":[{"href":"https:\/\/www.rri.ro\/fr\/wp-json\/wp\/v2\/posts"}],"about":[{"href":"https:\/\/www.rri.ro\/fr\/wp-json\/wp\/v2\/types\/post"}],"author":[{"embeddable":true,"href":"https:\/\/www.rri.ro\/fr\/wp-json\/wp\/v2\/users\/46"}],"replies":[{"embeddable":true,"href":"https:\/\/www.rri.ro\/fr\/wp-json\/wp\/v2\/comments?post=750651"}],"version-history":[{"count":0,"href":"https:\/\/www.rri.ro\/fr\/wp-json\/wp\/v2\/posts\/750651\/revisions"}],"wp:featuredmedia":[{"embeddable":true,"href":"https:\/\/www.rri.ro\/fr\/wp-json\/wp\/v2\/media\/705948"}],"wp:attachment":[{"href":"https:\/\/www.rri.ro\/fr\/wp-json\/wp\/v2\/media?parent=750651"}],"wp:term":[{"taxonomy":"category","embeddable":true,"href":"https:\/\/www.rri.ro\/fr\/wp-json\/wp\/v2\/categories?post=750651"},{"taxonomy":"post_tag","embeddable":true,"href":"https:\/\/www.rri.ro\/fr\/wp-json\/wp\/v2\/tags?post=750651"},{"taxonomy":"author","embeddable":true,"href":"https:\/\/www.rri.ro\/fr\/wp-json\/wp\/v2\/coauthors?post=750651"}],"curies":[{"name":"wp","href":"https:\/\/api.w.org\/{rel}","templated":true}]}}