{"id":778178,"date":"2024-06-13T12:12:59","date_gmt":"2024-06-13T09:12:59","guid":{"rendered":"https:\/\/www.rri.ro\/?p=778178"},"modified":"2024-06-13T12:44:58","modified_gmt":"2024-06-13T09:44:58","slug":"une-inflation-a-la-baisse","status":"publish","type":"post","link":"https:\/\/www.rri.ro\/fr\/actualites\/complement-dactu\/une-inflation-a-la-baisse-id778178.html","title":{"rendered":"Une inflation \u00e0 la baisse"},"content":{"rendered":"<p><strong>Des prix \u00e0 la baisse<\/strong><\/p>\n<p>&nbsp;<\/p>\n<p>En Roumanie, le taux d\u2019inflation annuel a baiss\u00e9 de 5,9 % en avril \u00e0 5,12 % en mai, selon l\u2019Institut national de statistique, soit son niveau le plus bas des trois derni\u00e8res ann\u00e9es. Selon l\u2019INS, les produits alimentaires tels que les produits de meunerie et de boulangerie, les l\u00e9gumes, les pommes de terre, l\u2019huile ou le beurre sont devenus moins chers, ainsi que l\u2019\u00e9lectricit\u00e9 et le gaz, de 8 %. En revanche, les prix des produits non alimentaires tels que les chaussures, les meubles ou les d\u00e9tergents, ainsi que des services, dont notamment les transports a\u00e9riens, ont augment\u00e9 en moyenne de plus de 21 %. L\u2019analyste \u00e9conomique Bogdan Gl\u0103van estime que l\u2019inflation est \u00e0 la baisse, notamment parce que le choc caus\u00e9 par la hausse des prix de l\u2019\u00e9nergie est en train de se dissiper, et que c\u2019est un ph\u00e9nom\u00e8ne qui se manifeste \u00e0 l\u2019\u00e9chelle mondiale.<\/p>\n<p>&nbsp;<\/p>\n<p>Bogdan Gl\u0103van:\u00a0<em>\u00ab\u00a0Dans d\u2019autres pays, l\u2019inflation a baiss\u00e9 plus rapidement qu\u2019en Roumanie, car nous avons \u00e9galement nos probl\u00e8mes internes qui entra\u00eenent une augmentation des prix, c\u2019est-\u00e0-dire des d\u00e9penses publiques excessives. En ce qui concerne l\u2019\u00e9nergie, on assiste maintenant au ph\u00e9nom\u00e8ne inverse \u00e0 celui de 2022. La baisse du co\u00fbt de l\u2019\u00e9nergie entra\u00eenera progressivement une mod\u00e9ration de l\u2019inflation ou la stabilisation des prix. La seule question est : \u00e0 quelle vitesse ? Ainsi, constatons-nous des baisses de tarifs dans le domaine de l\u2019\u00e9nergie. De m\u00eame, somme toute, ce mois-ci, nous avons \u00e9galement observ\u00e9 une stabilisation ou une l\u00e9g\u00e8re baisse des prix des denr\u00e9es alimentaires, ph\u00e9nom\u00e8ne \u00e9galement li\u00e9 au contexte international. A regarder ce qui se passe \u00e0 l\u2019\u00e9chelle mondiale, on constate que cela fait plusieurs mois d\u00e9j\u00e0 que le prix des denr\u00e9es alimentaires est \u00e0 la baisse. Il \u00e9tait donc naturel que cela se refl\u00e8te \u00e9galement en Roumanie.\u00bb<\/em><\/p>\n<p>&nbsp;<\/p>\n<p>&nbsp;<\/p>\n<p><strong>Encore difficile pour les secteurs o\u00f9 l&rsquo;inflation a \u00e9clat\u00e9 plus tard\u00a0<\/strong><\/p>\n<p>&nbsp;<\/p>\n<p>Selon l\u2019analyste \u00e9conomique, dans les prochains mois, la Roumanie conna\u00eetra une \u00e9volution stable en ce qui concerne l\u2019inflation et les prix continueront \u00e0 baisser. Bogdan Gl\u0103van explique que, historiquement, le prix des denr\u00e9es alimentaires pr\u00e9sente \u00e9galement une composante saisonni\u00e8re. Par cons\u00e9quent, pendant l\u2019\u00e9t\u00e9, nous assistons g\u00e9n\u00e9ralement \u00e0 des baisses de prix. Il souligne que les probl\u00e8mes li\u00e9s aux augmentations de prix plus significatives persistent dans les secteurs o\u00f9 l\u2019inflation s\u2019est manifest\u00e9e plus tard, par exemple dans le secteur des services, o\u00f9 une derni\u00e8re tendance inflationniste est \u00e0 constater.<\/p>\n<p>&nbsp;<\/p>\n<p><em>Bogdan Gl\u0103van:\u00a0\u00ab\u00a0Les tarifs de l\u2019\u00e9nergie sont \u00e0 la baisse. Il en va de m\u00eame pour les aliments. Tous ces \u00e9l\u00e9ments exercent une pression sur l\u2019inflation, la comprimant. Cependant, des probl\u00e8mes persistent dans d\u2019autres secteurs, l\u00e0 o\u00f9 l\u2019inflation a \u00e9clat\u00e9 plus tard. Alors, si l\u2019inflation a d\u2019abord touch\u00e9 le secteur de l\u2019\u00e9nergie, elle s\u2019est progressivement propag\u00e9e dans l\u2019\u00e9conomie, affectant toutes les autres branches \u00e9conomiques, y compris les services. Et c\u2019est ici que nous avons encore \u00e0 faire \u00e0 une derni\u00e8re pouss\u00e9e inflationniste. \u00bb\u00a0<\/em><\/p>\n<p>&nbsp;<\/p>\n<p><strong>Les pr\u00e9visions de la BNR<\/strong><\/p>\n<p>&nbsp;<\/p>\n<p>Disons pour terminer, que la Banque nationale de Roumanie (BNR) a r\u00e9vis\u00e9 \u00e0 la hausse ses pr\u00e9visions d\u2019inflation pour la fin de cette ann\u00e9e, la portant de 4,7 \u00e0 4,9 %. Selon les donn\u00e9es pr\u00e9sent\u00e9es par le gouverneur de la BNR, Mugur Is\u0103rescu, l\u2019inflation devrait atteindre les 3,5 % d\u2019ici la fin de l\u2019ann\u00e9e 2025. D\u2019ailleurs, il a d\u00e9clar\u00e9 r\u00e9cemment que le taux inflation suivait une trajectoire descendante, mais que sa diminution serait progressive. La politique mon\u00e9taire de la BNR vise justement \u00e0 \u00e9viter les pics inflationnistes et la r\u00e9cession, a encore expliqu\u00e9 Mugur Isarescu. (trad. Valentina Beleavski)<\/p>\n<p>&nbsp;<\/p>\n<p>&nbsp;<\/p>\n<p>&nbsp;<\/p>\n","protected":false},"excerpt":{"rendered":"<p>Des prix \u00e0 la baisse &nbsp; En Roumanie, le taux d\u2019inflation annuel a baiss\u00e9 de 5,9 % en avril \u00e0 5,12 % en mai, selon l\u2019Institut national de statistique, soit son niveau le plus bas des trois derni\u00e8res ann\u00e9es. Selon l\u2019INS, les produits alimentaires tels que les produits de meunerie et de boulangerie, les l\u00e9gumes, [&hellip;]<\/p>\n","protected":false},"author":107,"featured_media":778131,"comment_status":"closed","ping_status":"closed","sticky":false,"template":"","format":"standard","meta":{"_acf_changed":false,"footnotes":""},"categories":[94412],"tags":[86918,85011,116083,143875,143928,89256],"coauthors":[113282],"class_list":["post-778178","post","type-post","status-publish","format-standard","has-post-thumbnail","hentry","category-complement-dactu","tag-aliments","tag-de","tag-energie-fr","tag-inflation-fr","tag-prix-fr","tag-taux-dinflation"],"acf":[],"yoast_head":"<!-- This site is optimized with the Yoast SEO plugin v27.3 - https:\/\/yoast.com\/product\/yoast-seo-wordpress\/ -->\n<title>Une inflation \u00e0 la baisse - Radio Roumanie Internationale<\/title>\n<meta name=\"robots\" content=\"index, follow, max-snippet:-1, max-image-preview:large, max-video-preview:-1\" \/>\n<link rel=\"canonical\" href=\"https:\/\/www.rri.ro\/fr\/actualites\/complement-dactu\/une-inflation-a-la-baisse-id778178.html\" \/>\n<meta property=\"og:locale\" content=\"fr_FR\" \/>\n<meta property=\"og:type\" content=\"article\" \/>\n<meta property=\"og:title\" content=\"Une inflation \u00e0 la baisse - Radio Roumanie Internationale\" \/>\n<meta property=\"og:description\" content=\"Des prix \u00e0 la baisse &nbsp; En Roumanie, le taux d\u2019inflation annuel a baiss\u00e9 de 5,9 % en avril \u00e0 5,12 % en mai, selon l\u2019Institut national de statistique, soit son niveau le plus bas des trois derni\u00e8res ann\u00e9es. Selon l\u2019INS, les produits alimentaires tels que les produits de meunerie et de boulangerie, les l\u00e9gumes, [&hellip;]\" \/>\n<meta property=\"og:url\" content=\"https:\/\/www.rri.ro\/fr\/actualites\/complement-dactu\/une-inflation-a-la-baisse-id778178.html\" \/>\n<meta property=\"og:site_name\" content=\"Radio Roumanie Internationale\" \/>\n<meta property=\"article:published_time\" content=\"2024-06-13T09:12:59+00:00\" \/>\n<meta property=\"article:modified_time\" content=\"2024-06-13T09:44:58+00:00\" \/>\n<meta property=\"og:image\" content=\"https:\/\/www.rri.ro\/wp-content\/uploads\/2024\/06\/inflatie-grafic-foto-pixabay.jpg\" \/>\n\t<meta property=\"og:image:width\" content=\"1280\" \/>\n\t<meta property=\"og:image:height\" content=\"853\" \/>\n\t<meta property=\"og:image:type\" content=\"image\/jpeg\" \/>\n<meta name=\"author\" content=\"Daniela Budu\" \/>\n<meta name=\"twitter:card\" content=\"summary_large_image\" \/>\n<meta name=\"twitter:label1\" content=\"\u00c9crit par\" \/>\n\t<meta name=\"twitter:data1\" content=\"Daniela Budu\" \/>\n\t<meta name=\"twitter:label2\" content=\"Dur\u00e9e de lecture estim\u00e9e\" \/>\n\t<meta name=\"twitter:data2\" content=\"3 minutes\" \/>\n\t<meta name=\"twitter:label3\" content=\"Written by\" \/>\n\t<meta name=\"twitter:data3\" content=\"Daniela Budu\" \/>\n<script type=\"application\/ld+json\" class=\"yoast-schema-graph\">{\"@context\":\"https:\\\/\\\/schema.org\",\"@graph\":[{\"@type\":\"Article\",\"@id\":\"https:\\\/\\\/www.rri.ro\\\/fr\\\/actualites\\\/complement-dactu\\\/une-inflation-a-la-baisse-id778178.html#article\",\"isPartOf\":{\"@id\":\"https:\\\/\\\/www.rri.ro\\\/fr\\\/actualites\\\/complement-dactu\\\/une-inflation-a-la-baisse-id778178.html\"},\"author\":{\"name\":\"Daniela Budu\",\"@id\":\"https:\\\/\\\/www.rri.ro\\\/#\\\/schema\\\/person\\\/b46b8f80d7d6e4b5ac9f14f0acbad0c4\"},\"headline\":\"Une inflation \u00e0 la baisse\",\"datePublished\":\"2024-06-13T09:12:59+00:00\",\"dateModified\":\"2024-06-13T09:44:58+00:00\",\"mainEntityOfPage\":{\"@id\":\"https:\\\/\\\/www.rri.ro\\\/fr\\\/actualites\\\/complement-dactu\\\/une-inflation-a-la-baisse-id778178.html\"},\"wordCount\":662,\"image\":{\"@id\":\"https:\\\/\\\/www.rri.ro\\\/fr\\\/actualites\\\/complement-dactu\\\/une-inflation-a-la-baisse-id778178.html#primaryimage\"},\"thumbnailUrl\":\"https:\\\/\\\/www.rri.ro\\\/wp-content\\\/uploads\\\/2024\\\/06\\\/inflatie-grafic-foto-pixabay.jpg\",\"keywords\":[\"aliments\",\"de\",\"energie\",\"inflation\",\"Prix\",\"taux d'inflation\"],\"articleSection\":[\"Compl\u00e9ment d'actu\"],\"inLanguage\":\"fr-FR\"},{\"@type\":\"WebPage\",\"@id\":\"https:\\\/\\\/www.rri.ro\\\/fr\\\/actualites\\\/complement-dactu\\\/une-inflation-a-la-baisse-id778178.html\",\"url\":\"https:\\\/\\\/www.rri.ro\\\/fr\\\/actualites\\\/complement-dactu\\\/une-inflation-a-la-baisse-id778178.html\",\"name\":\"Une inflation \u00e0 la baisse - Radio Roumanie Internationale\",\"isPartOf\":{\"@id\":\"https:\\\/\\\/www.rri.ro\\\/#website\"},\"primaryImageOfPage\":{\"@id\":\"https:\\\/\\\/www.rri.ro\\\/fr\\\/actualites\\\/complement-dactu\\\/une-inflation-a-la-baisse-id778178.html#primaryimage\"},\"image\":{\"@id\":\"https:\\\/\\\/www.rri.ro\\\/fr\\\/actualites\\\/complement-dactu\\\/une-inflation-a-la-baisse-id778178.html#primaryimage\"},\"thumbnailUrl\":\"https:\\\/\\\/www.rri.ro\\\/wp-content\\\/uploads\\\/2024\\\/06\\\/inflatie-grafic-foto-pixabay.jpg\",\"datePublished\":\"2024-06-13T09:12:59+00:00\",\"dateModified\":\"2024-06-13T09:44:58+00:00\",\"author\":{\"@id\":\"https:\\\/\\\/www.rri.ro\\\/#\\\/schema\\\/person\\\/b46b8f80d7d6e4b5ac9f14f0acbad0c4\"},\"breadcrumb\":{\"@id\":\"https:\\\/\\\/www.rri.ro\\\/fr\\\/actualites\\\/complement-dactu\\\/une-inflation-a-la-baisse-id778178.html#breadcrumb\"},\"inLanguage\":\"fr-FR\",\"potentialAction\":[{\"@type\":\"ReadAction\",\"target\":[\"https:\\\/\\\/www.rri.ro\\\/fr\\\/actualites\\\/complement-dactu\\\/une-inflation-a-la-baisse-id778178.html\"]}]},{\"@type\":\"ImageObject\",\"inLanguage\":\"fr-FR\",\"@id\":\"https:\\\/\\\/www.rri.ro\\\/fr\\\/actualites\\\/complement-dactu\\\/une-inflation-a-la-baisse-id778178.html#primaryimage\",\"url\":\"https:\\\/\\\/www.rri.ro\\\/wp-content\\\/uploads\\\/2024\\\/06\\\/inflatie-grafic-foto-pixabay.jpg\",\"contentUrl\":\"https:\\\/\\\/www.rri.ro\\\/wp-content\\\/uploads\\\/2024\\\/06\\\/inflatie-grafic-foto-pixabay.jpg\",\"width\":1280,\"height\":853,\"caption\":\"Photo: pixabay.com\"},{\"@type\":\"BreadcrumbList\",\"@id\":\"https:\\\/\\\/www.rri.ro\\\/fr\\\/actualites\\\/complement-dactu\\\/une-inflation-a-la-baisse-id778178.html#breadcrumb\",\"itemListElement\":[{\"@type\":\"ListItem\",\"position\":1,\"name\":\"Page d'accueil\",\"item\":\"https:\\\/\\\/www.rri.ro\\\/fr\"},{\"@type\":\"ListItem\",\"position\":2,\"name\":\"Actualit\u00e9s\",\"item\":\"https:\\\/\\\/www.rri.ro\\\/fr\\\/actualites\"},{\"@type\":\"ListItem\",\"position\":3,\"name\":\"Compl\u00e9ment d'actu\",\"item\":\"https:\\\/\\\/www.rri.ro\\\/fr\\\/actualites\\\/complement-dactu\"},{\"@type\":\"ListItem\",\"position\":4,\"name\":\"Une inflation \u00e0 la baisse\"}]},{\"@type\":\"WebSite\",\"@id\":\"https:\\\/\\\/www.rri.ro\\\/#website\",\"url\":\"https:\\\/\\\/www.rri.ro\\\/\",\"name\":\"Radio Roumanie Internationale\",\"description\":\"Totul despre Rom\u00e2nia \u015fi rom\u00e2ni, \u00een 13 limbi\\\/dialecte!\",\"inLanguage\":\"fr-FR\"},{\"@type\":\"Person\",\"@id\":\"https:\\\/\\\/www.rri.ro\\\/#\\\/schema\\\/person\\\/b46b8f80d7d6e4b5ac9f14f0acbad0c4\",\"name\":\"Daniela Budu\",\"url\":\"https:\\\/\\\/www.rri.ro\\\/fr\\\/author\\\/daniela-budu\"}]}<\/script>\n<!-- \/ Yoast SEO plugin. -->","yoast_head_json":{"title":"Une inflation \u00e0 la baisse - Radio Roumanie Internationale","robots":{"index":"index","follow":"follow","max-snippet":"max-snippet:-1","max-image-preview":"max-image-preview:large","max-video-preview":"max-video-preview:-1"},"canonical":"https:\/\/www.rri.ro\/fr\/actualites\/complement-dactu\/une-inflation-a-la-baisse-id778178.html","og_locale":"fr_FR","og_type":"article","og_title":"Une inflation \u00e0 la baisse - Radio Roumanie Internationale","og_description":"Des prix \u00e0 la baisse &nbsp; En Roumanie, le taux d\u2019inflation annuel a baiss\u00e9 de 5,9 % en avril \u00e0 5,12 % en mai, selon l\u2019Institut national de statistique, soit son niveau le plus bas des trois derni\u00e8res ann\u00e9es. Selon l\u2019INS, les produits alimentaires tels que les produits de meunerie et de boulangerie, les l\u00e9gumes, [&hellip;]","og_url":"https:\/\/www.rri.ro\/fr\/actualites\/complement-dactu\/une-inflation-a-la-baisse-id778178.html","og_site_name":"Radio Roumanie Internationale","article_published_time":"2024-06-13T09:12:59+00:00","article_modified_time":"2024-06-13T09:44:58+00:00","og_image":[{"width":1280,"height":853,"url":"https:\/\/www.rri.ro\/wp-content\/uploads\/2024\/06\/inflatie-grafic-foto-pixabay.jpg","type":"image\/jpeg"}],"author":"Daniela Budu","twitter_card":"summary_large_image","twitter_misc":{"\u00c9crit par":"Daniela Budu","Dur\u00e9e de lecture estim\u00e9e":"3 minutes","Written by":"Daniela Budu"},"schema":{"@context":"https:\/\/schema.org","@graph":[{"@type":"Article","@id":"https:\/\/www.rri.ro\/fr\/actualites\/complement-dactu\/une-inflation-a-la-baisse-id778178.html#article","isPartOf":{"@id":"https:\/\/www.rri.ro\/fr\/actualites\/complement-dactu\/une-inflation-a-la-baisse-id778178.html"},"author":{"name":"Daniela Budu","@id":"https:\/\/www.rri.ro\/#\/schema\/person\/b46b8f80d7d6e4b5ac9f14f0acbad0c4"},"headline":"Une inflation \u00e0 la baisse","datePublished":"2024-06-13T09:12:59+00:00","dateModified":"2024-06-13T09:44:58+00:00","mainEntityOfPage":{"@id":"https:\/\/www.rri.ro\/fr\/actualites\/complement-dactu\/une-inflation-a-la-baisse-id778178.html"},"wordCount":662,"image":{"@id":"https:\/\/www.rri.ro\/fr\/actualites\/complement-dactu\/une-inflation-a-la-baisse-id778178.html#primaryimage"},"thumbnailUrl":"https:\/\/www.rri.ro\/wp-content\/uploads\/2024\/06\/inflatie-grafic-foto-pixabay.jpg","keywords":["aliments","de","energie","inflation","Prix","taux d'inflation"],"articleSection":["Compl\u00e9ment d'actu"],"inLanguage":"fr-FR"},{"@type":"WebPage","@id":"https:\/\/www.rri.ro\/fr\/actualites\/complement-dactu\/une-inflation-a-la-baisse-id778178.html","url":"https:\/\/www.rri.ro\/fr\/actualites\/complement-dactu\/une-inflation-a-la-baisse-id778178.html","name":"Une inflation \u00e0 la baisse - Radio Roumanie Internationale","isPartOf":{"@id":"https:\/\/www.rri.ro\/#website"},"primaryImageOfPage":{"@id":"https:\/\/www.rri.ro\/fr\/actualites\/complement-dactu\/une-inflation-a-la-baisse-id778178.html#primaryimage"},"image":{"@id":"https:\/\/www.rri.ro\/fr\/actualites\/complement-dactu\/une-inflation-a-la-baisse-id778178.html#primaryimage"},"thumbnailUrl":"https:\/\/www.rri.ro\/wp-content\/uploads\/2024\/06\/inflatie-grafic-foto-pixabay.jpg","datePublished":"2024-06-13T09:12:59+00:00","dateModified":"2024-06-13T09:44:58+00:00","author":{"@id":"https:\/\/www.rri.ro\/#\/schema\/person\/b46b8f80d7d6e4b5ac9f14f0acbad0c4"},"breadcrumb":{"@id":"https:\/\/www.rri.ro\/fr\/actualites\/complement-dactu\/une-inflation-a-la-baisse-id778178.html#breadcrumb"},"inLanguage":"fr-FR","potentialAction":[{"@type":"ReadAction","target":["https:\/\/www.rri.ro\/fr\/actualites\/complement-dactu\/une-inflation-a-la-baisse-id778178.html"]}]},{"@type":"ImageObject","inLanguage":"fr-FR","@id":"https:\/\/www.rri.ro\/fr\/actualites\/complement-dactu\/une-inflation-a-la-baisse-id778178.html#primaryimage","url":"https:\/\/www.rri.ro\/wp-content\/uploads\/2024\/06\/inflatie-grafic-foto-pixabay.jpg","contentUrl":"https:\/\/www.rri.ro\/wp-content\/uploads\/2024\/06\/inflatie-grafic-foto-pixabay.jpg","width":1280,"height":853,"caption":"Photo: pixabay.com"},{"@type":"BreadcrumbList","@id":"https:\/\/www.rri.ro\/fr\/actualites\/complement-dactu\/une-inflation-a-la-baisse-id778178.html#breadcrumb","itemListElement":[{"@type":"ListItem","position":1,"name":"Page d'accueil","item":"https:\/\/www.rri.ro\/fr"},{"@type":"ListItem","position":2,"name":"Actualit\u00e9s","item":"https:\/\/www.rri.ro\/fr\/actualites"},{"@type":"ListItem","position":3,"name":"Compl\u00e9ment d'actu","item":"https:\/\/www.rri.ro\/fr\/actualites\/complement-dactu"},{"@type":"ListItem","position":4,"name":"Une inflation \u00e0 la baisse"}]},{"@type":"WebSite","@id":"https:\/\/www.rri.ro\/#website","url":"https:\/\/www.rri.ro\/","name":"Radio Roumanie Internationale","description":"Totul despre Rom\u00e2nia \u015fi rom\u00e2ni, \u00een 13 limbi\/dialecte!","inLanguage":"fr-FR"},{"@type":"Person","@id":"https:\/\/www.rri.ro\/#\/schema\/person\/b46b8f80d7d6e4b5ac9f14f0acbad0c4","name":"Daniela Budu","url":"https:\/\/www.rri.ro\/fr\/author\/daniela-budu"}]}},"_links":{"self":[{"href":"https:\/\/www.rri.ro\/fr\/wp-json\/wp\/v2\/posts\/778178","targetHints":{"allow":["GET"]}}],"collection":[{"href":"https:\/\/www.rri.ro\/fr\/wp-json\/wp\/v2\/posts"}],"about":[{"href":"https:\/\/www.rri.ro\/fr\/wp-json\/wp\/v2\/types\/post"}],"author":[{"embeddable":true,"href":"https:\/\/www.rri.ro\/fr\/wp-json\/wp\/v2\/users\/107"}],"replies":[{"embeddable":true,"href":"https:\/\/www.rri.ro\/fr\/wp-json\/wp\/v2\/comments?post=778178"}],"version-history":[{"count":0,"href":"https:\/\/www.rri.ro\/fr\/wp-json\/wp\/v2\/posts\/778178\/revisions"}],"wp:featuredmedia":[{"embeddable":true,"href":"https:\/\/www.rri.ro\/fr\/wp-json\/wp\/v2\/media\/778131"}],"wp:attachment":[{"href":"https:\/\/www.rri.ro\/fr\/wp-json\/wp\/v2\/media?parent=778178"}],"wp:term":[{"taxonomy":"category","embeddable":true,"href":"https:\/\/www.rri.ro\/fr\/wp-json\/wp\/v2\/categories?post=778178"},{"taxonomy":"post_tag","embeddable":true,"href":"https:\/\/www.rri.ro\/fr\/wp-json\/wp\/v2\/tags?post=778178"},{"taxonomy":"author","embeddable":true,"href":"https:\/\/www.rri.ro\/fr\/wp-json\/wp\/v2\/coauthors?post=778178"}],"curies":[{"name":"wp","href":"https:\/\/api.w.org\/{rel}","templated":true}]}}