{"id":796687,"date":"2024-08-07T18:55:57","date_gmt":"2024-08-07T15:55:57","guid":{"rendered":"https:\/\/www.rri.ro\/?p=796687"},"modified":"2024-08-07T18:55:57","modified_gmt":"2024-08-07T15:55:57","slug":"07-08-2024-mise-a-jour","status":"publish","type":"post","link":"https:\/\/www.rri.ro\/fr\/actualites\/le-flash\/07-08-2024-mise-a-jour-id796687.html","title":{"rendered":"07.08.2024 (mise \u00e0 jour)"},"content":{"rendered":"<p><strong>BNR<\/strong> \u2013 Ce mercredi, la Banque nationale de Roumanie a d\u00e9cid\u00e9 de r\u00e9duire \u00e0 nouveau le taux d&rsquo;int\u00e9r\u00eat de la politique mon\u00e9taire \u00e0 6,5% \u00e0 partir du 8 ao\u00fbt. La BNR a \u00e9galement d\u00e9cid\u00e9 de r\u00e9duire le taux d&rsquo;int\u00e9r\u00eat de la facilit\u00e9 de pr\u00eat (Lombard) \u00e0 7,50%, et le taux d&rsquo;int\u00e9r\u00eat de la facilit\u00e9 de d\u00e9p\u00f4t \u00e0 5,50%. Les niveaux actuels des taux de r\u00e9serve minimum pour les engagements des \u00e9tablissements de cr\u00e9dit en lei et en devises \u00e9trang\u00e8res ont \u00e9t\u00e9 maintenus. Selon la BNR, le taux d&rsquo;inflation annuel a continu\u00e9 \u00e0 baisser en juin 2024, tombant \u00e0 4,94 %, en dessous du niveau pr\u00e9vu de 5,12 % en mai. D&rsquo;autre part, selon une analyse de la Banque commerciale roumaine, le cr\u00e9dit \u00e0 la consommation continue de cro\u00eetre, stimul\u00e9 par la baisse des taux d&rsquo;int\u00e9r\u00eat sur les nouveaux pr\u00eats et l&rsquo;assouplissement des normes de pr\u00eat dans le cadre de la concurrence entre les banques. Selon un rapport d&rsquo;Eurostat, en juin 2024, la Roumanie a connu la plus forte croissance des ventes au d\u00e9tail dans l&rsquo;Union europ\u00e9enne par rapport \u00e0 juin 2023.<\/p>\n<p>&nbsp;<\/p>\n<p><strong>Arm\u00e9e de l\u2019air<\/strong> \u2013 Un d\u00e9tachement de l&rsquo;Arm\u00e9e de l&rsquo;Air espagnole effectuera, en collaboration avec des soldats de l&rsquo;Arm\u00e9e de l&rsquo;Air roumaine, des missions de Police A\u00e9rienne Renforc\u00e9e sous commandement de l&rsquo;OTAN. Les pilotes espagnols ont pris le relais des pilotes britanniques et finlandais sur la base a\u00e9rienne de Mihail Kog\u0103lniceanu (sud-est). Pendant quatre mois, ils patrouilleront dans la r\u00e9gion de la mer Noire, pour assurer la s\u00e9curit\u00e9 de l&rsquo;espace a\u00e9rien de la Roumanie et de l&rsquo;OTAN. C\u2019est la troisi\u00e8me rotation des pilotes espagnols \u00e0 Mihail Kog\u0103lniceanu, o\u00f9 l&rsquo;OTAN d\u00e9ploie les forces alli\u00e9es depuis 2014, depuis l&rsquo;annexion ill\u00e9gale de la Crim\u00e9e, pour assurer la s\u00e9curit\u00e9 dans la zone de la mer Noire, soit une zone aux d\u00e9fis plus complexes apr\u00e8s l&rsquo;invasion d\u00e9clench\u00e9e par la Russie en Ukraine.<\/p>\n<p>&nbsp;<\/p>\n<p><strong>Ukraine<\/strong> \u2013 Le Conseil de l&rsquo;Union europ\u00e9enne a donn\u00e9 son feu vert au premier versement de pr\u00e8s de 4,2 milliards d&rsquo;euros au titre de la Facilit\u00e9 pour l&rsquo;Ukraine.\u00a0 Gr\u00e2ce \u00e0 cet instrument, Kiev recevra, dans les ann\u00e9es \u00e0 venir, 50 milliards d&rsquo;euros sous forme de subventions et de pr\u00eats, comme appui macro\u00e9conomique. Selon le correspondant de Radio Roumanie \u00e0 Bruxelles, aux termes d\u2019un plan convenu avec la Commission europ\u00e9enne, l&rsquo;Ukraine doit entreprendre des r\u00e9formes visant la gestion des finances publiques, la gouvernance des entreprises publiques, l&rsquo;environnement des affaires et l&rsquo;\u00e9nergie. Le plan pour l\u2019Ukraine \u2013 candidate \u00e0 l\u2019adh\u00e9sion \u00e0 l\u2019Union europ\u00e9enne \u2013 vise \u00e9galement le redressement, la reconstruction et la modernisation du pays, touch\u00e9 par la guerre avec la Russie.<\/p>\n<p>&nbsp;<\/p>\n<p><strong>\u00ab\u00a0Mircea\u00a0\u00bb<\/strong> &#8211; Le navire-\u00e9cole \u00ab\u00a0Mircea\u00a0\u00bb revient jeudi au port militaire de Constan\u0163a (sud-est), apr\u00e8s un entra\u00eenement de six semaines en mer Noire et en M\u00e9diterran\u00e9e, informe le minist\u00e8re de la D\u00e9fense de Bucarest. Il s\u2019agit de 86 \u00e9tudiants \u00e0 bord du navire de l&rsquo;Acad\u00e9mie navale \u00ab\u00a0Mircea l&rsquo;Ancien\u00a0\u00bb et de huit \u00e9tudiants \u00e9trangers des acad\u00e9mies navales partenaires de Bulgarie, Lettonie, Pologne, Espagne et Turquie. Le navire a quitt\u00e9 le port militaire de Constan\u021ba le 26 juin et a effectu\u00e9 des escales dans les ports du Pir\u00e9e (Gr\u00e8ce), Livourne (Italie), Toulon (France), Palerme (Italie) et Bodrum (Turquie).<\/p>\n<p>&nbsp;<\/p>\n<p><strong>Untold<\/strong> \u2013 Feu vert \u00e0 la neuvi\u00e8me \u00e9dition du festival Untold ce jeudi \u00e0 Cluj-Napoca, dans le nord-ouest de la Roumanie. Pendant les quatre jours du festival, plus de 250 artistes roumains et du monde entier se produiront sur huit sc\u00e8nes. Parmi eux se trouvent des artistes c\u00e9l\u00e8bres qui se sont d\u00e9j\u00e0 produits en Roumanie, tels Lenny Kravitz ou le DJ Salvatore Ganacci, mais aussi certains qui ont fait leur premi\u00e8re en Roumanie, tels Sam Smith et Burna Boy. Ce dernier est le seul artiste africain \u00e0 avoir r\u00e9alis\u00e9 deux soir\u00e9es \u00e0 guichets ferm\u00e9s, deux ann\u00e9es de suite, au London Stadium. Il montera sur la sc\u00e8ne principale du festival le dernier jour. Untold est le festival de musique le plus grand et le plus populaire de Roumanie et attire chaque ann\u00e9e des fans du monde entier.<\/p>\n<p>&nbsp;<\/p>\n<p><strong>Foot \u2013 <\/strong>L\u2019\u00e9quipe FCSB et l\u2019\u00e9quipe Sparta Prague ont fini le match aller du troisi\u00e8me tour pr\u00e9liminaire de la Ligue des Champions sur une \u00e9galit\u00e9 1 partout mardi soir \u00e0 Prague. Le retour se jouera \u00e0 Bucarest, le 13 ao\u00fbt. S&rsquo;il d\u00e9passe le Sparta Prague, le FCSB disputera les barrages de la Ligue des Champions avec le vainqueur du Malm\u00f6 FF et du PAOK Thessalonique, entra\u00een\u00e9 par le Roumain R\u0103zvan Lucescu. En cas d&rsquo;\u00e9limination, le FCSB participera aux barrages de la Ligue Europa, o\u00f9 il rencontrera l&rsquo;\u00e9quipe autrichienne du LASK Linz.<\/p>\n<p>&nbsp;<\/p>\n<p><strong>M\u00e9t\u00e9o<\/strong> \u2013 Il fait chaud ce mercredi dans le sud et dans l&rsquo;ouest de la Roumanie. Le ciel est variable, avec des nuages et des averses sont attendues par endroits sur les Carpates orientales et dans l&rsquo;est, le sud-est et le reste de la zone montagneuse. Le vent souffle faible et mod\u00e9r\u00e9, avec de l\u00e9g\u00e8res intensifications dans l&rsquo;est et au sud-est. Les temp\u00e9ratures maximales iront de 25 \u00e0 33 degr\u00e9s.<\/p>\n","protected":false},"excerpt":{"rendered":"<p>BNR \u2013 Ce mercredi, la Banque nationale de Roumanie a d\u00e9cid\u00e9 de r\u00e9duire \u00e0 nouveau le taux d&rsquo;int\u00e9r\u00eat de la politique mon\u00e9taire \u00e0 6,5% \u00e0 partir du 8 ao\u00fbt. La BNR a \u00e9galement d\u00e9cid\u00e9 de r\u00e9duire le taux d&rsquo;int\u00e9r\u00eat de la facilit\u00e9 de pr\u00eat (Lombard) \u00e0 7,50%, et le taux d&rsquo;int\u00e9r\u00eat de la facilit\u00e9 de [&hellip;]<\/p>\n","protected":false},"author":113,"featured_media":723357,"comment_status":"closed","ping_status":"closed","sticky":false,"template":"","format":"standard","meta":{"_acf_changed":false,"footnotes":""},"categories":[89002],"tags":[93182,94442,146431,134244,146539,85412],"coauthors":[116091],"class_list":["post-796687","post","type-post","status-publish","format-standard","has-post-thumbnail","hentry","category-le-flash","tag-actualite","tag-astra-film-festival-2019","tag-festival-fr","tag-jo-fr","tag-marine-fr","tag-roumanie"],"acf":[],"yoast_head":"<!-- This site is optimized with the Yoast SEO plugin v27.3 - https:\/\/yoast.com\/product\/yoast-seo-wordpress\/ -->\n<title>07.08.2024 (mise \u00e0 jour) - Radio Roumanie Internationale<\/title>\n<meta name=\"robots\" content=\"index, follow, max-snippet:-1, max-image-preview:large, max-video-preview:-1\" \/>\n<link rel=\"canonical\" href=\"https:\/\/www.rri.ro\/fr\/actualites\/le-flash\/07-08-2024-mise-a-jour-id796687.html\" \/>\n<meta property=\"og:locale\" content=\"fr_FR\" \/>\n<meta property=\"og:type\" content=\"article\" \/>\n<meta property=\"og:title\" content=\"07.08.2024 (mise \u00e0 jour) - Radio Roumanie Internationale\" \/>\n<meta property=\"og:description\" content=\"BNR \u2013 Ce mercredi, la Banque nationale de Roumanie a d\u00e9cid\u00e9 de r\u00e9duire \u00e0 nouveau le taux d&rsquo;int\u00e9r\u00eat de la politique mon\u00e9taire \u00e0 6,5% \u00e0 partir du 8 ao\u00fbt. La BNR a \u00e9galement d\u00e9cid\u00e9 de r\u00e9duire le taux d&rsquo;int\u00e9r\u00eat de la facilit\u00e9 de pr\u00eat (Lombard) \u00e0 7,50%, et le taux d&rsquo;int\u00e9r\u00eat de la facilit\u00e9 de [&hellip;]\" \/>\n<meta property=\"og:url\" content=\"https:\/\/www.rri.ro\/fr\/actualites\/le-flash\/07-08-2024-mise-a-jour-id796687.html\" \/>\n<meta property=\"og:site_name\" content=\"Radio Roumanie Internationale\" \/>\n<meta property=\"article:published_time\" content=\"2024-08-07T15:55:57+00:00\" \/>\n<meta property=\"og:image\" content=\"https:\/\/www.rri.ro\/wp-content\/uploads\/2024\/03\/RRI-960x540-Le-flash-2-NOU.jpg\" \/>\n\t<meta property=\"og:image:width\" content=\"960\" \/>\n\t<meta property=\"og:image:height\" content=\"540\" \/>\n\t<meta property=\"og:image:type\" content=\"image\/jpeg\" \/>\n<meta name=\"author\" content=\"Newsroom\" \/>\n<meta name=\"twitter:card\" content=\"summary_large_image\" \/>\n<meta name=\"twitter:label1\" content=\"\u00c9crit par\" \/>\n\t<meta name=\"twitter:data1\" content=\"Newsroom\" \/>\n\t<meta name=\"twitter:label2\" content=\"Dur\u00e9e de lecture estim\u00e9e\" \/>\n\t<meta name=\"twitter:data2\" content=\"4 minutes\" \/>\n\t<meta name=\"twitter:label3\" content=\"Written by\" \/>\n\t<meta name=\"twitter:data3\" content=\"Newsroom\" \/>\n<script type=\"application\/ld+json\" class=\"yoast-schema-graph\">{\"@context\":\"https:\\\/\\\/schema.org\",\"@graph\":[{\"@type\":\"Article\",\"@id\":\"https:\\\/\\\/www.rri.ro\\\/fr\\\/actualites\\\/le-flash\\\/07-08-2024-mise-a-jour-id796687.html#article\",\"isPartOf\":{\"@id\":\"https:\\\/\\\/www.rri.ro\\\/fr\\\/actualites\\\/le-flash\\\/07-08-2024-mise-a-jour-id796687.html\"},\"author\":{\"name\":\"Newsroom\",\"@id\":\"https:\\\/\\\/www.rri.ro\\\/#\\\/schema\\\/person\\\/4a479940371b9fdefd194f561e8a7f88\"},\"headline\":\"07.08.2024 (mise \u00e0 jour)\",\"datePublished\":\"2024-08-07T15:55:57+00:00\",\"mainEntityOfPage\":{\"@id\":\"https:\\\/\\\/www.rri.ro\\\/fr\\\/actualites\\\/le-flash\\\/07-08-2024-mise-a-jour-id796687.html\"},\"wordCount\":916,\"image\":{\"@id\":\"https:\\\/\\\/www.rri.ro\\\/fr\\\/actualites\\\/le-flash\\\/07-08-2024-mise-a-jour-id796687.html#primaryimage\"},\"thumbnailUrl\":\"https:\\\/\\\/www.rri.ro\\\/wp-content\\\/uploads\\\/2024\\\/03\\\/RRI-960x540-Le-flash-2-NOU.jpg\",\"keywords\":[\"Actualit\u00e9\",\"Astra Film Festival 2019\",\"festival\",\"JO\",\"marine\",\"Roumanie\"],\"articleSection\":[\"Le flash\"],\"inLanguage\":\"fr-FR\"},{\"@type\":\"WebPage\",\"@id\":\"https:\\\/\\\/www.rri.ro\\\/fr\\\/actualites\\\/le-flash\\\/07-08-2024-mise-a-jour-id796687.html\",\"url\":\"https:\\\/\\\/www.rri.ro\\\/fr\\\/actualites\\\/le-flash\\\/07-08-2024-mise-a-jour-id796687.html\",\"name\":\"07.08.2024 (mise \u00e0 jour) - Radio Roumanie Internationale\",\"isPartOf\":{\"@id\":\"https:\\\/\\\/www.rri.ro\\\/#website\"},\"primaryImageOfPage\":{\"@id\":\"https:\\\/\\\/www.rri.ro\\\/fr\\\/actualites\\\/le-flash\\\/07-08-2024-mise-a-jour-id796687.html#primaryimage\"},\"image\":{\"@id\":\"https:\\\/\\\/www.rri.ro\\\/fr\\\/actualites\\\/le-flash\\\/07-08-2024-mise-a-jour-id796687.html#primaryimage\"},\"thumbnailUrl\":\"https:\\\/\\\/www.rri.ro\\\/wp-content\\\/uploads\\\/2024\\\/03\\\/RRI-960x540-Le-flash-2-NOU.jpg\",\"datePublished\":\"2024-08-07T15:55:57+00:00\",\"author\":{\"@id\":\"https:\\\/\\\/www.rri.ro\\\/#\\\/schema\\\/person\\\/4a479940371b9fdefd194f561e8a7f88\"},\"breadcrumb\":{\"@id\":\"https:\\\/\\\/www.rri.ro\\\/fr\\\/actualites\\\/le-flash\\\/07-08-2024-mise-a-jour-id796687.html#breadcrumb\"},\"inLanguage\":\"fr-FR\",\"potentialAction\":[{\"@type\":\"ReadAction\",\"target\":[\"https:\\\/\\\/www.rri.ro\\\/fr\\\/actualites\\\/le-flash\\\/07-08-2024-mise-a-jour-id796687.html\"]}]},{\"@type\":\"ImageObject\",\"inLanguage\":\"fr-FR\",\"@id\":\"https:\\\/\\\/www.rri.ro\\\/fr\\\/actualites\\\/le-flash\\\/07-08-2024-mise-a-jour-id796687.html#primaryimage\",\"url\":\"https:\\\/\\\/www.rri.ro\\\/wp-content\\\/uploads\\\/2024\\\/03\\\/RRI-960x540-Le-flash-2-NOU.jpg\",\"contentUrl\":\"https:\\\/\\\/www.rri.ro\\\/wp-content\\\/uploads\\\/2024\\\/03\\\/RRI-960x540-Le-flash-2-NOU.jpg\",\"width\":960,\"height\":540},{\"@type\":\"BreadcrumbList\",\"@id\":\"https:\\\/\\\/www.rri.ro\\\/fr\\\/actualites\\\/le-flash\\\/07-08-2024-mise-a-jour-id796687.html#breadcrumb\",\"itemListElement\":[{\"@type\":\"ListItem\",\"position\":1,\"name\":\"Page d'accueil\",\"item\":\"https:\\\/\\\/www.rri.ro\\\/fr\"},{\"@type\":\"ListItem\",\"position\":2,\"name\":\"Actualit\u00e9s\",\"item\":\"https:\\\/\\\/www.rri.ro\\\/fr\\\/actualites\"},{\"@type\":\"ListItem\",\"position\":3,\"name\":\"Le flash\",\"item\":\"https:\\\/\\\/www.rri.ro\\\/fr\\\/actualites\\\/le-flash\"},{\"@type\":\"ListItem\",\"position\":4,\"name\":\"07.08.2024 (mise \u00e0 jour)\"}]},{\"@type\":\"WebSite\",\"@id\":\"https:\\\/\\\/www.rri.ro\\\/#website\",\"url\":\"https:\\\/\\\/www.rri.ro\\\/\",\"name\":\"Radio Roumanie Internationale\",\"description\":\"Totul despre Rom\u00e2nia \u015fi rom\u00e2ni, \u00een 13 limbi\\\/dialecte!\",\"inLanguage\":\"fr-FR\"},{\"@type\":\"Person\",\"@id\":\"https:\\\/\\\/www.rri.ro\\\/#\\\/schema\\\/person\\\/4a479940371b9fdefd194f561e8a7f88\",\"name\":\"Newsroom\",\"url\":\"https:\\\/\\\/www.rri.ro\\\/fr\\\/author\\\/newsroom\"}]}<\/script>\n<!-- \/ Yoast SEO plugin. -->","yoast_head_json":{"title":"07.08.2024 (mise \u00e0 jour) - Radio Roumanie Internationale","robots":{"index":"index","follow":"follow","max-snippet":"max-snippet:-1","max-image-preview":"max-image-preview:large","max-video-preview":"max-video-preview:-1"},"canonical":"https:\/\/www.rri.ro\/fr\/actualites\/le-flash\/07-08-2024-mise-a-jour-id796687.html","og_locale":"fr_FR","og_type":"article","og_title":"07.08.2024 (mise \u00e0 jour) - Radio Roumanie Internationale","og_description":"BNR \u2013 Ce mercredi, la Banque nationale de Roumanie a d\u00e9cid\u00e9 de r\u00e9duire \u00e0 nouveau le taux d&rsquo;int\u00e9r\u00eat de la politique mon\u00e9taire \u00e0 6,5% \u00e0 partir du 8 ao\u00fbt. La BNR a \u00e9galement d\u00e9cid\u00e9 de r\u00e9duire le taux d&rsquo;int\u00e9r\u00eat de la facilit\u00e9 de pr\u00eat (Lombard) \u00e0 7,50%, et le taux d&rsquo;int\u00e9r\u00eat de la facilit\u00e9 de [&hellip;]","og_url":"https:\/\/www.rri.ro\/fr\/actualites\/le-flash\/07-08-2024-mise-a-jour-id796687.html","og_site_name":"Radio Roumanie Internationale","article_published_time":"2024-08-07T15:55:57+00:00","og_image":[{"width":960,"height":540,"url":"https:\/\/www.rri.ro\/wp-content\/uploads\/2024\/03\/RRI-960x540-Le-flash-2-NOU.jpg","type":"image\/jpeg"}],"author":"Newsroom","twitter_card":"summary_large_image","twitter_misc":{"\u00c9crit par":"Newsroom","Dur\u00e9e de lecture estim\u00e9e":"4 minutes","Written by":"Newsroom"},"schema":{"@context":"https:\/\/schema.org","@graph":[{"@type":"Article","@id":"https:\/\/www.rri.ro\/fr\/actualites\/le-flash\/07-08-2024-mise-a-jour-id796687.html#article","isPartOf":{"@id":"https:\/\/www.rri.ro\/fr\/actualites\/le-flash\/07-08-2024-mise-a-jour-id796687.html"},"author":{"name":"Newsroom","@id":"https:\/\/www.rri.ro\/#\/schema\/person\/4a479940371b9fdefd194f561e8a7f88"},"headline":"07.08.2024 (mise \u00e0 jour)","datePublished":"2024-08-07T15:55:57+00:00","mainEntityOfPage":{"@id":"https:\/\/www.rri.ro\/fr\/actualites\/le-flash\/07-08-2024-mise-a-jour-id796687.html"},"wordCount":916,"image":{"@id":"https:\/\/www.rri.ro\/fr\/actualites\/le-flash\/07-08-2024-mise-a-jour-id796687.html#primaryimage"},"thumbnailUrl":"https:\/\/www.rri.ro\/wp-content\/uploads\/2024\/03\/RRI-960x540-Le-flash-2-NOU.jpg","keywords":["Actualit\u00e9","Astra Film Festival 2019","festival","JO","marine","Roumanie"],"articleSection":["Le flash"],"inLanguage":"fr-FR"},{"@type":"WebPage","@id":"https:\/\/www.rri.ro\/fr\/actualites\/le-flash\/07-08-2024-mise-a-jour-id796687.html","url":"https:\/\/www.rri.ro\/fr\/actualites\/le-flash\/07-08-2024-mise-a-jour-id796687.html","name":"07.08.2024 (mise \u00e0 jour) - Radio Roumanie Internationale","isPartOf":{"@id":"https:\/\/www.rri.ro\/#website"},"primaryImageOfPage":{"@id":"https:\/\/www.rri.ro\/fr\/actualites\/le-flash\/07-08-2024-mise-a-jour-id796687.html#primaryimage"},"image":{"@id":"https:\/\/www.rri.ro\/fr\/actualites\/le-flash\/07-08-2024-mise-a-jour-id796687.html#primaryimage"},"thumbnailUrl":"https:\/\/www.rri.ro\/wp-content\/uploads\/2024\/03\/RRI-960x540-Le-flash-2-NOU.jpg","datePublished":"2024-08-07T15:55:57+00:00","author":{"@id":"https:\/\/www.rri.ro\/#\/schema\/person\/4a479940371b9fdefd194f561e8a7f88"},"breadcrumb":{"@id":"https:\/\/www.rri.ro\/fr\/actualites\/le-flash\/07-08-2024-mise-a-jour-id796687.html#breadcrumb"},"inLanguage":"fr-FR","potentialAction":[{"@type":"ReadAction","target":["https:\/\/www.rri.ro\/fr\/actualites\/le-flash\/07-08-2024-mise-a-jour-id796687.html"]}]},{"@type":"ImageObject","inLanguage":"fr-FR","@id":"https:\/\/www.rri.ro\/fr\/actualites\/le-flash\/07-08-2024-mise-a-jour-id796687.html#primaryimage","url":"https:\/\/www.rri.ro\/wp-content\/uploads\/2024\/03\/RRI-960x540-Le-flash-2-NOU.jpg","contentUrl":"https:\/\/www.rri.ro\/wp-content\/uploads\/2024\/03\/RRI-960x540-Le-flash-2-NOU.jpg","width":960,"height":540},{"@type":"BreadcrumbList","@id":"https:\/\/www.rri.ro\/fr\/actualites\/le-flash\/07-08-2024-mise-a-jour-id796687.html#breadcrumb","itemListElement":[{"@type":"ListItem","position":1,"name":"Page d'accueil","item":"https:\/\/www.rri.ro\/fr"},{"@type":"ListItem","position":2,"name":"Actualit\u00e9s","item":"https:\/\/www.rri.ro\/fr\/actualites"},{"@type":"ListItem","position":3,"name":"Le flash","item":"https:\/\/www.rri.ro\/fr\/actualites\/le-flash"},{"@type":"ListItem","position":4,"name":"07.08.2024 (mise \u00e0 jour)"}]},{"@type":"WebSite","@id":"https:\/\/www.rri.ro\/#website","url":"https:\/\/www.rri.ro\/","name":"Radio Roumanie Internationale","description":"Totul despre Rom\u00e2nia \u015fi rom\u00e2ni, \u00een 13 limbi\/dialecte!","inLanguage":"fr-FR"},{"@type":"Person","@id":"https:\/\/www.rri.ro\/#\/schema\/person\/4a479940371b9fdefd194f561e8a7f88","name":"Newsroom","url":"https:\/\/www.rri.ro\/fr\/author\/newsroom"}]}},"_links":{"self":[{"href":"https:\/\/www.rri.ro\/fr\/wp-json\/wp\/v2\/posts\/796687","targetHints":{"allow":["GET"]}}],"collection":[{"href":"https:\/\/www.rri.ro\/fr\/wp-json\/wp\/v2\/posts"}],"about":[{"href":"https:\/\/www.rri.ro\/fr\/wp-json\/wp\/v2\/types\/post"}],"author":[{"embeddable":true,"href":"https:\/\/www.rri.ro\/fr\/wp-json\/wp\/v2\/users\/113"}],"replies":[{"embeddable":true,"href":"https:\/\/www.rri.ro\/fr\/wp-json\/wp\/v2\/comments?post=796687"}],"version-history":[{"count":0,"href":"https:\/\/www.rri.ro\/fr\/wp-json\/wp\/v2\/posts\/796687\/revisions"}],"wp:featuredmedia":[{"embeddable":true,"href":"https:\/\/www.rri.ro\/fr\/wp-json\/wp\/v2\/media\/723357"}],"wp:attachment":[{"href":"https:\/\/www.rri.ro\/fr\/wp-json\/wp\/v2\/media?parent=796687"}],"wp:term":[{"taxonomy":"category","embeddable":true,"href":"https:\/\/www.rri.ro\/fr\/wp-json\/wp\/v2\/categories?post=796687"},{"taxonomy":"post_tag","embeddable":true,"href":"https:\/\/www.rri.ro\/fr\/wp-json\/wp\/v2\/tags?post=796687"},{"taxonomy":"author","embeddable":true,"href":"https:\/\/www.rri.ro\/fr\/wp-json\/wp\/v2\/coauthors?post=796687"}],"curies":[{"name":"wp","href":"https:\/\/api.w.org\/{rel}","templated":true}]}}