{"id":796906,"date":"2024-08-08T14:16:28","date_gmt":"2024-08-08T11:16:28","guid":{"rendered":"https:\/\/www.rri.ro\/?p=796906"},"modified":"2024-08-08T14:16:28","modified_gmt":"2024-08-08T11:16:28","slug":"les-festivals-de-lete","status":"publish","type":"post","link":"https:\/\/www.rri.ro\/fr\/actualites\/les-dossiers-de-lactualite\/les-festivals-de-lete-id796906.html","title":{"rendered":"Les festivals de l\u2019\u00e9t\u00e9"},"content":{"rendered":"<p>La 9e \u00e9dition d\u2019UNTOLD, troisi\u00e8me dans le classement des cent plus importants festivals au monde r\u00e9unit ces jours-ci \u00e0 Cluj, dans le nord-ouest, plus de 150 artistes de Roumanie et du monde, qui se produiront sur les huit sc\u00e8nes de l\u2019\u00e9v\u00e9nement. Parmi eux, des stars qui s\u2019\u00e9taient d\u00e9j\u00e0 produites en Roumanie, telles la l\u00e9gende du pop \u2013 rock Lenny Kravitz et le DJ Salvatore Ganacci, mais aussi des artistes qui arrivent pour la premi\u00e8re fois chez nous, tels Sam Smith \u2013 artiste britannique dont le Palmar\u00e8s inclut un Oscar, un globe d\u2019or et cinq prix\u00a0Grammy \u2013 et Burna Boy \u2013 l\u2019unique artiste africain \u00e0 se produire dans le cadre de deux \u00e9v\u00e9nement \u00e0 guichet ferm\u00e9, deux ann\u00e9es de suite sur le Stade de Londres.<\/p>\n<p>&nbsp;<\/p>\n<h3><strong>Un programme bien rempli<\/strong><\/h3>\n<p>&nbsp;<\/p>\n<p>A l\u2019affiche des quatre jours et quatre nuits de festival figurent de nombreuses activit\u00e9s, des zones de loisirs, des sessions de maquillage, des studios de tatouages temporaires et permanents, des exp\u00e9riences en r\u00e9alit\u00e9 virtuelle et de ateliers. A commencer par les f\u00eates th\u00e9matiques et jusqu\u2019aux\u00a0 exp\u00e9riences uniques r\u00e9alis\u00e9es en collaboration avec les partenaires du festival, tels des sessions de cuisine en direct, chaque moment est vise \u00e0 transformer les journ\u00e9es du festival dans des exp\u00e9riences m\u00e9morables, affirment les organisateurs d\u2019UNTOLD. S\u2019y ajoutent un v\u00e9ritable village de la mode, des animateurs et des danseurs qui d\u00e9fileront \u00e0 travers le festival, ainsi que de nombreuses autres surprises. Mentionnons aussi que l\u2019\u00e9dition 2024 d\u2019UNTOLD est consacr\u00e9e non seulement \u00e0 la musique et aux loisirs, mais aussi \u00e0 l\u2019inclusion sociale.<\/p>\n<p>&nbsp;<\/p>\n<h3><strong>La technologie au b\u00e9n\u00e9fice des festivaliers <\/strong><\/h3>\n<p>&nbsp;<\/p>\n<p>C\u2019est pourquoi, le festival poursuit son engagement de soutenir les initiatives des ONGs qui ont un impact positif dans la soci\u00e9t\u00e9, par des activit\u00e9s de projets novateurs. Dans le cadre du festival, l\u2019\u00e9quipe Rhythm Touch introduit une innovation remarquable : un bracelet qui transforme la musique en vibration, permettant aux personnes confront\u00e9es \u00e0 des d\u00e9ficiences auditives \u00e0 \u00e9prouver une exp\u00e9rience musicale. Une initiative en premi\u00e8re sur la sc\u00e8ne principale de l\u2019Ar\u00e8ne de Cluj est \u00e9galement la traduction de certaines chansons en langage des signes \u00e9galement au b\u00e9n\u00e9fice des personnes aux\u00a0 d\u00e9ficiences auditives \u2013 une activit\u00e9 sp\u00e9ciale, cens\u00e9e rendre la magie de la musique accessible \u00e0 tous les types de public.<\/p>\n<p>&nbsp;<\/p>\n<h3><strong>Neversea et UNTOLD, deux festivals les m\u00eames organisateurs <\/strong><\/h3>\n<p>&nbsp;<\/p>\n<p>L\u2019exp\u00e9rience sera inoubliable, affirment les organisateurs \u2013 les m\u00eames que ceux du festival Neversea, un des plus grands festivals de musique \u00e9lectro d\u2019Europe, d\u00e9roul\u00e9 d\u00e9but juillet sur la c\u00f4te roumaine de la mer Noire et qui a r\u00e9uni des dizaines de milliers de fans de Roumanie et d\u2019ailleurs, ainsi qu\u2019une centaine d\u2019artistes renomm\u00e9s roumains et \u00e9trangers. Parmi ceux \u00e0 avoir cr\u00e9\u00e9 des shows \u00e9lectrisants ont figur\u00e9\u00a0Maluma, Nick Carter, G-Eazy, DJ Snake, Dimitri Vegas et Steve Aoki. \u00a0Et ce n\u2019est pas tout, puisque plusieurs festivals se sont d\u00e9roul\u00e9s ou se d\u00e9rouleront cet \u00e9t\u00e9 en Roumanie.<\/p>\n<p><strong>\u00a0<\/strong><\/p>\n<h3><strong>Pleins de festivals cet \u00e9t\u00e9 en Roumanie<\/strong><\/h3>\n<p><strong>\u00a0<\/strong><\/p>\n<p>En juin, Nostalgia, a propos\u00e9 du divertissement pour toutes les g\u00e9n\u00e9rations, \u00e0 deux pas de Bucarest, dans la for\u00eat de B\u0103neasa. Egalement au milieu de la nature, mais en Transylvanie, dans le centre, \u00e0 proximit\u00e9 du ch\u00e2teau de B\u00e1nffy, un monument iconique datant du 15er si\u00e8cle, Electric Castle a surpris, par une s\u00e9rie d\u2019artistes qui ont couvert une gamme tr\u00e8s vari\u00e9e de genres de musiques par des installations, des shows m\u00e9diatiques et des d\u00e9bats. Parmi les festivals les plus importants de l\u2019\u00e9t\u00e9 ont figur\u00e9 aussi Beach, Please! et Summer Well, et la liste peut continuer par les festival r\u00e9gionaux.<\/p>\n<p>&nbsp;<\/p>\n<p>&nbsp;<\/p>\n","protected":false},"excerpt":{"rendered":"<p>La 9e \u00e9dition d\u2019UNTOLD, troisi\u00e8me dans le classement des cent plus importants festivals au monde r\u00e9unit ces jours-ci \u00e0 Cluj, dans le nord-ouest, plus de 150 artistes de Roumanie et du monde, qui se produiront sur les huit sc\u00e8nes de l\u2019\u00e9v\u00e9nement. Parmi eux, des stars qui s\u2019\u00e9taient d\u00e9j\u00e0 produites en Roumanie, telles la l\u00e9gende du [&hellip;]<\/p>\n","protected":false},"author":108,"featured_media":796889,"comment_status":"closed","ping_status":"closed","sticky":false,"template":"","format":"standard","meta":{"_acf_changed":false,"footnotes":""},"categories":[93377],"tags":[147720,146431,85782,150811,151061],"coauthors":[113249],"class_list":["post-796906","post","type-post","status-publish","format-standard","has-post-thumbnail","hentry","category-les-dossiers-de-lactualite","tag-cluj-fr","tag-festival-fr","tag-musique","tag-neversea-fr","tag-untold-fr"],"acf":[],"yoast_head":"<!-- This site is optimized with the Yoast SEO plugin v27.3 - https:\/\/yoast.com\/product\/yoast-seo-wordpress\/ -->\n<title>Les festivals de l\u2019\u00e9t\u00e9 - Radio Roumanie Internationale<\/title>\n<meta name=\"robots\" content=\"index, follow, max-snippet:-1, max-image-preview:large, max-video-preview:-1\" \/>\n<link rel=\"canonical\" href=\"https:\/\/www.rri.ro\/fr\/actualites\/les-dossiers-de-lactualite\/les-festivals-de-lete-id796906.html\" \/>\n<meta property=\"og:locale\" content=\"fr_FR\" \/>\n<meta property=\"og:type\" content=\"article\" \/>\n<meta property=\"og:title\" content=\"Les festivals de l\u2019\u00e9t\u00e9 - Radio Roumanie Internationale\" \/>\n<meta property=\"og:description\" content=\"La 9e \u00e9dition d\u2019UNTOLD, troisi\u00e8me dans le classement des cent plus importants festivals au monde r\u00e9unit ces jours-ci \u00e0 Cluj, dans le nord-ouest, plus de 150 artistes de Roumanie et du monde, qui se produiront sur les huit sc\u00e8nes de l\u2019\u00e9v\u00e9nement. Parmi eux, des stars qui s\u2019\u00e9taient d\u00e9j\u00e0 produites en Roumanie, telles la l\u00e9gende du [&hellip;]\" \/>\n<meta property=\"og:url\" content=\"https:\/\/www.rri.ro\/fr\/actualites\/les-dossiers-de-lactualite\/les-festivals-de-lete-id796906.html\" \/>\n<meta property=\"og:site_name\" content=\"Radio Roumanie Internationale\" \/>\n<meta property=\"article:published_time\" content=\"2024-08-08T11:16:28+00:00\" \/>\n<meta property=\"og:image\" content=\"https:\/\/www.rri.ro\/wp-content\/uploads\/2024\/08\/festivalul-UNTOLD-foto-fb-festival.jpg\" \/>\n\t<meta property=\"og:image:width\" content=\"1200\" \/>\n\t<meta property=\"og:image:height\" content=\"800\" \/>\n\t<meta property=\"og:image:type\" content=\"image\/jpeg\" \/>\n<meta name=\"author\" content=\"Corina Cristea\" \/>\n<meta name=\"twitter:card\" content=\"summary_large_image\" \/>\n<meta name=\"twitter:label1\" content=\"\u00c9crit par\" \/>\n\t<meta name=\"twitter:data1\" content=\"Corina Cristea\" \/>\n\t<meta name=\"twitter:label2\" content=\"Dur\u00e9e de lecture estim\u00e9e\" \/>\n\t<meta name=\"twitter:data2\" content=\"3 minutes\" \/>\n\t<meta name=\"twitter:label3\" content=\"Written by\" \/>\n\t<meta name=\"twitter:data3\" content=\"Corina Cristea\" \/>\n<script type=\"application\/ld+json\" class=\"yoast-schema-graph\">{\"@context\":\"https:\\\/\\\/schema.org\",\"@graph\":[{\"@type\":\"Article\",\"@id\":\"https:\\\/\\\/www.rri.ro\\\/fr\\\/actualites\\\/les-dossiers-de-lactualite\\\/les-festivals-de-lete-id796906.html#article\",\"isPartOf\":{\"@id\":\"https:\\\/\\\/www.rri.ro\\\/fr\\\/actualites\\\/les-dossiers-de-lactualite\\\/les-festivals-de-lete-id796906.html\"},\"author\":{\"name\":\"Corina Cristea\",\"@id\":\"https:\\\/\\\/www.rri.ro\\\/#\\\/schema\\\/person\\\/f9ab1cb3569dee1b2c033a814bb7f0fc\"},\"headline\":\"Les festivals de l\u2019\u00e9t\u00e9\",\"datePublished\":\"2024-08-08T11:16:28+00:00\",\"mainEntityOfPage\":{\"@id\":\"https:\\\/\\\/www.rri.ro\\\/fr\\\/actualites\\\/les-dossiers-de-lactualite\\\/les-festivals-de-lete-id796906.html\"},\"wordCount\":657,\"image\":{\"@id\":\"https:\\\/\\\/www.rri.ro\\\/fr\\\/actualites\\\/les-dossiers-de-lactualite\\\/les-festivals-de-lete-id796906.html#primaryimage\"},\"thumbnailUrl\":\"https:\\\/\\\/www.rri.ro\\\/wp-content\\\/uploads\\\/2024\\\/08\\\/festivalul-UNTOLD-foto-fb-festival.jpg\",\"keywords\":[\"cluj\",\"festival\",\"musique\",\"Neversea\",\"Untold\"],\"articleSection\":[\"Les dossiers de l'actualit\u00e9\"],\"inLanguage\":\"fr-FR\"},{\"@type\":\"WebPage\",\"@id\":\"https:\\\/\\\/www.rri.ro\\\/fr\\\/actualites\\\/les-dossiers-de-lactualite\\\/les-festivals-de-lete-id796906.html\",\"url\":\"https:\\\/\\\/www.rri.ro\\\/fr\\\/actualites\\\/les-dossiers-de-lactualite\\\/les-festivals-de-lete-id796906.html\",\"name\":\"Les festivals de l\u2019\u00e9t\u00e9 - Radio Roumanie Internationale\",\"isPartOf\":{\"@id\":\"https:\\\/\\\/www.rri.ro\\\/#website\"},\"primaryImageOfPage\":{\"@id\":\"https:\\\/\\\/www.rri.ro\\\/fr\\\/actualites\\\/les-dossiers-de-lactualite\\\/les-festivals-de-lete-id796906.html#primaryimage\"},\"image\":{\"@id\":\"https:\\\/\\\/www.rri.ro\\\/fr\\\/actualites\\\/les-dossiers-de-lactualite\\\/les-festivals-de-lete-id796906.html#primaryimage\"},\"thumbnailUrl\":\"https:\\\/\\\/www.rri.ro\\\/wp-content\\\/uploads\\\/2024\\\/08\\\/festivalul-UNTOLD-foto-fb-festival.jpg\",\"datePublished\":\"2024-08-08T11:16:28+00:00\",\"author\":{\"@id\":\"https:\\\/\\\/www.rri.ro\\\/#\\\/schema\\\/person\\\/f9ab1cb3569dee1b2c033a814bb7f0fc\"},\"breadcrumb\":{\"@id\":\"https:\\\/\\\/www.rri.ro\\\/fr\\\/actualites\\\/les-dossiers-de-lactualite\\\/les-festivals-de-lete-id796906.html#breadcrumb\"},\"inLanguage\":\"fr-FR\",\"potentialAction\":[{\"@type\":\"ReadAction\",\"target\":[\"https:\\\/\\\/www.rri.ro\\\/fr\\\/actualites\\\/les-dossiers-de-lactualite\\\/les-festivals-de-lete-id796906.html\"]}]},{\"@type\":\"ImageObject\",\"inLanguage\":\"fr-FR\",\"@id\":\"https:\\\/\\\/www.rri.ro\\\/fr\\\/actualites\\\/les-dossiers-de-lactualite\\\/les-festivals-de-lete-id796906.html#primaryimage\",\"url\":\"https:\\\/\\\/www.rri.ro\\\/wp-content\\\/uploads\\\/2024\\\/08\\\/festivalul-UNTOLD-foto-fb-festival.jpg\",\"contentUrl\":\"https:\\\/\\\/www.rri.ro\\\/wp-content\\\/uploads\\\/2024\\\/08\\\/festivalul-UNTOLD-foto-fb-festival.jpg\",\"width\":1200,\"height\":800,\"caption\":\"UNTOLD (foto:\"},{\"@type\":\"BreadcrumbList\",\"@id\":\"https:\\\/\\\/www.rri.ro\\\/fr\\\/actualites\\\/les-dossiers-de-lactualite\\\/les-festivals-de-lete-id796906.html#breadcrumb\",\"itemListElement\":[{\"@type\":\"ListItem\",\"position\":1,\"name\":\"Page d'accueil\",\"item\":\"https:\\\/\\\/www.rri.ro\\\/fr\"},{\"@type\":\"ListItem\",\"position\":2,\"name\":\"Actualit\u00e9s\",\"item\":\"https:\\\/\\\/www.rri.ro\\\/fr\\\/actualites\"},{\"@type\":\"ListItem\",\"position\":3,\"name\":\"Les dossiers de l'actualit\u00e9\",\"item\":\"https:\\\/\\\/www.rri.ro\\\/fr\\\/actualites\\\/les-dossiers-de-lactualite\"},{\"@type\":\"ListItem\",\"position\":4,\"name\":\"Les festivals de l\u2019\u00e9t\u00e9\"}]},{\"@type\":\"WebSite\",\"@id\":\"https:\\\/\\\/www.rri.ro\\\/#website\",\"url\":\"https:\\\/\\\/www.rri.ro\\\/\",\"name\":\"Radio Roumanie Internationale\",\"description\":\"Totul despre Rom\u00e2nia \u015fi rom\u00e2ni, \u00een 13 limbi\\\/dialecte!\",\"inLanguage\":\"fr-FR\"},{\"@type\":\"Person\",\"@id\":\"https:\\\/\\\/www.rri.ro\\\/#\\\/schema\\\/person\\\/f9ab1cb3569dee1b2c033a814bb7f0fc\",\"name\":\"Corina Cristea\",\"url\":\"https:\\\/\\\/www.rri.ro\\\/fr\\\/author\\\/corina-cristea\"}]}<\/script>\n<!-- \/ Yoast SEO plugin. -->","yoast_head_json":{"title":"Les festivals de l\u2019\u00e9t\u00e9 - Radio Roumanie Internationale","robots":{"index":"index","follow":"follow","max-snippet":"max-snippet:-1","max-image-preview":"max-image-preview:large","max-video-preview":"max-video-preview:-1"},"canonical":"https:\/\/www.rri.ro\/fr\/actualites\/les-dossiers-de-lactualite\/les-festivals-de-lete-id796906.html","og_locale":"fr_FR","og_type":"article","og_title":"Les festivals de l\u2019\u00e9t\u00e9 - Radio Roumanie Internationale","og_description":"La 9e \u00e9dition d\u2019UNTOLD, troisi\u00e8me dans le classement des cent plus importants festivals au monde r\u00e9unit ces jours-ci \u00e0 Cluj, dans le nord-ouest, plus de 150 artistes de Roumanie et du monde, qui se produiront sur les huit sc\u00e8nes de l\u2019\u00e9v\u00e9nement. Parmi eux, des stars qui s\u2019\u00e9taient d\u00e9j\u00e0 produites en Roumanie, telles la l\u00e9gende du [&hellip;]","og_url":"https:\/\/www.rri.ro\/fr\/actualites\/les-dossiers-de-lactualite\/les-festivals-de-lete-id796906.html","og_site_name":"Radio Roumanie Internationale","article_published_time":"2024-08-08T11:16:28+00:00","og_image":[{"width":1200,"height":800,"url":"https:\/\/www.rri.ro\/wp-content\/uploads\/2024\/08\/festivalul-UNTOLD-foto-fb-festival.jpg","type":"image\/jpeg"}],"author":"Corina Cristea","twitter_card":"summary_large_image","twitter_misc":{"\u00c9crit par":"Corina Cristea","Dur\u00e9e de lecture estim\u00e9e":"3 minutes","Written by":"Corina Cristea"},"schema":{"@context":"https:\/\/schema.org","@graph":[{"@type":"Article","@id":"https:\/\/www.rri.ro\/fr\/actualites\/les-dossiers-de-lactualite\/les-festivals-de-lete-id796906.html#article","isPartOf":{"@id":"https:\/\/www.rri.ro\/fr\/actualites\/les-dossiers-de-lactualite\/les-festivals-de-lete-id796906.html"},"author":{"name":"Corina Cristea","@id":"https:\/\/www.rri.ro\/#\/schema\/person\/f9ab1cb3569dee1b2c033a814bb7f0fc"},"headline":"Les festivals de l\u2019\u00e9t\u00e9","datePublished":"2024-08-08T11:16:28+00:00","mainEntityOfPage":{"@id":"https:\/\/www.rri.ro\/fr\/actualites\/les-dossiers-de-lactualite\/les-festivals-de-lete-id796906.html"},"wordCount":657,"image":{"@id":"https:\/\/www.rri.ro\/fr\/actualites\/les-dossiers-de-lactualite\/les-festivals-de-lete-id796906.html#primaryimage"},"thumbnailUrl":"https:\/\/www.rri.ro\/wp-content\/uploads\/2024\/08\/festivalul-UNTOLD-foto-fb-festival.jpg","keywords":["cluj","festival","musique","Neversea","Untold"],"articleSection":["Les dossiers de l'actualit\u00e9"],"inLanguage":"fr-FR"},{"@type":"WebPage","@id":"https:\/\/www.rri.ro\/fr\/actualites\/les-dossiers-de-lactualite\/les-festivals-de-lete-id796906.html","url":"https:\/\/www.rri.ro\/fr\/actualites\/les-dossiers-de-lactualite\/les-festivals-de-lete-id796906.html","name":"Les festivals de l\u2019\u00e9t\u00e9 - Radio Roumanie Internationale","isPartOf":{"@id":"https:\/\/www.rri.ro\/#website"},"primaryImageOfPage":{"@id":"https:\/\/www.rri.ro\/fr\/actualites\/les-dossiers-de-lactualite\/les-festivals-de-lete-id796906.html#primaryimage"},"image":{"@id":"https:\/\/www.rri.ro\/fr\/actualites\/les-dossiers-de-lactualite\/les-festivals-de-lete-id796906.html#primaryimage"},"thumbnailUrl":"https:\/\/www.rri.ro\/wp-content\/uploads\/2024\/08\/festivalul-UNTOLD-foto-fb-festival.jpg","datePublished":"2024-08-08T11:16:28+00:00","author":{"@id":"https:\/\/www.rri.ro\/#\/schema\/person\/f9ab1cb3569dee1b2c033a814bb7f0fc"},"breadcrumb":{"@id":"https:\/\/www.rri.ro\/fr\/actualites\/les-dossiers-de-lactualite\/les-festivals-de-lete-id796906.html#breadcrumb"},"inLanguage":"fr-FR","potentialAction":[{"@type":"ReadAction","target":["https:\/\/www.rri.ro\/fr\/actualites\/les-dossiers-de-lactualite\/les-festivals-de-lete-id796906.html"]}]},{"@type":"ImageObject","inLanguage":"fr-FR","@id":"https:\/\/www.rri.ro\/fr\/actualites\/les-dossiers-de-lactualite\/les-festivals-de-lete-id796906.html#primaryimage","url":"https:\/\/www.rri.ro\/wp-content\/uploads\/2024\/08\/festivalul-UNTOLD-foto-fb-festival.jpg","contentUrl":"https:\/\/www.rri.ro\/wp-content\/uploads\/2024\/08\/festivalul-UNTOLD-foto-fb-festival.jpg","width":1200,"height":800,"caption":"UNTOLD (foto:"},{"@type":"BreadcrumbList","@id":"https:\/\/www.rri.ro\/fr\/actualites\/les-dossiers-de-lactualite\/les-festivals-de-lete-id796906.html#breadcrumb","itemListElement":[{"@type":"ListItem","position":1,"name":"Page d'accueil","item":"https:\/\/www.rri.ro\/fr"},{"@type":"ListItem","position":2,"name":"Actualit\u00e9s","item":"https:\/\/www.rri.ro\/fr\/actualites"},{"@type":"ListItem","position":3,"name":"Les dossiers de l'actualit\u00e9","item":"https:\/\/www.rri.ro\/fr\/actualites\/les-dossiers-de-lactualite"},{"@type":"ListItem","position":4,"name":"Les festivals de l\u2019\u00e9t\u00e9"}]},{"@type":"WebSite","@id":"https:\/\/www.rri.ro\/#website","url":"https:\/\/www.rri.ro\/","name":"Radio Roumanie Internationale","description":"Totul despre Rom\u00e2nia \u015fi rom\u00e2ni, \u00een 13 limbi\/dialecte!","inLanguage":"fr-FR"},{"@type":"Person","@id":"https:\/\/www.rri.ro\/#\/schema\/person\/f9ab1cb3569dee1b2c033a814bb7f0fc","name":"Corina Cristea","url":"https:\/\/www.rri.ro\/fr\/author\/corina-cristea"}]}},"_links":{"self":[{"href":"https:\/\/www.rri.ro\/fr\/wp-json\/wp\/v2\/posts\/796906","targetHints":{"allow":["GET"]}}],"collection":[{"href":"https:\/\/www.rri.ro\/fr\/wp-json\/wp\/v2\/posts"}],"about":[{"href":"https:\/\/www.rri.ro\/fr\/wp-json\/wp\/v2\/types\/post"}],"author":[{"embeddable":true,"href":"https:\/\/www.rri.ro\/fr\/wp-json\/wp\/v2\/users\/108"}],"replies":[{"embeddable":true,"href":"https:\/\/www.rri.ro\/fr\/wp-json\/wp\/v2\/comments?post=796906"}],"version-history":[{"count":0,"href":"https:\/\/www.rri.ro\/fr\/wp-json\/wp\/v2\/posts\/796906\/revisions"}],"wp:featuredmedia":[{"embeddable":true,"href":"https:\/\/www.rri.ro\/fr\/wp-json\/wp\/v2\/media\/796889"}],"wp:attachment":[{"href":"https:\/\/www.rri.ro\/fr\/wp-json\/wp\/v2\/media?parent=796906"}],"wp:term":[{"taxonomy":"category","embeddable":true,"href":"https:\/\/www.rri.ro\/fr\/wp-json\/wp\/v2\/categories?post=796906"},{"taxonomy":"post_tag","embeddable":true,"href":"https:\/\/www.rri.ro\/fr\/wp-json\/wp\/v2\/tags?post=796906"},{"taxonomy":"author","embeddable":true,"href":"https:\/\/www.rri.ro\/fr\/wp-json\/wp\/v2\/coauthors?post=796906"}],"curies":[{"name":"wp","href":"https:\/\/api.w.org\/{rel}","templated":true}]}}