{"id":814813,"date":"2024-10-07T13:05:50","date_gmt":"2024-10-07T10:05:50","guid":{"rendered":"https:\/\/www.rri.ro\/?p=814813"},"modified":"2024-10-07T13:05:50","modified_gmt":"2024-10-07T10:05:50","slug":"07-10-2024","status":"publish","type":"post","link":"https:\/\/www.rri.ro\/fr\/actualites\/le-flash\/07-10-2024-id814813.html","title":{"rendered":"07.10.2024"},"content":{"rendered":"<p><strong>Elections<\/strong> &#8211; 16 candidats ont \u00e9t\u00e9 admis \u00e0 la course aux \u00e9lections pr\u00e9sidentielles roumaines. La liste des candidats sera finalis\u00e9e le 10 octobre, apr\u00e8s la soumission des autres documents obligatoires. Le premier tour des \u00e9lections pr\u00e9sidentielles est pr\u00e9vu pour le 24 novembre et le second tour pour le 8 d\u00e9cembre. La campagne \u00e9lectorale pr\u00e9sidentielle d\u00e9butera officiellement le 25 octobre.<\/p>\n<p><strong>\u00a0<\/strong><\/p>\n<p><strong>Patrimoine<\/strong> &#8211; Pr\u00e8s de 800 professionnels, promoteurs de la conservation du patrimoine culturel en Europe et en Roumanie, ainsi que des fonctionnaires se sont r\u00e9unis \u00e0 Bucarest pour le Sommet europ\u00e9en du patrimoine culturel 2024, un \u00e9v\u00e9nement organis\u00e9 par Europa Nostra &#8211; la plus grande f\u00e9d\u00e9ration d&rsquo;organisations non gouvernementales du continent &#8211; du 6 au 8 octobre. Des sp\u00e9cialistes du domaine ont abord\u00e9 les priorit\u00e9s de politique publique au niveau europ\u00e9en, ainsi qu&rsquo;en relation avec les autorit\u00e9s roumaines, et c\u00e9l\u00e9breront les meilleurs projets de conservation du patrimoine b\u00e2ti qui ont remport\u00e9 le concours \u00ab Europa Nostra \u00bb. Parmi eux figurent deux projets roumains : l&rsquo;\u00e9glise saxonne d&rsquo;Alma Vii (au centre) et l&rsquo;\u00e9glise Saint-Michel de Cluj-Napoca (au nord-ouest). Au total, 206 candidatures \u00e9ligibles ont \u00e9t\u00e9 soumises pour les prix de cette ann\u00e9e par des organisations et des individus de 38 pays europ\u00e9ens.<\/p>\n<p>&nbsp;<\/p>\n<p><strong>UE<\/strong> &#8211; La pr\u00e9sidente de la Commission europ\u00e9enne, Ursula von der Leyen, a rendu hommage ce lundi aux victimes de l&rsquo;attentat terroriste perp\u00e9tr\u00e9 par le mouvement islamiste palestinien Hamas dans le sud d&rsquo;Isra\u00ebl il y a exactement un an et a r\u00e9it\u00e9r\u00e9 l&rsquo;appel de l&rsquo;UE en faveur d&rsquo;un cessez-le-feu imm\u00e9diat dans la bande de Gaza et de la lib\u00e9ration inconditionnelle de tous les otages. L&rsquo;attaque du Hamas \u00ab a caus\u00e9 d&rsquo;immenses souffrances non seulement au peuple d&rsquo;Isra\u00ebl mais aussi \u00e0 des Palestiniens innocents \u00bb, a soulign\u00e9 la cheffe de l&rsquo;ex\u00e9cutif europ\u00e9en, qui a promis une aide humanitaire et financi\u00e8re au peuple palestinien et au Liban. D&rsquo;autre part, Ursula von der Leyen a soulign\u00e9 que les incidents antis\u00e9mites sont en augmentation en Europe et s&rsquo;est engag\u00e9e \u00e0 allouer des ressources suppl\u00e9mentaires pour lutter contre ce ph\u00e9nom\u00e8ne. Le 7 octobre 2023, des commandos du Hamas sont entr\u00e9s dans le sud d&rsquo;Isra\u00ebl o\u00f9 ils ont tu\u00e9 1 205 personnes, pour la plupart des civils. Ce jour-l\u00e0, 251 autres personnes ont \u00e9t\u00e9 enlev\u00e9es par le Hamas et emmen\u00e9es dans la bande de Gaza. Les forces de d\u00e9fense isra\u00e9liennes ont ripost\u00e9 par une intense campagne de bombardements, suivie d&rsquo;une vaste op\u00e9ration terrestre, contre les positions du Hamas dans la bande de Gaza. Selon le minist\u00e8re de la sant\u00e9 de Gaza, l&rsquo;action militaire isra\u00e9lienne a caus\u00e9 la mort de plus de 41 000 Palestiniens. Des milliers de manifestants sont descendus dans les rues des grandes villes du monde entier au cours du week-end, exigeant la fin de l&rsquo;effusion de sang dans la bande de Gaza et au Moyen-Orient.<\/p>\n<p>&nbsp;<\/p>\n<p><strong>Manifestations<\/strong> &#8211; Des milliers de manifestants sont descendus dans les rues des grandes villes du monde entier au cours du week-end, exigeant la fin de l&rsquo;effusion de sang dans la bande de Gaza et au Moyen-Orient, \u00e0 l&rsquo;approche du premier anniversaire de l&rsquo;attaque sans pr\u00e9c\u00e9dent lanc\u00e9e le 7 octobre 2023 par le groupe palestinien Hamas contre Isra\u00ebl. Selon Reuters, quelque 40 000 manifestants pro-palestiniens ont d\u00e9fil\u00e9 dans le centre de Londres, tandis que plusieurs milliers d&rsquo;autres se sont rassembl\u00e9s \u00e0 Paris, Rome, Manille, Le Cap et New York. Des manifestations ont \u00e9galement eu lieu \u00e0 Washington, pr\u00e8s de la Maison Blanche, pour protester contre le soutien des \u00c9tats-Unis aux campagnes militaires d&rsquo;Isra\u00ebl dans la bande de Gaza et au Liban. Suite \u00e0 l\u2019attaque du Hamas dans le sud d&rsquo;Isra\u00ebl le 7 octobre 2023, qui a fait 1 200 morts, les repr\u00e9sailles isra\u00e9liennes dans la bande de Gaza ont entra\u00een\u00e9 la mort de plus de 41 000 Palestiniens, selon le Minist\u00e8re de la Sant\u00e9 de Gaza. La guerre a d\u00e9vast\u00e9 l&rsquo;enclave, entra\u00eenant le d\u00e9placement de la quasi-totalit\u00e9 de la population de 2,3 millions de Palestiniens et provoquant une crise alimentaire.<\/p>\n<p>&nbsp;<\/p>\n<p><strong>Tennis<\/strong> \u2013 Le double roumain Monica Niculescu\/Gabriela Ruse a remport\u00e9 dimanche le titre en double du tournoi de tennis WTA 125 de Hong Kong, apr\u00e8s avoir battu le couple japonais Nao Hibino\/Makoto Ninomiya 6-3, 5-7, 10-5 en finale. Pour les deux Roumaines il s&rsquo;agit du deuxi\u00e8me titre de double remport\u00e9 ensemble apr\u00e8s avoir gagn\u00e9 le tournoi ITF \u00e0 Nottingham en 2021.<\/p>\n<p><strong>\u00a0<\/strong><\/p>\n<p><strong>M\u00e9t\u00e9o<\/strong> &#8211; En Roumanie, les temp\u00e9ratures seront proches des normales saisonni\u00e8res. Le ciel sera variable dans le sud-ouest et le sud, tandis que dans le reste du pays, le ciel sera temporairement nuageux avec de l\u00e9g\u00e8res averses dans l&rsquo;est et le sud-ainsi que sur les reliefs. Les temp\u00e9ratures maximales seront comprises entre 14 et 24 degr\u00e9s Celsius. 17 degr\u00e9s et du soleil aujourd\u2019hui \u00e0 Bucarest<\/p>\n","protected":false},"excerpt":{"rendered":"<p>Elections &#8211; 16 candidats ont \u00e9t\u00e9 admis \u00e0 la course aux \u00e9lections pr\u00e9sidentielles roumaines. La liste des candidats sera finalis\u00e9e le 10 octobre, apr\u00e8s la soumission des autres documents obligatoires. Le premier tour des \u00e9lections pr\u00e9sidentielles est pr\u00e9vu pour le 24 novembre et le second tour pour le 8 d\u00e9cembre. La campagne \u00e9lectorale pr\u00e9sidentielle d\u00e9butera [&hellip;]<\/p>\n","protected":false},"author":113,"featured_media":723357,"comment_status":"closed","ping_status":"closed","sticky":false,"template":"","format":"standard","meta":{"_acf_changed":false,"footnotes":""},"categories":[89002],"tags":[87061,88296,85567,85700,95075,85412,88110],"coauthors":[116091],"class_list":["post-814813","post","type-post","status-publish","format-standard","has-post-thumbnail","hentry","category-le-flash","tag-commission-europeenne","tag-parlement","tag-politique","tag-protestations","tag-revue-de-presse","tag-roumanie","tag-sommet"],"acf":[],"yoast_head":"<!-- This site is optimized with the Yoast SEO plugin v27.3 - https:\/\/yoast.com\/product\/yoast-seo-wordpress\/ -->\n<title>07.10.2024 - Radio Roumanie Internationale<\/title>\n<meta name=\"robots\" content=\"index, follow, max-snippet:-1, max-image-preview:large, max-video-preview:-1\" \/>\n<link rel=\"canonical\" href=\"https:\/\/www.rri.ro\/fr\/actualites\/le-flash\/07-10-2024-id814813.html\" \/>\n<meta property=\"og:locale\" content=\"fr_FR\" \/>\n<meta property=\"og:type\" content=\"article\" \/>\n<meta property=\"og:title\" content=\"07.10.2024 - Radio Roumanie Internationale\" \/>\n<meta property=\"og:description\" content=\"Elections &#8211; 16 candidats ont \u00e9t\u00e9 admis \u00e0 la course aux \u00e9lections pr\u00e9sidentielles roumaines. La liste des candidats sera finalis\u00e9e le 10 octobre, apr\u00e8s la soumission des autres documents obligatoires. Le premier tour des \u00e9lections pr\u00e9sidentielles est pr\u00e9vu pour le 24 novembre et le second tour pour le 8 d\u00e9cembre. La campagne \u00e9lectorale pr\u00e9sidentielle d\u00e9butera [&hellip;]\" \/>\n<meta property=\"og:url\" content=\"https:\/\/www.rri.ro\/fr\/actualites\/le-flash\/07-10-2024-id814813.html\" \/>\n<meta property=\"og:site_name\" content=\"Radio Roumanie Internationale\" \/>\n<meta property=\"article:published_time\" content=\"2024-10-07T10:05:50+00:00\" \/>\n<meta property=\"og:image\" content=\"https:\/\/www.rri.ro\/wp-content\/uploads\/2024\/03\/RRI-960x540-Le-flash-2-NOU.jpg\" \/>\n\t<meta property=\"og:image:width\" content=\"960\" \/>\n\t<meta property=\"og:image:height\" content=\"540\" \/>\n\t<meta property=\"og:image:type\" content=\"image\/jpeg\" \/>\n<meta name=\"author\" content=\"Newsroom\" \/>\n<meta name=\"twitter:card\" content=\"summary_large_image\" \/>\n<meta name=\"twitter:label1\" content=\"\u00c9crit par\" \/>\n\t<meta name=\"twitter:data1\" content=\"Newsroom\" \/>\n\t<meta name=\"twitter:label2\" content=\"Dur\u00e9e de lecture estim\u00e9e\" \/>\n\t<meta name=\"twitter:data2\" content=\"4 minutes\" \/>\n\t<meta name=\"twitter:label3\" content=\"Written by\" \/>\n\t<meta name=\"twitter:data3\" content=\"Newsroom\" \/>\n<script type=\"application\/ld+json\" class=\"yoast-schema-graph\">{\"@context\":\"https:\\\/\\\/schema.org\",\"@graph\":[{\"@type\":\"Article\",\"@id\":\"https:\\\/\\\/www.rri.ro\\\/fr\\\/actualites\\\/le-flash\\\/07-10-2024-id814813.html#article\",\"isPartOf\":{\"@id\":\"https:\\\/\\\/www.rri.ro\\\/fr\\\/actualites\\\/le-flash\\\/07-10-2024-id814813.html\"},\"author\":{\"name\":\"Newsroom\",\"@id\":\"https:\\\/\\\/www.rri.ro\\\/#\\\/schema\\\/person\\\/4a479940371b9fdefd194f561e8a7f88\"},\"headline\":\"07.10.2024\",\"datePublished\":\"2024-10-07T10:05:50+00:00\",\"mainEntityOfPage\":{\"@id\":\"https:\\\/\\\/www.rri.ro\\\/fr\\\/actualites\\\/le-flash\\\/07-10-2024-id814813.html\"},\"wordCount\":840,\"image\":{\"@id\":\"https:\\\/\\\/www.rri.ro\\\/fr\\\/actualites\\\/le-flash\\\/07-10-2024-id814813.html#primaryimage\"},\"thumbnailUrl\":\"https:\\\/\\\/www.rri.ro\\\/wp-content\\\/uploads\\\/2024\\\/03\\\/RRI-960x540-Le-flash-2-NOU.jpg\",\"keywords\":[\"Commission europ\u00e9enne\",\"Parlement\",\"politique\",\"protestations\",\"revue de presse\",\"Roumanie\",\"sommet\"],\"articleSection\":[\"Le flash\"],\"inLanguage\":\"fr-FR\"},{\"@type\":\"WebPage\",\"@id\":\"https:\\\/\\\/www.rri.ro\\\/fr\\\/actualites\\\/le-flash\\\/07-10-2024-id814813.html\",\"url\":\"https:\\\/\\\/www.rri.ro\\\/fr\\\/actualites\\\/le-flash\\\/07-10-2024-id814813.html\",\"name\":\"07.10.2024 - Radio Roumanie Internationale\",\"isPartOf\":{\"@id\":\"https:\\\/\\\/www.rri.ro\\\/#website\"},\"primaryImageOfPage\":{\"@id\":\"https:\\\/\\\/www.rri.ro\\\/fr\\\/actualites\\\/le-flash\\\/07-10-2024-id814813.html#primaryimage\"},\"image\":{\"@id\":\"https:\\\/\\\/www.rri.ro\\\/fr\\\/actualites\\\/le-flash\\\/07-10-2024-id814813.html#primaryimage\"},\"thumbnailUrl\":\"https:\\\/\\\/www.rri.ro\\\/wp-content\\\/uploads\\\/2024\\\/03\\\/RRI-960x540-Le-flash-2-NOU.jpg\",\"datePublished\":\"2024-10-07T10:05:50+00:00\",\"author\":{\"@id\":\"https:\\\/\\\/www.rri.ro\\\/#\\\/schema\\\/person\\\/4a479940371b9fdefd194f561e8a7f88\"},\"breadcrumb\":{\"@id\":\"https:\\\/\\\/www.rri.ro\\\/fr\\\/actualites\\\/le-flash\\\/07-10-2024-id814813.html#breadcrumb\"},\"inLanguage\":\"fr-FR\",\"potentialAction\":[{\"@type\":\"ReadAction\",\"target\":[\"https:\\\/\\\/www.rri.ro\\\/fr\\\/actualites\\\/le-flash\\\/07-10-2024-id814813.html\"]}]},{\"@type\":\"ImageObject\",\"inLanguage\":\"fr-FR\",\"@id\":\"https:\\\/\\\/www.rri.ro\\\/fr\\\/actualites\\\/le-flash\\\/07-10-2024-id814813.html#primaryimage\",\"url\":\"https:\\\/\\\/www.rri.ro\\\/wp-content\\\/uploads\\\/2024\\\/03\\\/RRI-960x540-Le-flash-2-NOU.jpg\",\"contentUrl\":\"https:\\\/\\\/www.rri.ro\\\/wp-content\\\/uploads\\\/2024\\\/03\\\/RRI-960x540-Le-flash-2-NOU.jpg\",\"width\":960,\"height\":540},{\"@type\":\"BreadcrumbList\",\"@id\":\"https:\\\/\\\/www.rri.ro\\\/fr\\\/actualites\\\/le-flash\\\/07-10-2024-id814813.html#breadcrumb\",\"itemListElement\":[{\"@type\":\"ListItem\",\"position\":1,\"name\":\"Page d'accueil\",\"item\":\"https:\\\/\\\/www.rri.ro\\\/fr\"},{\"@type\":\"ListItem\",\"position\":2,\"name\":\"Actualit\u00e9s\",\"item\":\"https:\\\/\\\/www.rri.ro\\\/fr\\\/actualites\"},{\"@type\":\"ListItem\",\"position\":3,\"name\":\"Le flash\",\"item\":\"https:\\\/\\\/www.rri.ro\\\/fr\\\/actualites\\\/le-flash\"},{\"@type\":\"ListItem\",\"position\":4,\"name\":\"07.10.2024\"}]},{\"@type\":\"WebSite\",\"@id\":\"https:\\\/\\\/www.rri.ro\\\/#website\",\"url\":\"https:\\\/\\\/www.rri.ro\\\/\",\"name\":\"Radio Roumanie Internationale\",\"description\":\"Totul despre Rom\u00e2nia \u015fi rom\u00e2ni, \u00een 13 limbi\\\/dialecte!\",\"inLanguage\":\"fr-FR\"},{\"@type\":\"Person\",\"@id\":\"https:\\\/\\\/www.rri.ro\\\/#\\\/schema\\\/person\\\/4a479940371b9fdefd194f561e8a7f88\",\"name\":\"Newsroom\",\"url\":\"https:\\\/\\\/www.rri.ro\\\/fr\\\/author\\\/newsroom\"}]}<\/script>\n<!-- \/ Yoast SEO plugin. -->","yoast_head_json":{"title":"07.10.2024 - Radio Roumanie Internationale","robots":{"index":"index","follow":"follow","max-snippet":"max-snippet:-1","max-image-preview":"max-image-preview:large","max-video-preview":"max-video-preview:-1"},"canonical":"https:\/\/www.rri.ro\/fr\/actualites\/le-flash\/07-10-2024-id814813.html","og_locale":"fr_FR","og_type":"article","og_title":"07.10.2024 - Radio Roumanie Internationale","og_description":"Elections &#8211; 16 candidats ont \u00e9t\u00e9 admis \u00e0 la course aux \u00e9lections pr\u00e9sidentielles roumaines. La liste des candidats sera finalis\u00e9e le 10 octobre, apr\u00e8s la soumission des autres documents obligatoires. Le premier tour des \u00e9lections pr\u00e9sidentielles est pr\u00e9vu pour le 24 novembre et le second tour pour le 8 d\u00e9cembre. La campagne \u00e9lectorale pr\u00e9sidentielle d\u00e9butera [&hellip;]","og_url":"https:\/\/www.rri.ro\/fr\/actualites\/le-flash\/07-10-2024-id814813.html","og_site_name":"Radio Roumanie Internationale","article_published_time":"2024-10-07T10:05:50+00:00","og_image":[{"width":960,"height":540,"url":"https:\/\/www.rri.ro\/wp-content\/uploads\/2024\/03\/RRI-960x540-Le-flash-2-NOU.jpg","type":"image\/jpeg"}],"author":"Newsroom","twitter_card":"summary_large_image","twitter_misc":{"\u00c9crit par":"Newsroom","Dur\u00e9e de lecture estim\u00e9e":"4 minutes","Written by":"Newsroom"},"schema":{"@context":"https:\/\/schema.org","@graph":[{"@type":"Article","@id":"https:\/\/www.rri.ro\/fr\/actualites\/le-flash\/07-10-2024-id814813.html#article","isPartOf":{"@id":"https:\/\/www.rri.ro\/fr\/actualites\/le-flash\/07-10-2024-id814813.html"},"author":{"name":"Newsroom","@id":"https:\/\/www.rri.ro\/#\/schema\/person\/4a479940371b9fdefd194f561e8a7f88"},"headline":"07.10.2024","datePublished":"2024-10-07T10:05:50+00:00","mainEntityOfPage":{"@id":"https:\/\/www.rri.ro\/fr\/actualites\/le-flash\/07-10-2024-id814813.html"},"wordCount":840,"image":{"@id":"https:\/\/www.rri.ro\/fr\/actualites\/le-flash\/07-10-2024-id814813.html#primaryimage"},"thumbnailUrl":"https:\/\/www.rri.ro\/wp-content\/uploads\/2024\/03\/RRI-960x540-Le-flash-2-NOU.jpg","keywords":["Commission europ\u00e9enne","Parlement","politique","protestations","revue de presse","Roumanie","sommet"],"articleSection":["Le flash"],"inLanguage":"fr-FR"},{"@type":"WebPage","@id":"https:\/\/www.rri.ro\/fr\/actualites\/le-flash\/07-10-2024-id814813.html","url":"https:\/\/www.rri.ro\/fr\/actualites\/le-flash\/07-10-2024-id814813.html","name":"07.10.2024 - Radio Roumanie Internationale","isPartOf":{"@id":"https:\/\/www.rri.ro\/#website"},"primaryImageOfPage":{"@id":"https:\/\/www.rri.ro\/fr\/actualites\/le-flash\/07-10-2024-id814813.html#primaryimage"},"image":{"@id":"https:\/\/www.rri.ro\/fr\/actualites\/le-flash\/07-10-2024-id814813.html#primaryimage"},"thumbnailUrl":"https:\/\/www.rri.ro\/wp-content\/uploads\/2024\/03\/RRI-960x540-Le-flash-2-NOU.jpg","datePublished":"2024-10-07T10:05:50+00:00","author":{"@id":"https:\/\/www.rri.ro\/#\/schema\/person\/4a479940371b9fdefd194f561e8a7f88"},"breadcrumb":{"@id":"https:\/\/www.rri.ro\/fr\/actualites\/le-flash\/07-10-2024-id814813.html#breadcrumb"},"inLanguage":"fr-FR","potentialAction":[{"@type":"ReadAction","target":["https:\/\/www.rri.ro\/fr\/actualites\/le-flash\/07-10-2024-id814813.html"]}]},{"@type":"ImageObject","inLanguage":"fr-FR","@id":"https:\/\/www.rri.ro\/fr\/actualites\/le-flash\/07-10-2024-id814813.html#primaryimage","url":"https:\/\/www.rri.ro\/wp-content\/uploads\/2024\/03\/RRI-960x540-Le-flash-2-NOU.jpg","contentUrl":"https:\/\/www.rri.ro\/wp-content\/uploads\/2024\/03\/RRI-960x540-Le-flash-2-NOU.jpg","width":960,"height":540},{"@type":"BreadcrumbList","@id":"https:\/\/www.rri.ro\/fr\/actualites\/le-flash\/07-10-2024-id814813.html#breadcrumb","itemListElement":[{"@type":"ListItem","position":1,"name":"Page d'accueil","item":"https:\/\/www.rri.ro\/fr"},{"@type":"ListItem","position":2,"name":"Actualit\u00e9s","item":"https:\/\/www.rri.ro\/fr\/actualites"},{"@type":"ListItem","position":3,"name":"Le flash","item":"https:\/\/www.rri.ro\/fr\/actualites\/le-flash"},{"@type":"ListItem","position":4,"name":"07.10.2024"}]},{"@type":"WebSite","@id":"https:\/\/www.rri.ro\/#website","url":"https:\/\/www.rri.ro\/","name":"Radio Roumanie Internationale","description":"Totul despre Rom\u00e2nia \u015fi rom\u00e2ni, \u00een 13 limbi\/dialecte!","inLanguage":"fr-FR"},{"@type":"Person","@id":"https:\/\/www.rri.ro\/#\/schema\/person\/4a479940371b9fdefd194f561e8a7f88","name":"Newsroom","url":"https:\/\/www.rri.ro\/fr\/author\/newsroom"}]}},"_links":{"self":[{"href":"https:\/\/www.rri.ro\/fr\/wp-json\/wp\/v2\/posts\/814813","targetHints":{"allow":["GET"]}}],"collection":[{"href":"https:\/\/www.rri.ro\/fr\/wp-json\/wp\/v2\/posts"}],"about":[{"href":"https:\/\/www.rri.ro\/fr\/wp-json\/wp\/v2\/types\/post"}],"author":[{"embeddable":true,"href":"https:\/\/www.rri.ro\/fr\/wp-json\/wp\/v2\/users\/113"}],"replies":[{"embeddable":true,"href":"https:\/\/www.rri.ro\/fr\/wp-json\/wp\/v2\/comments?post=814813"}],"version-history":[{"count":0,"href":"https:\/\/www.rri.ro\/fr\/wp-json\/wp\/v2\/posts\/814813\/revisions"}],"wp:featuredmedia":[{"embeddable":true,"href":"https:\/\/www.rri.ro\/fr\/wp-json\/wp\/v2\/media\/723357"}],"wp:attachment":[{"href":"https:\/\/www.rri.ro\/fr\/wp-json\/wp\/v2\/media?parent=814813"}],"wp:term":[{"taxonomy":"category","embeddable":true,"href":"https:\/\/www.rri.ro\/fr\/wp-json\/wp\/v2\/categories?post=814813"},{"taxonomy":"post_tag","embeddable":true,"href":"https:\/\/www.rri.ro\/fr\/wp-json\/wp\/v2\/tags?post=814813"},{"taxonomy":"author","embeddable":true,"href":"https:\/\/www.rri.ro\/fr\/wp-json\/wp\/v2\/coauthors?post=814813"}],"curies":[{"name":"wp","href":"https:\/\/api.w.org\/{rel}","templated":true}]}}