{"id":816724,"date":"2024-10-12T12:40:58","date_gmt":"2024-10-12T09:40:58","guid":{"rendered":"https:\/\/www.rri.ro\/?p=816724"},"modified":"2024-10-12T12:46:09","modified_gmt":"2024-10-12T09:46:09","slug":"12-10-2024","status":"publish","type":"post","link":"https:\/\/www.rri.ro\/fr\/actualites\/le-flash\/12-10-2024-id816724.html","title":{"rendered":"12.10.2024"},"content":{"rendered":"<p><strong>Campagne<\/strong> &#8211; Lundi, le minist\u00e8re roumain de l&rsquo;Int\u00e9rieur lancera la campagne \u00ab Loin de chez vous, nous vous voulons en s\u00e9curit\u00e9 \u00bb afin de pr\u00e9venir la traite des \u00eatres humains et l&rsquo;exploitation des Roumains qui vont travailler \u00e0 l&rsquo;\u00e9tranger. 20 000 d\u00e9pliants contenant des informations importantes seront distribu\u00e9s par l&rsquo;organisation internationale \u00ab Justice and Care Romania \u00bb et les structures du minist\u00e8re roumain de l&rsquo;Int\u00e9rieur aux postes-fronti\u00e8res terrestres et dans les principaux a\u00e9roports internationaux du pays. L&rsquo;initiative est soutenue par l&rsquo;ambassade britannique en Roumanie. En mai dernier, le gouvernement de Bucarest a lanc\u00e9 la strat\u00e9gie nationale de lutte contre la traite des \u00eatres humains (2024-2028). Cette semaine, le parlement roumain a durci les peines pour les personnes coupables de traite des \u00eatres humains et a introduit des moyens de soutien aux victimes.<\/p>\n<p><strong>\u00a0<\/strong><\/p>\n<p><strong>Elections<\/strong> &#8211; La p\u00e9riode pendant laquelle les \u00e9lecteurs roumains vivant ou r\u00e9sidant \u00e0 l&rsquo;\u00e9tranger pouvaient s&rsquo;inscrire pour voter par correspondance aux prochaines \u00e9lections pr\u00e9sidentielles est termin\u00e9e. L&rsquo;Autorit\u00e9 \u00e9lectorale permanente a inform\u00e9 que pr\u00e8s de 7000 citoyens se sont inscrits pour avoir recours \u00e0 cette m\u00e9thode. Pour les \u00e9lections l\u00e9gislatives, la date limite pour s&rsquo;inscrire comme \u00e9lecteur par correspondance est le 17 octobre. L&rsquo;AEP rappelle que les Roumains de la diaspora disposeront de plus de 900 bureaux de vote o\u00f9 ils pourront exercer ce droit fondamental. Les \u00e9lections pr\u00e9sidentielles auront lieu le 24 novembre pour le premier tour et le 8 d\u00e9cembre pour le second tour, tandis que les \u00e9lections l\u00e9gislatives se tiendront le 1er d\u00e9cembre.<\/p>\n<p>&nbsp;<\/p>\n<p><strong>Dette<\/strong> &#8211; L&rsquo;agence de notation Standard &amp; Poor&rsquo;s a reconfirm\u00e9 ce week-end la note de la dette publique de la Roumanie et sa perspective stable de dette \u00e0 long terme et \u00e0 court terme en devises \u00e9trang\u00e8res \u2013 a annonc\u00e9 le minist\u00e8re roumain des Finances. Cette d\u00e9cision est due au niveau mod\u00e9r\u00e9 de la dette ext\u00e9rieure et de la dette publique, ainsi qu&rsquo;aux solides perspectives de croissance \u00e9conomique. Standard &amp; Poor&rsquo;s s&rsquo;attend \u00e0 ce que l&rsquo;\u00e9conomie roumaine connaisse une croissance de 1,6 % cette ann\u00e9e et d&rsquo;environ 3 % en moyenne au cours des trois prochaines ann\u00e9es. Le ministre des finances Marcel Bolo\u0219 a d\u00e9clar\u00e9 que la nouvelle confirmation de la notation de la Roumanie est un signal positif qui oblige le gouvernement \u00e0 poursuivre les r\u00e9formes, \u00e0 rendre les d\u00e9penses publiques plus efficaces et \u00e0 r\u00e9duire les pressions sur le budget. D&rsquo;autre part, Fitch Ratings a confirm\u00e9 les notes \u00e0 long terme de Bucarest en devises \u00e9trang\u00e8res et en monnaie locale \u00e0 \u00ab BBB moins \u00bb (triple B-), avec des perspectives stables. La capitale de la Roumanie compte environ 2,2 millions d&rsquo;habitants, repr\u00e9sente plus de 30 % de l&rsquo;\u00e9conomie du pays et la richesse locale est presque trois fois sup\u00e9rieure \u00e0 la moyenne nationale.<\/p>\n<p><strong>\u00a0<\/strong><\/p>\n<p><strong>Eurostat<\/strong> &#8211; Selon les statistiques d&rsquo;Eurostat, la Roumanie affiche l&rsquo;un des taux de satisfaction les plus \u00e9lev\u00e9s du continent en mati\u00e8re de qualit\u00e9 de vie. Dans le classement des \u00c9tats membres de l&rsquo;UE, la Roumanie &#8211; qui a un indice de 7,7 points sur 10 (note maximum) &#8211; est devanc\u00e9e par la Finlande et ex-aequo avec la Slov\u00e9nie, l&rsquo;Autriche et la Belgique. La Bulgarie, la Gr\u00e8ce et la Lettonie affichent les indices de satisfaction les plus faibles en mati\u00e8re de niveau de vie. En 2023, la moyenne de l&rsquo;UE \u00e9tait de 7,3 points.<\/p>\n<p>&nbsp;<\/p>\n<p><strong>Festival &#8211; <\/strong>Des spectacles de mapping vid\u00e9o sur des monuments historiques, ainsi que des installations multim\u00e9dias et des exp\u00e9riences interactives sont pr\u00e9sent\u00e9s \u00e0 Bucarest ce week-end \u00e0 l&rsquo;occasion de la 8e \u00e9dition du Festival international de lumi\u00e8re Spotlight. L&rsquo;\u00e9v\u00e9nement rassemble des artistes locaux et internationaux dont les cr\u00e9ations donnent un nouvel \u00e9clairage sur les rues et les b\u00e2timents de la ville. L&rsquo;\u00e9dition 2024 de Spotlight, intitul\u00e9e \u00ab Bucarest 565. Connexions urbaines \u00bb, se concentre sur un th\u00e8me complexe refl\u00e9tant l&rsquo;interaction entre l&rsquo;art des nouveaux m\u00e9dias et les d\u00e9fis contemporains, tels que l&rsquo;impact d\u00e9vastateur du r\u00e9chauffement climatique ou la sauvegarde des esp\u00e8ces en voie de disparition.<\/p>\n<p><strong>\u00a0<\/strong><\/p>\n<p><strong>Football<\/strong> &#8211; L&rsquo;\u00e9quipe nationale de football de Roumanie joue un autre match important ce soir. L&rsquo;\u00e9quipe du s\u00e9lectionneur Mircea Lucescu se rendra \u00e0 Larnaca pour affronter Chypre dans le groupe C2 de la Ligue des Nations. Les Chypriotes et les Roumains se sont affront\u00e9s \u00e0 13 reprises dans le pass\u00e9, et le bilan est clairement en faveur des \u00ab tricolores \u00bb qui ont remport\u00e9 9 victoires au total. Apr\u00e8s les deux premi\u00e8res journ\u00e9es du groupe C2 de la Ligue des Nations, l&rsquo;\u00e9quipe nationale de football de Roumanie compte le maximum de points et est en t\u00eate du groupe, qui comprend \u00e9galement Chypre, la Lituanie et le Kosovo.<\/p>\n<p>&nbsp;<\/p>\n<p><strong>M\u00e9t\u00e9o<\/strong> \u2013 Baisse des temp\u00e9ratures ce samedi sur le sud et l\u2019est de la Roumanie. Des averses sont attendues sur le sud et le sud-est. Des rafales pouvant atteindre jusqu\u2019\u00e0 45 km\/h souffleront sur le sud-ouest du territoire. Les maximas seront comprises entre 13 et 23 degr\u00e9s. 16 degr\u00e9s et un ciel couvert aujourd\u2019hui \u00e0 Bucarest<\/p>\n","protected":false},"excerpt":{"rendered":"<p>Campagne &#8211; Lundi, le minist\u00e8re roumain de l&rsquo;Int\u00e9rieur lancera la campagne \u00ab Loin de chez vous, nous vous voulons en s\u00e9curit\u00e9 \u00bb afin de pr\u00e9venir la traite des \u00eatres humains et l&rsquo;exploitation des Roumains qui vont travailler \u00e0 l&rsquo;\u00e9tranger. 20 000 d\u00e9pliants contenant des informations importantes seront distribu\u00e9s par l&rsquo;organisation internationale \u00ab Justice and Care [&hellip;]<\/p>\n","protected":false},"author":113,"featured_media":723357,"comment_status":"closed","ping_status":"closed","sticky":false,"template":"","format":"standard","meta":{"_acf_changed":false,"footnotes":""},"categories":[89002],"tags":[88111,89209,155904,88190,87096,85567,85944,95075,85412,85583],"coauthors":[116091],"class_list":["post-816724","post","type-post","status-publish","format-standard","has-post-thumbnail","hentry","category-le-flash","tag-croissance","tag-dette","tag-dispora-fr","tag-elections-presidentielles","tag-gouvernement","tag-politique","tag-presse-roumaine","tag-revue-de-presse","tag-roumanie","tag-societe"],"acf":[],"yoast_head":"<!-- This site is optimized with the Yoast SEO plugin v27.3 - https:\/\/yoast.com\/product\/yoast-seo-wordpress\/ -->\n<title>12.10.2024 - Radio Roumanie Internationale<\/title>\n<meta name=\"robots\" content=\"index, follow, max-snippet:-1, max-image-preview:large, max-video-preview:-1\" \/>\n<link rel=\"canonical\" href=\"https:\/\/www.rri.ro\/fr\/actualites\/le-flash\/12-10-2024-id816724.html\" \/>\n<meta property=\"og:locale\" content=\"fr_FR\" \/>\n<meta property=\"og:type\" content=\"article\" \/>\n<meta property=\"og:title\" content=\"12.10.2024 - Radio Roumanie Internationale\" \/>\n<meta property=\"og:description\" content=\"Campagne &#8211; Lundi, le minist\u00e8re roumain de l&rsquo;Int\u00e9rieur lancera la campagne \u00ab Loin de chez vous, nous vous voulons en s\u00e9curit\u00e9 \u00bb afin de pr\u00e9venir la traite des \u00eatres humains et l&rsquo;exploitation des Roumains qui vont travailler \u00e0 l&rsquo;\u00e9tranger. 20 000 d\u00e9pliants contenant des informations importantes seront distribu\u00e9s par l&rsquo;organisation internationale \u00ab Justice and Care [&hellip;]\" \/>\n<meta property=\"og:url\" content=\"https:\/\/www.rri.ro\/fr\/actualites\/le-flash\/12-10-2024-id816724.html\" \/>\n<meta property=\"og:site_name\" content=\"Radio Roumanie Internationale\" \/>\n<meta property=\"article:published_time\" content=\"2024-10-12T09:40:58+00:00\" \/>\n<meta property=\"article:modified_time\" content=\"2024-10-12T09:46:09+00:00\" \/>\n<meta property=\"og:image\" content=\"https:\/\/www.rri.ro\/wp-content\/uploads\/2024\/03\/RRI-960x540-Le-flash-2-NOU.jpg\" \/>\n\t<meta property=\"og:image:width\" content=\"960\" \/>\n\t<meta property=\"og:image:height\" content=\"540\" \/>\n\t<meta property=\"og:image:type\" content=\"image\/jpeg\" \/>\n<meta name=\"author\" content=\"Newsroom\" \/>\n<meta name=\"twitter:card\" content=\"summary_large_image\" \/>\n<meta name=\"twitter:label1\" content=\"\u00c9crit par\" \/>\n\t<meta name=\"twitter:data1\" content=\"Newsroom\" \/>\n\t<meta name=\"twitter:label2\" content=\"Dur\u00e9e de lecture estim\u00e9e\" \/>\n\t<meta name=\"twitter:data2\" content=\"4 minutes\" \/>\n\t<meta name=\"twitter:label3\" content=\"Written by\" \/>\n\t<meta name=\"twitter:data3\" content=\"Newsroom\" \/>\n<script type=\"application\/ld+json\" class=\"yoast-schema-graph\">{\"@context\":\"https:\\\/\\\/schema.org\",\"@graph\":[{\"@type\":\"Article\",\"@id\":\"https:\\\/\\\/www.rri.ro\\\/fr\\\/actualites\\\/le-flash\\\/12-10-2024-id816724.html#article\",\"isPartOf\":{\"@id\":\"https:\\\/\\\/www.rri.ro\\\/fr\\\/actualites\\\/le-flash\\\/12-10-2024-id816724.html\"},\"author\":{\"name\":\"Newsroom\",\"@id\":\"https:\\\/\\\/www.rri.ro\\\/#\\\/schema\\\/person\\\/4a479940371b9fdefd194f561e8a7f88\"},\"headline\":\"12.10.2024\",\"datePublished\":\"2024-10-12T09:40:58+00:00\",\"dateModified\":\"2024-10-12T09:46:09+00:00\",\"mainEntityOfPage\":{\"@id\":\"https:\\\/\\\/www.rri.ro\\\/fr\\\/actualites\\\/le-flash\\\/12-10-2024-id816724.html\"},\"wordCount\":870,\"image\":{\"@id\":\"https:\\\/\\\/www.rri.ro\\\/fr\\\/actualites\\\/le-flash\\\/12-10-2024-id816724.html#primaryimage\"},\"thumbnailUrl\":\"https:\\\/\\\/www.rri.ro\\\/wp-content\\\/uploads\\\/2024\\\/03\\\/RRI-960x540-Le-flash-2-NOU.jpg\",\"keywords\":[\"croissance\",\"dette\",\"dispora\",\"\u00e9lections pr\u00e9sidentielles\",\"gouvernement\",\"politique\",\"presse roumaine\",\"revue de presse\",\"Roumanie\",\"soci\u00e9t\u00e9\"],\"articleSection\":[\"Le flash\"],\"inLanguage\":\"fr-FR\"},{\"@type\":\"WebPage\",\"@id\":\"https:\\\/\\\/www.rri.ro\\\/fr\\\/actualites\\\/le-flash\\\/12-10-2024-id816724.html\",\"url\":\"https:\\\/\\\/www.rri.ro\\\/fr\\\/actualites\\\/le-flash\\\/12-10-2024-id816724.html\",\"name\":\"12.10.2024 - Radio Roumanie Internationale\",\"isPartOf\":{\"@id\":\"https:\\\/\\\/www.rri.ro\\\/#website\"},\"primaryImageOfPage\":{\"@id\":\"https:\\\/\\\/www.rri.ro\\\/fr\\\/actualites\\\/le-flash\\\/12-10-2024-id816724.html#primaryimage\"},\"image\":{\"@id\":\"https:\\\/\\\/www.rri.ro\\\/fr\\\/actualites\\\/le-flash\\\/12-10-2024-id816724.html#primaryimage\"},\"thumbnailUrl\":\"https:\\\/\\\/www.rri.ro\\\/wp-content\\\/uploads\\\/2024\\\/03\\\/RRI-960x540-Le-flash-2-NOU.jpg\",\"datePublished\":\"2024-10-12T09:40:58+00:00\",\"dateModified\":\"2024-10-12T09:46:09+00:00\",\"author\":{\"@id\":\"https:\\\/\\\/www.rri.ro\\\/#\\\/schema\\\/person\\\/4a479940371b9fdefd194f561e8a7f88\"},\"breadcrumb\":{\"@id\":\"https:\\\/\\\/www.rri.ro\\\/fr\\\/actualites\\\/le-flash\\\/12-10-2024-id816724.html#breadcrumb\"},\"inLanguage\":\"fr-FR\",\"potentialAction\":[{\"@type\":\"ReadAction\",\"target\":[\"https:\\\/\\\/www.rri.ro\\\/fr\\\/actualites\\\/le-flash\\\/12-10-2024-id816724.html\"]}]},{\"@type\":\"ImageObject\",\"inLanguage\":\"fr-FR\",\"@id\":\"https:\\\/\\\/www.rri.ro\\\/fr\\\/actualites\\\/le-flash\\\/12-10-2024-id816724.html#primaryimage\",\"url\":\"https:\\\/\\\/www.rri.ro\\\/wp-content\\\/uploads\\\/2024\\\/03\\\/RRI-960x540-Le-flash-2-NOU.jpg\",\"contentUrl\":\"https:\\\/\\\/www.rri.ro\\\/wp-content\\\/uploads\\\/2024\\\/03\\\/RRI-960x540-Le-flash-2-NOU.jpg\",\"width\":960,\"height\":540},{\"@type\":\"BreadcrumbList\",\"@id\":\"https:\\\/\\\/www.rri.ro\\\/fr\\\/actualites\\\/le-flash\\\/12-10-2024-id816724.html#breadcrumb\",\"itemListElement\":[{\"@type\":\"ListItem\",\"position\":1,\"name\":\"Page d'accueil\",\"item\":\"https:\\\/\\\/www.rri.ro\\\/fr\"},{\"@type\":\"ListItem\",\"position\":2,\"name\":\"Actualit\u00e9s\",\"item\":\"https:\\\/\\\/www.rri.ro\\\/fr\\\/actualites\"},{\"@type\":\"ListItem\",\"position\":3,\"name\":\"Le flash\",\"item\":\"https:\\\/\\\/www.rri.ro\\\/fr\\\/actualites\\\/le-flash\"},{\"@type\":\"ListItem\",\"position\":4,\"name\":\"12.10.2024\"}]},{\"@type\":\"WebSite\",\"@id\":\"https:\\\/\\\/www.rri.ro\\\/#website\",\"url\":\"https:\\\/\\\/www.rri.ro\\\/\",\"name\":\"Radio Roumanie Internationale\",\"description\":\"Totul despre Rom\u00e2nia \u015fi rom\u00e2ni, \u00een 13 limbi\\\/dialecte!\",\"inLanguage\":\"fr-FR\"},{\"@type\":\"Person\",\"@id\":\"https:\\\/\\\/www.rri.ro\\\/#\\\/schema\\\/person\\\/4a479940371b9fdefd194f561e8a7f88\",\"name\":\"Newsroom\",\"url\":\"https:\\\/\\\/www.rri.ro\\\/fr\\\/author\\\/newsroom\"}]}<\/script>\n<!-- \/ Yoast SEO plugin. -->","yoast_head_json":{"title":"12.10.2024 - Radio Roumanie Internationale","robots":{"index":"index","follow":"follow","max-snippet":"max-snippet:-1","max-image-preview":"max-image-preview:large","max-video-preview":"max-video-preview:-1"},"canonical":"https:\/\/www.rri.ro\/fr\/actualites\/le-flash\/12-10-2024-id816724.html","og_locale":"fr_FR","og_type":"article","og_title":"12.10.2024 - Radio Roumanie Internationale","og_description":"Campagne &#8211; Lundi, le minist\u00e8re roumain de l&rsquo;Int\u00e9rieur lancera la campagne \u00ab Loin de chez vous, nous vous voulons en s\u00e9curit\u00e9 \u00bb afin de pr\u00e9venir la traite des \u00eatres humains et l&rsquo;exploitation des Roumains qui vont travailler \u00e0 l&rsquo;\u00e9tranger. 20 000 d\u00e9pliants contenant des informations importantes seront distribu\u00e9s par l&rsquo;organisation internationale \u00ab Justice and Care [&hellip;]","og_url":"https:\/\/www.rri.ro\/fr\/actualites\/le-flash\/12-10-2024-id816724.html","og_site_name":"Radio Roumanie Internationale","article_published_time":"2024-10-12T09:40:58+00:00","article_modified_time":"2024-10-12T09:46:09+00:00","og_image":[{"width":960,"height":540,"url":"https:\/\/www.rri.ro\/wp-content\/uploads\/2024\/03\/RRI-960x540-Le-flash-2-NOU.jpg","type":"image\/jpeg"}],"author":"Newsroom","twitter_card":"summary_large_image","twitter_misc":{"\u00c9crit par":"Newsroom","Dur\u00e9e de lecture estim\u00e9e":"4 minutes","Written by":"Newsroom"},"schema":{"@context":"https:\/\/schema.org","@graph":[{"@type":"Article","@id":"https:\/\/www.rri.ro\/fr\/actualites\/le-flash\/12-10-2024-id816724.html#article","isPartOf":{"@id":"https:\/\/www.rri.ro\/fr\/actualites\/le-flash\/12-10-2024-id816724.html"},"author":{"name":"Newsroom","@id":"https:\/\/www.rri.ro\/#\/schema\/person\/4a479940371b9fdefd194f561e8a7f88"},"headline":"12.10.2024","datePublished":"2024-10-12T09:40:58+00:00","dateModified":"2024-10-12T09:46:09+00:00","mainEntityOfPage":{"@id":"https:\/\/www.rri.ro\/fr\/actualites\/le-flash\/12-10-2024-id816724.html"},"wordCount":870,"image":{"@id":"https:\/\/www.rri.ro\/fr\/actualites\/le-flash\/12-10-2024-id816724.html#primaryimage"},"thumbnailUrl":"https:\/\/www.rri.ro\/wp-content\/uploads\/2024\/03\/RRI-960x540-Le-flash-2-NOU.jpg","keywords":["croissance","dette","dispora","\u00e9lections pr\u00e9sidentielles","gouvernement","politique","presse roumaine","revue de presse","Roumanie","soci\u00e9t\u00e9"],"articleSection":["Le flash"],"inLanguage":"fr-FR"},{"@type":"WebPage","@id":"https:\/\/www.rri.ro\/fr\/actualites\/le-flash\/12-10-2024-id816724.html","url":"https:\/\/www.rri.ro\/fr\/actualites\/le-flash\/12-10-2024-id816724.html","name":"12.10.2024 - Radio Roumanie Internationale","isPartOf":{"@id":"https:\/\/www.rri.ro\/#website"},"primaryImageOfPage":{"@id":"https:\/\/www.rri.ro\/fr\/actualites\/le-flash\/12-10-2024-id816724.html#primaryimage"},"image":{"@id":"https:\/\/www.rri.ro\/fr\/actualites\/le-flash\/12-10-2024-id816724.html#primaryimage"},"thumbnailUrl":"https:\/\/www.rri.ro\/wp-content\/uploads\/2024\/03\/RRI-960x540-Le-flash-2-NOU.jpg","datePublished":"2024-10-12T09:40:58+00:00","dateModified":"2024-10-12T09:46:09+00:00","author":{"@id":"https:\/\/www.rri.ro\/#\/schema\/person\/4a479940371b9fdefd194f561e8a7f88"},"breadcrumb":{"@id":"https:\/\/www.rri.ro\/fr\/actualites\/le-flash\/12-10-2024-id816724.html#breadcrumb"},"inLanguage":"fr-FR","potentialAction":[{"@type":"ReadAction","target":["https:\/\/www.rri.ro\/fr\/actualites\/le-flash\/12-10-2024-id816724.html"]}]},{"@type":"ImageObject","inLanguage":"fr-FR","@id":"https:\/\/www.rri.ro\/fr\/actualites\/le-flash\/12-10-2024-id816724.html#primaryimage","url":"https:\/\/www.rri.ro\/wp-content\/uploads\/2024\/03\/RRI-960x540-Le-flash-2-NOU.jpg","contentUrl":"https:\/\/www.rri.ro\/wp-content\/uploads\/2024\/03\/RRI-960x540-Le-flash-2-NOU.jpg","width":960,"height":540},{"@type":"BreadcrumbList","@id":"https:\/\/www.rri.ro\/fr\/actualites\/le-flash\/12-10-2024-id816724.html#breadcrumb","itemListElement":[{"@type":"ListItem","position":1,"name":"Page d'accueil","item":"https:\/\/www.rri.ro\/fr"},{"@type":"ListItem","position":2,"name":"Actualit\u00e9s","item":"https:\/\/www.rri.ro\/fr\/actualites"},{"@type":"ListItem","position":3,"name":"Le flash","item":"https:\/\/www.rri.ro\/fr\/actualites\/le-flash"},{"@type":"ListItem","position":4,"name":"12.10.2024"}]},{"@type":"WebSite","@id":"https:\/\/www.rri.ro\/#website","url":"https:\/\/www.rri.ro\/","name":"Radio Roumanie Internationale","description":"Totul despre Rom\u00e2nia \u015fi rom\u00e2ni, \u00een 13 limbi\/dialecte!","inLanguage":"fr-FR"},{"@type":"Person","@id":"https:\/\/www.rri.ro\/#\/schema\/person\/4a479940371b9fdefd194f561e8a7f88","name":"Newsroom","url":"https:\/\/www.rri.ro\/fr\/author\/newsroom"}]}},"_links":{"self":[{"href":"https:\/\/www.rri.ro\/fr\/wp-json\/wp\/v2\/posts\/816724","targetHints":{"allow":["GET"]}}],"collection":[{"href":"https:\/\/www.rri.ro\/fr\/wp-json\/wp\/v2\/posts"}],"about":[{"href":"https:\/\/www.rri.ro\/fr\/wp-json\/wp\/v2\/types\/post"}],"author":[{"embeddable":true,"href":"https:\/\/www.rri.ro\/fr\/wp-json\/wp\/v2\/users\/113"}],"replies":[{"embeddable":true,"href":"https:\/\/www.rri.ro\/fr\/wp-json\/wp\/v2\/comments?post=816724"}],"version-history":[{"count":0,"href":"https:\/\/www.rri.ro\/fr\/wp-json\/wp\/v2\/posts\/816724\/revisions"}],"wp:featuredmedia":[{"embeddable":true,"href":"https:\/\/www.rri.ro\/fr\/wp-json\/wp\/v2\/media\/723357"}],"wp:attachment":[{"href":"https:\/\/www.rri.ro\/fr\/wp-json\/wp\/v2\/media?parent=816724"}],"wp:term":[{"taxonomy":"category","embeddable":true,"href":"https:\/\/www.rri.ro\/fr\/wp-json\/wp\/v2\/categories?post=816724"},{"taxonomy":"post_tag","embeddable":true,"href":"https:\/\/www.rri.ro\/fr\/wp-json\/wp\/v2\/tags?post=816724"},{"taxonomy":"author","embeddable":true,"href":"https:\/\/www.rri.ro\/fr\/wp-json\/wp\/v2\/coauthors?post=816724"}],"curies":[{"name":"wp","href":"https:\/\/api.w.org\/{rel}","templated":true}]}}