{"id":816956,"date":"2024-10-12T18:51:32","date_gmt":"2024-10-12T15:51:32","guid":{"rendered":"https:\/\/www.rri.ro\/?p=816956"},"modified":"2024-10-12T18:51:32","modified_gmt":"2024-10-12T15:51:32","slug":"12-10-2024-mise-a-jour","status":"publish","type":"post","link":"https:\/\/www.rri.ro\/fr\/actualites\/le-flash\/12-10-2024-mise-a-jour-id816956.html","title":{"rendered":"12.10.2024 (mise \u00e0 jour)"},"content":{"rendered":"<p><strong>Economie<\/strong> &#8211; La notation de Standard&amp;Poor&rsquo;s est la preuve de la stabilit\u00e9 macro\u00e9conomique de la Roumanie et de ses perspectives de d\u00e9veloppement pour les ann\u00e9es \u00e0 venir &#8211; s&rsquo;est f\u00e9licit\u00e9 ce samedi le Premier ministre roumain Marcel Ciolacu. Cette r\u00e9action fait suite \u00e0 la nouvelle confirmation par Standard&amp;Poor&rsquo;s, ce week-end, de la note de la dette publique roumaine et des perspectives stables pour la dette \u00e0 long terme et \u00e0 court terme en devises \u00e9trang\u00e8res. C&rsquo;est le r\u00e9sultat du passage \u00e0 un mod\u00e8le \u00e9conomique bas\u00e9 sur des investissements massifs, la production et la cr\u00e9ation d&#8217;emplois &#8211; a d\u00e9clar\u00e9 le Premier ministre roumain. Il a not\u00e9 que l&rsquo;inflation est pass\u00e9e de plus de 10 % en juin 2023 \u00e0 4,6 % \u00e0 l&rsquo;heure actuelle, et que le nombre de salari\u00e9s a atteint le niveau record de 5,16 millions. Selon Marcel Ciolacu, la consolidation budg\u00e9taire au cours des sept prochaines ann\u00e9es doit \u00eatre r\u00e9alis\u00e9e en rationalisant les d\u00e9penses et en augmentant la collecte des recettes, en r\u00e9duisant l&rsquo;\u00e9vasion fiscale et en poursuivant les investissements. L&rsquo;agence Standard &amp; Poor&rsquo;s estime que l&rsquo;\u00e9conomie roumaine conna\u00eetra une croissance de 1,6 % cette ann\u00e9e et d&rsquo;environ 3 % en moyenne au cours des trois prochaines ann\u00e9es. De son c\u00f4t\u00e9, Fitch Ratings a confirm\u00e9 les notes \u00e0 long terme de Bucarest en devises \u00e9trang\u00e8res et en monnaie locale \u00e0 \u00ab BBB moins \u00bb, avec des perspectives stables.<\/p>\n<p>&nbsp;<\/p>\n<p><strong>OTAN<\/strong> &#8211; L&rsquo;Organisation du trait\u00e9 de l&rsquo;Atlantique Nord entame lundi son exercice nucl\u00e9aire annuel, alors que le pr\u00e9sident russe Vladimir Poutine menace de plus en plus d&rsquo;utiliser des armes nucl\u00e9aires dans le cadre de la guerre en Ukraine. Apr\u00e8s la fin de la guerre froide, la capacit\u00e9 nucl\u00e9aire de l&rsquo;OTAN n&rsquo;\u00e9tait plus une priorit\u00e9. Avec l&rsquo;invasion de l&rsquo;Ukraine par la Russie, et apr\u00e8s que le Kremlin est pass\u00e9 aux menaces et a m\u00eame annonc\u00e9 un changement de sa doctrine militaire en la mati\u00e8re, l&rsquo;ancien secr\u00e9taire g\u00e9n\u00e9ral de l&rsquo;OTAN, Jens Stoltenberg, a fait r\u00e9f\u00e9rence \u00e0 la puissance nucl\u00e9aire de l&rsquo;OTAN en tant que moyen de dissuasion. Toutefois, des sources de l&rsquo;OTAN ont d\u00e9clar\u00e9 que l&rsquo;exercice n&rsquo;\u00e9tait en aucun cas une r\u00e9ponse aux menaces de Moscou, puisque de telles man\u0153uvres militaires ont lieu chaque ann\u00e9e. L&rsquo;op\u00e9ration, qui se d\u00e9roulera pendant deux semaines en Belgique et aux Pays-Bas, impliquera 60 avions de 13 pays.<\/p>\n<p>&nbsp;<\/p>\n<p><strong>Alerte<\/strong> &#8211; L&rsquo;ambassade des \u00c9tats-Unis\u00a0 \u00e0 Bucarest a averti ses citoyens que des menaces potentielles ont \u00e9t\u00e9 signal\u00e9es \u00e0 l&rsquo;encontre de synagogues, de temples et de mosqu\u00e9es en Roumanie entre le 11 et le 13 octobre. La repr\u00e9sentation diplomatique appelle les citoyens am\u00e9ricains \u00e0 la plus grande prudence \u00e0 l&rsquo;\u00e9gard des lieux de culte en Roumanie pendant cette p\u00e9riode. Le service de renseignement roumain a d\u00e9clar\u00e9 qu&rsquo;il n&rsquo;y avait pas d&rsquo;informations permettant de relever le niveau d&rsquo;alerte terroriste en Roumanie. Toutefois, le porte-parole du SRI, Ovidiu Marincea, a d\u00e9clar\u00e9 que l&rsquo;attention des autorit\u00e9s serait renforc\u00e9e et a fait r\u00e9f\u00e9rence au contexte international et aux \u00e9v\u00e9nements religieux de la fin de la semaine. Le minist\u00e8re de l&rsquo;Int\u00e9rieur de Bucarest a \u00e9galement indiqu\u00e9 que ce week-end il y aurait \u00ab une surveillance accrue dans le pays pour assurer un climat optimal d&rsquo;ordre public et de s\u00e9curit\u00e9 \u00bb.<\/p>\n<p>&nbsp;<\/p>\n<p><strong>Parlement<\/strong> &#8211; Les s\u00e9nateurs et les d\u00e9put\u00e9s roumains devraient d\u00e9battre et voter sur des projets importants \u00e0 la fin de leur mandat dans la l\u00e9gislature actuelle. Les d\u00e9put\u00e9s pr\u00e9voient notamment d&rsquo;adopter l&rsquo;indexation des pensions militaires sur les salaires, qui pourrait faire l&rsquo;objet d&rsquo;un d\u00e9bat \u00e0 la Chambre des d\u00e9put\u00e9s \u00e0 partir de la semaine prochaine. Deux autres projets de loi sont en cours d&rsquo;examen par les d\u00e9put\u00e9s : la limitation \u00e0 10 % des acomptes vers\u00e9s aux promoteurs immobiliers pour l&rsquo;achat d&rsquo;un logement et l&rsquo;interdiction des salles de jeux dans toutes les villes, et pas seulement dans les petites. Au S\u00e9nat, la commission du budget devrait d\u00e9cider si les frais pour les certificats de revenus prouvant la dur\u00e9e de service pour le recalcul pourraient \u00eatre supprim\u00e9s pour les Roumains ayant des pensions inf\u00e9rieures \u00e0 3 000 lei (environ 600 euros), et le projet de loi envisage \u00e9galement de r\u00e9duire de moiti\u00e9 le co\u00fbt pour les personnes ayant des pensions entre 3 000 lei (600 euros) et 6 000 lei (1 200 euros).<\/p>\n<p>&nbsp;<\/p>\n<p><strong>Campagne<\/strong> &#8211; Lundi, le minist\u00e8re roumain de l&rsquo;Int\u00e9rieur lancera la campagne \u00ab Loin de chez vous, nous vous voulons en s\u00e9curit\u00e9 \u00bb afin de pr\u00e9venir la traite des \u00eatres humains et l&rsquo;exploitation des Roumains qui vont travailler \u00e0 l&rsquo;\u00e9tranger. 20 000 d\u00e9pliants contenant des informations importantes seront distribu\u00e9s par l&rsquo;organisation internationale \u00ab Justice and Care Romania \u00bb et les structures du minist\u00e8re roumain de l&rsquo;Int\u00e9rieur aux postes-fronti\u00e8res terrestres et dans les principaux a\u00e9roports internationaux du pays. L&rsquo;initiative est soutenue par l&rsquo;ambassade britannique en Roumanie. En mai dernier, le gouvernement de Bucarest a lanc\u00e9 la strat\u00e9gie nationale de lutte contre la traite des \u00eatres humains (2024-2028). Cette semaine, le parlement roumain a durci les peines pour les personnes coupables de traite des \u00eatres humains et a introduit des moyens de soutien aux victimes.<\/p>\n<p><strong>\u00a0<\/strong><\/p>\n<p><strong>Elections<\/strong> &#8211; La p\u00e9riode pendant laquelle les \u00e9lecteurs roumains vivant ou r\u00e9sidant \u00e0 l&rsquo;\u00e9tranger pouvaient s&rsquo;inscrire pour voter par correspondance aux prochaines \u00e9lections pr\u00e9sidentielles est termin\u00e9e. L&rsquo;Autorit\u00e9 \u00e9lectorale permanente a inform\u00e9 que pr\u00e8s de 7000 citoyens se sont inscrits pour avoir recours \u00e0 cette m\u00e9thode. Pour les \u00e9lections l\u00e9gislatives, la date limite pour s&rsquo;inscrire comme \u00e9lecteur par correspondance est le 17 octobre. L&rsquo;AEP rappelle que les Roumains de la diaspora disposeront de plus de 900 bureaux de vote o\u00f9 ils pourront exercer ce droit fondamental. Les \u00e9lections pr\u00e9sidentielles auront lieu le 24 novembre pour le premier tour et le 8 d\u00e9cembre pour le second tour, tandis que les \u00e9lections l\u00e9gislatives se tiendront le 1er d\u00e9cembre.<\/p>\n<p>&nbsp;<\/p>\n<p><strong>M\u00e9t\u00e9o<\/strong> \u2013 Baisse des temp\u00e9ratures ce samedi sur le sud et l\u2019est de la Roumanie. Des averses sont attendues sur le sud et le sud-est. Des rafales pouvant atteindre jusqu\u2019\u00e0 45 km\/h souffleront sur le sud-ouest du territoire. Les maximas seront comprises entre 13 et 23 degr\u00e9s. 16 degr\u00e9s et de la pluie aujourd\u2019hui \u00e0 Bucarest<\/p>\n","protected":false},"excerpt":{"rendered":"<p>Economie &#8211; La notation de Standard&amp;Poor&rsquo;s est la preuve de la stabilit\u00e9 macro\u00e9conomique de la Roumanie et de ses perspectives de d\u00e9veloppement pour les ann\u00e9es \u00e0 venir &#8211; s&rsquo;est f\u00e9licit\u00e9 ce samedi le Premier ministre roumain Marcel Ciolacu. Cette r\u00e9action fait suite \u00e0 la nouvelle confirmation par Standard&amp;Poor&rsquo;s, ce week-end, de la note de la [&hellip;]<\/p>\n","protected":false},"author":113,"featured_media":723357,"comment_status":"closed","ping_status":"closed","sticky":false,"template":"","format":"standard","meta":{"_acf_changed":false,"footnotes":""},"categories":[89002],"tags":[88111,89209,144283,88121,88296,85567,85944,95075,85412,85661,85583],"coauthors":[116091],"class_list":["post-816956","post","type-post","status-publish","format-standard","has-post-thumbnail","hentry","category-le-flash","tag-croissance","tag-dette","tag-economie-fr","tag-investissements","tag-parlement","tag-politique","tag-presse-roumaine","tag-revue-de-presse","tag-roumanie","tag-russie","tag-societe"],"acf":[],"yoast_head":"<!-- This site is optimized with the Yoast SEO plugin v27.3 - https:\/\/yoast.com\/product\/yoast-seo-wordpress\/ -->\n<title>12.10.2024 (mise \u00e0 jour) - Radio Roumanie Internationale<\/title>\n<meta name=\"robots\" content=\"index, follow, max-snippet:-1, max-image-preview:large, max-video-preview:-1\" \/>\n<link rel=\"canonical\" href=\"https:\/\/www.rri.ro\/fr\/actualites\/le-flash\/12-10-2024-mise-a-jour-id816956.html\" \/>\n<meta property=\"og:locale\" content=\"fr_FR\" \/>\n<meta property=\"og:type\" content=\"article\" \/>\n<meta property=\"og:title\" content=\"12.10.2024 (mise \u00e0 jour) - Radio Roumanie Internationale\" \/>\n<meta property=\"og:description\" content=\"Economie &#8211; La notation de Standard&amp;Poor&rsquo;s est la preuve de la stabilit\u00e9 macro\u00e9conomique de la Roumanie et de ses perspectives de d\u00e9veloppement pour les ann\u00e9es \u00e0 venir &#8211; s&rsquo;est f\u00e9licit\u00e9 ce samedi le Premier ministre roumain Marcel Ciolacu. Cette r\u00e9action fait suite \u00e0 la nouvelle confirmation par Standard&amp;Poor&rsquo;s, ce week-end, de la note de la [&hellip;]\" \/>\n<meta property=\"og:url\" content=\"https:\/\/www.rri.ro\/fr\/actualites\/le-flash\/12-10-2024-mise-a-jour-id816956.html\" \/>\n<meta property=\"og:site_name\" content=\"Radio Roumanie Internationale\" \/>\n<meta property=\"article:published_time\" content=\"2024-10-12T15:51:32+00:00\" \/>\n<meta property=\"og:image\" content=\"https:\/\/www.rri.ro\/wp-content\/uploads\/2024\/03\/RRI-960x540-Le-flash-2-NOU.jpg\" \/>\n\t<meta property=\"og:image:width\" content=\"960\" \/>\n\t<meta property=\"og:image:height\" content=\"540\" \/>\n\t<meta property=\"og:image:type\" content=\"image\/jpeg\" \/>\n<meta name=\"author\" content=\"Newsroom\" \/>\n<meta name=\"twitter:card\" content=\"summary_large_image\" \/>\n<meta name=\"twitter:label1\" content=\"\u00c9crit par\" \/>\n\t<meta name=\"twitter:data1\" content=\"Newsroom\" \/>\n\t<meta name=\"twitter:label2\" content=\"Dur\u00e9e de lecture estim\u00e9e\" \/>\n\t<meta name=\"twitter:data2\" content=\"5 minutes\" \/>\n\t<meta name=\"twitter:label3\" content=\"Written by\" \/>\n\t<meta name=\"twitter:data3\" content=\"Newsroom\" \/>\n<script type=\"application\/ld+json\" class=\"yoast-schema-graph\">{\"@context\":\"https:\\\/\\\/schema.org\",\"@graph\":[{\"@type\":\"Article\",\"@id\":\"https:\\\/\\\/www.rri.ro\\\/fr\\\/actualites\\\/le-flash\\\/12-10-2024-mise-a-jour-id816956.html#article\",\"isPartOf\":{\"@id\":\"https:\\\/\\\/www.rri.ro\\\/fr\\\/actualites\\\/le-flash\\\/12-10-2024-mise-a-jour-id816956.html\"},\"author\":{\"name\":\"Newsroom\",\"@id\":\"https:\\\/\\\/www.rri.ro\\\/#\\\/schema\\\/person\\\/4a479940371b9fdefd194f561e8a7f88\"},\"headline\":\"12.10.2024 (mise \u00e0 jour)\",\"datePublished\":\"2024-10-12T15:51:32+00:00\",\"mainEntityOfPage\":{\"@id\":\"https:\\\/\\\/www.rri.ro\\\/fr\\\/actualites\\\/le-flash\\\/12-10-2024-mise-a-jour-id816956.html\"},\"wordCount\":1107,\"image\":{\"@id\":\"https:\\\/\\\/www.rri.ro\\\/fr\\\/actualites\\\/le-flash\\\/12-10-2024-mise-a-jour-id816956.html#primaryimage\"},\"thumbnailUrl\":\"https:\\\/\\\/www.rri.ro\\\/wp-content\\\/uploads\\\/2024\\\/03\\\/RRI-960x540-Le-flash-2-NOU.jpg\",\"keywords\":[\"croissance\",\"dette\",\"economie\",\"investissements\",\"Parlement\",\"politique\",\"presse roumaine\",\"revue de presse\",\"Roumanie\",\"Russie\",\"soci\u00e9t\u00e9\"],\"articleSection\":[\"Le flash\"],\"inLanguage\":\"fr-FR\"},{\"@type\":\"WebPage\",\"@id\":\"https:\\\/\\\/www.rri.ro\\\/fr\\\/actualites\\\/le-flash\\\/12-10-2024-mise-a-jour-id816956.html\",\"url\":\"https:\\\/\\\/www.rri.ro\\\/fr\\\/actualites\\\/le-flash\\\/12-10-2024-mise-a-jour-id816956.html\",\"name\":\"12.10.2024 (mise \u00e0 jour) - Radio Roumanie Internationale\",\"isPartOf\":{\"@id\":\"https:\\\/\\\/www.rri.ro\\\/#website\"},\"primaryImageOfPage\":{\"@id\":\"https:\\\/\\\/www.rri.ro\\\/fr\\\/actualites\\\/le-flash\\\/12-10-2024-mise-a-jour-id816956.html#primaryimage\"},\"image\":{\"@id\":\"https:\\\/\\\/www.rri.ro\\\/fr\\\/actualites\\\/le-flash\\\/12-10-2024-mise-a-jour-id816956.html#primaryimage\"},\"thumbnailUrl\":\"https:\\\/\\\/www.rri.ro\\\/wp-content\\\/uploads\\\/2024\\\/03\\\/RRI-960x540-Le-flash-2-NOU.jpg\",\"datePublished\":\"2024-10-12T15:51:32+00:00\",\"author\":{\"@id\":\"https:\\\/\\\/www.rri.ro\\\/#\\\/schema\\\/person\\\/4a479940371b9fdefd194f561e8a7f88\"},\"breadcrumb\":{\"@id\":\"https:\\\/\\\/www.rri.ro\\\/fr\\\/actualites\\\/le-flash\\\/12-10-2024-mise-a-jour-id816956.html#breadcrumb\"},\"inLanguage\":\"fr-FR\",\"potentialAction\":[{\"@type\":\"ReadAction\",\"target\":[\"https:\\\/\\\/www.rri.ro\\\/fr\\\/actualites\\\/le-flash\\\/12-10-2024-mise-a-jour-id816956.html\"]}]},{\"@type\":\"ImageObject\",\"inLanguage\":\"fr-FR\",\"@id\":\"https:\\\/\\\/www.rri.ro\\\/fr\\\/actualites\\\/le-flash\\\/12-10-2024-mise-a-jour-id816956.html#primaryimage\",\"url\":\"https:\\\/\\\/www.rri.ro\\\/wp-content\\\/uploads\\\/2024\\\/03\\\/RRI-960x540-Le-flash-2-NOU.jpg\",\"contentUrl\":\"https:\\\/\\\/www.rri.ro\\\/wp-content\\\/uploads\\\/2024\\\/03\\\/RRI-960x540-Le-flash-2-NOU.jpg\",\"width\":960,\"height\":540},{\"@type\":\"BreadcrumbList\",\"@id\":\"https:\\\/\\\/www.rri.ro\\\/fr\\\/actualites\\\/le-flash\\\/12-10-2024-mise-a-jour-id816956.html#breadcrumb\",\"itemListElement\":[{\"@type\":\"ListItem\",\"position\":1,\"name\":\"Page d'accueil\",\"item\":\"https:\\\/\\\/www.rri.ro\\\/fr\"},{\"@type\":\"ListItem\",\"position\":2,\"name\":\"Actualit\u00e9s\",\"item\":\"https:\\\/\\\/www.rri.ro\\\/fr\\\/actualites\"},{\"@type\":\"ListItem\",\"position\":3,\"name\":\"Le flash\",\"item\":\"https:\\\/\\\/www.rri.ro\\\/fr\\\/actualites\\\/le-flash\"},{\"@type\":\"ListItem\",\"position\":4,\"name\":\"12.10.2024 (mise \u00e0 jour)\"}]},{\"@type\":\"WebSite\",\"@id\":\"https:\\\/\\\/www.rri.ro\\\/#website\",\"url\":\"https:\\\/\\\/www.rri.ro\\\/\",\"name\":\"Radio Roumanie Internationale\",\"description\":\"Totul despre Rom\u00e2nia \u015fi rom\u00e2ni, \u00een 13 limbi\\\/dialecte!\",\"inLanguage\":\"fr-FR\"},{\"@type\":\"Person\",\"@id\":\"https:\\\/\\\/www.rri.ro\\\/#\\\/schema\\\/person\\\/4a479940371b9fdefd194f561e8a7f88\",\"name\":\"Newsroom\",\"url\":\"https:\\\/\\\/www.rri.ro\\\/fr\\\/author\\\/newsroom\"}]}<\/script>\n<!-- \/ Yoast SEO plugin. -->","yoast_head_json":{"title":"12.10.2024 (mise \u00e0 jour) - Radio Roumanie Internationale","robots":{"index":"index","follow":"follow","max-snippet":"max-snippet:-1","max-image-preview":"max-image-preview:large","max-video-preview":"max-video-preview:-1"},"canonical":"https:\/\/www.rri.ro\/fr\/actualites\/le-flash\/12-10-2024-mise-a-jour-id816956.html","og_locale":"fr_FR","og_type":"article","og_title":"12.10.2024 (mise \u00e0 jour) - Radio Roumanie Internationale","og_description":"Economie &#8211; La notation de Standard&amp;Poor&rsquo;s est la preuve de la stabilit\u00e9 macro\u00e9conomique de la Roumanie et de ses perspectives de d\u00e9veloppement pour les ann\u00e9es \u00e0 venir &#8211; s&rsquo;est f\u00e9licit\u00e9 ce samedi le Premier ministre roumain Marcel Ciolacu. Cette r\u00e9action fait suite \u00e0 la nouvelle confirmation par Standard&amp;Poor&rsquo;s, ce week-end, de la note de la [&hellip;]","og_url":"https:\/\/www.rri.ro\/fr\/actualites\/le-flash\/12-10-2024-mise-a-jour-id816956.html","og_site_name":"Radio Roumanie Internationale","article_published_time":"2024-10-12T15:51:32+00:00","og_image":[{"width":960,"height":540,"url":"https:\/\/www.rri.ro\/wp-content\/uploads\/2024\/03\/RRI-960x540-Le-flash-2-NOU.jpg","type":"image\/jpeg"}],"author":"Newsroom","twitter_card":"summary_large_image","twitter_misc":{"\u00c9crit par":"Newsroom","Dur\u00e9e de lecture estim\u00e9e":"5 minutes","Written by":"Newsroom"},"schema":{"@context":"https:\/\/schema.org","@graph":[{"@type":"Article","@id":"https:\/\/www.rri.ro\/fr\/actualites\/le-flash\/12-10-2024-mise-a-jour-id816956.html#article","isPartOf":{"@id":"https:\/\/www.rri.ro\/fr\/actualites\/le-flash\/12-10-2024-mise-a-jour-id816956.html"},"author":{"name":"Newsroom","@id":"https:\/\/www.rri.ro\/#\/schema\/person\/4a479940371b9fdefd194f561e8a7f88"},"headline":"12.10.2024 (mise \u00e0 jour)","datePublished":"2024-10-12T15:51:32+00:00","mainEntityOfPage":{"@id":"https:\/\/www.rri.ro\/fr\/actualites\/le-flash\/12-10-2024-mise-a-jour-id816956.html"},"wordCount":1107,"image":{"@id":"https:\/\/www.rri.ro\/fr\/actualites\/le-flash\/12-10-2024-mise-a-jour-id816956.html#primaryimage"},"thumbnailUrl":"https:\/\/www.rri.ro\/wp-content\/uploads\/2024\/03\/RRI-960x540-Le-flash-2-NOU.jpg","keywords":["croissance","dette","economie","investissements","Parlement","politique","presse roumaine","revue de presse","Roumanie","Russie","soci\u00e9t\u00e9"],"articleSection":["Le flash"],"inLanguage":"fr-FR"},{"@type":"WebPage","@id":"https:\/\/www.rri.ro\/fr\/actualites\/le-flash\/12-10-2024-mise-a-jour-id816956.html","url":"https:\/\/www.rri.ro\/fr\/actualites\/le-flash\/12-10-2024-mise-a-jour-id816956.html","name":"12.10.2024 (mise \u00e0 jour) - Radio Roumanie Internationale","isPartOf":{"@id":"https:\/\/www.rri.ro\/#website"},"primaryImageOfPage":{"@id":"https:\/\/www.rri.ro\/fr\/actualites\/le-flash\/12-10-2024-mise-a-jour-id816956.html#primaryimage"},"image":{"@id":"https:\/\/www.rri.ro\/fr\/actualites\/le-flash\/12-10-2024-mise-a-jour-id816956.html#primaryimage"},"thumbnailUrl":"https:\/\/www.rri.ro\/wp-content\/uploads\/2024\/03\/RRI-960x540-Le-flash-2-NOU.jpg","datePublished":"2024-10-12T15:51:32+00:00","author":{"@id":"https:\/\/www.rri.ro\/#\/schema\/person\/4a479940371b9fdefd194f561e8a7f88"},"breadcrumb":{"@id":"https:\/\/www.rri.ro\/fr\/actualites\/le-flash\/12-10-2024-mise-a-jour-id816956.html#breadcrumb"},"inLanguage":"fr-FR","potentialAction":[{"@type":"ReadAction","target":["https:\/\/www.rri.ro\/fr\/actualites\/le-flash\/12-10-2024-mise-a-jour-id816956.html"]}]},{"@type":"ImageObject","inLanguage":"fr-FR","@id":"https:\/\/www.rri.ro\/fr\/actualites\/le-flash\/12-10-2024-mise-a-jour-id816956.html#primaryimage","url":"https:\/\/www.rri.ro\/wp-content\/uploads\/2024\/03\/RRI-960x540-Le-flash-2-NOU.jpg","contentUrl":"https:\/\/www.rri.ro\/wp-content\/uploads\/2024\/03\/RRI-960x540-Le-flash-2-NOU.jpg","width":960,"height":540},{"@type":"BreadcrumbList","@id":"https:\/\/www.rri.ro\/fr\/actualites\/le-flash\/12-10-2024-mise-a-jour-id816956.html#breadcrumb","itemListElement":[{"@type":"ListItem","position":1,"name":"Page d'accueil","item":"https:\/\/www.rri.ro\/fr"},{"@type":"ListItem","position":2,"name":"Actualit\u00e9s","item":"https:\/\/www.rri.ro\/fr\/actualites"},{"@type":"ListItem","position":3,"name":"Le flash","item":"https:\/\/www.rri.ro\/fr\/actualites\/le-flash"},{"@type":"ListItem","position":4,"name":"12.10.2024 (mise \u00e0 jour)"}]},{"@type":"WebSite","@id":"https:\/\/www.rri.ro\/#website","url":"https:\/\/www.rri.ro\/","name":"Radio Roumanie Internationale","description":"Totul despre Rom\u00e2nia \u015fi rom\u00e2ni, \u00een 13 limbi\/dialecte!","inLanguage":"fr-FR"},{"@type":"Person","@id":"https:\/\/www.rri.ro\/#\/schema\/person\/4a479940371b9fdefd194f561e8a7f88","name":"Newsroom","url":"https:\/\/www.rri.ro\/fr\/author\/newsroom"}]}},"_links":{"self":[{"href":"https:\/\/www.rri.ro\/fr\/wp-json\/wp\/v2\/posts\/816956","targetHints":{"allow":["GET"]}}],"collection":[{"href":"https:\/\/www.rri.ro\/fr\/wp-json\/wp\/v2\/posts"}],"about":[{"href":"https:\/\/www.rri.ro\/fr\/wp-json\/wp\/v2\/types\/post"}],"author":[{"embeddable":true,"href":"https:\/\/www.rri.ro\/fr\/wp-json\/wp\/v2\/users\/113"}],"replies":[{"embeddable":true,"href":"https:\/\/www.rri.ro\/fr\/wp-json\/wp\/v2\/comments?post=816956"}],"version-history":[{"count":0,"href":"https:\/\/www.rri.ro\/fr\/wp-json\/wp\/v2\/posts\/816956\/revisions"}],"wp:featuredmedia":[{"embeddable":true,"href":"https:\/\/www.rri.ro\/fr\/wp-json\/wp\/v2\/media\/723357"}],"wp:attachment":[{"href":"https:\/\/www.rri.ro\/fr\/wp-json\/wp\/v2\/media?parent=816956"}],"wp:term":[{"taxonomy":"category","embeddable":true,"href":"https:\/\/www.rri.ro\/fr\/wp-json\/wp\/v2\/categories?post=816956"},{"taxonomy":"post_tag","embeddable":true,"href":"https:\/\/www.rri.ro\/fr\/wp-json\/wp\/v2\/tags?post=816956"},{"taxonomy":"author","embeddable":true,"href":"https:\/\/www.rri.ro\/fr\/wp-json\/wp\/v2\/coauthors?post=816956"}],"curies":[{"name":"wp","href":"https:\/\/api.w.org\/{rel}","templated":true}]}}