{"id":843882,"date":"2024-12-18T12:35:13","date_gmt":"2024-12-18T10:35:13","guid":{"rendered":"https:\/\/www.rri.ro\/?p=843882"},"modified":"2024-12-18T13:17:49","modified_gmt":"2024-12-18T11:17:49","slug":"le-nouveau-code-forestier-roumain-2","status":"publish","type":"post","link":"https:\/\/www.rri.ro\/fr\/actualites\/les-dossiers-de-lactualite\/le-nouveau-code-forestier-roumain-2-id843882.html","title":{"rendered":"Le nouveau Code forestier roumain"},"content":{"rendered":"<p><strong>Les mesures figurant dans le nouveau Code forestier<\/strong><\/p>\n<p>&nbsp;<\/p>\n<p>Le nouveau Code forestier, un jalon important du Plan national de relance et de r\u00e9silience (PNRR) de la Roumanie, a \u00e9t\u00e9 adopt\u00e9 \u00e0 une large majorit\u00e9 par la Chambre des d\u00e9put\u00e9s de Bucarest, en tant que chambre d\u00e9cisionnelle. La loi pr\u00e9voit, entre autres, l&rsquo;inclusion des for\u00eats dans les ceintures vertes autour des villes, la multiplication des zones foresti\u00e8res, l&rsquo;introduction du droit de pr\u00e9emption et celui de b\u00e9n\u00e9ficier de mati\u00e8res premi\u00e8res de qualit\u00e9 \u00e0 un prix favorable pour les fabricants de meubles autochtones, l&rsquo;obligation d&rsquo;organiser des cours de formation pour le personnel forestier et une augmentation de 25 % du salaire de base des employ\u00e9s de la Garde foresti\u00e8re nationale. Le projet de loi pr\u00e9voit \u00e9galement la vid\u00e9osurveillance des routes foresti\u00e8res, la confiscation du bois vol\u00e9 et des machines utilis\u00e9es pour le transporter, ainsi que des peines allant de de 1 \u00e0 5 ans de prison ferme pour la falsification de donn\u00e9es informatiques li\u00e9es au secteur forestier.<\/p>\n<p>&nbsp;<\/p>\n<p><strong>Quelques nouveaut\u00e9s\u00a0<\/strong><\/p>\n<p>&nbsp;<\/p>\n<p>Le nouveau code introduit \u00e9galement le concept de \u00ab \u00eeles de vieillissement \u00bb &#8211; un m\u00e9canisme par lequel des superficies d\u2019au moins 1000 m\u00b2 seront prot\u00e9g\u00e9es face aux coupes de bois, car consid\u00e9r\u00e9es comme ayant un r\u00f4le dans le maintien de la biodiversit\u00e9.<\/p>\n<p>&nbsp;<\/p>\n<p>Et c\u2019est toujours ce nouveau document qui porte cr\u00e9ation du Registre national des for\u00eats et stipule que c\u2019est l\u2019Etat qui est en charge du reboisement et de la surveillance des for\u00eats compl\u00e8tement coup\u00e9es et abandonn\u00e9es, m\u00eame en l\u2019absence de l\u2019accord favorable du propri\u00e9taire. Plus encore, les patrons des soci\u00e9t\u00e9s de l\u2019exploitation du bois et les membres de leurs familles ne pourront plus se faire embaucher \u00e0 l\u2019office sylvicole. Enfin, d\u00e9sormais, les randonneurs auront acc\u00e8s libre dans les for\u00eats roumaines.<\/p>\n<p>&nbsp;<\/p>\n<p><strong>Un nouveau chapitre dans la gestion des for\u00eats<\/strong><\/p>\n<p>&nbsp;<\/p>\n<p>C\u2019est un nouveau chapitre dans la gestion des for\u00eats que marque cette nouvelle loi, estime le ministre de l\u2019environnement, Mircea Fechet, qui pr\u00e9cise aussi que les mesures incluses au nouveau Code forestier garantissent aussi le reboisement des terrains d\u00e9frich\u00e9s.<\/p>\n<p>&nbsp;<\/p>\n<p>Mircea Fechet :\u00a0<em>\u00ab La superficie du fonds forestier de Roumanie a connu une l\u00e9g\u00e8re tendance \u00e0 la hausse ces 30 derni\u00e8res ann\u00e9es, et surtout l&rsquo;ann\u00e9e derni\u00e8re, lorsque nous avons r\u00e9ussi, gr\u00e2ce \u00e0 l&rsquo;argent du PNRR, \u00e0 boiser des zones qui n&rsquo;avaient jamais appartenu \u00e0 la for\u00eat. Aujourd&rsquo;hui, nous disposons de pr\u00e8s de 9 000 hectares pr\u00eats \u00e0 faire l&rsquo;objet de contrats, dont plus de 3 000 hectares ont d\u00e9j\u00e0 \u00e9t\u00e9 bois\u00e9s cette ann\u00e9e et l&rsquo;ann\u00e9e derni\u00e8re, et je pense que cette tendance se poursuivra \u00bb<\/em><\/p>\n<p>&nbsp;<\/p>\n<p>Et d\u2019ajouter que le secteur forestier, celui de l\u2019industrie du bois et l\u2019industrie du travail du bois compte pour 3,5 % du PIB de la Roumanie.<\/p>\n<p>&nbsp;<\/p>\n<p><strong>Des avis contre cette loi<\/strong><\/p>\n<p>&nbsp;<\/p>\n<p>Pourtant, tout le monde n\u2019est pas content de ce nouveau Code Forestier. Dans l\u2019opposition, par exemple, le d\u00e9put\u00e9 de l\u2019Alliance pour l\u2019Union des Roumains (AUR, ultra-nationaliste), Dan Tanas\u0103 pointe du doigt le fait que la loi n\u2019interdit pas aux compagnies \u00e9trang\u00e8res d\u2019exploiter le bois roumain.<\/p>\n<p>&nbsp;<\/p>\n<p>Dan Tanas\u0103:<em> \u00ab Les for\u00eats roumaines seront vraiment prot\u00e9g\u00e9es, lorsque vous allez envoyer les compagnies \u00e9trang\u00e8res exploiter le bois chez elles, pas en Roumanie et lorsque les for\u00eats roumaines seront exploit\u00e9es par les Roumains. C\u2019est \u00e0 peine \u00e0 ce moment-l\u00e0 que vous pourrez vous vanter d\u2019avoir fait une bonne chose pour les for\u00eats roumaines ! \u00bb.<\/em><\/p>\n<p>&nbsp;<\/p>\n<p>Disons pour terminer que cela faisait plus de 7 mois d\u00e9j\u00e0 que le nouveau Code forestier avait \u00e9t\u00e9 adopt\u00e9 par le S\u00e9nat, en tant que premi\u00e8re chambre saisie. Pendant tout ce temps, le texte a subi plus de 200 modifications. D\u00e9sormais, il a \u00e9t\u00e9 envoy\u00e9 au pr\u00e9sident de la Roumanie pour promulgation. (trad. Valentina Beleavski)<\/p>\n","protected":false},"excerpt":{"rendered":"<p>Les mesures figurant dans le nouveau Code forestier &nbsp; Le nouveau Code forestier, un jalon important du Plan national de relance et de r\u00e9silience (PNRR) de la Roumanie, a \u00e9t\u00e9 adopt\u00e9 \u00e0 une large majorit\u00e9 par la Chambre des d\u00e9put\u00e9s de Bucarest, en tant que chambre d\u00e9cisionnelle. La loi pr\u00e9voit, entre autres, l&rsquo;inclusion des for\u00eats [&hellip;]<\/p>\n","protected":false},"author":118,"featured_media":843791,"comment_status":"closed","ping_status":"closed","sticky":false,"template":"","format":"standard","meta":{"_acf_changed":false,"footnotes":""},"categories":[93377],"tags":[84941,90537,160356,86944,160355,86771],"coauthors":[113323],"class_list":["post-843882","post","type-post","status-publish","format-standard","has-post-thumbnail","hentry","category-les-dossiers-de-lactualite","tag-bois","tag-code-forestier","tag-exploitation-du-bois","tag-forets","tag-protection-des-forets","tag-reboisement"],"acf":[],"yoast_head":"<!-- This site is optimized with the Yoast SEO plugin v27.5 - https:\/\/yoast.com\/product\/yoast-seo-wordpress\/ -->\n<title>Le nouveau Code forestier roumain - Radio Roumanie Internationale<\/title>\n<meta name=\"robots\" content=\"index, follow, max-snippet:-1, max-image-preview:large, max-video-preview:-1\" \/>\n<link rel=\"canonical\" href=\"https:\/\/www.rri.ro\/fr\/actualites\/les-dossiers-de-lactualite\/le-nouveau-code-forestier-roumain-2-id843882.html\" \/>\n<meta property=\"og:locale\" content=\"fr_FR\" \/>\n<meta property=\"og:type\" content=\"article\" \/>\n<meta property=\"og:title\" content=\"Le nouveau Code forestier roumain - Radio Roumanie Internationale\" \/>\n<meta property=\"og:description\" content=\"Les mesures figurant dans le nouveau Code forestier &nbsp; Le nouveau Code forestier, un jalon important du Plan national de relance et de r\u00e9silience (PNRR) de la Roumanie, a \u00e9t\u00e9 adopt\u00e9 \u00e0 une large majorit\u00e9 par la Chambre des d\u00e9put\u00e9s de Bucarest, en tant que chambre d\u00e9cisionnelle. La loi pr\u00e9voit, entre autres, l&rsquo;inclusion des for\u00eats [&hellip;]\" \/>\n<meta property=\"og:url\" content=\"https:\/\/www.rri.ro\/fr\/actualites\/les-dossiers-de-lactualite\/le-nouveau-code-forestier-roumain-2-id843882.html\" \/>\n<meta property=\"og:site_name\" content=\"Radio Roumanie Internationale\" \/>\n<meta property=\"article:published_time\" content=\"2024-12-18T10:35:13+00:00\" \/>\n<meta property=\"article:modified_time\" content=\"2024-12-18T11:17:49+00:00\" \/>\n<meta property=\"og:image\" content=\"https:\/\/www.rri.ro\/wp-content\/uploads\/2024\/12\/forest-padure-copac-foto-Pexels-pixabay.jpg\" \/>\n\t<meta property=\"og:image:width\" content=\"1200\" \/>\n\t<meta property=\"og:image:height\" content=\"800\" \/>\n\t<meta property=\"og:image:type\" content=\"image\/jpeg\" \/>\n<meta name=\"author\" content=\"Sorin Iordan\" \/>\n<meta name=\"twitter:card\" content=\"summary_large_image\" \/>\n<meta name=\"twitter:label1\" content=\"\u00c9crit par\" \/>\n\t<meta name=\"twitter:data1\" content=\"Sorin Iordan\" \/>\n\t<meta name=\"twitter:label2\" content=\"Dur\u00e9e de lecture estim\u00e9e\" \/>\n\t<meta name=\"twitter:data2\" content=\"3 minutes\" \/>\n\t<meta name=\"twitter:label3\" content=\"Written by\" \/>\n\t<meta name=\"twitter:data3\" content=\"Sorin Iordan\" \/>\n<script type=\"application\/ld+json\" class=\"yoast-schema-graph\">{\"@context\":\"https:\\\/\\\/schema.org\",\"@graph\":[{\"@type\":\"Article\",\"@id\":\"https:\\\/\\\/www.rri.ro\\\/fr\\\/actualites\\\/les-dossiers-de-lactualite\\\/le-nouveau-code-forestier-roumain-2-id843882.html#article\",\"isPartOf\":{\"@id\":\"https:\\\/\\\/www.rri.ro\\\/fr\\\/actualites\\\/les-dossiers-de-lactualite\\\/le-nouveau-code-forestier-roumain-2-id843882.html\"},\"author\":{\"name\":\"Sorin Iordan\",\"@id\":\"https:\\\/\\\/www.rri.ro\\\/#\\\/schema\\\/person\\\/4f66d7193567114976ed046851bb8dc3\"},\"headline\":\"Le nouveau Code forestier roumain\",\"datePublished\":\"2024-12-18T10:35:13+00:00\",\"dateModified\":\"2024-12-18T11:17:49+00:00\",\"mainEntityOfPage\":{\"@id\":\"https:\\\/\\\/www.rri.ro\\\/fr\\\/actualites\\\/les-dossiers-de-lactualite\\\/le-nouveau-code-forestier-roumain-2-id843882.html\"},\"wordCount\":698,\"image\":{\"@id\":\"https:\\\/\\\/www.rri.ro\\\/fr\\\/actualites\\\/les-dossiers-de-lactualite\\\/le-nouveau-code-forestier-roumain-2-id843882.html#primaryimage\"},\"thumbnailUrl\":\"https:\\\/\\\/www.rri.ro\\\/wp-content\\\/uploads\\\/2024\\\/12\\\/forest-padure-copac-foto-Pexels-pixabay.jpg\",\"keywords\":[\"bois\",\"code forestier\",\"exploitation du bois\",\"for\u00eats\",\"protection des for\u00eats\",\"reboisement\"],\"articleSection\":[\"Les dossiers de l'actualit\u00e9\"],\"inLanguage\":\"fr-FR\"},{\"@type\":\"WebPage\",\"@id\":\"https:\\\/\\\/www.rri.ro\\\/fr\\\/actualites\\\/les-dossiers-de-lactualite\\\/le-nouveau-code-forestier-roumain-2-id843882.html\",\"url\":\"https:\\\/\\\/www.rri.ro\\\/fr\\\/actualites\\\/les-dossiers-de-lactualite\\\/le-nouveau-code-forestier-roumain-2-id843882.html\",\"name\":\"Le nouveau Code forestier roumain - Radio Roumanie Internationale\",\"isPartOf\":{\"@id\":\"https:\\\/\\\/www.rri.ro\\\/#website\"},\"primaryImageOfPage\":{\"@id\":\"https:\\\/\\\/www.rri.ro\\\/fr\\\/actualites\\\/les-dossiers-de-lactualite\\\/le-nouveau-code-forestier-roumain-2-id843882.html#primaryimage\"},\"image\":{\"@id\":\"https:\\\/\\\/www.rri.ro\\\/fr\\\/actualites\\\/les-dossiers-de-lactualite\\\/le-nouveau-code-forestier-roumain-2-id843882.html#primaryimage\"},\"thumbnailUrl\":\"https:\\\/\\\/www.rri.ro\\\/wp-content\\\/uploads\\\/2024\\\/12\\\/forest-padure-copac-foto-Pexels-pixabay.jpg\",\"datePublished\":\"2024-12-18T10:35:13+00:00\",\"dateModified\":\"2024-12-18T11:17:49+00:00\",\"author\":{\"@id\":\"https:\\\/\\\/www.rri.ro\\\/#\\\/schema\\\/person\\\/4f66d7193567114976ed046851bb8dc3\"},\"breadcrumb\":{\"@id\":\"https:\\\/\\\/www.rri.ro\\\/fr\\\/actualites\\\/les-dossiers-de-lactualite\\\/le-nouveau-code-forestier-roumain-2-id843882.html#breadcrumb\"},\"inLanguage\":\"fr-FR\",\"potentialAction\":[{\"@type\":\"ReadAction\",\"target\":[\"https:\\\/\\\/www.rri.ro\\\/fr\\\/actualites\\\/les-dossiers-de-lactualite\\\/le-nouveau-code-forestier-roumain-2-id843882.html\"]}]},{\"@type\":\"ImageObject\",\"inLanguage\":\"fr-FR\",\"@id\":\"https:\\\/\\\/www.rri.ro\\\/fr\\\/actualites\\\/les-dossiers-de-lactualite\\\/le-nouveau-code-forestier-roumain-2-id843882.html#primaryimage\",\"url\":\"https:\\\/\\\/www.rri.ro\\\/wp-content\\\/uploads\\\/2024\\\/12\\\/forest-padure-copac-foto-Pexels-pixabay.jpg\",\"contentUrl\":\"https:\\\/\\\/www.rri.ro\\\/wp-content\\\/uploads\\\/2024\\\/12\\\/forest-padure-copac-foto-Pexels-pixabay.jpg\",\"width\":1200,\"height\":800,\"caption\":\"(foto: Pexels \\\/ pixabay.com)\"},{\"@type\":\"BreadcrumbList\",\"@id\":\"https:\\\/\\\/www.rri.ro\\\/fr\\\/actualites\\\/les-dossiers-de-lactualite\\\/le-nouveau-code-forestier-roumain-2-id843882.html#breadcrumb\",\"itemListElement\":[{\"@type\":\"ListItem\",\"position\":1,\"name\":\"Page d'accueil\",\"item\":\"https:\\\/\\\/www.rri.ro\\\/fr\"},{\"@type\":\"ListItem\",\"position\":2,\"name\":\"Actualit\u00e9s\",\"item\":\"https:\\\/\\\/www.rri.ro\\\/fr\\\/actualites\"},{\"@type\":\"ListItem\",\"position\":3,\"name\":\"Les dossiers de l'actualit\u00e9\",\"item\":\"https:\\\/\\\/www.rri.ro\\\/fr\\\/actualites\\\/les-dossiers-de-lactualite\"},{\"@type\":\"ListItem\",\"position\":4,\"name\":\"Le nouveau Code forestier roumain\"}]},{\"@type\":\"WebSite\",\"@id\":\"https:\\\/\\\/www.rri.ro\\\/#website\",\"url\":\"https:\\\/\\\/www.rri.ro\\\/\",\"name\":\"Radio Roumanie Internationale\",\"description\":\"Totul despre Rom\u00e2nia \u015fi rom\u00e2ni, \u00een 13 limbi\\\/dialecte!\",\"inLanguage\":\"fr-FR\"},{\"@type\":\"Person\",\"@id\":\"https:\\\/\\\/www.rri.ro\\\/#\\\/schema\\\/person\\\/4f66d7193567114976ed046851bb8dc3\",\"name\":\"Sorin Iordan\",\"url\":\"https:\\\/\\\/www.rri.ro\\\/fr\\\/author\\\/sorin-iordan\"}]}<\/script>\n<!-- \/ Yoast SEO plugin. -->","yoast_head_json":{"title":"Le nouveau Code forestier roumain - Radio Roumanie Internationale","robots":{"index":"index","follow":"follow","max-snippet":"max-snippet:-1","max-image-preview":"max-image-preview:large","max-video-preview":"max-video-preview:-1"},"canonical":"https:\/\/www.rri.ro\/fr\/actualites\/les-dossiers-de-lactualite\/le-nouveau-code-forestier-roumain-2-id843882.html","og_locale":"fr_FR","og_type":"article","og_title":"Le nouveau Code forestier roumain - Radio Roumanie Internationale","og_description":"Les mesures figurant dans le nouveau Code forestier &nbsp; Le nouveau Code forestier, un jalon important du Plan national de relance et de r\u00e9silience (PNRR) de la Roumanie, a \u00e9t\u00e9 adopt\u00e9 \u00e0 une large majorit\u00e9 par la Chambre des d\u00e9put\u00e9s de Bucarest, en tant que chambre d\u00e9cisionnelle. La loi pr\u00e9voit, entre autres, l&rsquo;inclusion des for\u00eats [&hellip;]","og_url":"https:\/\/www.rri.ro\/fr\/actualites\/les-dossiers-de-lactualite\/le-nouveau-code-forestier-roumain-2-id843882.html","og_site_name":"Radio Roumanie Internationale","article_published_time":"2024-12-18T10:35:13+00:00","article_modified_time":"2024-12-18T11:17:49+00:00","og_image":[{"width":1200,"height":800,"url":"https:\/\/www.rri.ro\/wp-content\/uploads\/2024\/12\/forest-padure-copac-foto-Pexels-pixabay.jpg","type":"image\/jpeg"}],"author":"Sorin Iordan","twitter_card":"summary_large_image","twitter_misc":{"\u00c9crit par":"Sorin Iordan","Dur\u00e9e de lecture estim\u00e9e":"3 minutes","Written by":"Sorin Iordan"},"schema":{"@context":"https:\/\/schema.org","@graph":[{"@type":"Article","@id":"https:\/\/www.rri.ro\/fr\/actualites\/les-dossiers-de-lactualite\/le-nouveau-code-forestier-roumain-2-id843882.html#article","isPartOf":{"@id":"https:\/\/www.rri.ro\/fr\/actualites\/les-dossiers-de-lactualite\/le-nouveau-code-forestier-roumain-2-id843882.html"},"author":{"name":"Sorin Iordan","@id":"https:\/\/www.rri.ro\/#\/schema\/person\/4f66d7193567114976ed046851bb8dc3"},"headline":"Le nouveau Code forestier roumain","datePublished":"2024-12-18T10:35:13+00:00","dateModified":"2024-12-18T11:17:49+00:00","mainEntityOfPage":{"@id":"https:\/\/www.rri.ro\/fr\/actualites\/les-dossiers-de-lactualite\/le-nouveau-code-forestier-roumain-2-id843882.html"},"wordCount":698,"image":{"@id":"https:\/\/www.rri.ro\/fr\/actualites\/les-dossiers-de-lactualite\/le-nouveau-code-forestier-roumain-2-id843882.html#primaryimage"},"thumbnailUrl":"https:\/\/www.rri.ro\/wp-content\/uploads\/2024\/12\/forest-padure-copac-foto-Pexels-pixabay.jpg","keywords":["bois","code forestier","exploitation du bois","for\u00eats","protection des for\u00eats","reboisement"],"articleSection":["Les dossiers de l'actualit\u00e9"],"inLanguage":"fr-FR"},{"@type":"WebPage","@id":"https:\/\/www.rri.ro\/fr\/actualites\/les-dossiers-de-lactualite\/le-nouveau-code-forestier-roumain-2-id843882.html","url":"https:\/\/www.rri.ro\/fr\/actualites\/les-dossiers-de-lactualite\/le-nouveau-code-forestier-roumain-2-id843882.html","name":"Le nouveau Code forestier roumain - Radio Roumanie Internationale","isPartOf":{"@id":"https:\/\/www.rri.ro\/#website"},"primaryImageOfPage":{"@id":"https:\/\/www.rri.ro\/fr\/actualites\/les-dossiers-de-lactualite\/le-nouveau-code-forestier-roumain-2-id843882.html#primaryimage"},"image":{"@id":"https:\/\/www.rri.ro\/fr\/actualites\/les-dossiers-de-lactualite\/le-nouveau-code-forestier-roumain-2-id843882.html#primaryimage"},"thumbnailUrl":"https:\/\/www.rri.ro\/wp-content\/uploads\/2024\/12\/forest-padure-copac-foto-Pexels-pixabay.jpg","datePublished":"2024-12-18T10:35:13+00:00","dateModified":"2024-12-18T11:17:49+00:00","author":{"@id":"https:\/\/www.rri.ro\/#\/schema\/person\/4f66d7193567114976ed046851bb8dc3"},"breadcrumb":{"@id":"https:\/\/www.rri.ro\/fr\/actualites\/les-dossiers-de-lactualite\/le-nouveau-code-forestier-roumain-2-id843882.html#breadcrumb"},"inLanguage":"fr-FR","potentialAction":[{"@type":"ReadAction","target":["https:\/\/www.rri.ro\/fr\/actualites\/les-dossiers-de-lactualite\/le-nouveau-code-forestier-roumain-2-id843882.html"]}]},{"@type":"ImageObject","inLanguage":"fr-FR","@id":"https:\/\/www.rri.ro\/fr\/actualites\/les-dossiers-de-lactualite\/le-nouveau-code-forestier-roumain-2-id843882.html#primaryimage","url":"https:\/\/www.rri.ro\/wp-content\/uploads\/2024\/12\/forest-padure-copac-foto-Pexels-pixabay.jpg","contentUrl":"https:\/\/www.rri.ro\/wp-content\/uploads\/2024\/12\/forest-padure-copac-foto-Pexels-pixabay.jpg","width":1200,"height":800,"caption":"(foto: Pexels \/ pixabay.com)"},{"@type":"BreadcrumbList","@id":"https:\/\/www.rri.ro\/fr\/actualites\/les-dossiers-de-lactualite\/le-nouveau-code-forestier-roumain-2-id843882.html#breadcrumb","itemListElement":[{"@type":"ListItem","position":1,"name":"Page d'accueil","item":"https:\/\/www.rri.ro\/fr"},{"@type":"ListItem","position":2,"name":"Actualit\u00e9s","item":"https:\/\/www.rri.ro\/fr\/actualites"},{"@type":"ListItem","position":3,"name":"Les dossiers de l'actualit\u00e9","item":"https:\/\/www.rri.ro\/fr\/actualites\/les-dossiers-de-lactualite"},{"@type":"ListItem","position":4,"name":"Le nouveau Code forestier roumain"}]},{"@type":"WebSite","@id":"https:\/\/www.rri.ro\/#website","url":"https:\/\/www.rri.ro\/","name":"Radio Roumanie Internationale","description":"Totul despre Rom\u00e2nia \u015fi rom\u00e2ni, \u00een 13 limbi\/dialecte!","inLanguage":"fr-FR"},{"@type":"Person","@id":"https:\/\/www.rri.ro\/#\/schema\/person\/4f66d7193567114976ed046851bb8dc3","name":"Sorin Iordan","url":"https:\/\/www.rri.ro\/fr\/author\/sorin-iordan"}]}},"_links":{"self":[{"href":"https:\/\/www.rri.ro\/fr\/wp-json\/wp\/v2\/posts\/843882","targetHints":{"allow":["GET"]}}],"collection":[{"href":"https:\/\/www.rri.ro\/fr\/wp-json\/wp\/v2\/posts"}],"about":[{"href":"https:\/\/www.rri.ro\/fr\/wp-json\/wp\/v2\/types\/post"}],"author":[{"embeddable":true,"href":"https:\/\/www.rri.ro\/fr\/wp-json\/wp\/v2\/users\/118"}],"replies":[{"embeddable":true,"href":"https:\/\/www.rri.ro\/fr\/wp-json\/wp\/v2\/comments?post=843882"}],"version-history":[{"count":0,"href":"https:\/\/www.rri.ro\/fr\/wp-json\/wp\/v2\/posts\/843882\/revisions"}],"wp:featuredmedia":[{"embeddable":true,"href":"https:\/\/www.rri.ro\/fr\/wp-json\/wp\/v2\/media\/843791"}],"wp:attachment":[{"href":"https:\/\/www.rri.ro\/fr\/wp-json\/wp\/v2\/media?parent=843882"}],"wp:term":[{"taxonomy":"category","embeddable":true,"href":"https:\/\/www.rri.ro\/fr\/wp-json\/wp\/v2\/categories?post=843882"},{"taxonomy":"post_tag","embeddable":true,"href":"https:\/\/www.rri.ro\/fr\/wp-json\/wp\/v2\/tags?post=843882"},{"taxonomy":"author","embeddable":true,"href":"https:\/\/www.rri.ro\/fr\/wp-json\/wp\/v2\/coauthors?post=843882"}],"curies":[{"name":"wp","href":"https:\/\/api.w.org\/{rel}","templated":true}]}}