{"id":847475,"date":"2024-12-31T13:42:26","date_gmt":"2024-12-31T11:42:26","guid":{"rendered":"https:\/\/www.rri.ro\/?p=847475"},"modified":"2025-01-04T13:32:23","modified_gmt":"2025-01-04T11:32:23","slug":"le-flash-31-12-2024","status":"publish","type":"post","link":"https:\/\/www.rri.ro\/fr\/actualites\/le-flash\/le-flash-31-12-2024-id847475.html","title":{"rendered":"31.12.2024"},"content":{"rendered":"<p><strong>Pologne<\/strong> \u2013 La Pologne assume \u00e0 partir du 1 janvier 2025 la pr\u00e9sidence tournante de l\u2019UE. Les m\u00e9dias internationaux s\u2019attendent \u00e0 ce que Varsovie fasse plus d\u2019efforts que Budapest pour trouver des solutions aux probl\u00e8mes auxquels l\u2019Europe se confronte. Par exemple, soutenir l\u2019Ukraine envahie par les troupes russes. A la diff\u00e9rence du premier ministre hongrois, Viktor Orban, qui a soulev\u00e9 l\u2019irritation de Bruxelles apr\u00e8s avoir rendu visite \u00e0 Poutine, en juillet, la Pologne est un des partisans les plus fervents de Kiev. La pr\u00e9sidence polonaise commence dans un contexte d\u2019incertitude marqu\u00e9 par le retour \u00e0 la Maison Blanche de Donald Trump et par le risque d\u2019un d\u00e9sengagement am\u00e9ricain en Ukraine.<\/p>\n<p>&nbsp;<\/p>\n<p><strong>Schengen<\/strong> \u2013 La Police roumaine aux fronti\u00e8res est pr\u00eate pour la lev\u00e9e des contr\u00f4les aux fronti\u00e8res terrestres de la Roumanie \u00e0 partir du 1 janvier 2025 quand les formalit\u00e9s seront supprim\u00e9es aux 40 points de passage frontalier. Dans un communiqu\u00e9 de l\u2019Inspection g\u00e9n\u00e9rale de la Police aux fronti\u00e8res, \u00e0 partir de l\u2019ann\u00e9e prochaine, les voyages \u00e0 destination ou depuis la Roumanie au sein de la zone Schengen se d\u00e9rouleront comme n\u2019importe quel voyage \u00e0 travers le pays. Pourtant, les personnes qui envisagent de se rendre dans un pays membre Schengen doivent \u00eatre munies d\u2019un document valable, car des contr\u00f4les al\u00e9atoires pourront toujours \u00eatre effectu\u00e9s.<\/p>\n<p>&nbsp;<\/p>\n<p><strong>D\u00e9cret<\/strong> \u2013 Le gouvernement de Bucarest a adopt\u00e9 un d\u00e9cret d\u2019urgence pr\u00e9voyant la diminution des d\u00e9penses dans le secteur publique. Les responsables esp\u00e8rent que toutes ces mesures seront \u00e0 m\u00eame de faire diminuer les d\u00e9penses budg\u00e9taires de 19 milliards de lei, soit presque 4 milliards d\u2019euros, \u00e9quivalent de 1% du PIB. Les mesures ont soulev\u00e9 une vague de critiques de la part de plusieurs organisations syndicales et patronales. Les syndicalistes de l\u2019Education nationale et de l\u2019Administration publique et de la S\u00e9curit\u00e9 sociale, tout comme ceux de la F\u00e9d\u00e9ration patronale du domaine de l\u2019\u00e9nergie d\u00e9noncent l\u2019absence du dialogue social et la vitesse avec laquelle le d\u00e9cret a \u00e9t\u00e9 promu.<\/p>\n<p>&nbsp;<\/p>\n<p><strong>\u00a0<\/strong><\/p>\n<p><strong>Taxes \u2013 <\/strong>En Roumanie, le prix d\u2019un litre d\u2019essence et de gasoil coutera plus cher \u00e0 partir de l\u2019ann\u00e9e prochaine, en raison d\u2019une majoration d\u2019environ 6% du tarif des accises sur les carburants, selon un document publi\u00e9 par le minist\u00e8re des Finances. Le prix de l\u2019essence augmentera de 0,17 lei et celui du gasoil de 0,16 lei, soit environ \u00a03 centimes d\u2019euros de plus par litre. Par ailleurs, une augmentation de 4,4% du tarif des accises sur les boissons alcoolis\u00e9es et les vins mousseaux sera \u00e9galement appliqu\u00e9e \u00e0 partir de demain. Par ailleurs, en 2025, les taxes et les imp\u00f4ts locaux seront index\u00e9s sur l\u2019inflation, au terme d\u2019une d\u00e9cision adopt\u00e9e par chacune des municipalit\u00e9s roumaines. A Bucarest, le Conseil g\u00e9n\u00e9ral a d\u00e9cid\u00e9 de majorer ces taxes de 10,4%.<\/p>\n<p>&nbsp;<\/p>\n<p><strong>Elections<\/strong> \u2013 Le premier tour des \u00e9lections pr\u00e9sidentielles de Roumanie pourrait avoir lieu le 23 mars et le second tour, le 6 avril, ont fait savoir les m\u00e9dias de Bucarest en citant des sources politiques proches de la coalition gouvernementale PSD-PNL-UDMR. Organis\u00e9 dans un premier temps le 24 novembre, selon le calendrier \u00e9lectoral initial, le premier tour de la pr\u00e9sidentielle roumaine a \u00e9t\u00e9 invalid\u00e9 par la Cour Constitutionnelle qui, selon des documents avanc\u00e9s par le Conseil supr\u00eame de d\u00e9fense nationale, a d\u00e9nonc\u00e9 l\u2019ing\u00e9rence d\u2019un acteur \u00e9tatique. Pr\u00e9vu le 8 d\u00e9cembre, le second tour aurait d\u00fb \u00eatre disput\u00e9 entre le nationaliste Calin Georgescu, candidat ind\u00e9pendant, proche de la Russie, et la centriste, Elena Lasconi, \u00e0 la t\u00eate de l\u2019USR. Avant que la Cour constitutionnelle ne d\u00e9cide d\u2019annuler le premier tour, des dizaines de milliers de Roumains de la diaspora avaient d\u00e9j\u00e0 exprim\u00e9 leurs votes. Les Roumains de l\u2019\u00e9tranger ont eu trois jours \u00e0 leur disposition pour se rendre aux urnes. Les \u00e9lections pr\u00e9sidentielles invalid\u00e9es ont provoqu\u00e9 un pr\u00e9judice de presque 280 milliards d\u2019euros \u00e0 la Roumanie. Le 21 d\u00e9cembre, le pr\u00e9sident en exercice, Klaus Iohannis, dont le second mandat devait prendre fin, est rest\u00e9 \u00e0 la t\u00eate du pays jusqu\u2019\u00e0 l\u2019\u00e9lection d\u2019un nouveau chef d\u2019Etat.<\/p>\n<p>&nbsp;<\/p>\n<p><strong>Tennis<\/strong> \u2013 La joueuse roumaine de tennis, Jacqueline Cristian, s\u2019est qualifi\u00e9e dans les huiti\u00e8mes de finale du tournoi WTA 250 de Auckland, en Nouvelle Z\u00e9lande, apr\u00e8s l\u2019abandon de l\u2019Ukrainienne, Iulia Starodub\u0163eva. Son prochain match, la Roumaine le disputera contre la vainqueuse du duel entre l\u2019Am\u00e9ricaine Madison Keys, principale favorite et l\u2019Italienne, Lucia Bronzetti. L\u2019ancienne num\u00e9ro un mondiale, la Roumaine Simona Halep avait re\u00e7u une wild-card pour la tourn\u00e9e d\u2019Auckland, mais a \u00e9t\u00e9 oblig\u00e9 d\u2019abandonner la comp\u00e9tition suite \u00e0 un accident. En Australie, la Roumaine, Anca Todoni, s\u2019est qualifi\u00e9e au deuxi\u00e8me tour du tournoi de WTA 500 de Brisbane, apr\u00e8s avoir battu Cristina Bucsa, une joueuse n\u00e9e en R\u00e9publique de Moldavie, mais qui joue pour l\u2019Espagne. Le prochain match, Todoni le disputera contre la Tch\u00e8que Linda Noskova.<\/p>\n<p>&nbsp;<\/p>\n<p><strong>M\u00e9t\u00e9o<\/strong> \u2013 En Roumanie, le ciel reste variable. Le vent soufflera l\u00e9g\u00e8rement sur l\u2019ensemble du territoire et plus fort en altitude, sur les sommets des Carpates orientales. Les temp\u00e9ratures maximales iront de 0 \u00e0 10 degr\u00e9s.<\/p>\n","protected":false},"excerpt":{"rendered":"<p>Pologne \u2013 La Pologne assume \u00e0 partir du 1 janvier 2025 la pr\u00e9sidence tournante de l\u2019UE. Les m\u00e9dias internationaux s\u2019attendent \u00e0 ce que Varsovie fasse plus d\u2019efforts que Budapest pour trouver des solutions aux probl\u00e8mes auxquels l\u2019Europe se confronte. Par exemple, soutenir l\u2019Ukraine envahie par les troupes russes. A la diff\u00e9rence du premier ministre hongrois, [&hellip;]<\/p>\n","protected":false},"author":113,"featured_media":723357,"comment_status":"closed","ping_status":"closed","sticky":false,"template":"","format":"standard","meta":{"_acf_changed":false,"footnotes":""},"categories":[89002],"tags":[160880,132394,150365,146159,147064,85282,143630,157202,143522],"coauthors":[116091],"class_list":["post-847475","post","type-post","status-publish","format-standard","has-post-thumbnail","hentry","category-le-flash","tag-decret-fr","tag-elections-fr","tag-elena-lasconi","tag-marcel-ciolacu-fr","tag-meteo-fr","tag-pologne","tag-schengen-fr","tag-taxes-fr","tag-tennis-fr"],"acf":[],"yoast_head":"<!-- This site is optimized with the Yoast SEO plugin v27.3 - https:\/\/yoast.com\/product\/yoast-seo-wordpress\/ -->\n<title>31.12.2024 - Radio Roumanie Internationale<\/title>\n<meta name=\"robots\" content=\"index, follow, max-snippet:-1, max-image-preview:large, max-video-preview:-1\" \/>\n<link rel=\"canonical\" href=\"https:\/\/www.rri.ro\/fr\/actualites\/le-flash\/le-flash-31-12-2024-id847475.html\" \/>\n<meta property=\"og:locale\" content=\"fr_FR\" \/>\n<meta property=\"og:type\" content=\"article\" \/>\n<meta property=\"og:title\" content=\"31.12.2024 - Radio Roumanie Internationale\" \/>\n<meta property=\"og:description\" content=\"Pologne \u2013 La Pologne assume \u00e0 partir du 1 janvier 2025 la pr\u00e9sidence tournante de l\u2019UE. Les m\u00e9dias internationaux s\u2019attendent \u00e0 ce que Varsovie fasse plus d\u2019efforts que Budapest pour trouver des solutions aux probl\u00e8mes auxquels l\u2019Europe se confronte. Par exemple, soutenir l\u2019Ukraine envahie par les troupes russes. A la diff\u00e9rence du premier ministre hongrois, [&hellip;]\" \/>\n<meta property=\"og:url\" content=\"https:\/\/www.rri.ro\/fr\/actualites\/le-flash\/le-flash-31-12-2024-id847475.html\" \/>\n<meta property=\"og:site_name\" content=\"Radio Roumanie Internationale\" \/>\n<meta property=\"article:published_time\" content=\"2024-12-31T11:42:26+00:00\" \/>\n<meta property=\"article:modified_time\" content=\"2025-01-04T11:32:23+00:00\" \/>\n<meta property=\"og:image\" content=\"https:\/\/www.rri.ro\/wp-content\/uploads\/2024\/03\/RRI-960x540-Le-flash-2-NOU.jpg\" \/>\n\t<meta property=\"og:image:width\" content=\"960\" \/>\n\t<meta property=\"og:image:height\" content=\"540\" \/>\n\t<meta property=\"og:image:type\" content=\"image\/jpeg\" \/>\n<meta name=\"author\" content=\"Newsroom\" \/>\n<meta name=\"twitter:card\" content=\"summary_large_image\" \/>\n<meta name=\"twitter:label1\" content=\"\u00c9crit par\" \/>\n\t<meta name=\"twitter:data1\" content=\"Newsroom\" \/>\n\t<meta name=\"twitter:label2\" content=\"Dur\u00e9e de lecture estim\u00e9e\" \/>\n\t<meta name=\"twitter:data2\" content=\"5 minutes\" \/>\n\t<meta name=\"twitter:label3\" content=\"Written by\" \/>\n\t<meta name=\"twitter:data3\" content=\"Newsroom\" \/>\n<script type=\"application\/ld+json\" class=\"yoast-schema-graph\">{\"@context\":\"https:\\\/\\\/schema.org\",\"@graph\":[{\"@type\":\"Article\",\"@id\":\"https:\\\/\\\/www.rri.ro\\\/fr\\\/actualites\\\/le-flash\\\/le-flash-31-12-2024-id847475.html#article\",\"isPartOf\":{\"@id\":\"https:\\\/\\\/www.rri.ro\\\/fr\\\/actualites\\\/le-flash\\\/le-flash-31-12-2024-id847475.html\"},\"author\":{\"name\":\"Newsroom\",\"@id\":\"https:\\\/\\\/www.rri.ro\\\/#\\\/schema\\\/person\\\/4a479940371b9fdefd194f561e8a7f88\"},\"headline\":\"31.12.2024\",\"datePublished\":\"2024-12-31T11:42:26+00:00\",\"dateModified\":\"2025-01-04T11:32:23+00:00\",\"mainEntityOfPage\":{\"@id\":\"https:\\\/\\\/www.rri.ro\\\/fr\\\/actualites\\\/le-flash\\\/le-flash-31-12-2024-id847475.html\"},\"wordCount\":910,\"image\":{\"@id\":\"https:\\\/\\\/www.rri.ro\\\/fr\\\/actualites\\\/le-flash\\\/le-flash-31-12-2024-id847475.html#primaryimage\"},\"thumbnailUrl\":\"https:\\\/\\\/www.rri.ro\\\/wp-content\\\/uploads\\\/2024\\\/03\\\/RRI-960x540-Le-flash-2-NOU.jpg\",\"keywords\":[\"decret\",\"elections\",\"Elena Lasconi\",\"Marcel Ciolacu\",\"meteo\",\"Pologne\",\"Schengen\",\"taxes\",\"tennis\"],\"articleSection\":[\"Le flash\"],\"inLanguage\":\"fr-FR\"},{\"@type\":\"WebPage\",\"@id\":\"https:\\\/\\\/www.rri.ro\\\/fr\\\/actualites\\\/le-flash\\\/le-flash-31-12-2024-id847475.html\",\"url\":\"https:\\\/\\\/www.rri.ro\\\/fr\\\/actualites\\\/le-flash\\\/le-flash-31-12-2024-id847475.html\",\"name\":\"31.12.2024 - Radio Roumanie Internationale\",\"isPartOf\":{\"@id\":\"https:\\\/\\\/www.rri.ro\\\/#website\"},\"primaryImageOfPage\":{\"@id\":\"https:\\\/\\\/www.rri.ro\\\/fr\\\/actualites\\\/le-flash\\\/le-flash-31-12-2024-id847475.html#primaryimage\"},\"image\":{\"@id\":\"https:\\\/\\\/www.rri.ro\\\/fr\\\/actualites\\\/le-flash\\\/le-flash-31-12-2024-id847475.html#primaryimage\"},\"thumbnailUrl\":\"https:\\\/\\\/www.rri.ro\\\/wp-content\\\/uploads\\\/2024\\\/03\\\/RRI-960x540-Le-flash-2-NOU.jpg\",\"datePublished\":\"2024-12-31T11:42:26+00:00\",\"dateModified\":\"2025-01-04T11:32:23+00:00\",\"author\":{\"@id\":\"https:\\\/\\\/www.rri.ro\\\/#\\\/schema\\\/person\\\/4a479940371b9fdefd194f561e8a7f88\"},\"breadcrumb\":{\"@id\":\"https:\\\/\\\/www.rri.ro\\\/fr\\\/actualites\\\/le-flash\\\/le-flash-31-12-2024-id847475.html#breadcrumb\"},\"inLanguage\":\"fr-FR\",\"potentialAction\":[{\"@type\":\"ReadAction\",\"target\":[\"https:\\\/\\\/www.rri.ro\\\/fr\\\/actualites\\\/le-flash\\\/le-flash-31-12-2024-id847475.html\"]}]},{\"@type\":\"ImageObject\",\"inLanguage\":\"fr-FR\",\"@id\":\"https:\\\/\\\/www.rri.ro\\\/fr\\\/actualites\\\/le-flash\\\/le-flash-31-12-2024-id847475.html#primaryimage\",\"url\":\"https:\\\/\\\/www.rri.ro\\\/wp-content\\\/uploads\\\/2024\\\/03\\\/RRI-960x540-Le-flash-2-NOU.jpg\",\"contentUrl\":\"https:\\\/\\\/www.rri.ro\\\/wp-content\\\/uploads\\\/2024\\\/03\\\/RRI-960x540-Le-flash-2-NOU.jpg\",\"width\":960,\"height\":540},{\"@type\":\"BreadcrumbList\",\"@id\":\"https:\\\/\\\/www.rri.ro\\\/fr\\\/actualites\\\/le-flash\\\/le-flash-31-12-2024-id847475.html#breadcrumb\",\"itemListElement\":[{\"@type\":\"ListItem\",\"position\":1,\"name\":\"Page d'accueil\",\"item\":\"https:\\\/\\\/www.rri.ro\\\/fr\"},{\"@type\":\"ListItem\",\"position\":2,\"name\":\"Actualit\u00e9s\",\"item\":\"https:\\\/\\\/www.rri.ro\\\/fr\\\/actualites\"},{\"@type\":\"ListItem\",\"position\":3,\"name\":\"Le flash\",\"item\":\"https:\\\/\\\/www.rri.ro\\\/fr\\\/actualites\\\/le-flash\"},{\"@type\":\"ListItem\",\"position\":4,\"name\":\"31.12.2024\"}]},{\"@type\":\"WebSite\",\"@id\":\"https:\\\/\\\/www.rri.ro\\\/#website\",\"url\":\"https:\\\/\\\/www.rri.ro\\\/\",\"name\":\"Radio Roumanie Internationale\",\"description\":\"Totul despre Rom\u00e2nia \u015fi rom\u00e2ni, \u00een 13 limbi\\\/dialecte!\",\"inLanguage\":\"fr-FR\"},{\"@type\":\"Person\",\"@id\":\"https:\\\/\\\/www.rri.ro\\\/#\\\/schema\\\/person\\\/4a479940371b9fdefd194f561e8a7f88\",\"name\":\"Newsroom\",\"url\":\"https:\\\/\\\/www.rri.ro\\\/fr\\\/author\\\/newsroom\"}]}<\/script>\n<!-- \/ Yoast SEO plugin. -->","yoast_head_json":{"title":"31.12.2024 - Radio Roumanie Internationale","robots":{"index":"index","follow":"follow","max-snippet":"max-snippet:-1","max-image-preview":"max-image-preview:large","max-video-preview":"max-video-preview:-1"},"canonical":"https:\/\/www.rri.ro\/fr\/actualites\/le-flash\/le-flash-31-12-2024-id847475.html","og_locale":"fr_FR","og_type":"article","og_title":"31.12.2024 - Radio Roumanie Internationale","og_description":"Pologne \u2013 La Pologne assume \u00e0 partir du 1 janvier 2025 la pr\u00e9sidence tournante de l\u2019UE. Les m\u00e9dias internationaux s\u2019attendent \u00e0 ce que Varsovie fasse plus d\u2019efforts que Budapest pour trouver des solutions aux probl\u00e8mes auxquels l\u2019Europe se confronte. Par exemple, soutenir l\u2019Ukraine envahie par les troupes russes. A la diff\u00e9rence du premier ministre hongrois, [&hellip;]","og_url":"https:\/\/www.rri.ro\/fr\/actualites\/le-flash\/le-flash-31-12-2024-id847475.html","og_site_name":"Radio Roumanie Internationale","article_published_time":"2024-12-31T11:42:26+00:00","article_modified_time":"2025-01-04T11:32:23+00:00","og_image":[{"width":960,"height":540,"url":"https:\/\/www.rri.ro\/wp-content\/uploads\/2024\/03\/RRI-960x540-Le-flash-2-NOU.jpg","type":"image\/jpeg"}],"author":"Newsroom","twitter_card":"summary_large_image","twitter_misc":{"\u00c9crit par":"Newsroom","Dur\u00e9e de lecture estim\u00e9e":"5 minutes","Written by":"Newsroom"},"schema":{"@context":"https:\/\/schema.org","@graph":[{"@type":"Article","@id":"https:\/\/www.rri.ro\/fr\/actualites\/le-flash\/le-flash-31-12-2024-id847475.html#article","isPartOf":{"@id":"https:\/\/www.rri.ro\/fr\/actualites\/le-flash\/le-flash-31-12-2024-id847475.html"},"author":{"name":"Newsroom","@id":"https:\/\/www.rri.ro\/#\/schema\/person\/4a479940371b9fdefd194f561e8a7f88"},"headline":"31.12.2024","datePublished":"2024-12-31T11:42:26+00:00","dateModified":"2025-01-04T11:32:23+00:00","mainEntityOfPage":{"@id":"https:\/\/www.rri.ro\/fr\/actualites\/le-flash\/le-flash-31-12-2024-id847475.html"},"wordCount":910,"image":{"@id":"https:\/\/www.rri.ro\/fr\/actualites\/le-flash\/le-flash-31-12-2024-id847475.html#primaryimage"},"thumbnailUrl":"https:\/\/www.rri.ro\/wp-content\/uploads\/2024\/03\/RRI-960x540-Le-flash-2-NOU.jpg","keywords":["decret","elections","Elena Lasconi","Marcel Ciolacu","meteo","Pologne","Schengen","taxes","tennis"],"articleSection":["Le flash"],"inLanguage":"fr-FR"},{"@type":"WebPage","@id":"https:\/\/www.rri.ro\/fr\/actualites\/le-flash\/le-flash-31-12-2024-id847475.html","url":"https:\/\/www.rri.ro\/fr\/actualites\/le-flash\/le-flash-31-12-2024-id847475.html","name":"31.12.2024 - Radio Roumanie Internationale","isPartOf":{"@id":"https:\/\/www.rri.ro\/#website"},"primaryImageOfPage":{"@id":"https:\/\/www.rri.ro\/fr\/actualites\/le-flash\/le-flash-31-12-2024-id847475.html#primaryimage"},"image":{"@id":"https:\/\/www.rri.ro\/fr\/actualites\/le-flash\/le-flash-31-12-2024-id847475.html#primaryimage"},"thumbnailUrl":"https:\/\/www.rri.ro\/wp-content\/uploads\/2024\/03\/RRI-960x540-Le-flash-2-NOU.jpg","datePublished":"2024-12-31T11:42:26+00:00","dateModified":"2025-01-04T11:32:23+00:00","author":{"@id":"https:\/\/www.rri.ro\/#\/schema\/person\/4a479940371b9fdefd194f561e8a7f88"},"breadcrumb":{"@id":"https:\/\/www.rri.ro\/fr\/actualites\/le-flash\/le-flash-31-12-2024-id847475.html#breadcrumb"},"inLanguage":"fr-FR","potentialAction":[{"@type":"ReadAction","target":["https:\/\/www.rri.ro\/fr\/actualites\/le-flash\/le-flash-31-12-2024-id847475.html"]}]},{"@type":"ImageObject","inLanguage":"fr-FR","@id":"https:\/\/www.rri.ro\/fr\/actualites\/le-flash\/le-flash-31-12-2024-id847475.html#primaryimage","url":"https:\/\/www.rri.ro\/wp-content\/uploads\/2024\/03\/RRI-960x540-Le-flash-2-NOU.jpg","contentUrl":"https:\/\/www.rri.ro\/wp-content\/uploads\/2024\/03\/RRI-960x540-Le-flash-2-NOU.jpg","width":960,"height":540},{"@type":"BreadcrumbList","@id":"https:\/\/www.rri.ro\/fr\/actualites\/le-flash\/le-flash-31-12-2024-id847475.html#breadcrumb","itemListElement":[{"@type":"ListItem","position":1,"name":"Page d'accueil","item":"https:\/\/www.rri.ro\/fr"},{"@type":"ListItem","position":2,"name":"Actualit\u00e9s","item":"https:\/\/www.rri.ro\/fr\/actualites"},{"@type":"ListItem","position":3,"name":"Le flash","item":"https:\/\/www.rri.ro\/fr\/actualites\/le-flash"},{"@type":"ListItem","position":4,"name":"31.12.2024"}]},{"@type":"WebSite","@id":"https:\/\/www.rri.ro\/#website","url":"https:\/\/www.rri.ro\/","name":"Radio Roumanie Internationale","description":"Totul despre Rom\u00e2nia \u015fi rom\u00e2ni, \u00een 13 limbi\/dialecte!","inLanguage":"fr-FR"},{"@type":"Person","@id":"https:\/\/www.rri.ro\/#\/schema\/person\/4a479940371b9fdefd194f561e8a7f88","name":"Newsroom","url":"https:\/\/www.rri.ro\/fr\/author\/newsroom"}]}},"_links":{"self":[{"href":"https:\/\/www.rri.ro\/fr\/wp-json\/wp\/v2\/posts\/847475","targetHints":{"allow":["GET"]}}],"collection":[{"href":"https:\/\/www.rri.ro\/fr\/wp-json\/wp\/v2\/posts"}],"about":[{"href":"https:\/\/www.rri.ro\/fr\/wp-json\/wp\/v2\/types\/post"}],"author":[{"embeddable":true,"href":"https:\/\/www.rri.ro\/fr\/wp-json\/wp\/v2\/users\/113"}],"replies":[{"embeddable":true,"href":"https:\/\/www.rri.ro\/fr\/wp-json\/wp\/v2\/comments?post=847475"}],"version-history":[{"count":0,"href":"https:\/\/www.rri.ro\/fr\/wp-json\/wp\/v2\/posts\/847475\/revisions"}],"wp:featuredmedia":[{"embeddable":true,"href":"https:\/\/www.rri.ro\/fr\/wp-json\/wp\/v2\/media\/723357"}],"wp:attachment":[{"href":"https:\/\/www.rri.ro\/fr\/wp-json\/wp\/v2\/media?parent=847475"}],"wp:term":[{"taxonomy":"category","embeddable":true,"href":"https:\/\/www.rri.ro\/fr\/wp-json\/wp\/v2\/categories?post=847475"},{"taxonomy":"post_tag","embeddable":true,"href":"https:\/\/www.rri.ro\/fr\/wp-json\/wp\/v2\/tags?post=847475"},{"taxonomy":"author","embeddable":true,"href":"https:\/\/www.rri.ro\/fr\/wp-json\/wp\/v2\/coauthors?post=847475"}],"curies":[{"name":"wp","href":"https:\/\/api.w.org\/{rel}","templated":true}]}}