{"id":849468,"date":"2025-01-09T19:20:38","date_gmt":"2025-01-09T17:20:38","guid":{"rendered":"https:\/\/www.rri.ro\/?p=849468"},"modified":"2025-01-09T19:20:38","modified_gmt":"2025-01-09T17:20:38","slug":"09-01-2025-mise-a-jour","status":"publish","type":"post","link":"https:\/\/www.rri.ro\/fr\/actualites\/le-flash\/09-01-2025-mise-a-jour-id849468.html","title":{"rendered":"09.01.2025 (mise \u00e0 jour)"},"content":{"rendered":"<p><strong>Politique \u2013<\/strong> Les partis membres de la coalition gouvernementale \u00e0 Bucarest &#8211; PSD, PNL, UDMR \u2013 et les repr\u00e9sentants des minorit\u00e9s nationales ont d\u00e9cid\u00e9 d\u2019organiser le premier tour des \u00e9lections pr\u00e9sidentielles le 4 mai et le deuxi\u00e8me tour le 18 mai. La coalition a \u00e9galement reconfirm\u00e9 le fait que l\u2019ex-pr\u00e9sident du PNL, Crin Antonescu \u00e9tait toujours son candidat dans la course pr\u00e9sidentielle. Entre temps, la Cour d\u2019appel de Bucarest a publi\u00e9 la motivation de sa d\u00e9cision de rejeter l\u2019action ouverte le 31 d\u00e9cembre contre le Bureau \u00e9lectoral central portant sur l\u2019annulation l\u2019ann\u00e9e derni\u00e8re par la Cour Constitutionnelle des \u00e9lections pr\u00e9sidentielles.<\/p>\n<p>&nbsp;<\/p>\n<p><strong>Visite<\/strong> \u2013 En visite en Roumanie, St\u00e9phane S\u00e9journ\u00e9, le vice-pr\u00e9sident ex\u00e9cutif de la Commission europ\u00e9enne, responsable \u00e0 la prosp\u00e9rit\u00e9 et \u00e0 la strat\u00e9gie industrielle, a visit\u00e9 ce jeudi une entreprise roumaine, fournisseur de batteries lithium-ion de derni\u00e8re g\u00e9n\u00e9ration pour une multitude de secteurs et d\u2019entreprises de toute l\u2019Europe. Le responsable europ\u00e9en a \u00e9voqu\u00e9 les d\u00e9fis auxquels se confronte le secteur des batteries, ainsi que la r\u00e9ponse de l\u2019Europe \u00e0 cet \u00e9gard. St\u00e9phane S\u00e9journ\u00e9 a achev\u00e9 sa mission en Roumanie par une visite \u00e0 l\u2019Institut national de recherche et de d\u00e9veloppement a\u00e9rospatial, principal centre de recherche dans le domaine des sciences a\u00e9rospatiales de Roumanie. Ce fut \u00e9galement une bonne occasion pour le vice-pr\u00e9sident ex\u00e9cutif de la Commission europ\u00e9enne d\u2019\u00e9voquer la concurrence d\u00e9loyale exerc\u00e9e par la Chine sur le march\u00e9 des drones et l\u2019utilisation de ces technologies dans des secteurs tant civiles que militaires. Par ailleurs, ce mercredi toujours, St\u00e9phane S\u00e9journ\u00e9 a rencontr\u00e9 le ministre de l\u2019\u00e9conomie, de la num\u00e9risation, de l\u2019entrepreneuriat et du tourisme, Bogdan-Gruia Ivan, ainsi que le premier ministre Marcel Ciolacu et le pr\u00e9sident du S\u00e9nat, Ilie Bolojan.<\/p>\n<p>&nbsp;<\/p>\n<p><strong>DiscoverEU<\/strong> \u00a0&#8211; La Commission europ\u00e9enne a annonc\u00e9 les laur\u00e9ats du programme DiscoverEU pour l&rsquo;ann\u00e9e 2024. 35 762 jeunes Europ\u00e9ens, dont des Roumains, ont \u00e9t\u00e9 d\u00e9clar\u00e9s laur\u00e9ats sur un total de 135 000 candidats. Parmi les prix distribu\u00e9s, la possibilit\u00e9 de voyager pendant un mois, principalement en train, entre mars 2025 et mai 2026. Chaque gagnant peut opter pour des destinations sp\u00e9cifiques en Europe ou s&rsquo;inspirer de l&rsquo;itin\u00e9raire DiscoverEU, qui relie diff\u00e9rentes destinations culturelles, prnicipalement des capitales europ\u00e9ennes de la culture, des sites de l&rsquo;UNESCO ou du patrimoine europ\u00e9en. Pr\u00e8s de 300 000 jeunes ont d\u00e9j\u00e0 b\u00e9n\u00e9fici\u00e9 de ce programme.<\/p>\n<p>&nbsp;<\/p>\n<p><strong>Ukraine &#8211; <\/strong>Le ministre am\u00e9ricain de la D\u00e9fense, Lloyd Austin, a annonc\u00e9 ce jeudi, lors de la r\u00e9union de Ramstein (Allemagne) des pays soutenant l&rsquo;Ukraine, une aide militaire suppl\u00e9mentaire pour Kiev d&rsquo;une valeur d&rsquo;environ 500 millions de dollars, probablement la derni\u00e8re offerte par l&rsquo;administration du pr\u00e9sident d\u00e9mocrate Joe Biden avant que le r\u00e9publicain Donald Trump ne prenne le relais le 20 janvier. Le ministre allemand de la D\u00e9fense, Boris Pistorius, a \u00e9galement annonc\u00e9 l&rsquo;octroi d&rsquo;une aide militaire suppl\u00e9mentaire \u00e0 l&rsquo;Ukraine. Il a laiss\u00e9 entendre que le format Ramstein pourrait \u00eatre revu si Donald Trump ne souhaite plus l&rsquo;implication des \u00c9tats-Unis. Il s&rsquo;agissait de la 25e r\u00e9union du groupe cr\u00e9\u00e9 pour coordonner les livraisons d&rsquo;armes \u00e0 l&rsquo;Ukraine, \u00e0 laquelle assistait \u00e9galement le secr\u00e9taire g\u00e9n\u00e9ral de l&rsquo;OTAN, Mark Rutte. Ce dernier a condamn\u00e9 la Russie pour la poursuite des attaques contre des civils innocents en Ukraine. Lors de la r\u00e9union de Ramstein, le chef de la diplomatie europ\u00e9enne, Kaja Kallas, a \u00e9galement d\u00e9clar\u00e9 que l&rsquo;UE \u00e9tait \u00ab pr\u00eate \u00e0 prendre le relais \u00bb du soutien militaire \u00e0 l&rsquo;Ukraine si Trump mettait fin \u00e0 l\u2019aide de son pays \u00e0 l&rsquo;Ukraine. On ne sait pas encore comment agira le prochain pr\u00e9sident am\u00e9ricain, qui a promis de s&rsquo;entretenir avec les pr\u00e9sidents russe et ukrainien, mais n&rsquo;a pas propos\u00e9 de solutions.<\/p>\n<p>&nbsp;<\/p>\n<p><strong>Accidents<\/strong> \u2013 L\u2019exc\u00e8s de vitesse constitue la deuxi\u00e8me cause la plus fr\u00e9quente d\u2019accidents graves apr\u00e8s les travers\u00e9es ill\u00e9gales des voies par les pi\u00e9tons. Les agents de la police ont commenc\u00e9 \u00e0 installer des radars fixes avec des cam\u00e9ras de vid\u00e9osurveillance sur des dizaines de routes du pays.\u00a0 De tels radars fonctionnent d\u00e9j\u00e0 sur les autoroutes A1 et A2, qui relient la Capitales aux villes de Pitesti et respectivement de Constanta et sur la Route nationale num\u00e9ro 2, qui traverse la Moldavie du Nord au Sud.<\/p>\n<p>&nbsp;<\/p>\n<p><strong>Exercice<\/strong> \u2013 Environ 15 000 militaires roumains et alli\u00e9s participeront durant les six premiers mois de l\u2019ann\u00e9e aux \u00e9v\u00e9nements multinationaux d\u2019instruction d\u00e9roul\u00e9s dans des terrains d\u2019entrainement et des facilit\u00e9s militaires de Roumanie dans le cadre des exercices Dacia 25 et Dacian Spring 25 a fait savoir ce mercredi le minist\u00e8re de la D\u00e9fense de Bucarest. L\u2019exercice Dacian Spring 25 est une premi\u00e8re par le fait que la France, la nation-cadre du Groupe de combat de l\u2019OTAN de Cincu, dans le sud d\u00e9ploiera environ 4 000 militaires et des moyens de combat. L\u2019exercice Dacia 25 constitue l\u2019\u00e9v\u00e9nement majeur d\u2019instruction au niveau op\u00e9ratif et tactique qui assure la cadre n\u00e9cessaire \u00e0 l\u2019int\u00e9gration des forces nationales et alli\u00e9s par la connexion avec d\u2019autres exercices multinationaux planifi\u00e9s par le Commandement supr\u00eame des Forces alli\u00e9es en Europe. Ces entrainements prouvent l\u2019unit\u00e9 et la solidarit\u00e9 des alli\u00e9s, ainsi que la capacit\u00e9 des structures de l\u2019OTAN et du partenaire strat\u00e9gique am\u00e9ricain d\u2019intervenir rapidement \u00e0 l\u2019appui de la Roumanie. Le but principal des exercices est la hausse de la capacit\u00e9 d\u00e9fensive et dissuasive, l\u2019am\u00e9lioration de la coordination et des temps de r\u00e9action ainsi que la consolidation de l\u2019interop\u00e9rabilit\u00e9 et de la mobilit\u00e9 militaire.<\/p>\n<p>&nbsp;<\/p>\n<p><strong>Protestations \u2013<\/strong> Les organisations syndicales de la d\u00e9fense, de l&rsquo;ordre public et de la s\u00e9curit\u00e9 nationale ont annonc\u00e9, mercredi soir, le lancement d&rsquo;actions communes de protestation. Le 17 janvier, les manifestants se rassembleront pr\u00e8s du Parlement, puis comptent partir en marche vers les minist\u00e8res des Finances, de la Justice, de l&rsquo;Int\u00e9rieur et vers le si\u00e8ge du gouvernement. Les demandes des syndicalistes concernent le paiement des suppl\u00e9ments de salaire pour le travail effectu\u00e9 par les policiers, les agents p\u00e9nitentiaires et les militaires, les samedis, dimanches et jours f\u00e9ri\u00e9s et l&rsquo;indexation des pensions militaires sur le taux annuel d\u2019inflation. Rappelons que l&rsquo;ex\u00e9cutif a adopt\u00e9, en fin d&rsquo;ann\u00e9e, une s\u00e9rie de mesures visant \u00e0 r\u00e9duire les d\u00e9penses budg\u00e9taires, contest\u00e9es par la plupart des salari\u00e9s de l&rsquo;Etat.<\/p>\n<p>&nbsp;<\/p>\n<p><strong>Tennis<\/strong> \u2013 La joueuse roumaine de tennis, Sorana C\u00eerstea affrontera l\u2019ukrainienne Elina Svitolina dans le premier round de l\u2019Open d\u2019Australie, le premier tournoi du Grand Chlem de l\u2019ann\u00e9e, qui d\u00e9butera lundi prochain, 12 janvier \u00e0 Melbourne. Irina Begu entr\u00e9e directement sur le tableau principal affrontera dans le premier tour sa compatriote Gabriela Ruse. Jaqueline Cristian, \u00e9galement entr\u00e9e directement sur le tableau principal affrontera dans le premier round la croate Petra Martic. Anca Todoni aura comme adversaire la chinoise Qinwen Zheng, 5<sup>e<\/sup> mondiale et finaliste \u00e0 Malbourne l\u2019ann\u00e9e derni\u00e8re.<\/p>\n<p>&nbsp;<\/p>\n<p><strong>M\u00e9t\u00e9o<\/strong> \u2013 En Roumanie il fait toujours trop chaud par rapport \u00e0 la normale de la p\u00e9riode. Les temp\u00e9ratures maximales iront de 8 \u00e0 18 degr\u00e9s. Ciel ouvert et des maximas allant jusqu\u2019\u00e0 16 degr\u00e9s \u00e0 midi \u00e0 Bucarest.<\/p>\n","protected":false},"excerpt":{"rendered":"<p>Politique \u2013 Les partis membres de la coalition gouvernementale \u00e0 Bucarest &#8211; PSD, PNL, UDMR \u2013 et les repr\u00e9sentants des minorit\u00e9s nationales ont d\u00e9cid\u00e9 d\u2019organiser le premier tour des \u00e9lections pr\u00e9sidentielles le 4 mai et le deuxi\u00e8me tour le 18 mai. La coalition a \u00e9galement reconfirm\u00e9 le fait que l\u2019ex-pr\u00e9sident du PNL, Crin Antonescu \u00e9tait [&hellip;]<\/p>\n","protected":false},"author":113,"featured_media":723357,"comment_status":"closed","ping_status":"closed","sticky":false,"template":"","format":"standard","meta":{"_acf_changed":false,"footnotes":""},"categories":[89002],"tags":[87061,89340,85718,89460,87096,85278,88296,85567,85944,85700,95075,85412,86838,86349],"coauthors":[116091],"class_list":["post-849468","post","type-post","status-publish","format-standard","has-post-thumbnail","hentry","category-le-flash","tag-commission-europeenne","tag-cour-constitutionnelle","tag-etats-unis","tag-exercice","tag-gouvernement","tag-guerre","tag-parlement","tag-politique","tag-presse-roumaine","tag-protestations","tag-revue-de-presse","tag-roumanie","tag-securite","tag-visite"],"acf":[],"yoast_head":"<!-- This site is optimized with the Yoast SEO plugin v27.3 - https:\/\/yoast.com\/product\/yoast-seo-wordpress\/ -->\n<title>09.01.2025 (mise \u00e0 jour) - Radio Roumanie Internationale<\/title>\n<meta name=\"robots\" content=\"index, follow, max-snippet:-1, max-image-preview:large, max-video-preview:-1\" \/>\n<link rel=\"canonical\" href=\"https:\/\/www.rri.ro\/fr\/actualites\/le-flash\/09-01-2025-mise-a-jour-id849468.html\" \/>\n<meta property=\"og:locale\" content=\"fr_FR\" \/>\n<meta property=\"og:type\" content=\"article\" \/>\n<meta property=\"og:title\" content=\"09.01.2025 (mise \u00e0 jour) - Radio Roumanie Internationale\" \/>\n<meta property=\"og:description\" content=\"Politique \u2013 Les partis membres de la coalition gouvernementale \u00e0 Bucarest &#8211; PSD, PNL, UDMR \u2013 et les repr\u00e9sentants des minorit\u00e9s nationales ont d\u00e9cid\u00e9 d\u2019organiser le premier tour des \u00e9lections pr\u00e9sidentielles le 4 mai et le deuxi\u00e8me tour le 18 mai. La coalition a \u00e9galement reconfirm\u00e9 le fait que l\u2019ex-pr\u00e9sident du PNL, Crin Antonescu \u00e9tait [&hellip;]\" \/>\n<meta property=\"og:url\" content=\"https:\/\/www.rri.ro\/fr\/actualites\/le-flash\/09-01-2025-mise-a-jour-id849468.html\" \/>\n<meta property=\"og:site_name\" content=\"Radio Roumanie Internationale\" \/>\n<meta property=\"article:published_time\" content=\"2025-01-09T17:20:38+00:00\" \/>\n<meta property=\"og:image\" content=\"https:\/\/www.rri.ro\/wp-content\/uploads\/2024\/03\/RRI-960x540-Le-flash-2-NOU.jpg\" \/>\n\t<meta property=\"og:image:width\" content=\"960\" \/>\n\t<meta property=\"og:image:height\" content=\"540\" \/>\n\t<meta property=\"og:image:type\" content=\"image\/jpeg\" \/>\n<meta name=\"author\" content=\"Newsroom\" \/>\n<meta name=\"twitter:card\" content=\"summary_large_image\" \/>\n<meta name=\"twitter:label1\" content=\"\u00c9crit par\" \/>\n\t<meta name=\"twitter:data1\" content=\"Newsroom\" \/>\n\t<meta name=\"twitter:label2\" content=\"Dur\u00e9e de lecture estim\u00e9e\" \/>\n\t<meta name=\"twitter:data2\" content=\"6 minutes\" \/>\n\t<meta name=\"twitter:label3\" content=\"Written by\" \/>\n\t<meta name=\"twitter:data3\" content=\"Newsroom\" \/>\n<script type=\"application\/ld+json\" class=\"yoast-schema-graph\">{\"@context\":\"https:\\\/\\\/schema.org\",\"@graph\":[{\"@type\":\"Article\",\"@id\":\"https:\\\/\\\/www.rri.ro\\\/fr\\\/actualites\\\/le-flash\\\/09-01-2025-mise-a-jour-id849468.html#article\",\"isPartOf\":{\"@id\":\"https:\\\/\\\/www.rri.ro\\\/fr\\\/actualites\\\/le-flash\\\/09-01-2025-mise-a-jour-id849468.html\"},\"author\":{\"name\":\"Newsroom\",\"@id\":\"https:\\\/\\\/www.rri.ro\\\/#\\\/schema\\\/person\\\/4a479940371b9fdefd194f561e8a7f88\"},\"headline\":\"09.01.2025 (mise \u00e0 jour)\",\"datePublished\":\"2025-01-09T17:20:38+00:00\",\"mainEntityOfPage\":{\"@id\":\"https:\\\/\\\/www.rri.ro\\\/fr\\\/actualites\\\/le-flash\\\/09-01-2025-mise-a-jour-id849468.html\"},\"wordCount\":1285,\"image\":{\"@id\":\"https:\\\/\\\/www.rri.ro\\\/fr\\\/actualites\\\/le-flash\\\/09-01-2025-mise-a-jour-id849468.html#primaryimage\"},\"thumbnailUrl\":\"https:\\\/\\\/www.rri.ro\\\/wp-content\\\/uploads\\\/2024\\\/03\\\/RRI-960x540-Le-flash-2-NOU.jpg\",\"keywords\":[\"Commission europ\u00e9enne\",\"Cour Constitutionnelle\",\"Etats-Unis\",\"exercice\",\"gouvernement\",\"guerre\",\"Parlement\",\"politique\",\"presse roumaine\",\"protestations\",\"revue de presse\",\"Roumanie\",\"s\u00e9curit\u00e9\",\"visite\"],\"articleSection\":[\"Le flash\"],\"inLanguage\":\"fr-FR\"},{\"@type\":\"WebPage\",\"@id\":\"https:\\\/\\\/www.rri.ro\\\/fr\\\/actualites\\\/le-flash\\\/09-01-2025-mise-a-jour-id849468.html\",\"url\":\"https:\\\/\\\/www.rri.ro\\\/fr\\\/actualites\\\/le-flash\\\/09-01-2025-mise-a-jour-id849468.html\",\"name\":\"09.01.2025 (mise \u00e0 jour) - Radio Roumanie Internationale\",\"isPartOf\":{\"@id\":\"https:\\\/\\\/www.rri.ro\\\/#website\"},\"primaryImageOfPage\":{\"@id\":\"https:\\\/\\\/www.rri.ro\\\/fr\\\/actualites\\\/le-flash\\\/09-01-2025-mise-a-jour-id849468.html#primaryimage\"},\"image\":{\"@id\":\"https:\\\/\\\/www.rri.ro\\\/fr\\\/actualites\\\/le-flash\\\/09-01-2025-mise-a-jour-id849468.html#primaryimage\"},\"thumbnailUrl\":\"https:\\\/\\\/www.rri.ro\\\/wp-content\\\/uploads\\\/2024\\\/03\\\/RRI-960x540-Le-flash-2-NOU.jpg\",\"datePublished\":\"2025-01-09T17:20:38+00:00\",\"author\":{\"@id\":\"https:\\\/\\\/www.rri.ro\\\/#\\\/schema\\\/person\\\/4a479940371b9fdefd194f561e8a7f88\"},\"breadcrumb\":{\"@id\":\"https:\\\/\\\/www.rri.ro\\\/fr\\\/actualites\\\/le-flash\\\/09-01-2025-mise-a-jour-id849468.html#breadcrumb\"},\"inLanguage\":\"fr-FR\",\"potentialAction\":[{\"@type\":\"ReadAction\",\"target\":[\"https:\\\/\\\/www.rri.ro\\\/fr\\\/actualites\\\/le-flash\\\/09-01-2025-mise-a-jour-id849468.html\"]}]},{\"@type\":\"ImageObject\",\"inLanguage\":\"fr-FR\",\"@id\":\"https:\\\/\\\/www.rri.ro\\\/fr\\\/actualites\\\/le-flash\\\/09-01-2025-mise-a-jour-id849468.html#primaryimage\",\"url\":\"https:\\\/\\\/www.rri.ro\\\/wp-content\\\/uploads\\\/2024\\\/03\\\/RRI-960x540-Le-flash-2-NOU.jpg\",\"contentUrl\":\"https:\\\/\\\/www.rri.ro\\\/wp-content\\\/uploads\\\/2024\\\/03\\\/RRI-960x540-Le-flash-2-NOU.jpg\",\"width\":960,\"height\":540},{\"@type\":\"BreadcrumbList\",\"@id\":\"https:\\\/\\\/www.rri.ro\\\/fr\\\/actualites\\\/le-flash\\\/09-01-2025-mise-a-jour-id849468.html#breadcrumb\",\"itemListElement\":[{\"@type\":\"ListItem\",\"position\":1,\"name\":\"Page d'accueil\",\"item\":\"https:\\\/\\\/www.rri.ro\\\/fr\"},{\"@type\":\"ListItem\",\"position\":2,\"name\":\"Actualit\u00e9s\",\"item\":\"https:\\\/\\\/www.rri.ro\\\/fr\\\/actualites\"},{\"@type\":\"ListItem\",\"position\":3,\"name\":\"Le flash\",\"item\":\"https:\\\/\\\/www.rri.ro\\\/fr\\\/actualites\\\/le-flash\"},{\"@type\":\"ListItem\",\"position\":4,\"name\":\"09.01.2025 (mise \u00e0 jour)\"}]},{\"@type\":\"WebSite\",\"@id\":\"https:\\\/\\\/www.rri.ro\\\/#website\",\"url\":\"https:\\\/\\\/www.rri.ro\\\/\",\"name\":\"Radio Roumanie Internationale\",\"description\":\"Totul despre Rom\u00e2nia \u015fi rom\u00e2ni, \u00een 13 limbi\\\/dialecte!\",\"inLanguage\":\"fr-FR\"},{\"@type\":\"Person\",\"@id\":\"https:\\\/\\\/www.rri.ro\\\/#\\\/schema\\\/person\\\/4a479940371b9fdefd194f561e8a7f88\",\"name\":\"Newsroom\",\"url\":\"https:\\\/\\\/www.rri.ro\\\/fr\\\/author\\\/newsroom\"}]}<\/script>\n<!-- \/ Yoast SEO plugin. -->","yoast_head_json":{"title":"09.01.2025 (mise \u00e0 jour) - Radio Roumanie Internationale","robots":{"index":"index","follow":"follow","max-snippet":"max-snippet:-1","max-image-preview":"max-image-preview:large","max-video-preview":"max-video-preview:-1"},"canonical":"https:\/\/www.rri.ro\/fr\/actualites\/le-flash\/09-01-2025-mise-a-jour-id849468.html","og_locale":"fr_FR","og_type":"article","og_title":"09.01.2025 (mise \u00e0 jour) - Radio Roumanie Internationale","og_description":"Politique \u2013 Les partis membres de la coalition gouvernementale \u00e0 Bucarest &#8211; PSD, PNL, UDMR \u2013 et les repr\u00e9sentants des minorit\u00e9s nationales ont d\u00e9cid\u00e9 d\u2019organiser le premier tour des \u00e9lections pr\u00e9sidentielles le 4 mai et le deuxi\u00e8me tour le 18 mai. La coalition a \u00e9galement reconfirm\u00e9 le fait que l\u2019ex-pr\u00e9sident du PNL, Crin Antonescu \u00e9tait [&hellip;]","og_url":"https:\/\/www.rri.ro\/fr\/actualites\/le-flash\/09-01-2025-mise-a-jour-id849468.html","og_site_name":"Radio Roumanie Internationale","article_published_time":"2025-01-09T17:20:38+00:00","og_image":[{"width":960,"height":540,"url":"https:\/\/www.rri.ro\/wp-content\/uploads\/2024\/03\/RRI-960x540-Le-flash-2-NOU.jpg","type":"image\/jpeg"}],"author":"Newsroom","twitter_card":"summary_large_image","twitter_misc":{"\u00c9crit par":"Newsroom","Dur\u00e9e de lecture estim\u00e9e":"6 minutes","Written by":"Newsroom"},"schema":{"@context":"https:\/\/schema.org","@graph":[{"@type":"Article","@id":"https:\/\/www.rri.ro\/fr\/actualites\/le-flash\/09-01-2025-mise-a-jour-id849468.html#article","isPartOf":{"@id":"https:\/\/www.rri.ro\/fr\/actualites\/le-flash\/09-01-2025-mise-a-jour-id849468.html"},"author":{"name":"Newsroom","@id":"https:\/\/www.rri.ro\/#\/schema\/person\/4a479940371b9fdefd194f561e8a7f88"},"headline":"09.01.2025 (mise \u00e0 jour)","datePublished":"2025-01-09T17:20:38+00:00","mainEntityOfPage":{"@id":"https:\/\/www.rri.ro\/fr\/actualites\/le-flash\/09-01-2025-mise-a-jour-id849468.html"},"wordCount":1285,"image":{"@id":"https:\/\/www.rri.ro\/fr\/actualites\/le-flash\/09-01-2025-mise-a-jour-id849468.html#primaryimage"},"thumbnailUrl":"https:\/\/www.rri.ro\/wp-content\/uploads\/2024\/03\/RRI-960x540-Le-flash-2-NOU.jpg","keywords":["Commission europ\u00e9enne","Cour Constitutionnelle","Etats-Unis","exercice","gouvernement","guerre","Parlement","politique","presse roumaine","protestations","revue de presse","Roumanie","s\u00e9curit\u00e9","visite"],"articleSection":["Le flash"],"inLanguage":"fr-FR"},{"@type":"WebPage","@id":"https:\/\/www.rri.ro\/fr\/actualites\/le-flash\/09-01-2025-mise-a-jour-id849468.html","url":"https:\/\/www.rri.ro\/fr\/actualites\/le-flash\/09-01-2025-mise-a-jour-id849468.html","name":"09.01.2025 (mise \u00e0 jour) - Radio Roumanie Internationale","isPartOf":{"@id":"https:\/\/www.rri.ro\/#website"},"primaryImageOfPage":{"@id":"https:\/\/www.rri.ro\/fr\/actualites\/le-flash\/09-01-2025-mise-a-jour-id849468.html#primaryimage"},"image":{"@id":"https:\/\/www.rri.ro\/fr\/actualites\/le-flash\/09-01-2025-mise-a-jour-id849468.html#primaryimage"},"thumbnailUrl":"https:\/\/www.rri.ro\/wp-content\/uploads\/2024\/03\/RRI-960x540-Le-flash-2-NOU.jpg","datePublished":"2025-01-09T17:20:38+00:00","author":{"@id":"https:\/\/www.rri.ro\/#\/schema\/person\/4a479940371b9fdefd194f561e8a7f88"},"breadcrumb":{"@id":"https:\/\/www.rri.ro\/fr\/actualites\/le-flash\/09-01-2025-mise-a-jour-id849468.html#breadcrumb"},"inLanguage":"fr-FR","potentialAction":[{"@type":"ReadAction","target":["https:\/\/www.rri.ro\/fr\/actualites\/le-flash\/09-01-2025-mise-a-jour-id849468.html"]}]},{"@type":"ImageObject","inLanguage":"fr-FR","@id":"https:\/\/www.rri.ro\/fr\/actualites\/le-flash\/09-01-2025-mise-a-jour-id849468.html#primaryimage","url":"https:\/\/www.rri.ro\/wp-content\/uploads\/2024\/03\/RRI-960x540-Le-flash-2-NOU.jpg","contentUrl":"https:\/\/www.rri.ro\/wp-content\/uploads\/2024\/03\/RRI-960x540-Le-flash-2-NOU.jpg","width":960,"height":540},{"@type":"BreadcrumbList","@id":"https:\/\/www.rri.ro\/fr\/actualites\/le-flash\/09-01-2025-mise-a-jour-id849468.html#breadcrumb","itemListElement":[{"@type":"ListItem","position":1,"name":"Page d'accueil","item":"https:\/\/www.rri.ro\/fr"},{"@type":"ListItem","position":2,"name":"Actualit\u00e9s","item":"https:\/\/www.rri.ro\/fr\/actualites"},{"@type":"ListItem","position":3,"name":"Le flash","item":"https:\/\/www.rri.ro\/fr\/actualites\/le-flash"},{"@type":"ListItem","position":4,"name":"09.01.2025 (mise \u00e0 jour)"}]},{"@type":"WebSite","@id":"https:\/\/www.rri.ro\/#website","url":"https:\/\/www.rri.ro\/","name":"Radio Roumanie Internationale","description":"Totul despre Rom\u00e2nia \u015fi rom\u00e2ni, \u00een 13 limbi\/dialecte!","inLanguage":"fr-FR"},{"@type":"Person","@id":"https:\/\/www.rri.ro\/#\/schema\/person\/4a479940371b9fdefd194f561e8a7f88","name":"Newsroom","url":"https:\/\/www.rri.ro\/fr\/author\/newsroom"}]}},"_links":{"self":[{"href":"https:\/\/www.rri.ro\/fr\/wp-json\/wp\/v2\/posts\/849468","targetHints":{"allow":["GET"]}}],"collection":[{"href":"https:\/\/www.rri.ro\/fr\/wp-json\/wp\/v2\/posts"}],"about":[{"href":"https:\/\/www.rri.ro\/fr\/wp-json\/wp\/v2\/types\/post"}],"author":[{"embeddable":true,"href":"https:\/\/www.rri.ro\/fr\/wp-json\/wp\/v2\/users\/113"}],"replies":[{"embeddable":true,"href":"https:\/\/www.rri.ro\/fr\/wp-json\/wp\/v2\/comments?post=849468"}],"version-history":[{"count":0,"href":"https:\/\/www.rri.ro\/fr\/wp-json\/wp\/v2\/posts\/849468\/revisions"}],"wp:featuredmedia":[{"embeddable":true,"href":"https:\/\/www.rri.ro\/fr\/wp-json\/wp\/v2\/media\/723357"}],"wp:attachment":[{"href":"https:\/\/www.rri.ro\/fr\/wp-json\/wp\/v2\/media?parent=849468"}],"wp:term":[{"taxonomy":"category","embeddable":true,"href":"https:\/\/www.rri.ro\/fr\/wp-json\/wp\/v2\/categories?post=849468"},{"taxonomy":"post_tag","embeddable":true,"href":"https:\/\/www.rri.ro\/fr\/wp-json\/wp\/v2\/tags?post=849468"},{"taxonomy":"author","embeddable":true,"href":"https:\/\/www.rri.ro\/fr\/wp-json\/wp\/v2\/coauthors?post=849468"}],"curies":[{"name":"wp","href":"https:\/\/api.w.org\/{rel}","templated":true}]}}