{"id":849685,"date":"2025-01-10T12:23:12","date_gmt":"2025-01-10T10:23:12","guid":{"rendered":"https:\/\/www.rri.ro\/?p=849685"},"modified":"2025-01-10T12:23:12","modified_gmt":"2025-01-10T10:23:12","slug":"il-faut-reduire-le-deficit-budgetaire","status":"publish","type":"post","link":"https:\/\/www.rri.ro\/fr\/actualites\/les-dossiers-de-lactualite\/il-faut-reduire-le-deficit-budgetaire-id849685.html","title":{"rendered":"Il faut r\u00e9duire le d\u00e9ficit budg\u00e9taire"},"content":{"rendered":"<p>La Roumanie termine l&rsquo;ann\u00e9e 2024 avec un d\u00e9ficit de 8,6 %, selon les donn\u00e9es du minist\u00e8re des Finances. Les experts soulignent que ce chiffre est \u00e9norme et qu\u2019il figure parmi les plus \u00e9lev\u00e9s de l\u2019UE. La croissance \u00e9conomique n&rsquo;est pas robuste, car elle est la cons\u00e9quence de grands d\u00e9s\u00e9quilibres, \u00e0 la fois internes et externes. Dans ce contexte le gouvernement doit faire des efforts pour maintenir les d\u00e9penses sous un contr\u00f4le strict.<\/p>\n<p>Le d\u00e9ficit doit diminuer cette ann\u00e9e, ce qui repr\u00e9sente un v\u00e9ritable d\u00e9fi, affirme le ministre roumain des Finances T\u00e1nczos Barna. Et lui de d\u00e9clarer que l&rsquo;objectif pour 2025 serait la sobri\u00e9t\u00e9 dans la gestion de l&rsquo;argent public, \u00e9tant donn\u00e9 que 2024 a \u00e9t\u00e9 une ann\u00e9e difficile pour la Roumanie, \u00e0 tous points de vue.<\/p>\n<p>T\u00e1nczos Barna\u00a0: \u00ab\u00a0<em>Ce fut une ann\u00e9e \u00e9lectorale avec de nombreux scrutins, une ann\u00e9e o\u00f9 les pensions de retraite ont \u00e9t\u00e9 recalcul\u00e9es, les salaires augment\u00e9s dans plusieurs domaines et les investissements ont \u00e9t\u00e9 soutenus avec des montants sans pr\u00e9c\u00e9dent. Je pense que c\u2019est l\u2019\u00e9l\u00e9ment le plus important du budget 2024, m\u00eame si l\u2019ann\u00e9e s\u2019ach\u00e8ve sur un d\u00e9ficit de 8,6 %. 2025 aura un d\u00e9ficit de 7 %. En effet, c&rsquo;est un d\u00e9fi de maintenir les montants allou\u00e9s aux investissements, et en m\u00eame temps de payer les salaires et les pensions de retraites au niveau fix\u00e9 en novembre 2024. Nous devons soutenir le syst\u00e8me d\u2019\u00e9ducation, le syst\u00e8me de sant\u00e9, toutes les institutions publiques, pour combler ce d\u00e9ficit, mais en m\u00eame temps, ce doit aussi \u00eatre l&rsquo;ann\u00e9e o\u00f9 nous commen\u00e7ons \u00e0 cr\u00e9er cet Etat \u00e9quilibr\u00e9, qui ne collecte pas d&rsquo;imp\u00f4ts pour s\u2019engraisser et embaucher encore plus personnes et fournir les m\u00eames services avec un plus grand nombre d\u2019employ\u00e9s, \u00e0 des co\u00fbts tr\u00e8s \u00e9lev\u00e9s.<\/em>\u00a0\u00bb<\/p>\n<p>&nbsp;<\/p>\n<h3><strong>Des r\u00e9ductions des d\u00e9penses budg\u00e9taires<\/strong><\/h3>\n<p>T\u00e1nczos Barna a rappel\u00e9 qu&rsquo;en 2024, la Roumanie avait conclu un engagement de 7 ans avec la Commission europ\u00e9enne et qu&rsquo;\u00e0 la fin de cette p\u00e9riode, elle devrait atteindre un d\u00e9ficit de 3 %. Il a \u00e9galement d\u00e9clar\u00e9 que, lors de l&rsquo;\u00e9laboration du budget de l&rsquo;Etat pour 2025, les autorit\u00e9s n&rsquo;envisageaient pas d&rsquo;augmenter la TVA ni de modifier l&rsquo;imp\u00f4t sur les salaires. Le ministre a mentionn\u00e9 que le projet de budget serait pr\u00e9sent\u00e9 \u00e0 la coalition gouvernementale d&rsquo;ici le 27 janvier, pour \u00eatre adopt\u00e9 par le Parlement au cours de la premi\u00e8re semaine de f\u00e9vrier.<\/p>\n<p>Rappelons que le gouvernement dirig\u00e9 par le social-d\u00e9mocrate Marcel Ciolacu a r\u00e9cemment approuv\u00e9 une ordonnance d&rsquo;urgence concernant certaines mesures fiscales et budg\u00e9taires dans le domaine des d\u00e9penses publiques, pour \u00e9quilibrer le budget g\u00e9n\u00e9ral pour 2025. Les mesures ont suscit\u00e9 le m\u00e9contentement du secteur priv\u00e9, qui se plaint de l\u2019impr\u00e9visibilit\u00e9 l\u00e9gislative et des changements des lois fiscales du jour au lendemain. De leur c\u00f4t\u00e9, les syndicats pr\u00e9viennent que des manifestations suivront dans la p\u00e9riode \u00e0 venir et ont demand\u00e9 \u00e0 l&rsquo;Avocat du Peuple de contester devant la Cour Constitutionnelle l&rsquo;article qui pr\u00e9voit le gel de l&rsquo;indexation des pensions de retraite. Entrant en vigueur le 1er janvier, l&rsquo;ordonnance pr\u00e9voit \u00e9galement le gel des salaires, la suppression de certains avantages fiscaux et la restriction de certains autres avantages.<\/p>\n","protected":false},"excerpt":{"rendered":"<p>La Roumanie termine l&rsquo;ann\u00e9e 2024 avec un d\u00e9ficit de 8,6 %, selon les donn\u00e9es du minist\u00e8re des Finances. Les experts soulignent que ce chiffre est \u00e9norme et qu\u2019il figure parmi les plus \u00e9lev\u00e9s de l\u2019UE. La croissance \u00e9conomique n&rsquo;est pas robuste, car elle est la cons\u00e9quence de grands d\u00e9s\u00e9quilibres, \u00e0 la fois internes et externes. [&hellip;]<\/p>\n","protected":false},"author":106,"featured_media":849556,"comment_status":"closed","ping_status":"closed","sticky":false,"template":"","format":"standard","meta":{"_acf_changed":false,"footnotes":""},"categories":[93377],"tags":[148511,148510,144283,86218,85940,87096,88121,116088,85567,85700,95075,85412,87243],"coauthors":[113311],"class_list":["post-849685","post","type-post","status-publish","format-standard","has-post-thumbnail","hentry","category-les-dossiers-de-lactualite","tag-budget-fr","tag-deficit-fr","tag-economie-fr","tag-fonds","tag-fonds-europeens","tag-gouvernement","tag-investissements","tag-pib-fr","tag-politique","tag-protestations","tag-revue-de-presse","tag-roumanie","tag-salaires"],"acf":[],"yoast_head":"<!-- This site is optimized with the Yoast SEO plugin v27.3 - https:\/\/yoast.com\/product\/yoast-seo-wordpress\/ -->\n<title>Il faut r\u00e9duire le d\u00e9ficit budg\u00e9taire - Radio Roumanie Internationale<\/title>\n<meta name=\"robots\" content=\"index, follow, max-snippet:-1, max-image-preview:large, max-video-preview:-1\" \/>\n<link rel=\"canonical\" href=\"https:\/\/www.rri.ro\/fr\/actualites\/les-dossiers-de-lactualite\/il-faut-reduire-le-deficit-budgetaire-id849685.html\" \/>\n<meta property=\"og:locale\" content=\"fr_FR\" \/>\n<meta property=\"og:type\" content=\"article\" \/>\n<meta property=\"og:title\" content=\"Il faut r\u00e9duire le d\u00e9ficit budg\u00e9taire - Radio Roumanie Internationale\" \/>\n<meta property=\"og:description\" content=\"La Roumanie termine l&rsquo;ann\u00e9e 2024 avec un d\u00e9ficit de 8,6 %, selon les donn\u00e9es du minist\u00e8re des Finances. Les experts soulignent que ce chiffre est \u00e9norme et qu\u2019il figure parmi les plus \u00e9lev\u00e9s de l\u2019UE. La croissance \u00e9conomique n&rsquo;est pas robuste, car elle est la cons\u00e9quence de grands d\u00e9s\u00e9quilibres, \u00e0 la fois internes et externes. [&hellip;]\" \/>\n<meta property=\"og:url\" content=\"https:\/\/www.rri.ro\/fr\/actualites\/les-dossiers-de-lactualite\/il-faut-reduire-le-deficit-budgetaire-id849685.html\" \/>\n<meta property=\"og:site_name\" content=\"Radio Roumanie Internationale\" \/>\n<meta property=\"article:published_time\" content=\"2025-01-10T10:23:12+00:00\" \/>\n<meta property=\"og:image\" content=\"https:\/\/www.rri.ro\/wp-content\/uploads\/2025\/01\/Tanczos-Barna-la-guvern-foto-gov.jpg\" \/>\n\t<meta property=\"og:image:width\" content=\"1200\" \/>\n\t<meta property=\"og:image:height\" content=\"800\" \/>\n\t<meta property=\"og:image:type\" content=\"image\/jpeg\" \/>\n<meta name=\"author\" content=\"Mihai Pelin\" \/>\n<meta name=\"twitter:card\" content=\"summary_large_image\" \/>\n<meta name=\"twitter:label1\" content=\"\u00c9crit par\" \/>\n\t<meta name=\"twitter:data1\" content=\"Mihai Pelin\" \/>\n\t<meta name=\"twitter:label2\" content=\"Dur\u00e9e de lecture estim\u00e9e\" \/>\n\t<meta name=\"twitter:data2\" content=\"3 minutes\" \/>\n\t<meta name=\"twitter:label3\" content=\"Written by\" \/>\n\t<meta name=\"twitter:data3\" content=\"Mihai Pelin\" \/>\n<script type=\"application\/ld+json\" class=\"yoast-schema-graph\">{\"@context\":\"https:\\\/\\\/schema.org\",\"@graph\":[{\"@type\":\"Article\",\"@id\":\"https:\\\/\\\/www.rri.ro\\\/fr\\\/actualites\\\/les-dossiers-de-lactualite\\\/il-faut-reduire-le-deficit-budgetaire-id849685.html#article\",\"isPartOf\":{\"@id\":\"https:\\\/\\\/www.rri.ro\\\/fr\\\/actualites\\\/les-dossiers-de-lactualite\\\/il-faut-reduire-le-deficit-budgetaire-id849685.html\"},\"author\":{\"name\":\"Mihai Pelin\",\"@id\":\"https:\\\/\\\/www.rri.ro\\\/#\\\/schema\\\/person\\\/c6036c822534c855dc3aad41a484f05d\"},\"headline\":\"Il faut r\u00e9duire le d\u00e9ficit budg\u00e9taire\",\"datePublished\":\"2025-01-10T10:23:12+00:00\",\"mainEntityOfPage\":{\"@id\":\"https:\\\/\\\/www.rri.ro\\\/fr\\\/actualites\\\/les-dossiers-de-lactualite\\\/il-faut-reduire-le-deficit-budgetaire-id849685.html\"},\"wordCount\":599,\"image\":{\"@id\":\"https:\\\/\\\/www.rri.ro\\\/fr\\\/actualites\\\/les-dossiers-de-lactualite\\\/il-faut-reduire-le-deficit-budgetaire-id849685.html#primaryimage\"},\"thumbnailUrl\":\"https:\\\/\\\/www.rri.ro\\\/wp-content\\\/uploads\\\/2025\\\/01\\\/Tanczos-Barna-la-guvern-foto-gov.jpg\",\"keywords\":[\"budget\",\"deficit\",\"economie\",\"fonds\",\"fonds europ\u00e9ens\",\"gouvernement\",\"investissements\",\"PIB\",\"politique\",\"protestations\",\"revue de presse\",\"Roumanie\",\"salaires\"],\"articleSection\":[\"Les dossiers de l'actualit\u00e9\"],\"inLanguage\":\"fr-FR\"},{\"@type\":\"WebPage\",\"@id\":\"https:\\\/\\\/www.rri.ro\\\/fr\\\/actualites\\\/les-dossiers-de-lactualite\\\/il-faut-reduire-le-deficit-budgetaire-id849685.html\",\"url\":\"https:\\\/\\\/www.rri.ro\\\/fr\\\/actualites\\\/les-dossiers-de-lactualite\\\/il-faut-reduire-le-deficit-budgetaire-id849685.html\",\"name\":\"Il faut r\u00e9duire le d\u00e9ficit budg\u00e9taire - Radio Roumanie Internationale\",\"isPartOf\":{\"@id\":\"https:\\\/\\\/www.rri.ro\\\/#website\"},\"primaryImageOfPage\":{\"@id\":\"https:\\\/\\\/www.rri.ro\\\/fr\\\/actualites\\\/les-dossiers-de-lactualite\\\/il-faut-reduire-le-deficit-budgetaire-id849685.html#primaryimage\"},\"image\":{\"@id\":\"https:\\\/\\\/www.rri.ro\\\/fr\\\/actualites\\\/les-dossiers-de-lactualite\\\/il-faut-reduire-le-deficit-budgetaire-id849685.html#primaryimage\"},\"thumbnailUrl\":\"https:\\\/\\\/www.rri.ro\\\/wp-content\\\/uploads\\\/2025\\\/01\\\/Tanczos-Barna-la-guvern-foto-gov.jpg\",\"datePublished\":\"2025-01-10T10:23:12+00:00\",\"author\":{\"@id\":\"https:\\\/\\\/www.rri.ro\\\/#\\\/schema\\\/person\\\/c6036c822534c855dc3aad41a484f05d\"},\"breadcrumb\":{\"@id\":\"https:\\\/\\\/www.rri.ro\\\/fr\\\/actualites\\\/les-dossiers-de-lactualite\\\/il-faut-reduire-le-deficit-budgetaire-id849685.html#breadcrumb\"},\"inLanguage\":\"fr-FR\",\"potentialAction\":[{\"@type\":\"ReadAction\",\"target\":[\"https:\\\/\\\/www.rri.ro\\\/fr\\\/actualites\\\/les-dossiers-de-lactualite\\\/il-faut-reduire-le-deficit-budgetaire-id849685.html\"]}]},{\"@type\":\"ImageObject\",\"inLanguage\":\"fr-FR\",\"@id\":\"https:\\\/\\\/www.rri.ro\\\/fr\\\/actualites\\\/les-dossiers-de-lactualite\\\/il-faut-reduire-le-deficit-budgetaire-id849685.html#primaryimage\",\"url\":\"https:\\\/\\\/www.rri.ro\\\/wp-content\\\/uploads\\\/2025\\\/01\\\/Tanczos-Barna-la-guvern-foto-gov.jpg\",\"contentUrl\":\"https:\\\/\\\/www.rri.ro\\\/wp-content\\\/uploads\\\/2025\\\/01\\\/Tanczos-Barna-la-guvern-foto-gov.jpg\",\"width\":1200,\"height\":800,\"caption\":\"T\u00e1nczos Barna\"},{\"@type\":\"BreadcrumbList\",\"@id\":\"https:\\\/\\\/www.rri.ro\\\/fr\\\/actualites\\\/les-dossiers-de-lactualite\\\/il-faut-reduire-le-deficit-budgetaire-id849685.html#breadcrumb\",\"itemListElement\":[{\"@type\":\"ListItem\",\"position\":1,\"name\":\"Page d'accueil\",\"item\":\"https:\\\/\\\/www.rri.ro\\\/fr\"},{\"@type\":\"ListItem\",\"position\":2,\"name\":\"Actualit\u00e9s\",\"item\":\"https:\\\/\\\/www.rri.ro\\\/fr\\\/actualites\"},{\"@type\":\"ListItem\",\"position\":3,\"name\":\"Les dossiers de l'actualit\u00e9\",\"item\":\"https:\\\/\\\/www.rri.ro\\\/fr\\\/actualites\\\/les-dossiers-de-lactualite\"},{\"@type\":\"ListItem\",\"position\":4,\"name\":\"Il faut r\u00e9duire le d\u00e9ficit budg\u00e9taire\"}]},{\"@type\":\"WebSite\",\"@id\":\"https:\\\/\\\/www.rri.ro\\\/#website\",\"url\":\"https:\\\/\\\/www.rri.ro\\\/\",\"name\":\"Radio Roumanie Internationale\",\"description\":\"Totul despre Rom\u00e2nia \u015fi rom\u00e2ni, \u00een 13 limbi\\\/dialecte!\",\"inLanguage\":\"fr-FR\"},{\"@type\":\"Person\",\"@id\":\"https:\\\/\\\/www.rri.ro\\\/#\\\/schema\\\/person\\\/c6036c822534c855dc3aad41a484f05d\",\"name\":\"Mihai Pelin\",\"url\":\"https:\\\/\\\/www.rri.ro\\\/fr\\\/author\\\/mihai-pelin\"}]}<\/script>\n<!-- \/ Yoast SEO plugin. -->","yoast_head_json":{"title":"Il faut r\u00e9duire le d\u00e9ficit budg\u00e9taire - Radio Roumanie Internationale","robots":{"index":"index","follow":"follow","max-snippet":"max-snippet:-1","max-image-preview":"max-image-preview:large","max-video-preview":"max-video-preview:-1"},"canonical":"https:\/\/www.rri.ro\/fr\/actualites\/les-dossiers-de-lactualite\/il-faut-reduire-le-deficit-budgetaire-id849685.html","og_locale":"fr_FR","og_type":"article","og_title":"Il faut r\u00e9duire le d\u00e9ficit budg\u00e9taire - Radio Roumanie Internationale","og_description":"La Roumanie termine l&rsquo;ann\u00e9e 2024 avec un d\u00e9ficit de 8,6 %, selon les donn\u00e9es du minist\u00e8re des Finances. Les experts soulignent que ce chiffre est \u00e9norme et qu\u2019il figure parmi les plus \u00e9lev\u00e9s de l\u2019UE. La croissance \u00e9conomique n&rsquo;est pas robuste, car elle est la cons\u00e9quence de grands d\u00e9s\u00e9quilibres, \u00e0 la fois internes et externes. [&hellip;]","og_url":"https:\/\/www.rri.ro\/fr\/actualites\/les-dossiers-de-lactualite\/il-faut-reduire-le-deficit-budgetaire-id849685.html","og_site_name":"Radio Roumanie Internationale","article_published_time":"2025-01-10T10:23:12+00:00","og_image":[{"width":1200,"height":800,"url":"https:\/\/www.rri.ro\/wp-content\/uploads\/2025\/01\/Tanczos-Barna-la-guvern-foto-gov.jpg","type":"image\/jpeg"}],"author":"Mihai Pelin","twitter_card":"summary_large_image","twitter_misc":{"\u00c9crit par":"Mihai Pelin","Dur\u00e9e de lecture estim\u00e9e":"3 minutes","Written by":"Mihai Pelin"},"schema":{"@context":"https:\/\/schema.org","@graph":[{"@type":"Article","@id":"https:\/\/www.rri.ro\/fr\/actualites\/les-dossiers-de-lactualite\/il-faut-reduire-le-deficit-budgetaire-id849685.html#article","isPartOf":{"@id":"https:\/\/www.rri.ro\/fr\/actualites\/les-dossiers-de-lactualite\/il-faut-reduire-le-deficit-budgetaire-id849685.html"},"author":{"name":"Mihai Pelin","@id":"https:\/\/www.rri.ro\/#\/schema\/person\/c6036c822534c855dc3aad41a484f05d"},"headline":"Il faut r\u00e9duire le d\u00e9ficit budg\u00e9taire","datePublished":"2025-01-10T10:23:12+00:00","mainEntityOfPage":{"@id":"https:\/\/www.rri.ro\/fr\/actualites\/les-dossiers-de-lactualite\/il-faut-reduire-le-deficit-budgetaire-id849685.html"},"wordCount":599,"image":{"@id":"https:\/\/www.rri.ro\/fr\/actualites\/les-dossiers-de-lactualite\/il-faut-reduire-le-deficit-budgetaire-id849685.html#primaryimage"},"thumbnailUrl":"https:\/\/www.rri.ro\/wp-content\/uploads\/2025\/01\/Tanczos-Barna-la-guvern-foto-gov.jpg","keywords":["budget","deficit","economie","fonds","fonds europ\u00e9ens","gouvernement","investissements","PIB","politique","protestations","revue de presse","Roumanie","salaires"],"articleSection":["Les dossiers de l'actualit\u00e9"],"inLanguage":"fr-FR"},{"@type":"WebPage","@id":"https:\/\/www.rri.ro\/fr\/actualites\/les-dossiers-de-lactualite\/il-faut-reduire-le-deficit-budgetaire-id849685.html","url":"https:\/\/www.rri.ro\/fr\/actualites\/les-dossiers-de-lactualite\/il-faut-reduire-le-deficit-budgetaire-id849685.html","name":"Il faut r\u00e9duire le d\u00e9ficit budg\u00e9taire - Radio Roumanie Internationale","isPartOf":{"@id":"https:\/\/www.rri.ro\/#website"},"primaryImageOfPage":{"@id":"https:\/\/www.rri.ro\/fr\/actualites\/les-dossiers-de-lactualite\/il-faut-reduire-le-deficit-budgetaire-id849685.html#primaryimage"},"image":{"@id":"https:\/\/www.rri.ro\/fr\/actualites\/les-dossiers-de-lactualite\/il-faut-reduire-le-deficit-budgetaire-id849685.html#primaryimage"},"thumbnailUrl":"https:\/\/www.rri.ro\/wp-content\/uploads\/2025\/01\/Tanczos-Barna-la-guvern-foto-gov.jpg","datePublished":"2025-01-10T10:23:12+00:00","author":{"@id":"https:\/\/www.rri.ro\/#\/schema\/person\/c6036c822534c855dc3aad41a484f05d"},"breadcrumb":{"@id":"https:\/\/www.rri.ro\/fr\/actualites\/les-dossiers-de-lactualite\/il-faut-reduire-le-deficit-budgetaire-id849685.html#breadcrumb"},"inLanguage":"fr-FR","potentialAction":[{"@type":"ReadAction","target":["https:\/\/www.rri.ro\/fr\/actualites\/les-dossiers-de-lactualite\/il-faut-reduire-le-deficit-budgetaire-id849685.html"]}]},{"@type":"ImageObject","inLanguage":"fr-FR","@id":"https:\/\/www.rri.ro\/fr\/actualites\/les-dossiers-de-lactualite\/il-faut-reduire-le-deficit-budgetaire-id849685.html#primaryimage","url":"https:\/\/www.rri.ro\/wp-content\/uploads\/2025\/01\/Tanczos-Barna-la-guvern-foto-gov.jpg","contentUrl":"https:\/\/www.rri.ro\/wp-content\/uploads\/2025\/01\/Tanczos-Barna-la-guvern-foto-gov.jpg","width":1200,"height":800,"caption":"T\u00e1nczos Barna"},{"@type":"BreadcrumbList","@id":"https:\/\/www.rri.ro\/fr\/actualites\/les-dossiers-de-lactualite\/il-faut-reduire-le-deficit-budgetaire-id849685.html#breadcrumb","itemListElement":[{"@type":"ListItem","position":1,"name":"Page d'accueil","item":"https:\/\/www.rri.ro\/fr"},{"@type":"ListItem","position":2,"name":"Actualit\u00e9s","item":"https:\/\/www.rri.ro\/fr\/actualites"},{"@type":"ListItem","position":3,"name":"Les dossiers de l'actualit\u00e9","item":"https:\/\/www.rri.ro\/fr\/actualites\/les-dossiers-de-lactualite"},{"@type":"ListItem","position":4,"name":"Il faut r\u00e9duire le d\u00e9ficit budg\u00e9taire"}]},{"@type":"WebSite","@id":"https:\/\/www.rri.ro\/#website","url":"https:\/\/www.rri.ro\/","name":"Radio Roumanie Internationale","description":"Totul despre Rom\u00e2nia \u015fi rom\u00e2ni, \u00een 13 limbi\/dialecte!","inLanguage":"fr-FR"},{"@type":"Person","@id":"https:\/\/www.rri.ro\/#\/schema\/person\/c6036c822534c855dc3aad41a484f05d","name":"Mihai Pelin","url":"https:\/\/www.rri.ro\/fr\/author\/mihai-pelin"}]}},"_links":{"self":[{"href":"https:\/\/www.rri.ro\/fr\/wp-json\/wp\/v2\/posts\/849685","targetHints":{"allow":["GET"]}}],"collection":[{"href":"https:\/\/www.rri.ro\/fr\/wp-json\/wp\/v2\/posts"}],"about":[{"href":"https:\/\/www.rri.ro\/fr\/wp-json\/wp\/v2\/types\/post"}],"author":[{"embeddable":true,"href":"https:\/\/www.rri.ro\/fr\/wp-json\/wp\/v2\/users\/106"}],"replies":[{"embeddable":true,"href":"https:\/\/www.rri.ro\/fr\/wp-json\/wp\/v2\/comments?post=849685"}],"version-history":[{"count":0,"href":"https:\/\/www.rri.ro\/fr\/wp-json\/wp\/v2\/posts\/849685\/revisions"}],"wp:featuredmedia":[{"embeddable":true,"href":"https:\/\/www.rri.ro\/fr\/wp-json\/wp\/v2\/media\/849556"}],"wp:attachment":[{"href":"https:\/\/www.rri.ro\/fr\/wp-json\/wp\/v2\/media?parent=849685"}],"wp:term":[{"taxonomy":"category","embeddable":true,"href":"https:\/\/www.rri.ro\/fr\/wp-json\/wp\/v2\/categories?post=849685"},{"taxonomy":"post_tag","embeddable":true,"href":"https:\/\/www.rri.ro\/fr\/wp-json\/wp\/v2\/tags?post=849685"},{"taxonomy":"author","embeddable":true,"href":"https:\/\/www.rri.ro\/fr\/wp-json\/wp\/v2\/coauthors?post=849685"}],"curies":[{"name":"wp","href":"https:\/\/api.w.org\/{rel}","templated":true}]}}