{"id":850566,"date":"2025-01-14T12:33:50","date_gmt":"2025-01-14T10:33:50","guid":{"rendered":"https:\/\/www.rri.ro\/?p=850566"},"modified":"2025-01-14T12:33:50","modified_gmt":"2025-01-14T10:33:50","slug":"14-01-2025","status":"publish","type":"post","link":"https:\/\/www.rri.ro\/fr\/actualites\/le-flash\/14-01-2025-id850566.html","title":{"rendered":"14.01.2025"},"content":{"rendered":"<p><strong>Transport<\/strong>\u00a0 &#8211; Le Premier ministre roumain, Marcel Ciolacu, rencontre ce mardi James O&rsquo;Brien, secr\u00e9taire d&rsquo;\u00c9tat adjoint am\u00e9ricain pour l&rsquo;Europe et l&rsquo;Eurasie. Lundi, le fonctionnaire am\u00e9ricain \u00e9tait en visite \u00e0 Chisinau, o\u00f9 il a d\u00e9clar\u00e9 que le d\u00e9veloppement des infrastructures de transport en Roumanie, en R\u00e9publique de Moldova et en Ukraine cr\u00e9era une nouvelle opportunit\u00e9 pour le d\u00e9veloppement \u00e9conomique des trois pays. James O&rsquo;Brien a \u00e9galement particip\u00e9 \u00e0 la r\u00e9union minist\u00e9rielle QUINT et a d\u00e9clar\u00e9 que les attaques de la Russie contre l&rsquo;Ukraine visaient \u00e0 \u00ab d\u00e9vaster l&rsquo;\u00e9conomie de la r\u00e9gion \u00bb. Le vice-premier ministre et ministre des infrastructures et du d\u00e9veloppement r\u00e9gional de R\u00e9publique de Moldova, Vladimir Bolea, le ministre des transports et des infrastructures de Roumanie, Sorin Grindeanu, le vice-ministre du d\u00e9veloppement des communaut\u00e9s, des territoires et des infrastructures d&rsquo;Ukraine, Serhiy Derkach, et la directrice g\u00e9n\u00e9rale de la mobilit\u00e9 et des transports de l&rsquo;UE, Magda Kopczynska, ont \u00e9galement assist\u00e9 \u00e0 l&rsquo;\u00e9v\u00e9nement \u00e0 Chisinau.<\/p>\n<p><strong>\u00a0<\/strong><\/p>\n<p><strong>Journ\u00e9e nationale de la culture<\/strong> &#8211; Les travailleurs du secteur de la culture en Roumanie pr\u00e9voient des manifestations mercredi 15 janvier, Journ\u00e9e nationale de la culture. Ils r\u00e9clament le paiement des heures suppl\u00e9mentaires et une prime pour les heures suppl\u00e9mentaires effectu\u00e9es le week-end, l&rsquo;\u00e9galit\u00e9 de r\u00e9mun\u00e9ration pour tous les employ\u00e9s du secteur et le d\u00e9gel des recrutements pour les postes vacants. La Journ\u00e9e nationale de la culture sera c\u00e9l\u00e9br\u00e9e en Roumanie, en R\u00e9publique de Moldova voisine, ainsi que dans la diaspora, pour comm\u00e9morer le 175e anniversaire de la naissance de Mihai Eminescu, consid\u00e9r\u00e9 comme le plus grand po\u00e8te roumain.<\/p>\n<p>&nbsp;<\/p>\n<p><strong>D\u00e9fense<\/strong> &#8211; L&rsquo;Europe ne peut pas se permettre de se dissocier des Etats-Unis en mati\u00e8re de d\u00e9fense, a d\u00e9clar\u00e9 le Secr\u00e9taire g\u00e9n\u00e9ral de l&rsquo;OTAN, Mark Rutte, aux d\u00e9put\u00e9s europ\u00e9ens ce lundi. Il a expliqu\u00e9 que sans les Etats-Unis, les Europ\u00e9ens devraient quadrupler leurs d\u00e9penses en mati\u00e8re de d\u00e9fense et que la s\u00e9curit\u00e9 militaire ne serait atteinte que dans 10 \u00e0 15 ans. Le responsable de l&rsquo;OTAN a au contraire exhort\u00e9 les l\u00e9gislateurs europ\u00e9ens \u00e0 ne pas penser \u00e0 l&rsquo;autonomie du bloc, mais \u00e0 trouver des moyens de collaborer plus \u00e9troitement avec les Etats-Unis sur les achats militaires et d&rsquo;\u00e9viter un d\u00e9bat sur la taxation. Ce que Mark Rutte propose pour augmenter la part de l&rsquo;industrie europ\u00e9enne de l&rsquo;armement sur le march\u00e9 mondial, c&rsquo;est avant tout d&rsquo;augmenter les contributions \u00e0 la d\u00e9fense, car 2 % du PIB s&rsquo;av\u00e8rent bien insuffisants face \u00e0 la guerre en Ukraine.<\/p>\n<p><strong>\u00a0<\/strong><\/p>\n<p><strong>Inflation<\/strong> &#8211; Le taux annuel d&rsquo;inflation a grimp\u00e9 \u00e0 5,14 % en d\u00e9cembre 2024, contre 5,11 % en novembre dernier, les produits alimentaires ayant augment\u00e9 de 5,09 %, les non alimentaires de 4,38 % et les services de 7,10 %, selon les donn\u00e9es publi\u00e9es mardi par l&rsquo;Institut national des statistiques de Bucarest. Le taux d&rsquo;inflation annuel en d\u00e9cembre 2024 par rapport \u00e0 d\u00e9cembre 2023 a \u00e9t\u00e9 de 5,5 %. La Banque nationale de Roumanie a r\u00e9vis\u00e9 \u00e0 la hausse ses pr\u00e9visions d&rsquo;inflation pour la fin 2024, \u00e0 4,9 %, contre 4 % pr\u00e9c\u00e9demment, et s&rsquo;attend \u00e0 ce qu&rsquo;elle atteigne 3,5 % \u00e0 la fin de 2025.<\/p>\n<p>De leur c\u00f4t\u00e9, les d\u00e9penses des m\u00e9nages roumains ont augment\u00e9 au cours du troisi\u00e8me trimestre de l&rsquo;ann\u00e9e derni\u00e8re. Les statistiques montrent que sur les 8 255 lei enregistr\u00e9s comme revenu des m\u00e9nages (environ 1 650 euros), plus de 7 000 lei ont \u00e9t\u00e9 consacr\u00e9s aux imp\u00f4ts, \u00e0 la nourriture et aux services publics. \u00c0 l&rsquo;autre bout de l&rsquo;\u00e9chelle, les d\u00e9penses d&rsquo;\u00e9ducation et d&rsquo;investissement restent \u00e0 des niveaux extr\u00eamement bas.<\/p>\n<p>&nbsp;<\/p>\n<p><strong>Rapport<\/strong> &#8211; Le pr\u00e9sident \u00e9lu am\u00e9ricain Donald Trump aurait \u00e9t\u00e9 condamn\u00e9 pour sa tentative de modifier le r\u00e9sultat de l&rsquo;\u00e9lection de 2020 s&rsquo;il n&rsquo;\u00e9tait pas sorti vainqueur du scrutin de 2024, selon un rapport du procureur sp\u00e9cial Jack Smith publi\u00e9 mardi par le minist\u00e8re de la Justice, rapportent Reuters et l&rsquo;AFP. Le rapport note \u00e9galement que Trump \u00e9tait engag\u00e9 dans un \u00ab effort criminel sans pr\u00e9c\u00e9dent \u00bb pour s&rsquo;accrocher au pouvoir apr\u00e8s avoir perdu l&rsquo;\u00e9lection de 2020 face \u00e0 Joe Biden. Donald Trump, qui retournera \u00e0 la Maison Blanche le 20 janvier, a \u00e9t\u00e9 poursuivi dans le cadre de l&rsquo;enqu\u00eate sur l&rsquo;assaut du 6 janvier 2021 contre le Capitole par une foule de partisans r\u00e9publicains r\u00e9unis \u00e0 Washington pour contester l&rsquo;\u00e9lection de Joe Biden \u00e0 la pr\u00e9sidence. Le procureur sp\u00e9cial Jack Smith a quitt\u00e9 le minist\u00e8re de la Justice la semaine derni\u00e8re, quelques jours apr\u00e8s avoir remis son rapport final. M. Trump et deux autres accus\u00e9s ont tent\u00e9 de bloquer la publication du rapport, mais le tribunal a rejet\u00e9 leurs demandes<\/p>\n<p><strong>\u00a0<\/strong><\/p>\n<p><strong>Tennis<\/strong> &#8211; La joueuse de tennis roumaine Gabriela Ruse, issue des qualifications, a battu sa compatriote Irina Begu 6-4, 6-0, mardi \u00e0 Melbourne, dans le premier tour de l&rsquo;Open d&rsquo;Australie, premier tournoi du Grand Chelem de l&rsquo;ann\u00e9e. Au deuxi\u00e8me tour, Ruse affrontera l\u2019Am\u00e9ricaine Madison Keys, qui a \u00e9galement battu mardi sa compatriote Ann Li. La Roumaine n&rsquo;en est qu&rsquo;\u00e0 sa deuxi\u00e8me participation au tableau principal de Melbourne.<\/p>\n<p>&nbsp;<\/p>\n<p><strong>M\u00e9t\u00e9o<\/strong> \u2013 Retour des normales saisonni\u00e8res ce mardi en Roumanie o\u00f9 le ciel sera g\u00e9n\u00e9ralement d\u00e9gag\u00e9, sauf dans les r\u00e9gions du nord-est et du sud, o\u00f9 le ciel sera nuageux. Les temp\u00e9ratures maximales seront comprises entre &#8211; 4 et 4 degr\u00e9s. 3 degr\u00e9s et du soleil aujourd\u2019hui \u00e0 Bucarest<\/p>\n","protected":false},"excerpt":{"rendered":"<p>Transport\u00a0 &#8211; Le Premier ministre roumain, Marcel Ciolacu, rencontre ce mardi James O&rsquo;Brien, secr\u00e9taire d&rsquo;\u00c9tat adjoint am\u00e9ricain pour l&rsquo;Europe et l&rsquo;Eurasie. Lundi, le fonctionnaire am\u00e9ricain \u00e9tait en visite \u00e0 Chisinau, o\u00f9 il a d\u00e9clar\u00e9 que le d\u00e9veloppement des infrastructures de transport en Roumanie, en R\u00e9publique de Moldova et en Ukraine cr\u00e9era une nouvelle opportunit\u00e9 pour [&hellip;]<\/p>\n","protected":false},"author":113,"featured_media":723357,"comment_status":"closed","ping_status":"closed","sticky":false,"template":"","format":"standard","meta":{"_acf_changed":false,"footnotes":""},"categories":[89002],"tags":[87061,161611,87044,85718,87096,93099,143875,161613,161612,137215,85567,85944,85700,85918,89559,95075,85412,85583,143522,161614,150518,86349],"coauthors":[116091],"class_list":["post-850566","post","type-post","status-publish","format-standard","has-post-thumbnail","hentry","category-le-flash","tag-commission-europeenne","tag-depenses-militaires","tag-enquete","tag-etats-unis","tag-gouvernement","tag-grand-chelem","tag-inflation-fr","tag-journee-nationale-de-la-culture","tag-open-australie","tag-otan-fr","tag-politique","tag-presse-roumaine","tag-protestations","tag-republique-de-moldova","tag-reunion","tag-revue-de-presse","tag-roumanie","tag-societe","tag-tennis-fr","tag-transport-fr","tag-trump-fr","tag-visite"],"acf":[],"yoast_head":"<!-- This site is optimized with the Yoast SEO plugin v27.3 - https:\/\/yoast.com\/product\/yoast-seo-wordpress\/ -->\n<title>14.01.2025 - Radio Roumanie Internationale<\/title>\n<meta name=\"robots\" content=\"index, follow, max-snippet:-1, max-image-preview:large, max-video-preview:-1\" \/>\n<link rel=\"canonical\" href=\"https:\/\/www.rri.ro\/fr\/actualites\/le-flash\/14-01-2025-id850566.html\" \/>\n<meta property=\"og:locale\" content=\"fr_FR\" \/>\n<meta property=\"og:type\" content=\"article\" \/>\n<meta property=\"og:title\" content=\"14.01.2025 - Radio Roumanie Internationale\" \/>\n<meta property=\"og:description\" content=\"Transport\u00a0 &#8211; Le Premier ministre roumain, Marcel Ciolacu, rencontre ce mardi James O&rsquo;Brien, secr\u00e9taire d&rsquo;\u00c9tat adjoint am\u00e9ricain pour l&rsquo;Europe et l&rsquo;Eurasie. Lundi, le fonctionnaire am\u00e9ricain \u00e9tait en visite \u00e0 Chisinau, o\u00f9 il a d\u00e9clar\u00e9 que le d\u00e9veloppement des infrastructures de transport en Roumanie, en R\u00e9publique de Moldova et en Ukraine cr\u00e9era une nouvelle opportunit\u00e9 pour [&hellip;]\" \/>\n<meta property=\"og:url\" content=\"https:\/\/www.rri.ro\/fr\/actualites\/le-flash\/14-01-2025-id850566.html\" \/>\n<meta property=\"og:site_name\" content=\"Radio Roumanie Internationale\" \/>\n<meta property=\"article:published_time\" content=\"2025-01-14T10:33:50+00:00\" \/>\n<meta property=\"og:image\" content=\"https:\/\/www.rri.ro\/wp-content\/uploads\/2024\/03\/RRI-960x540-Le-flash-2-NOU.jpg\" \/>\n\t<meta property=\"og:image:width\" content=\"960\" \/>\n\t<meta property=\"og:image:height\" content=\"540\" \/>\n\t<meta property=\"og:image:type\" content=\"image\/jpeg\" \/>\n<meta name=\"author\" content=\"Newsroom\" \/>\n<meta name=\"twitter:card\" content=\"summary_large_image\" \/>\n<meta name=\"twitter:label1\" content=\"\u00c9crit par\" \/>\n\t<meta name=\"twitter:data1\" content=\"Newsroom\" \/>\n\t<meta name=\"twitter:label2\" content=\"Dur\u00e9e de lecture estim\u00e9e\" \/>\n\t<meta name=\"twitter:data2\" content=\"5 minutes\" \/>\n\t<meta name=\"twitter:label3\" content=\"Written by\" \/>\n\t<meta name=\"twitter:data3\" content=\"Newsroom\" \/>\n<script type=\"application\/ld+json\" class=\"yoast-schema-graph\">{\"@context\":\"https:\\\/\\\/schema.org\",\"@graph\":[{\"@type\":\"Article\",\"@id\":\"https:\\\/\\\/www.rri.ro\\\/fr\\\/actualites\\\/le-flash\\\/14-01-2025-id850566.html#article\",\"isPartOf\":{\"@id\":\"https:\\\/\\\/www.rri.ro\\\/fr\\\/actualites\\\/le-flash\\\/14-01-2025-id850566.html\"},\"author\":{\"name\":\"Newsroom\",\"@id\":\"https:\\\/\\\/www.rri.ro\\\/#\\\/schema\\\/person\\\/4a479940371b9fdefd194f561e8a7f88\"},\"headline\":\"14.01.2025\",\"datePublished\":\"2025-01-14T10:33:50+00:00\",\"mainEntityOfPage\":{\"@id\":\"https:\\\/\\\/www.rri.ro\\\/fr\\\/actualites\\\/le-flash\\\/14-01-2025-id850566.html\"},\"wordCount\":949,\"image\":{\"@id\":\"https:\\\/\\\/www.rri.ro\\\/fr\\\/actualites\\\/le-flash\\\/14-01-2025-id850566.html#primaryimage\"},\"thumbnailUrl\":\"https:\\\/\\\/www.rri.ro\\\/wp-content\\\/uploads\\\/2024\\\/03\\\/RRI-960x540-Le-flash-2-NOU.jpg\",\"keywords\":[\"Commission europ\u00e9enne\",\"d\u00e9penses militaires\",\"enqu\u00eate\",\"Etats-Unis\",\"gouvernement\",\"Grand Chelem\",\"inflation\",\"journ\u00e9e nationale de la culture\",\"Open Australie\",\"OTAN\",\"politique\",\"presse roumaine\",\"protestations\",\"R\u00e9publique de Moldova\",\"r\u00e9union\",\"revue de presse\",\"Roumanie\",\"soci\u00e9t\u00e9\",\"tennis\",\"transport\",\"Trump\",\"visite\"],\"articleSection\":[\"Le flash\"],\"inLanguage\":\"fr-FR\"},{\"@type\":\"WebPage\",\"@id\":\"https:\\\/\\\/www.rri.ro\\\/fr\\\/actualites\\\/le-flash\\\/14-01-2025-id850566.html\",\"url\":\"https:\\\/\\\/www.rri.ro\\\/fr\\\/actualites\\\/le-flash\\\/14-01-2025-id850566.html\",\"name\":\"14.01.2025 - Radio Roumanie Internationale\",\"isPartOf\":{\"@id\":\"https:\\\/\\\/www.rri.ro\\\/#website\"},\"primaryImageOfPage\":{\"@id\":\"https:\\\/\\\/www.rri.ro\\\/fr\\\/actualites\\\/le-flash\\\/14-01-2025-id850566.html#primaryimage\"},\"image\":{\"@id\":\"https:\\\/\\\/www.rri.ro\\\/fr\\\/actualites\\\/le-flash\\\/14-01-2025-id850566.html#primaryimage\"},\"thumbnailUrl\":\"https:\\\/\\\/www.rri.ro\\\/wp-content\\\/uploads\\\/2024\\\/03\\\/RRI-960x540-Le-flash-2-NOU.jpg\",\"datePublished\":\"2025-01-14T10:33:50+00:00\",\"author\":{\"@id\":\"https:\\\/\\\/www.rri.ro\\\/#\\\/schema\\\/person\\\/4a479940371b9fdefd194f561e8a7f88\"},\"breadcrumb\":{\"@id\":\"https:\\\/\\\/www.rri.ro\\\/fr\\\/actualites\\\/le-flash\\\/14-01-2025-id850566.html#breadcrumb\"},\"inLanguage\":\"fr-FR\",\"potentialAction\":[{\"@type\":\"ReadAction\",\"target\":[\"https:\\\/\\\/www.rri.ro\\\/fr\\\/actualites\\\/le-flash\\\/14-01-2025-id850566.html\"]}]},{\"@type\":\"ImageObject\",\"inLanguage\":\"fr-FR\",\"@id\":\"https:\\\/\\\/www.rri.ro\\\/fr\\\/actualites\\\/le-flash\\\/14-01-2025-id850566.html#primaryimage\",\"url\":\"https:\\\/\\\/www.rri.ro\\\/wp-content\\\/uploads\\\/2024\\\/03\\\/RRI-960x540-Le-flash-2-NOU.jpg\",\"contentUrl\":\"https:\\\/\\\/www.rri.ro\\\/wp-content\\\/uploads\\\/2024\\\/03\\\/RRI-960x540-Le-flash-2-NOU.jpg\",\"width\":960,\"height\":540},{\"@type\":\"BreadcrumbList\",\"@id\":\"https:\\\/\\\/www.rri.ro\\\/fr\\\/actualites\\\/le-flash\\\/14-01-2025-id850566.html#breadcrumb\",\"itemListElement\":[{\"@type\":\"ListItem\",\"position\":1,\"name\":\"Page d'accueil\",\"item\":\"https:\\\/\\\/www.rri.ro\\\/fr\"},{\"@type\":\"ListItem\",\"position\":2,\"name\":\"Actualit\u00e9s\",\"item\":\"https:\\\/\\\/www.rri.ro\\\/fr\\\/actualites\"},{\"@type\":\"ListItem\",\"position\":3,\"name\":\"Le flash\",\"item\":\"https:\\\/\\\/www.rri.ro\\\/fr\\\/actualites\\\/le-flash\"},{\"@type\":\"ListItem\",\"position\":4,\"name\":\"14.01.2025\"}]},{\"@type\":\"WebSite\",\"@id\":\"https:\\\/\\\/www.rri.ro\\\/#website\",\"url\":\"https:\\\/\\\/www.rri.ro\\\/\",\"name\":\"Radio Roumanie Internationale\",\"description\":\"Totul despre Rom\u00e2nia \u015fi rom\u00e2ni, \u00een 13 limbi\\\/dialecte!\",\"inLanguage\":\"fr-FR\"},{\"@type\":\"Person\",\"@id\":\"https:\\\/\\\/www.rri.ro\\\/#\\\/schema\\\/person\\\/4a479940371b9fdefd194f561e8a7f88\",\"name\":\"Newsroom\",\"url\":\"https:\\\/\\\/www.rri.ro\\\/fr\\\/author\\\/newsroom\"}]}<\/script>\n<!-- \/ Yoast SEO plugin. -->","yoast_head_json":{"title":"14.01.2025 - Radio Roumanie Internationale","robots":{"index":"index","follow":"follow","max-snippet":"max-snippet:-1","max-image-preview":"max-image-preview:large","max-video-preview":"max-video-preview:-1"},"canonical":"https:\/\/www.rri.ro\/fr\/actualites\/le-flash\/14-01-2025-id850566.html","og_locale":"fr_FR","og_type":"article","og_title":"14.01.2025 - Radio Roumanie Internationale","og_description":"Transport\u00a0 &#8211; Le Premier ministre roumain, Marcel Ciolacu, rencontre ce mardi James O&rsquo;Brien, secr\u00e9taire d&rsquo;\u00c9tat adjoint am\u00e9ricain pour l&rsquo;Europe et l&rsquo;Eurasie. Lundi, le fonctionnaire am\u00e9ricain \u00e9tait en visite \u00e0 Chisinau, o\u00f9 il a d\u00e9clar\u00e9 que le d\u00e9veloppement des infrastructures de transport en Roumanie, en R\u00e9publique de Moldova et en Ukraine cr\u00e9era une nouvelle opportunit\u00e9 pour [&hellip;]","og_url":"https:\/\/www.rri.ro\/fr\/actualites\/le-flash\/14-01-2025-id850566.html","og_site_name":"Radio Roumanie Internationale","article_published_time":"2025-01-14T10:33:50+00:00","og_image":[{"width":960,"height":540,"url":"https:\/\/www.rri.ro\/wp-content\/uploads\/2024\/03\/RRI-960x540-Le-flash-2-NOU.jpg","type":"image\/jpeg"}],"author":"Newsroom","twitter_card":"summary_large_image","twitter_misc":{"\u00c9crit par":"Newsroom","Dur\u00e9e de lecture estim\u00e9e":"5 minutes","Written by":"Newsroom"},"schema":{"@context":"https:\/\/schema.org","@graph":[{"@type":"Article","@id":"https:\/\/www.rri.ro\/fr\/actualites\/le-flash\/14-01-2025-id850566.html#article","isPartOf":{"@id":"https:\/\/www.rri.ro\/fr\/actualites\/le-flash\/14-01-2025-id850566.html"},"author":{"name":"Newsroom","@id":"https:\/\/www.rri.ro\/#\/schema\/person\/4a479940371b9fdefd194f561e8a7f88"},"headline":"14.01.2025","datePublished":"2025-01-14T10:33:50+00:00","mainEntityOfPage":{"@id":"https:\/\/www.rri.ro\/fr\/actualites\/le-flash\/14-01-2025-id850566.html"},"wordCount":949,"image":{"@id":"https:\/\/www.rri.ro\/fr\/actualites\/le-flash\/14-01-2025-id850566.html#primaryimage"},"thumbnailUrl":"https:\/\/www.rri.ro\/wp-content\/uploads\/2024\/03\/RRI-960x540-Le-flash-2-NOU.jpg","keywords":["Commission europ\u00e9enne","d\u00e9penses militaires","enqu\u00eate","Etats-Unis","gouvernement","Grand Chelem","inflation","journ\u00e9e nationale de la culture","Open Australie","OTAN","politique","presse roumaine","protestations","R\u00e9publique de Moldova","r\u00e9union","revue de presse","Roumanie","soci\u00e9t\u00e9","tennis","transport","Trump","visite"],"articleSection":["Le flash"],"inLanguage":"fr-FR"},{"@type":"WebPage","@id":"https:\/\/www.rri.ro\/fr\/actualites\/le-flash\/14-01-2025-id850566.html","url":"https:\/\/www.rri.ro\/fr\/actualites\/le-flash\/14-01-2025-id850566.html","name":"14.01.2025 - Radio Roumanie Internationale","isPartOf":{"@id":"https:\/\/www.rri.ro\/#website"},"primaryImageOfPage":{"@id":"https:\/\/www.rri.ro\/fr\/actualites\/le-flash\/14-01-2025-id850566.html#primaryimage"},"image":{"@id":"https:\/\/www.rri.ro\/fr\/actualites\/le-flash\/14-01-2025-id850566.html#primaryimage"},"thumbnailUrl":"https:\/\/www.rri.ro\/wp-content\/uploads\/2024\/03\/RRI-960x540-Le-flash-2-NOU.jpg","datePublished":"2025-01-14T10:33:50+00:00","author":{"@id":"https:\/\/www.rri.ro\/#\/schema\/person\/4a479940371b9fdefd194f561e8a7f88"},"breadcrumb":{"@id":"https:\/\/www.rri.ro\/fr\/actualites\/le-flash\/14-01-2025-id850566.html#breadcrumb"},"inLanguage":"fr-FR","potentialAction":[{"@type":"ReadAction","target":["https:\/\/www.rri.ro\/fr\/actualites\/le-flash\/14-01-2025-id850566.html"]}]},{"@type":"ImageObject","inLanguage":"fr-FR","@id":"https:\/\/www.rri.ro\/fr\/actualites\/le-flash\/14-01-2025-id850566.html#primaryimage","url":"https:\/\/www.rri.ro\/wp-content\/uploads\/2024\/03\/RRI-960x540-Le-flash-2-NOU.jpg","contentUrl":"https:\/\/www.rri.ro\/wp-content\/uploads\/2024\/03\/RRI-960x540-Le-flash-2-NOU.jpg","width":960,"height":540},{"@type":"BreadcrumbList","@id":"https:\/\/www.rri.ro\/fr\/actualites\/le-flash\/14-01-2025-id850566.html#breadcrumb","itemListElement":[{"@type":"ListItem","position":1,"name":"Page d'accueil","item":"https:\/\/www.rri.ro\/fr"},{"@type":"ListItem","position":2,"name":"Actualit\u00e9s","item":"https:\/\/www.rri.ro\/fr\/actualites"},{"@type":"ListItem","position":3,"name":"Le flash","item":"https:\/\/www.rri.ro\/fr\/actualites\/le-flash"},{"@type":"ListItem","position":4,"name":"14.01.2025"}]},{"@type":"WebSite","@id":"https:\/\/www.rri.ro\/#website","url":"https:\/\/www.rri.ro\/","name":"Radio Roumanie Internationale","description":"Totul despre Rom\u00e2nia \u015fi rom\u00e2ni, \u00een 13 limbi\/dialecte!","inLanguage":"fr-FR"},{"@type":"Person","@id":"https:\/\/www.rri.ro\/#\/schema\/person\/4a479940371b9fdefd194f561e8a7f88","name":"Newsroom","url":"https:\/\/www.rri.ro\/fr\/author\/newsroom"}]}},"_links":{"self":[{"href":"https:\/\/www.rri.ro\/fr\/wp-json\/wp\/v2\/posts\/850566","targetHints":{"allow":["GET"]}}],"collection":[{"href":"https:\/\/www.rri.ro\/fr\/wp-json\/wp\/v2\/posts"}],"about":[{"href":"https:\/\/www.rri.ro\/fr\/wp-json\/wp\/v2\/types\/post"}],"author":[{"embeddable":true,"href":"https:\/\/www.rri.ro\/fr\/wp-json\/wp\/v2\/users\/113"}],"replies":[{"embeddable":true,"href":"https:\/\/www.rri.ro\/fr\/wp-json\/wp\/v2\/comments?post=850566"}],"version-history":[{"count":0,"href":"https:\/\/www.rri.ro\/fr\/wp-json\/wp\/v2\/posts\/850566\/revisions"}],"wp:featuredmedia":[{"embeddable":true,"href":"https:\/\/www.rri.ro\/fr\/wp-json\/wp\/v2\/media\/723357"}],"wp:attachment":[{"href":"https:\/\/www.rri.ro\/fr\/wp-json\/wp\/v2\/media?parent=850566"}],"wp:term":[{"taxonomy":"category","embeddable":true,"href":"https:\/\/www.rri.ro\/fr\/wp-json\/wp\/v2\/categories?post=850566"},{"taxonomy":"post_tag","embeddable":true,"href":"https:\/\/www.rri.ro\/fr\/wp-json\/wp\/v2\/tags?post=850566"},{"taxonomy":"author","embeddable":true,"href":"https:\/\/www.rri.ro\/fr\/wp-json\/wp\/v2\/coauthors?post=850566"}],"curies":[{"name":"wp","href":"https:\/\/api.w.org\/{rel}","templated":true}]}}