{"id":851722,"date":"2025-01-15T19:01:27","date_gmt":"2025-01-15T17:01:27","guid":{"rendered":"https:\/\/www.rri.ro\/?p=851722"},"modified":"2025-01-15T19:01:27","modified_gmt":"2025-01-15T17:01:27","slug":"15-01-2025-mise-a-jour","status":"publish","type":"post","link":"https:\/\/www.rri.ro\/fr\/actualites\/le-flash\/15-01-2025-mise-a-jour-id851722.html","title":{"rendered":"15.01.2025 (mise \u00e0 jour)"},"content":{"rendered":"<p><strong>Budget<\/strong> &#8211; La taxe sur la valeur ajout\u00e9e ne sera pas augment\u00e9e, a assur\u00e9 le Premier ministre roumain Marcel Ciolacu, apr\u00e8s des discussions sur le budget 2025 avec le ministre des Finances T\u00e1nczos Barna et le chef de l&rsquo;Agence nationale pour l&rsquo;administration fiscale. Marcel Ciolacu a \u00e9galement d\u00e9clar\u00e9 qu&rsquo;il s&rsquo;attendait \u00e0 ce que la r\u00e9forme fiscale contribue \u00e0 r\u00e9duire l&rsquo;inflation et \u00e0 augmenter le pouvoir d&rsquo;achat de la population. Le Premier ministre a r\u00e9it\u00e9r\u00e9 que le projet de budget sera approuv\u00e9 par le gouvernement d&rsquo;ici la fin du mois et envoy\u00e9 au Parlement afin qu&rsquo;il puisse en d\u00e9battre et l&rsquo;approuver au cours de la premi\u00e8re semaine de la session l\u00e9gislative qui d\u00e9butera en f\u00e9vrier. M. Ciolacu a \u00e9galement indiqu\u00e9 que l&rsquo;objectif de d\u00e9ficit de 7 % fix\u00e9 avec la Commission europ\u00e9enne sera maintenu, ainsi qu&rsquo;un objectif de 7 % du PIB pour les investissements. En ce qui concerne les recettes, le Premier ministre a indiqu\u00e9 que l&rsquo;ann\u00e9e derni\u00e8re, elles avaient augment\u00e9 de 27 % et que cette ann\u00e9e, on s&rsquo;attend \u00e0 ce qu&rsquo;elle atteigne environ 30 %. Les principaux indicateurs du budget 2025 seront pr\u00e9sent\u00e9s lors du conseil des ministres de jeudi. Jeudi \u00e9galement, l&rsquo;ex\u00e9cutif approuvera le calendrier des \u00e9lections pr\u00e9sidentielles.<\/p>\n<p>&nbsp;<\/p>\n<p><strong>BNR<\/strong> &#8211; Le conseil d&rsquo;administration de la Banque nationale de Roumanie a d\u00e9cid\u00e9 de maintenir le taux d&rsquo;int\u00e9r\u00eat de la politique mon\u00e9taire \u00e0 6,5 % par an. La banque centrale a \u00e9galement d\u00e9cid\u00e9 de maintenir le taux d&rsquo;int\u00e9r\u00eat sur la facilit\u00e9 de pr\u00eat \u00e0 7,50 % par an et le taux d&rsquo;int\u00e9r\u00eat sur la facilit\u00e9 de d\u00e9p\u00f4t \u00e0 5,50 % par an, ainsi que de maintenir les niveaux actuels des r\u00e9serves obligatoires pour les dettes des institutions de cr\u00e9dit en lei et en devises \u00e9trang\u00e8res. L&rsquo;ann\u00e9e derni\u00e8re, la BNR a abaiss\u00e9 le taux d&rsquo;int\u00e9r\u00eat directeur \u00e0 deux reprises, en juillet de 7 % par an \u00e0 6,75 % par an et en ao\u00fbt \u00e0 6,5 % par an. Le taux d&rsquo;int\u00e9r\u00eat directeur est rest\u00e9 inchang\u00e9 depuis janvier 2023. Selon la banque, le taux d&rsquo;inflation annuel a augment\u00e9 au cours des trois derniers mois de 2024 plus que pr\u00e9vu et a grimp\u00e9 \u00e0 5,14 % en d\u00e9cembre, contre 4,62 % en septembre. La BNR estime que l&rsquo;inflation diminuera au cours du premier trimestre 2025, mais qu&rsquo;elle sera plus \u00e9lev\u00e9e que pr\u00e9vu. Les incertitudes et les risques importants li\u00e9s \u00e0 l&rsquo;\u00e9volution de l&rsquo;inflation d\u00e9coulent de la conduite future de la politique fiscale et de la politique des recettes, compte tenu de la mise en \u0153uvre du paquet fiscal-budg\u00e9taire r\u00e9cemment approuv\u00e9 par le gouvernement dans le but d&rsquo;assainir les finances publiques, ainsi que de la situation sur le march\u00e9 du travail et de la dynamique des salaires dans l&rsquo;\u00e9conomie. Dans le m\u00eame temps, des incertitudes significatives continuent d&rsquo;\u00eatre associ\u00e9es \u00e0 l&rsquo;\u00e9volution des prix de l&rsquo;\u00e9nergie et des denr\u00e9es alimentaires, ainsi qu&rsquo;\u00e0 la trajectoire future du prix du p\u00e9trole brut, dans un contexte de tensions g\u00e9opolitiques, selon les experts de la BNR.<\/p>\n<p>&nbsp;<\/p>\n<p><strong>Parquet<\/strong> &#8211; Le d\u00e9put\u00e9 USR Emanuel Ungureanu a d\u00e9pos\u00e9 une plainte p\u00e9nale aupr\u00e8s du bureau du procureur g\u00e9n\u00e9ral contre le Premier ministre roumain Marcel Ciolacu et le pr\u00e9sident du Conseil d\u00e9partemental de Timis Alfred Simonis. Emanuel Ungureanu a d\u00e9clar\u00e9 que sa plainte est li\u00e9e \u00e0 la discussion des deux hommes sur TikTok au sujet de la canalisation des votes des sympathisants du PSD vers le candidat de l&rsquo;Alliance pour l&rsquo;unit\u00e9 des Roumains, George Simion, lors des \u00e9lections pr\u00e9sidentielles de l&rsquo;ann\u00e9e derni\u00e8re. Il a accus\u00e9 Ciolacu et Simonis de corrompre les \u00e9lecteurs et d&rsquo;utiliser leur influence et leur autorit\u00e9 pour obtenir des avantages indus, ainsi que d&#8217;emp\u00eacher l&rsquo;exercice des droits \u00e9lectoraux. Emanuel Ungureanu a demand\u00e9 aux procureurs d&rsquo;entendre les pr\u00e9sidents des organisations du PSD sur le territoire et d&rsquo;effectuer des recherches informatiques pour voir si l&rsquo;exhortation \u00e0 diriger les votes vers George Simion et C\u0103lin Georgescu a \u00e9t\u00e9 diffus\u00e9e sur les groupes WhatsApp des sociaux-d\u00e9mocrates.<\/p>\n<p>&nbsp;<\/p>\n<p><strong>Culture <\/strong>&#8211; En Roumanie, le 15 janvier est la Journ\u00e9e de la culture nationale, qui marque aussi la naissance du po\u00e8te national Mihai Eminescu. L&rsquo;\u00e9dition de cette ann\u00e9e est d&rsquo;autant plus sp\u00e9ciale qu&rsquo;elle marque les 175 ans de la naissance du plus grand po\u00e8te roumain. De nombreux \u00e9v\u00e9nements sont pr\u00e9vus \u00e0 Bucarest et sur l\u2019ensemble du pays &#8211; conf\u00e9rences, d\u00e9bats, concerts et expositions &#8211; et l\u2019entr\u00e9e dans de nombreux mus\u00e9es est libre aujourd\u2019hui. Par exemple, l&rsquo;Op\u00e9ra national de Bucarest c\u00e9l\u00e8bre ce soir la Journ\u00e9e nationale de la culture par un gala mettant \u00e0 l&rsquo;honneur la spiritualit\u00e9 roumaine en tant que triade de la foi, de l&rsquo;art et de l&rsquo;identit\u00e9. Le Th\u00e9\u00e2tre lyrique d\u2019Iasi (nord-est) propose un spectacle sp\u00e9cial, alors que le ch\u00e2teau de Corvins de Hunedoara (ouest) accueille l&rsquo;exposition <em>\u00ab Pass\u00e9, pr\u00e9sent et futur \u00bb<\/em>. \u00c0 l&rsquo;occasion de la Journ\u00e9e nationale de la culture, Radio Roumanie Culture a invit\u00e9 une adolescente de V\u00e2lcea (sud) au th\u00e9\u00e2tre pour la premi\u00e8re fois. Par ce geste symbolique, la seule radio nationale exclusivement consacr\u00e9e \u00e0 la culture exhorte les personnes et les institutions \u00e0 faciliter l&rsquo;acc\u00e8s \u00e0 la culture des cat\u00e9gories vuln\u00e9rables.<\/p>\n<p>&nbsp;<\/p>\n<p><strong>Manif<\/strong> &#8211; En Roumanie, la F\u00e9d\u00e9ration nationale des syndicats de la culture et de la presse \u00ab CulturMedia \u00bb manifeste aujourd&rsquo;hui, avec des banderoles blanches, afin d&rsquo;attirer l&rsquo;attention sur le sous-financement de la culture et les in\u00e9galit\u00e9s salariales dans les rangs des employ\u00e9s des mus\u00e9es, des biblioth\u00e8ques et des centres culturels. La F\u00e9d\u00e9ration demande l\u2019allocation de 1 % du PIB \u00e0 la culture, que les salaires des employ\u00e9s des mus\u00e9es et des biblioth\u00e8ques soient align\u00e9s sur la grille salariale appliqu\u00e9e aux m\u00eames professions dans la cat\u00e9gorie professionnelle de l&rsquo;\u00e9ducation, que les \u00e9normes disparit\u00e9s salariales entre les employ\u00e9s des institutions des arts du spectacle et les employ\u00e9s des mus\u00e9es et des biblioth\u00e8ques publiques soient \u00e9limin\u00e9es, que des primes salariales soient accord\u00e9es pour le travail en fin de semaine et durant les jours f\u00e9ri\u00e9s, sans oublier le paiement des heures suppl\u00e9mentaires. Les syndicalistes demandent \u00e9galement que des postes vacants soient d\u00e9bloqu\u00e9s et les sch\u00e9mas des fonctions de leurs institutions soient modifi\u00e9s pour inclure davantage de postes afin de combler le d\u00e9ficit chronique de personnel dans le secteur culturel.<\/p>\n<p>&nbsp;<\/p>\n<p><strong>Descente des mineurs<\/strong> &#8211; L&rsquo;ancien premier ministre roumain Petre Roman a comparu ce mercredi au Parquet g\u00e9n\u00e9ral pour \u00eatre auditionn\u00e9 dans l&rsquo;affaire de la \u00abDescente des mineurs sur Bucarest en juin 1990\u00a0\u00bb, dans laquelle il est accus\u00e9 d&rsquo;avoir commis des crimes contre l&rsquo;humanit\u00e9. Petre Roman nie toute implication dans cette affaire. Le m\u00eame dossier concerne \u00e9galement l&rsquo;ancien pr\u00e9sident Ion Iliescu et l&rsquo;ancien directeur des renseignements int\u00e9rieurs roumains, Virgil M\u0103gureanu. Les procureurs n&rsquo;ont pas encore rouvert l&rsquo;enqu\u00eate sur cette affaire, apr\u00e8s que les preuves recueillies ont \u00e9t\u00e9 annul\u00e9es par le tribunal. Ion Iliescu a \u00e9t\u00e9 initialement accus\u00e9 de crimes contre l&rsquo;humanit\u00e9, ainsi que Petre Roman et Virgil M\u0103gureanu. Mais en d\u00e9cembre 2020, la Haute Cour de Cassation et de Justice a d\u00e9cid\u00e9 de renvoyer l&rsquo;affaire au Tribunal militaire pour que l&rsquo;enqu\u00eate soit rouverte \u00e0 partir de z\u00e9ro. Selon les procureurs militaires, les 11 et 12 juin 1990, les autorit\u00e9s de l&rsquo;\u00c9tat ont d\u00e9cid\u00e9 de lancer une attaque violente contre les manifestants r\u00e9unis place de l&rsquo;Universit\u00e9 de Bucarest, qui militaient pour la d\u00e9mocratie et demandaient destitution des anciens dignitaires communistes de leurs fonctions publiques. L&rsquo;attaque aurait impliqu\u00e9 des forces du minist\u00e8re de l&rsquo;Int\u00e9rieur, du minist\u00e8re de la D\u00e9fense, du Service roumain de renseignements et des milliers de mineurs venus des mines de la Vall\u00e9e de Jiu. Les violences de juin 1990 ont fait 4 morts, des centaines de bless\u00e9s, des arrestations ill\u00e9gales et caus\u00e9 de nombreux d\u00e9g\u00e2ts.<\/p>\n<p>&nbsp;<\/p>\n<p><strong>Moldova<\/strong> &#8211; A Chisinau, la pr\u00e9sidente Maia Sandu a accus\u00e9 la F\u00e9d\u00e9ration de Russie de tenter de provoquer une crise politique en Moldavie en coupant les livraisons de gaz \u00e0 la r\u00e9gion s\u00e9paratiste de Transnistrie. Mardi, la dirigeante moldave a convoqu\u00e9 le Conseil Supr\u00eame de S\u00e9curit\u00e9 pour discuter de la situation dans le secteur de l&rsquo;\u00e9nergie.\u00a0 Maia Sandu a attir\u00e9 l&rsquo;attention sur le fait que l&rsquo;administration de la r\u00e9gion s\u00e9paratiste de Transnistrie, actuellement en proie \u00e0 une crise humanitaire, a refus\u00e9 l&rsquo;aide offerte par Chisinau, en posant des conditions pour les solutions propos\u00e9es.<\/p>\n<p>&nbsp;<\/p>\n<p><strong>M\u00e9t\u00e9o<\/strong> \u2013 Il fait assez froid aujourd\u2019hui en Roumanie, avec des temp\u00e9ratures qui tournent autour de la normale saisonni\u00e8re et de maxima allant de -4 \u00e0 6 degr\u00e9s. Le ciel est couvert sur l\u2019ouest et le nord-ouest du territoire o\u00f9 il neige par endroit. Du soleil et pas plus de 5 degr\u00e9s aujourd\u2019hui \u00e0 Bucarest.<\/p>\n","protected":false},"excerpt":{"rendered":"<p>Budget &#8211; La taxe sur la valeur ajout\u00e9e ne sera pas augment\u00e9e, a assur\u00e9 le Premier ministre roumain Marcel Ciolacu, apr\u00e8s des discussions sur le budget 2025 avec le ministre des Finances T\u00e1nczos Barna et le chef de l&rsquo;Agence nationale pour l&rsquo;administration fiscale. Marcel Ciolacu a \u00e9galement d\u00e9clar\u00e9 qu&rsquo;il s&rsquo;attendait \u00e0 ce que la r\u00e9forme [&hellip;]<\/p>\n","protected":false},"author":113,"featured_media":723357,"comment_status":"closed","ping_status":"closed","sticky":false,"template":"","format":"standard","meta":{"_acf_changed":false,"footnotes":""},"categories":[89002],"tags":[87044,87096,88296,85567,85944,85700,85918,95075,85412],"coauthors":[116091],"class_list":["post-851722","post","type-post","status-publish","format-standard","has-post-thumbnail","hentry","category-le-flash","tag-enquete","tag-gouvernement","tag-parlement","tag-politique","tag-presse-roumaine","tag-protestations","tag-republique-de-moldova","tag-revue-de-presse","tag-roumanie"],"acf":[],"yoast_head":"<!-- This site is optimized with the Yoast SEO plugin v27.3 - https:\/\/yoast.com\/product\/yoast-seo-wordpress\/ -->\n<title>15.01.2025 (mise \u00e0 jour) - Radio Roumanie Internationale<\/title>\n<meta name=\"robots\" content=\"index, follow, max-snippet:-1, max-image-preview:large, max-video-preview:-1\" \/>\n<link rel=\"canonical\" href=\"https:\/\/www.rri.ro\/fr\/actualites\/le-flash\/15-01-2025-mise-a-jour-id851722.html\" \/>\n<meta property=\"og:locale\" content=\"fr_FR\" \/>\n<meta property=\"og:type\" content=\"article\" \/>\n<meta property=\"og:title\" content=\"15.01.2025 (mise \u00e0 jour) - Radio Roumanie Internationale\" \/>\n<meta property=\"og:description\" content=\"Budget &#8211; La taxe sur la valeur ajout\u00e9e ne sera pas augment\u00e9e, a assur\u00e9 le Premier ministre roumain Marcel Ciolacu, apr\u00e8s des discussions sur le budget 2025 avec le ministre des Finances T\u00e1nczos Barna et le chef de l&rsquo;Agence nationale pour l&rsquo;administration fiscale. Marcel Ciolacu a \u00e9galement d\u00e9clar\u00e9 qu&rsquo;il s&rsquo;attendait \u00e0 ce que la r\u00e9forme [&hellip;]\" \/>\n<meta property=\"og:url\" content=\"https:\/\/www.rri.ro\/fr\/actualites\/le-flash\/15-01-2025-mise-a-jour-id851722.html\" \/>\n<meta property=\"og:site_name\" content=\"Radio Roumanie Internationale\" \/>\n<meta property=\"article:published_time\" content=\"2025-01-15T17:01:27+00:00\" \/>\n<meta property=\"og:image\" content=\"https:\/\/www.rri.ro\/wp-content\/uploads\/2024\/03\/RRI-960x540-Le-flash-2-NOU.jpg\" \/>\n\t<meta property=\"og:image:width\" content=\"960\" \/>\n\t<meta property=\"og:image:height\" content=\"540\" \/>\n\t<meta property=\"og:image:type\" content=\"image\/jpeg\" \/>\n<meta name=\"author\" content=\"Newsroom\" \/>\n<meta name=\"twitter:card\" content=\"summary_large_image\" \/>\n<meta name=\"twitter:label1\" content=\"\u00c9crit par\" \/>\n\t<meta name=\"twitter:data1\" content=\"Newsroom\" \/>\n\t<meta name=\"twitter:label2\" content=\"Dur\u00e9e de lecture estim\u00e9e\" \/>\n\t<meta name=\"twitter:data2\" content=\"8 minutes\" \/>\n\t<meta name=\"twitter:label3\" content=\"Written by\" \/>\n\t<meta name=\"twitter:data3\" content=\"Newsroom\" \/>\n<script type=\"application\/ld+json\" class=\"yoast-schema-graph\">{\"@context\":\"https:\\\/\\\/schema.org\",\"@graph\":[{\"@type\":\"Article\",\"@id\":\"https:\\\/\\\/www.rri.ro\\\/fr\\\/actualites\\\/le-flash\\\/15-01-2025-mise-a-jour-id851722.html#article\",\"isPartOf\":{\"@id\":\"https:\\\/\\\/www.rri.ro\\\/fr\\\/actualites\\\/le-flash\\\/15-01-2025-mise-a-jour-id851722.html\"},\"author\":{\"name\":\"Newsroom\",\"@id\":\"https:\\\/\\\/www.rri.ro\\\/#\\\/schema\\\/person\\\/4a479940371b9fdefd194f561e8a7f88\"},\"headline\":\"15.01.2025 (mise \u00e0 jour)\",\"datePublished\":\"2025-01-15T17:01:27+00:00\",\"mainEntityOfPage\":{\"@id\":\"https:\\\/\\\/www.rri.ro\\\/fr\\\/actualites\\\/le-flash\\\/15-01-2025-mise-a-jour-id851722.html\"},\"wordCount\":1584,\"image\":{\"@id\":\"https:\\\/\\\/www.rri.ro\\\/fr\\\/actualites\\\/le-flash\\\/15-01-2025-mise-a-jour-id851722.html#primaryimage\"},\"thumbnailUrl\":\"https:\\\/\\\/www.rri.ro\\\/wp-content\\\/uploads\\\/2024\\\/03\\\/RRI-960x540-Le-flash-2-NOU.jpg\",\"keywords\":[\"enqu\u00eate\",\"gouvernement\",\"Parlement\",\"politique\",\"presse roumaine\",\"protestations\",\"R\u00e9publique de Moldova\",\"revue de presse\",\"Roumanie\"],\"articleSection\":[\"Le flash\"],\"inLanguage\":\"fr-FR\"},{\"@type\":\"WebPage\",\"@id\":\"https:\\\/\\\/www.rri.ro\\\/fr\\\/actualites\\\/le-flash\\\/15-01-2025-mise-a-jour-id851722.html\",\"url\":\"https:\\\/\\\/www.rri.ro\\\/fr\\\/actualites\\\/le-flash\\\/15-01-2025-mise-a-jour-id851722.html\",\"name\":\"15.01.2025 (mise \u00e0 jour) - Radio Roumanie Internationale\",\"isPartOf\":{\"@id\":\"https:\\\/\\\/www.rri.ro\\\/#website\"},\"primaryImageOfPage\":{\"@id\":\"https:\\\/\\\/www.rri.ro\\\/fr\\\/actualites\\\/le-flash\\\/15-01-2025-mise-a-jour-id851722.html#primaryimage\"},\"image\":{\"@id\":\"https:\\\/\\\/www.rri.ro\\\/fr\\\/actualites\\\/le-flash\\\/15-01-2025-mise-a-jour-id851722.html#primaryimage\"},\"thumbnailUrl\":\"https:\\\/\\\/www.rri.ro\\\/wp-content\\\/uploads\\\/2024\\\/03\\\/RRI-960x540-Le-flash-2-NOU.jpg\",\"datePublished\":\"2025-01-15T17:01:27+00:00\",\"author\":{\"@id\":\"https:\\\/\\\/www.rri.ro\\\/#\\\/schema\\\/person\\\/4a479940371b9fdefd194f561e8a7f88\"},\"breadcrumb\":{\"@id\":\"https:\\\/\\\/www.rri.ro\\\/fr\\\/actualites\\\/le-flash\\\/15-01-2025-mise-a-jour-id851722.html#breadcrumb\"},\"inLanguage\":\"fr-FR\",\"potentialAction\":[{\"@type\":\"ReadAction\",\"target\":[\"https:\\\/\\\/www.rri.ro\\\/fr\\\/actualites\\\/le-flash\\\/15-01-2025-mise-a-jour-id851722.html\"]}]},{\"@type\":\"ImageObject\",\"inLanguage\":\"fr-FR\",\"@id\":\"https:\\\/\\\/www.rri.ro\\\/fr\\\/actualites\\\/le-flash\\\/15-01-2025-mise-a-jour-id851722.html#primaryimage\",\"url\":\"https:\\\/\\\/www.rri.ro\\\/wp-content\\\/uploads\\\/2024\\\/03\\\/RRI-960x540-Le-flash-2-NOU.jpg\",\"contentUrl\":\"https:\\\/\\\/www.rri.ro\\\/wp-content\\\/uploads\\\/2024\\\/03\\\/RRI-960x540-Le-flash-2-NOU.jpg\",\"width\":960,\"height\":540},{\"@type\":\"BreadcrumbList\",\"@id\":\"https:\\\/\\\/www.rri.ro\\\/fr\\\/actualites\\\/le-flash\\\/15-01-2025-mise-a-jour-id851722.html#breadcrumb\",\"itemListElement\":[{\"@type\":\"ListItem\",\"position\":1,\"name\":\"Page d'accueil\",\"item\":\"https:\\\/\\\/www.rri.ro\\\/fr\"},{\"@type\":\"ListItem\",\"position\":2,\"name\":\"Actualit\u00e9s\",\"item\":\"https:\\\/\\\/www.rri.ro\\\/fr\\\/actualites\"},{\"@type\":\"ListItem\",\"position\":3,\"name\":\"Le flash\",\"item\":\"https:\\\/\\\/www.rri.ro\\\/fr\\\/actualites\\\/le-flash\"},{\"@type\":\"ListItem\",\"position\":4,\"name\":\"15.01.2025 (mise \u00e0 jour)\"}]},{\"@type\":\"WebSite\",\"@id\":\"https:\\\/\\\/www.rri.ro\\\/#website\",\"url\":\"https:\\\/\\\/www.rri.ro\\\/\",\"name\":\"Radio Roumanie Internationale\",\"description\":\"Totul despre Rom\u00e2nia \u015fi rom\u00e2ni, \u00een 13 limbi\\\/dialecte!\",\"inLanguage\":\"fr-FR\"},{\"@type\":\"Person\",\"@id\":\"https:\\\/\\\/www.rri.ro\\\/#\\\/schema\\\/person\\\/4a479940371b9fdefd194f561e8a7f88\",\"name\":\"Newsroom\",\"url\":\"https:\\\/\\\/www.rri.ro\\\/fr\\\/author\\\/newsroom\"}]}<\/script>\n<!-- \/ Yoast SEO plugin. -->","yoast_head_json":{"title":"15.01.2025 (mise \u00e0 jour) - Radio Roumanie Internationale","robots":{"index":"index","follow":"follow","max-snippet":"max-snippet:-1","max-image-preview":"max-image-preview:large","max-video-preview":"max-video-preview:-1"},"canonical":"https:\/\/www.rri.ro\/fr\/actualites\/le-flash\/15-01-2025-mise-a-jour-id851722.html","og_locale":"fr_FR","og_type":"article","og_title":"15.01.2025 (mise \u00e0 jour) - Radio Roumanie Internationale","og_description":"Budget &#8211; La taxe sur la valeur ajout\u00e9e ne sera pas augment\u00e9e, a assur\u00e9 le Premier ministre roumain Marcel Ciolacu, apr\u00e8s des discussions sur le budget 2025 avec le ministre des Finances T\u00e1nczos Barna et le chef de l&rsquo;Agence nationale pour l&rsquo;administration fiscale. Marcel Ciolacu a \u00e9galement d\u00e9clar\u00e9 qu&rsquo;il s&rsquo;attendait \u00e0 ce que la r\u00e9forme [&hellip;]","og_url":"https:\/\/www.rri.ro\/fr\/actualites\/le-flash\/15-01-2025-mise-a-jour-id851722.html","og_site_name":"Radio Roumanie Internationale","article_published_time":"2025-01-15T17:01:27+00:00","og_image":[{"width":960,"height":540,"url":"https:\/\/www.rri.ro\/wp-content\/uploads\/2024\/03\/RRI-960x540-Le-flash-2-NOU.jpg","type":"image\/jpeg"}],"author":"Newsroom","twitter_card":"summary_large_image","twitter_misc":{"\u00c9crit par":"Newsroom","Dur\u00e9e de lecture estim\u00e9e":"8 minutes","Written by":"Newsroom"},"schema":{"@context":"https:\/\/schema.org","@graph":[{"@type":"Article","@id":"https:\/\/www.rri.ro\/fr\/actualites\/le-flash\/15-01-2025-mise-a-jour-id851722.html#article","isPartOf":{"@id":"https:\/\/www.rri.ro\/fr\/actualites\/le-flash\/15-01-2025-mise-a-jour-id851722.html"},"author":{"name":"Newsroom","@id":"https:\/\/www.rri.ro\/#\/schema\/person\/4a479940371b9fdefd194f561e8a7f88"},"headline":"15.01.2025 (mise \u00e0 jour)","datePublished":"2025-01-15T17:01:27+00:00","mainEntityOfPage":{"@id":"https:\/\/www.rri.ro\/fr\/actualites\/le-flash\/15-01-2025-mise-a-jour-id851722.html"},"wordCount":1584,"image":{"@id":"https:\/\/www.rri.ro\/fr\/actualites\/le-flash\/15-01-2025-mise-a-jour-id851722.html#primaryimage"},"thumbnailUrl":"https:\/\/www.rri.ro\/wp-content\/uploads\/2024\/03\/RRI-960x540-Le-flash-2-NOU.jpg","keywords":["enqu\u00eate","gouvernement","Parlement","politique","presse roumaine","protestations","R\u00e9publique de Moldova","revue de presse","Roumanie"],"articleSection":["Le flash"],"inLanguage":"fr-FR"},{"@type":"WebPage","@id":"https:\/\/www.rri.ro\/fr\/actualites\/le-flash\/15-01-2025-mise-a-jour-id851722.html","url":"https:\/\/www.rri.ro\/fr\/actualites\/le-flash\/15-01-2025-mise-a-jour-id851722.html","name":"15.01.2025 (mise \u00e0 jour) - Radio Roumanie Internationale","isPartOf":{"@id":"https:\/\/www.rri.ro\/#website"},"primaryImageOfPage":{"@id":"https:\/\/www.rri.ro\/fr\/actualites\/le-flash\/15-01-2025-mise-a-jour-id851722.html#primaryimage"},"image":{"@id":"https:\/\/www.rri.ro\/fr\/actualites\/le-flash\/15-01-2025-mise-a-jour-id851722.html#primaryimage"},"thumbnailUrl":"https:\/\/www.rri.ro\/wp-content\/uploads\/2024\/03\/RRI-960x540-Le-flash-2-NOU.jpg","datePublished":"2025-01-15T17:01:27+00:00","author":{"@id":"https:\/\/www.rri.ro\/#\/schema\/person\/4a479940371b9fdefd194f561e8a7f88"},"breadcrumb":{"@id":"https:\/\/www.rri.ro\/fr\/actualites\/le-flash\/15-01-2025-mise-a-jour-id851722.html#breadcrumb"},"inLanguage":"fr-FR","potentialAction":[{"@type":"ReadAction","target":["https:\/\/www.rri.ro\/fr\/actualites\/le-flash\/15-01-2025-mise-a-jour-id851722.html"]}]},{"@type":"ImageObject","inLanguage":"fr-FR","@id":"https:\/\/www.rri.ro\/fr\/actualites\/le-flash\/15-01-2025-mise-a-jour-id851722.html#primaryimage","url":"https:\/\/www.rri.ro\/wp-content\/uploads\/2024\/03\/RRI-960x540-Le-flash-2-NOU.jpg","contentUrl":"https:\/\/www.rri.ro\/wp-content\/uploads\/2024\/03\/RRI-960x540-Le-flash-2-NOU.jpg","width":960,"height":540},{"@type":"BreadcrumbList","@id":"https:\/\/www.rri.ro\/fr\/actualites\/le-flash\/15-01-2025-mise-a-jour-id851722.html#breadcrumb","itemListElement":[{"@type":"ListItem","position":1,"name":"Page d'accueil","item":"https:\/\/www.rri.ro\/fr"},{"@type":"ListItem","position":2,"name":"Actualit\u00e9s","item":"https:\/\/www.rri.ro\/fr\/actualites"},{"@type":"ListItem","position":3,"name":"Le flash","item":"https:\/\/www.rri.ro\/fr\/actualites\/le-flash"},{"@type":"ListItem","position":4,"name":"15.01.2025 (mise \u00e0 jour)"}]},{"@type":"WebSite","@id":"https:\/\/www.rri.ro\/#website","url":"https:\/\/www.rri.ro\/","name":"Radio Roumanie Internationale","description":"Totul despre Rom\u00e2nia \u015fi rom\u00e2ni, \u00een 13 limbi\/dialecte!","inLanguage":"fr-FR"},{"@type":"Person","@id":"https:\/\/www.rri.ro\/#\/schema\/person\/4a479940371b9fdefd194f561e8a7f88","name":"Newsroom","url":"https:\/\/www.rri.ro\/fr\/author\/newsroom"}]}},"_links":{"self":[{"href":"https:\/\/www.rri.ro\/fr\/wp-json\/wp\/v2\/posts\/851722","targetHints":{"allow":["GET"]}}],"collection":[{"href":"https:\/\/www.rri.ro\/fr\/wp-json\/wp\/v2\/posts"}],"about":[{"href":"https:\/\/www.rri.ro\/fr\/wp-json\/wp\/v2\/types\/post"}],"author":[{"embeddable":true,"href":"https:\/\/www.rri.ro\/fr\/wp-json\/wp\/v2\/users\/113"}],"replies":[{"embeddable":true,"href":"https:\/\/www.rri.ro\/fr\/wp-json\/wp\/v2\/comments?post=851722"}],"version-history":[{"count":0,"href":"https:\/\/www.rri.ro\/fr\/wp-json\/wp\/v2\/posts\/851722\/revisions"}],"wp:featuredmedia":[{"embeddable":true,"href":"https:\/\/www.rri.ro\/fr\/wp-json\/wp\/v2\/media\/723357"}],"wp:attachment":[{"href":"https:\/\/www.rri.ro\/fr\/wp-json\/wp\/v2\/media?parent=851722"}],"wp:term":[{"taxonomy":"category","embeddable":true,"href":"https:\/\/www.rri.ro\/fr\/wp-json\/wp\/v2\/categories?post=851722"},{"taxonomy":"post_tag","embeddable":true,"href":"https:\/\/www.rri.ro\/fr\/wp-json\/wp\/v2\/tags?post=851722"},{"taxonomy":"author","embeddable":true,"href":"https:\/\/www.rri.ro\/fr\/wp-json\/wp\/v2\/coauthors?post=851722"}],"curies":[{"name":"wp","href":"https:\/\/api.w.org\/{rel}","templated":true}]}}