{"id":854583,"date":"2025-08-16T10:04:50","date_gmt":"2025-08-16T07:04:50","guid":{"rendered":"https:\/\/www.rri.ro\/?p=854583"},"modified":"2025-08-12T20:24:20","modified_gmt":"2025-08-12T17:24:20","slug":"vis-viata-le-reve-la-vie-un-film-documentaire-de-ruxandra-gubernat","status":"publish","type":"post","link":"https:\/\/www.rri.ro\/fr\/chroniques-hebdomadaires\/espace-culture\/vis-viata-le-reve-la-vie-un-film-documentaire-de-ruxandra-gubernat-id854583.html","title":{"rendered":"\u00ab\u00a0Vis. Via\u021b\u0103 \/ Le r\u00eave. La vie\u00a0\u00bb, un film documentaire de Ruxandra Gubernat"},"content":{"rendered":"<p>R\u00e9alis\u00e9 par Ruxandra Gubernat, \u00ab\u00a0Vis. Via\u021b\u0103 \/ Le r\u00eave. La vie\u00a0\u00bb est le premier film documentaire roumain qui se propose de pr\u00e9senter les r\u00e9alit\u00e9s, les aspirations et les d\u00e9fis des jeunes de la G\u00e9n\u00e9ration Z. La r\u00e9alisatrice Ruxandra Gubernat, r\u00e9put\u00e9e pour sa riche exp\u00e9rience en mati\u00e8re de projets sociaux et cin\u00e9matographiques frappants, arrive, cette fois-ci, \u00e0 pr\u00e9senter avec beaucoup d\u2019empathie la mani\u00e8re dont les jeunes se rapportent au monde et rel\u00e8vent les d\u00e9fis, comment ils se construisent leur identit\u00e9 dans une soci\u00e9t\u00e9 en mouvement.<\/p>\n<p>&nbsp;<\/p>\n<p><strong>Une \u00e9tude toute en empathie de la G\u00e9n\u00e9ration Z<\/strong><\/p>\n<p>&nbsp;<\/p>\n<p>Le tournage, qui a dur\u00e9 quatre ans, a retenu l\u2019\u00e9volution des personnages principaux, confront\u00e9s \u00e0 une rude p\u00e9riode de transition, y compris les deux ann\u00e9es de pand\u00e9mie, marqu\u00e9es par l\u2019enseignement en ligne et l\u2019isolement des gens.<\/p>\n<p>&nbsp;<\/p>\n<p>Invit\u00e9e \u00e0 RRI, Ruxandra Gubernat a parl\u00e9 de son int\u00e9r\u00eat pour la G\u00e9n\u00e9ration Z et de la documentation du sujet de son film:<\/p>\n<p><em>\u00ab\u00a0Mon parcours s\u2019est d\u00e9roul\u00e9 entre la Roumanie et la France, o\u00f9 j\u2019ai habit\u00e9 pendant sept ans<\/em><em>, de 2008 \u00e0 2015, pour mes \u00e9tudes. De retour en Roumanie, je me suis rendu compte que j\u2019avais encore un grand nombre de questions \u00e0 me poser sur l\u2019option de quitter le pays. Je savais, \u00e9videmment, que de tr\u00e8s nombreuses personnes quittaient la Roumanie pour diff\u00e9rentes raisons, par exemple, \u00e9conomiques, comme \u00e0 la fin des ann\u00e9es 1990 et au d\u00e9but des ann\u00e9es 2000. D\u2019autres gens ont choisi de partir apr\u00e8s l\u2019adh\u00e9sion \u00e0 l\u2019UE, parce qu\u2019il \u00e9tait plus facile \u00e0 \u00e9migrer et \u00e0 \u00e9tudier dans un autre pays, comme dans mon cas. Enfin, il y en a eu d\u2019autres qui ont \u00e9t\u00e9 pouss\u00e9s par un besoin de conna\u00eetre le monde, et \u00e7a c\u2019est une des raisons que j\u2019ai d\u00e9couvertes chez la g\u00e9n\u00e9ration Z. C\u2019est ce qui m\u2019a amen\u00e9e \u00e0 m\u2019interroger davantage sur cette g\u00e9n\u00e9ration et ses options, sur le choix de quitter ou de rester en Roumanie. J\u2019ai lu de nombreuses \u00e9tudes selon lesquelles environ 80% des jeunes r\u00e9fl\u00e9chissaient \u00e0 la possibilit\u00e9 de quitter la Roumanie, tandis que plus de 25% d\u2019entre eux quittaient effectivement le pays. J\u2019ai commenc\u00e9 ma recherche en allant sur le terrain et en discutant avec les jeunes. Je me suis rendue \u00e0 Timi\u0219oara, Cluj, Bac\u0103u, Bra\u0219ov, Ploie\u0219ti, Bucure\u0219ti, T\u00e2rgu Jiu, et j\u2019ai contact\u00e9 des adolescents tr\u00e8s diff\u00e9rents les uns des autres, dont un grand nombre me disaient vouloir partir \u00e0 l\u2019\u00e9tranger. C\u2019est dans ce contexte que j\u2019ai commenc\u00e9 \u00e0 tourner mon film.\u00a0\u00bb<\/em><\/p>\n<p>&nbsp;<\/p>\n<p><strong>Le r\u00e9sultat final d\u2019un tournage de quatre ans<\/strong><\/p>\n<p>&nbsp;<\/p>\n<p>Alors qu\u2019ils imaginent des plans de quitter la Roumanie apr\u00e8s le lyc\u00e9e, Una &#8211; actrice, Habet &#8211; trappeur et \u0218tefania &#8211; activiste \u00e9cologiste sont tiraill\u00e9s entre drames personnels et dilemmes sur l\u2019avenir. Le documentaire de Ruxandra Gubernat suit leurs relations avec la famille, l\u2019\u00e9cole et la soci\u00e9t\u00e9.<\/p>\n<p>&nbsp;<\/p>\n<p>Ruxandra Gubernat raconte sur RRI comment elle avait choisi les trois adolescents, devenus les h\u00e9ros de son film <strong>: <\/strong><em>\u00ab\u00a0<\/em><em>Comme je le disais d\u00e9j\u00e0, je suis all\u00e9e \u00e0 plusieurs endroits du pays pour apprendre le plus possible sur la vie d\u2019un adolescent. Certains de la s\u00e9lection initiale ont abandonn\u00e9 parce qu\u2019ils ne se sentaient pas capables de s\u2019impliquer dans un processus longue dur\u00e9e. Moi-m\u00eame, j\u2019ai renonc\u00e9 \u00e0 d\u2019autres, mais on a construit une relation sp\u00e9ciale avec Habet, Una et \u0218tefania et on a r\u00e9ussi \u00e0 porter un processus qui s\u2019est av\u00e9r\u00e9 tr\u00e8s important pour eux. Je les ai rencontr\u00e9s quand ils avaient 16 ans et nous avons fini le tournage quand ils avaient d\u00e9j\u00e0 20 ans, c\u2019est-\u00e0-dire que nous avons travers\u00e9 ensemble toute leur adolescence. J\u2019ai \u00e9galement eu l\u2019impression que la cam\u00e9ra les aimait, ensemble et s\u00e9par\u00e9ment. Qu\u2019ils sont le mix parfait pour illustrer ce que c\u2019est que r\u00e9pondre aux pressions sociales, \u00e0 l\u2019int\u00e9r\u00eat pour l\u2019environnement et \u00e0 tout ce qu\u2019il se passe en g\u00e9n\u00e9ral autour d\u2019eux, autour de nous. Ils sont tous les trois des individus tr\u00e8s actifs et en m\u00eame temps tr\u00e8s diff\u00e9rents les uns des autres. \u0218tefania, par exemple, \u00e9tait \u00e0 la t\u00eate des manifs \u00ab\u00a0Fridays for Future\u00a0\u00bb en Roumanie, quand ce mouvement s\u2019\u00e9tait globalis\u00e9 et j\u2019ai trouv\u00e9 \u00e7a tr\u00e8s int\u00e9ressant. Habet faisait de la musique trappe et du th\u00e9\u00e2tre social dans le quartier de Ferentari, \u00e0 Bucarest, tandis qu\u2019Una et ses camarades de lyc\u00e9e passionn\u00e9s de th\u00e9\u00e2tre montaient une pi\u00e8ce sur le d\u00e9part de Roumanie. A travers leurs activit\u00e9s, ils touchaient simultan\u00e9ment \u00e0 des th\u00e8mes et des d\u00e9fis aussi bien locaux que g\u00e9n\u00e9raux. Ils parlaient d\u2019immigration, de classe, de tous les probl\u00e8mes que nous avons en tant que soci\u00e9t\u00e9, mais aussi de leurs probl\u00e8mes \u00e0 eux. En plus, ce qui a aussi beaucoup compt\u00e9 a \u00e9t\u00e9 la relation d\u2019une grande sinc\u00e9rit\u00e9 que j\u2019ai r\u00e9ussi \u00e0 cr\u00e9er avec chacun d\u2019entre eux\u00a0; c\u2019est ce qui nous a beaucoup rapproch\u00e9s les uns des autres. En fin de compte, ce film est le r\u00e9sultat d\u2019un processus de quatre ans et il faut \u00eatre sinc\u00e8re avec ses propres attentes et avec celles des autres. Si non, il serait impossible de faire quoi que ce soit et \u00e7a n\u2019aurait pas produit une histoire authentique.\u00a0\u00bb<\/em><\/p>\n<p>&nbsp;<\/p>\n<p>\u00ab\u00a0Vis. Via\u021b\u0103 \/ Le r\u00eave. La vie\u00a0\u00bb, le documentaire de Ruxandra Gubernat s\u2019est retrouv\u00e9 dans les s\u00e9lections officielles du Festival international du Film documentaire et des Droits de l\u2019homme One World Romania, du Festival international du\u00a0film\u00a0documentaire\u00a0Astra Film et du Festival international du Film documentaire pour le Changement social Moldox. Chercheuse et r\u00e9alisatrice, Ruxandra Gubernat a \u00e9galement cor\u00e9alis\u00e9 en 2018 \u00a0\u00ab\u00a0Portavoce\u00a0\u00bb, un documentaire moyen-m\u00e9trage de type collage sur les vagues de protestations des quinze derni\u00e8res ann\u00e9es en Roumanie. Ce film a \u00e9t\u00e9 nomm\u00e9 au prix du meilleur documentaire roumain au festival Astra Film de la m\u00eame ann\u00e9e et il a \u00e9t\u00e9 projet\u00e9 \u00e0 plusieurs autres festivals nationaux et internationaux. (Trad. Ileana \u0162\u0103roi)<\/p>\n","protected":false},"excerpt":{"rendered":"<p>R\u00e9alis\u00e9 par Ruxandra Gubernat, \u00ab\u00a0Vis. Via\u021b\u0103 \/ Le r\u00eave. La vie\u00a0\u00bb est le premier film documentaire roumain qui se propose de pr\u00e9senter les r\u00e9alit\u00e9s, les aspirations et les d\u00e9fis des jeunes de la G\u00e9n\u00e9ration Z. La r\u00e9alisatrice Ruxandra Gubernat, r\u00e9put\u00e9e pour sa riche exp\u00e9rience en mati\u00e8re de projets sociaux et cin\u00e9matographiques frappants, arrive, cette fois-ci, [&hellip;]<\/p>\n","protected":false},"author":21,"featured_media":849017,"comment_status":"closed","ping_status":"closed","sticky":false,"template":"","format":"standard","meta":{"_acf_changed":false,"footnotes":""},"categories":[87485],"tags":[],"coauthors":[113268],"class_list":["post-854583","post","type-post","status-publish","format-standard","has-post-thumbnail","hentry","category-espace-culture"],"acf":[],"yoast_head":"<!-- This site is optimized with the Yoast SEO plugin v27.3 - https:\/\/yoast.com\/product\/yoast-seo-wordpress\/ -->\n<title>\u00ab\u00a0Vis. Via\u021b\u0103 \/ Le r\u00eave. La vie\u00a0\u00bb, un film documentaire de Ruxandra Gubernat - Radio Roumanie Internationale<\/title>\n<meta name=\"robots\" content=\"index, follow, max-snippet:-1, max-image-preview:large, max-video-preview:-1\" \/>\n<link rel=\"canonical\" href=\"https:\/\/www.rri.ro\/fr\/chroniques-hebdomadaires\/espace-culture\/vis-viata-le-reve-la-vie-un-film-documentaire-de-ruxandra-gubernat-id854583.html\" \/>\n<meta property=\"og:locale\" content=\"fr_FR\" \/>\n<meta property=\"og:type\" content=\"article\" \/>\n<meta property=\"og:title\" content=\"\u00ab\u00a0Vis. Via\u021b\u0103 \/ Le r\u00eave. La vie\u00a0\u00bb, un film documentaire de Ruxandra Gubernat - Radio Roumanie Internationale\" \/>\n<meta property=\"og:description\" content=\"R\u00e9alis\u00e9 par Ruxandra Gubernat, \u00ab\u00a0Vis. Via\u021b\u0103 \/ Le r\u00eave. La vie\u00a0\u00bb est le premier film documentaire roumain qui se propose de pr\u00e9senter les r\u00e9alit\u00e9s, les aspirations et les d\u00e9fis des jeunes de la G\u00e9n\u00e9ration Z. La r\u00e9alisatrice Ruxandra Gubernat, r\u00e9put\u00e9e pour sa riche exp\u00e9rience en mati\u00e8re de projets sociaux et cin\u00e9matographiques frappants, arrive, cette fois-ci, [&hellip;]\" \/>\n<meta property=\"og:url\" content=\"https:\/\/www.rri.ro\/fr\/chroniques-hebdomadaires\/espace-culture\/vis-viata-le-reve-la-vie-un-film-documentaire-de-ruxandra-gubernat-id854583.html\" \/>\n<meta property=\"og:site_name\" content=\"Radio Roumanie Internationale\" \/>\n<meta property=\"article:published_time\" content=\"2025-08-16T07:04:50+00:00\" \/>\n<meta property=\"og:image\" content=\"https:\/\/www.rri.ro\/wp-content\/uploads\/2025\/01\/vis-viata-documentar-de-Ruxandra-Gubernat.jpg\" \/>\n\t<meta property=\"og:image:width\" content=\"960\" \/>\n\t<meta property=\"og:image:height\" content=\"540\" \/>\n\t<meta property=\"og:image:type\" content=\"image\/jpeg\" \/>\n<meta name=\"author\" content=\"Corina Sab\u0103u\" \/>\n<meta name=\"twitter:card\" content=\"summary_large_image\" \/>\n<meta name=\"twitter:label1\" content=\"\u00c9crit par\" \/>\n\t<meta name=\"twitter:data1\" content=\"Valentina Beleavski\" \/>\n\t<meta name=\"twitter:label2\" content=\"Dur\u00e9e de lecture estim\u00e9e\" \/>\n\t<meta name=\"twitter:data2\" content=\"5 minutes\" \/>\n\t<meta name=\"twitter:label3\" content=\"Written by\" \/>\n\t<meta name=\"twitter:data3\" content=\"Corina Sab\u0103u\" \/>\n<script type=\"application\/ld+json\" class=\"yoast-schema-graph\">{\"@context\":\"https:\\\/\\\/schema.org\",\"@graph\":[{\"@type\":\"Article\",\"@id\":\"https:\\\/\\\/www.rri.ro\\\/fr\\\/chroniques-hebdomadaires\\\/espace-culture\\\/vis-viata-le-reve-la-vie-un-film-documentaire-de-ruxandra-gubernat-id854583.html#article\",\"isPartOf\":{\"@id\":\"https:\\\/\\\/www.rri.ro\\\/fr\\\/chroniques-hebdomadaires\\\/espace-culture\\\/vis-viata-le-reve-la-vie-un-film-documentaire-de-ruxandra-gubernat-id854583.html\"},\"author\":{\"name\":\"Valentina Beleavski\",\"@id\":\"https:\\\/\\\/www.rri.ro\\\/#\\\/schema\\\/person\\\/f678ace260ac792e538779c8b1b55da2\"},\"headline\":\"\u00ab\u00a0Vis. Via\u021b\u0103 \\\/ Le r\u00eave. La vie\u00a0\u00bb, un film documentaire de Ruxandra Gubernat\",\"datePublished\":\"2025-08-16T07:04:50+00:00\",\"mainEntityOfPage\":{\"@id\":\"https:\\\/\\\/www.rri.ro\\\/fr\\\/chroniques-hebdomadaires\\\/espace-culture\\\/vis-viata-le-reve-la-vie-un-film-documentaire-de-ruxandra-gubernat-id854583.html\"},\"wordCount\":1104,\"image\":{\"@id\":\"https:\\\/\\\/www.rri.ro\\\/fr\\\/chroniques-hebdomadaires\\\/espace-culture\\\/vis-viata-le-reve-la-vie-un-film-documentaire-de-ruxandra-gubernat-id854583.html#primaryimage\"},\"thumbnailUrl\":\"https:\\\/\\\/www.rri.ro\\\/wp-content\\\/uploads\\\/2025\\\/01\\\/vis-viata-documentar-de-Ruxandra-Gubernat.jpg\",\"articleSection\":[\"Espace Culture\"],\"inLanguage\":\"fr-FR\"},{\"@type\":\"WebPage\",\"@id\":\"https:\\\/\\\/www.rri.ro\\\/fr\\\/chroniques-hebdomadaires\\\/espace-culture\\\/vis-viata-le-reve-la-vie-un-film-documentaire-de-ruxandra-gubernat-id854583.html\",\"url\":\"https:\\\/\\\/www.rri.ro\\\/fr\\\/chroniques-hebdomadaires\\\/espace-culture\\\/vis-viata-le-reve-la-vie-un-film-documentaire-de-ruxandra-gubernat-id854583.html\",\"name\":\"\u00ab\u00a0Vis. Via\u021b\u0103 \\\/ Le r\u00eave. La vie\u00a0\u00bb, un film documentaire de Ruxandra Gubernat - Radio Roumanie Internationale\",\"isPartOf\":{\"@id\":\"https:\\\/\\\/www.rri.ro\\\/#website\"},\"primaryImageOfPage\":{\"@id\":\"https:\\\/\\\/www.rri.ro\\\/fr\\\/chroniques-hebdomadaires\\\/espace-culture\\\/vis-viata-le-reve-la-vie-un-film-documentaire-de-ruxandra-gubernat-id854583.html#primaryimage\"},\"image\":{\"@id\":\"https:\\\/\\\/www.rri.ro\\\/fr\\\/chroniques-hebdomadaires\\\/espace-culture\\\/vis-viata-le-reve-la-vie-un-film-documentaire-de-ruxandra-gubernat-id854583.html#primaryimage\"},\"thumbnailUrl\":\"https:\\\/\\\/www.rri.ro\\\/wp-content\\\/uploads\\\/2025\\\/01\\\/vis-viata-documentar-de-Ruxandra-Gubernat.jpg\",\"datePublished\":\"2025-08-16T07:04:50+00:00\",\"author\":{\"@id\":\"https:\\\/\\\/www.rri.ro\\\/#\\\/schema\\\/person\\\/f678ace260ac792e538779c8b1b55da2\"},\"breadcrumb\":{\"@id\":\"https:\\\/\\\/www.rri.ro\\\/fr\\\/chroniques-hebdomadaires\\\/espace-culture\\\/vis-viata-le-reve-la-vie-un-film-documentaire-de-ruxandra-gubernat-id854583.html#breadcrumb\"},\"inLanguage\":\"fr-FR\",\"potentialAction\":[{\"@type\":\"ReadAction\",\"target\":[\"https:\\\/\\\/www.rri.ro\\\/fr\\\/chroniques-hebdomadaires\\\/espace-culture\\\/vis-viata-le-reve-la-vie-un-film-documentaire-de-ruxandra-gubernat-id854583.html\"]}]},{\"@type\":\"ImageObject\",\"inLanguage\":\"fr-FR\",\"@id\":\"https:\\\/\\\/www.rri.ro\\\/fr\\\/chroniques-hebdomadaires\\\/espace-culture\\\/vis-viata-le-reve-la-vie-un-film-documentaire-de-ruxandra-gubernat-id854583.html#primaryimage\",\"url\":\"https:\\\/\\\/www.rri.ro\\\/wp-content\\\/uploads\\\/2025\\\/01\\\/vis-viata-documentar-de-Ruxandra-Gubernat.jpg\",\"contentUrl\":\"https:\\\/\\\/www.rri.ro\\\/wp-content\\\/uploads\\\/2025\\\/01\\\/vis-viata-documentar-de-Ruxandra-Gubernat.jpg\",\"width\":960,\"height\":540,\"caption\":\"\u201cVis. Via\u021b\u0103\u201d, un documentar de Ruxandra Gubernat\"},{\"@type\":\"BreadcrumbList\",\"@id\":\"https:\\\/\\\/www.rri.ro\\\/fr\\\/chroniques-hebdomadaires\\\/espace-culture\\\/vis-viata-le-reve-la-vie-un-film-documentaire-de-ruxandra-gubernat-id854583.html#breadcrumb\",\"itemListElement\":[{\"@type\":\"ListItem\",\"position\":1,\"name\":\"Page d'accueil\",\"item\":\"https:\\\/\\\/www.rri.ro\\\/fr\"},{\"@type\":\"ListItem\",\"position\":2,\"name\":\"Panoramice\",\"item\":\"https:\\\/\\\/www.rri.ro\\\/panoramice\"},{\"@type\":\"ListItem\",\"position\":3,\"name\":\"Club Cultura\",\"item\":\"https:\\\/\\\/www.rri.ro\\\/panoramice\\\/club-cultura\"},{\"@type\":\"ListItem\",\"position\":4,\"name\":\"\u00ab\u00a0Vis. Via\u021b\u0103 \\\/ Le r\u00eave. La vie\u00a0\u00bb, un film documentaire de Ruxandra Gubernat\"}]},{\"@type\":\"WebSite\",\"@id\":\"https:\\\/\\\/www.rri.ro\\\/#website\",\"url\":\"https:\\\/\\\/www.rri.ro\\\/\",\"name\":\"Radio Roumanie Internationale\",\"description\":\"Totul despre Rom\u00e2nia \u015fi rom\u00e2ni, \u00een 13 limbi\\\/dialecte!\",\"inLanguage\":\"fr-FR\"},{\"@type\":\"Person\",\"@id\":\"https:\\\/\\\/www.rri.ro\\\/#\\\/schema\\\/person\\\/f678ace260ac792e538779c8b1b55da2\",\"name\":\"Valentina Beleavski\",\"url\":\"https:\\\/\\\/www.rri.ro\\\/fr\\\/author\\\/valentina-beleavski\"}]}<\/script>\n<!-- \/ Yoast SEO plugin. -->","yoast_head_json":{"title":"\u00ab\u00a0Vis. Via\u021b\u0103 \/ Le r\u00eave. La vie\u00a0\u00bb, un film documentaire de Ruxandra Gubernat - Radio Roumanie Internationale","robots":{"index":"index","follow":"follow","max-snippet":"max-snippet:-1","max-image-preview":"max-image-preview:large","max-video-preview":"max-video-preview:-1"},"canonical":"https:\/\/www.rri.ro\/fr\/chroniques-hebdomadaires\/espace-culture\/vis-viata-le-reve-la-vie-un-film-documentaire-de-ruxandra-gubernat-id854583.html","og_locale":"fr_FR","og_type":"article","og_title":"\u00ab\u00a0Vis. Via\u021b\u0103 \/ Le r\u00eave. La vie\u00a0\u00bb, un film documentaire de Ruxandra Gubernat - Radio Roumanie Internationale","og_description":"R\u00e9alis\u00e9 par Ruxandra Gubernat, \u00ab\u00a0Vis. Via\u021b\u0103 \/ Le r\u00eave. La vie\u00a0\u00bb est le premier film documentaire roumain qui se propose de pr\u00e9senter les r\u00e9alit\u00e9s, les aspirations et les d\u00e9fis des jeunes de la G\u00e9n\u00e9ration Z. La r\u00e9alisatrice Ruxandra Gubernat, r\u00e9put\u00e9e pour sa riche exp\u00e9rience en mati\u00e8re de projets sociaux et cin\u00e9matographiques frappants, arrive, cette fois-ci, [&hellip;]","og_url":"https:\/\/www.rri.ro\/fr\/chroniques-hebdomadaires\/espace-culture\/vis-viata-le-reve-la-vie-un-film-documentaire-de-ruxandra-gubernat-id854583.html","og_site_name":"Radio Roumanie Internationale","article_published_time":"2025-08-16T07:04:50+00:00","og_image":[{"width":960,"height":540,"url":"https:\/\/www.rri.ro\/wp-content\/uploads\/2025\/01\/vis-viata-documentar-de-Ruxandra-Gubernat.jpg","type":"image\/jpeg"}],"author":"Corina Sab\u0103u","twitter_card":"summary_large_image","twitter_misc":{"\u00c9crit par":"Valentina Beleavski","Dur\u00e9e de lecture estim\u00e9e":"5 minutes","Written by":"Corina Sab\u0103u"},"schema":{"@context":"https:\/\/schema.org","@graph":[{"@type":"Article","@id":"https:\/\/www.rri.ro\/fr\/chroniques-hebdomadaires\/espace-culture\/vis-viata-le-reve-la-vie-un-film-documentaire-de-ruxandra-gubernat-id854583.html#article","isPartOf":{"@id":"https:\/\/www.rri.ro\/fr\/chroniques-hebdomadaires\/espace-culture\/vis-viata-le-reve-la-vie-un-film-documentaire-de-ruxandra-gubernat-id854583.html"},"author":{"name":"Valentina Beleavski","@id":"https:\/\/www.rri.ro\/#\/schema\/person\/f678ace260ac792e538779c8b1b55da2"},"headline":"\u00ab\u00a0Vis. Via\u021b\u0103 \/ Le r\u00eave. La vie\u00a0\u00bb, un film documentaire de Ruxandra Gubernat","datePublished":"2025-08-16T07:04:50+00:00","mainEntityOfPage":{"@id":"https:\/\/www.rri.ro\/fr\/chroniques-hebdomadaires\/espace-culture\/vis-viata-le-reve-la-vie-un-film-documentaire-de-ruxandra-gubernat-id854583.html"},"wordCount":1104,"image":{"@id":"https:\/\/www.rri.ro\/fr\/chroniques-hebdomadaires\/espace-culture\/vis-viata-le-reve-la-vie-un-film-documentaire-de-ruxandra-gubernat-id854583.html#primaryimage"},"thumbnailUrl":"https:\/\/www.rri.ro\/wp-content\/uploads\/2025\/01\/vis-viata-documentar-de-Ruxandra-Gubernat.jpg","articleSection":["Espace Culture"],"inLanguage":"fr-FR"},{"@type":"WebPage","@id":"https:\/\/www.rri.ro\/fr\/chroniques-hebdomadaires\/espace-culture\/vis-viata-le-reve-la-vie-un-film-documentaire-de-ruxandra-gubernat-id854583.html","url":"https:\/\/www.rri.ro\/fr\/chroniques-hebdomadaires\/espace-culture\/vis-viata-le-reve-la-vie-un-film-documentaire-de-ruxandra-gubernat-id854583.html","name":"\u00ab\u00a0Vis. Via\u021b\u0103 \/ Le r\u00eave. La vie\u00a0\u00bb, un film documentaire de Ruxandra Gubernat - Radio Roumanie Internationale","isPartOf":{"@id":"https:\/\/www.rri.ro\/#website"},"primaryImageOfPage":{"@id":"https:\/\/www.rri.ro\/fr\/chroniques-hebdomadaires\/espace-culture\/vis-viata-le-reve-la-vie-un-film-documentaire-de-ruxandra-gubernat-id854583.html#primaryimage"},"image":{"@id":"https:\/\/www.rri.ro\/fr\/chroniques-hebdomadaires\/espace-culture\/vis-viata-le-reve-la-vie-un-film-documentaire-de-ruxandra-gubernat-id854583.html#primaryimage"},"thumbnailUrl":"https:\/\/www.rri.ro\/wp-content\/uploads\/2025\/01\/vis-viata-documentar-de-Ruxandra-Gubernat.jpg","datePublished":"2025-08-16T07:04:50+00:00","author":{"@id":"https:\/\/www.rri.ro\/#\/schema\/person\/f678ace260ac792e538779c8b1b55da2"},"breadcrumb":{"@id":"https:\/\/www.rri.ro\/fr\/chroniques-hebdomadaires\/espace-culture\/vis-viata-le-reve-la-vie-un-film-documentaire-de-ruxandra-gubernat-id854583.html#breadcrumb"},"inLanguage":"fr-FR","potentialAction":[{"@type":"ReadAction","target":["https:\/\/www.rri.ro\/fr\/chroniques-hebdomadaires\/espace-culture\/vis-viata-le-reve-la-vie-un-film-documentaire-de-ruxandra-gubernat-id854583.html"]}]},{"@type":"ImageObject","inLanguage":"fr-FR","@id":"https:\/\/www.rri.ro\/fr\/chroniques-hebdomadaires\/espace-culture\/vis-viata-le-reve-la-vie-un-film-documentaire-de-ruxandra-gubernat-id854583.html#primaryimage","url":"https:\/\/www.rri.ro\/wp-content\/uploads\/2025\/01\/vis-viata-documentar-de-Ruxandra-Gubernat.jpg","contentUrl":"https:\/\/www.rri.ro\/wp-content\/uploads\/2025\/01\/vis-viata-documentar-de-Ruxandra-Gubernat.jpg","width":960,"height":540,"caption":"\u201cVis. Via\u021b\u0103\u201d, un documentar de Ruxandra Gubernat"},{"@type":"BreadcrumbList","@id":"https:\/\/www.rri.ro\/fr\/chroniques-hebdomadaires\/espace-culture\/vis-viata-le-reve-la-vie-un-film-documentaire-de-ruxandra-gubernat-id854583.html#breadcrumb","itemListElement":[{"@type":"ListItem","position":1,"name":"Page d'accueil","item":"https:\/\/www.rri.ro\/fr"},{"@type":"ListItem","position":2,"name":"Panoramice","item":"https:\/\/www.rri.ro\/panoramice"},{"@type":"ListItem","position":3,"name":"Club Cultura","item":"https:\/\/www.rri.ro\/panoramice\/club-cultura"},{"@type":"ListItem","position":4,"name":"\u00ab\u00a0Vis. Via\u021b\u0103 \/ Le r\u00eave. La vie\u00a0\u00bb, un film documentaire de Ruxandra Gubernat"}]},{"@type":"WebSite","@id":"https:\/\/www.rri.ro\/#website","url":"https:\/\/www.rri.ro\/","name":"Radio Roumanie Internationale","description":"Totul despre Rom\u00e2nia \u015fi rom\u00e2ni, \u00een 13 limbi\/dialecte!","inLanguage":"fr-FR"},{"@type":"Person","@id":"https:\/\/www.rri.ro\/#\/schema\/person\/f678ace260ac792e538779c8b1b55da2","name":"Valentina Beleavski","url":"https:\/\/www.rri.ro\/fr\/author\/valentina-beleavski"}]}},"_links":{"self":[{"href":"https:\/\/www.rri.ro\/fr\/wp-json\/wp\/v2\/posts\/854583","targetHints":{"allow":["GET"]}}],"collection":[{"href":"https:\/\/www.rri.ro\/fr\/wp-json\/wp\/v2\/posts"}],"about":[{"href":"https:\/\/www.rri.ro\/fr\/wp-json\/wp\/v2\/types\/post"}],"author":[{"embeddable":true,"href":"https:\/\/www.rri.ro\/fr\/wp-json\/wp\/v2\/users\/21"}],"replies":[{"embeddable":true,"href":"https:\/\/www.rri.ro\/fr\/wp-json\/wp\/v2\/comments?post=854583"}],"version-history":[{"count":0,"href":"https:\/\/www.rri.ro\/fr\/wp-json\/wp\/v2\/posts\/854583\/revisions"}],"wp:featuredmedia":[{"embeddable":true,"href":"https:\/\/www.rri.ro\/fr\/wp-json\/wp\/v2\/media\/849017"}],"wp:attachment":[{"href":"https:\/\/www.rri.ro\/fr\/wp-json\/wp\/v2\/media?parent=854583"}],"wp:term":[{"taxonomy":"category","embeddable":true,"href":"https:\/\/www.rri.ro\/fr\/wp-json\/wp\/v2\/categories?post=854583"},{"taxonomy":"post_tag","embeddable":true,"href":"https:\/\/www.rri.ro\/fr\/wp-json\/wp\/v2\/tags?post=854583"},{"taxonomy":"author","embeddable":true,"href":"https:\/\/www.rri.ro\/fr\/wp-json\/wp\/v2\/coauthors?post=854583"}],"curies":[{"name":"wp","href":"https:\/\/api.w.org\/{rel}","templated":true}]}}