{"id":854989,"date":"2025-01-25T12:45:00","date_gmt":"2025-01-25T10:45:00","guid":{"rendered":"https:\/\/www.rri.ro\/?p=854989"},"modified":"2025-01-25T13:25:32","modified_gmt":"2025-01-25T11:25:32","slug":"25-01-2025","status":"publish","type":"post","link":"https:\/\/www.rri.ro\/fr\/actualites\/le-flash\/25-01-2025-id854989.html","title":{"rendered":"25.01.2025"},"content":{"rendered":"<p><strong>Elections pr\u00e9sidentielles &#8211; <\/strong>Les lib\u00e9raux se r\u00e9unissent dimanche en Conseil national extraordinaire pour valider l\u2019ancien pr\u00e9sident du PNL Crin Antonescu comme candidat commun de la coalition au pouvoir en Roumanie aux \u00e9lections pr\u00e9sidentielles de mai. Dans le m\u00eame but, le PSD a fix\u00e9 un congr\u00e8s extraordinaire au 2 f\u00e9vrier, tandis que l&rsquo;UDMR votera au d\u00e9but de la semaine prochaine. Les premier et deuxi\u00e8me tours des \u00e9lections pr\u00e9sidentielles sont pr\u00e9vus pour les 4 et 18 mai. Jusqu&rsquo;\u00e0 pr\u00e9sent, le maire g\u00e9n\u00e9ral de Bucarest, Nicu\u0219or Dan, l&rsquo;ind\u00e9pendant C\u0103lin Georgescu et la pr\u00e9sidente de l&rsquo;USR, Elena Lasconi, ont annonc\u00e9 leur intention d&rsquo;entrer dans la course. Ces deux derniers \u00e9taient les deux favoris dans les intentions de vote des Roumains lors de l&rsquo;\u00e9lection pr\u00e9sidentielle annul\u00e9e de l&rsquo;ann\u00e9e derni\u00e8re. Le 6 d\u00e9cembre, apr\u00e8s avoir valid\u00e9 le premier tour du 24 novembre, la Cour constitutionnelle de Roumanie a annul\u00e9 les \u00e9lections pr\u00e9sidentielles dans leur int\u00e9gralit\u00e9, m\u00eame si le vote pour le second tour avait d\u00e9j\u00e0 commenc\u00e9 dans la diaspora. La CCR a pris cette d\u00e9cision suite \u00e0 la publication par le Conseil supr\u00eame de la d\u00e9fense nationale d&rsquo;un rapport faisant \u00e9tat d&rsquo;une ing\u00e9rence ext\u00e9rieure dans le processus \u00e9lectoral, non confirm\u00e9e toutefois par des enqu\u00eates judiciaires. Des dizaines de milliers de Roumains ont manifest\u00e9 dans les rues pour demander la r\u00e9p\u00e9tition du second tour, qu&rsquo;ils consid\u00e8rent comme annul\u00e9 de mani\u00e8re injustifi\u00e9e.<\/p>\n<p><strong>\u00a0<\/strong><\/p>\n<p><strong>Manifestations \u2013 <\/strong>Le gouvernement roumain est dispos\u00e9 \u00e0 trouver des solutions, en tenant compte de la n\u00e9cessit\u00e9 de prot\u00e9ger le pouvoir d&rsquo;achat des citoyens et de maintenir l&rsquo;\u00e9quilibre macro-\u00e9conomique &#8211; a d\u00e9clar\u00e9 le chef de la Chancellerie du Premier ministre \u00e0 l&rsquo;issue des entretiens avec les repr\u00e9sentants des employ\u00e9s qui ont manifest\u00e9 devant le si\u00e8ge du gouvernement. Vendredi, des milliers de cheminots, de r\u00e9servistes militaires, de policiers, de mineurs, d&rsquo;ouvriers forestiers, de sid\u00e9rurgistes, d&#8217;employ\u00e9s du m\u00e9tro de Bucarest et de retrait\u00e9s ont particip\u00e9 \u00e0 un rassemblement, m\u00e9contents qu&rsquo;au d\u00e9but de cette ann\u00e9e, de nombreux travailleurs du secteur public se soient vu geler toute indexation ou augmentation de salaire et que les retraites n&rsquo;aient pas \u00e9t\u00e9 index\u00e9es sur l&rsquo;inflation. Dans le m\u00eame temps, la r\u00e9organisation des institutions publiques centrales et des entreprises publiques a r\u00e9cemment \u00e9t\u00e9 annonc\u00e9e. Selon le Premier ministre roumain Marcel Ciolacu, la r\u00e9organisation de l&rsquo;appareil budg\u00e9taire est une priorit\u00e9 pour l&rsquo;actuel gouvernement de coalition PSD-PNL-UDMR.<\/p>\n<p><strong>\u00a0<\/strong><\/p>\n<p><strong>R\u00e9publique de Moldova<\/strong> \u00a0&#8211; La pr\u00e9sidente de la R\u00e9publique de Moldova, Maia Sandu, rencontre ce samedi \u00e0 Kiev le pr\u00e9sident ukrainien Volodymyr Zelensky, le Premier ministre Denis Shmyhal et le pr\u00e9sident du Parlement Ruslan Stefanciuc. Les discussions porteront principalement sur la connexion des infrastructures entre les deux pays, le commerce, la coop\u00e9ration dans le cadre du processus d&rsquo;adh\u00e9sion \u00e0 l&rsquo;UE et la s\u00e9curit\u00e9 r\u00e9gionale. Un sujet important \u00e0 l&rsquo;ordre du jour est la crise \u00e9nerg\u00e9tique provoqu\u00e9e par la Russie, qui a entra\u00een\u00e9 une hausse des prix de l&rsquo;\u00e9nergie et priv\u00e9 de chauffage et d&rsquo;\u00e9lectricit\u00e9 les citoyens de Transnistrie, une r\u00e9gion s\u00e9paratiste russophone de la R\u00e9publique de Moldova. Le reste du territoire est, pour le moment, \u00e9pargn\u00e9 par les perturbations gr\u00e2ce aux importations d&rsquo;\u00e9lectricit\u00e9 et de gaz en provenance de la Roumanie voisine.<\/p>\n<p>&nbsp;<\/p>\n<p><strong>Holocauste<\/strong> \u00a0&#8211; La ministre roumaine de la Culture Natalia Intotero repr\u00e9sentera lundi la Roumanie \u00e0 la c\u00e9r\u00e9monie de comm\u00e9moration du 80e anniversaire de la lib\u00e9ration du camp de concentration d&rsquo;Auschwitz-Birkenau, en Pologne. L&rsquo;\u00e9v\u00e9nement, plac\u00e9 sous le patronage de la pr\u00e9sidence polonaise, marque la Journ\u00e9e internationale de comm\u00e9moration en m\u00e9moire des victimes de l&rsquo;Holocauste des Nations Unies et rassemble les survivants du camp, les d\u00e9l\u00e9gations officielles des \u00c9tats et les organisations intergouvernementales internationales. La participation de la Roumanie \u00e0 la c\u00e9r\u00e9monie du 27 janvier refl\u00e8te son engagement ferme \u00e0 maintenir la m\u00e9moire des victimes de l&rsquo;Holocauste, \u00e0 combattre toute forme de d\u00e9ni, de distorsion, de banalisation ou de minimisation de ce moment tragique du si\u00e8cle dernier, et \u00e0 lutter contre l&rsquo;antis\u00e9mitisme, la x\u00e9nophobie, la radicalisation et les discours de haine, tout en promouvant le respect des droits de l&rsquo;Homme fondamentaux, tant au niveau national qu&rsquo;international, a indiqu\u00e9 le minist\u00e8re roumain de la Culture.<\/p>\n<p><strong>\u00a0<\/strong><\/p>\n<p><strong>Standard &amp; Poor&rsquo;s<\/strong> &#8211; L&rsquo;agence de notation Standard &amp; Poor&rsquo;s a confirm\u00e9 la note \u00ab BBB moins \u00bb de la Roumanie, mais a r\u00e9vis\u00e9 ses perspectives, passant ainsi de stables \u00e0 n\u00e9gatives. Les raisons sont li\u00e9es \u00e0 des risques fiscaux et externes \u00e9lev\u00e9s, rapporte l&rsquo;agence. Cette derni\u00e8re indique que l&rsquo;environnement politique fragment\u00e9 et incertain, ainsi que toutes les d\u00e9penses importantes effectu\u00e9es avant les \u00e9lections, ont pouss\u00e9 le d\u00e9ficit fiscal \u00e0 pr\u00e8s de 8,7 % du PIB, un chiffre largement sup\u00e9rieur aux attentes. \u00c0 Bucarest, le ministre des Finances, T\u00e1nczos Barna, a d\u00e9clar\u00e9 que le changement de perspective de Standard &amp; Poor&rsquo;s, montre la n\u00e9cessit\u00e9 de prendre des mesures pour r\u00e9duire le d\u00e9ficit budg\u00e9taire, d&rsquo;adopter un budget prudent et d&rsquo;all\u00e9ger le budget de l&rsquo;\u00c9tat. Il a \u00e9galement d\u00e9clar\u00e9 que les d\u00e9cisions du gouvernement visant \u00e0 r\u00e9duire le d\u00e9ficit et \u00e0 renforcer la croissance \u00e9conomique doivent \u00eatre mises en \u0153uvre rapidement, sous la forme d\u00e9j\u00e0 convenue avec les partenaires europ\u00e9ens.<\/p>\n<p>&nbsp;<\/p>\n<p><strong>Tel Aviv<\/strong> &#8211; Quatre femmes soldats isra\u00e9liennes retenues en otage par le Hamas depuis le 7 octobre 2023 sont arriv\u00e9es en Isra\u00ebl ce samdi. En \u00e9change, Isra\u00ebl doit lib\u00e9rer 200 Palestiniens d\u00e9tenus dans ses prisons. Il s&rsquo;agit du deuxi\u00e8me \u00e9change de prisonniers organis\u00e9 dans le cadre du cessez-le-feu entr\u00e9 en vigueur dimanche dernier entre Isra\u00ebl et le Hamas apr\u00e8s 15 mois de guerre. Dans la premi\u00e8re phase, qui durera six semaines, 33 otages isra\u00e9liens doivent \u00eatre lib\u00e9r\u00e9s en \u00e9change d&rsquo;environ 1 900 prisonniers palestiniens. Rappelons qu&rsquo;une attaque du Hamas, le 7 octobre 2023, a caus\u00e9 la mort de 1 210 Isra\u00e9liens, pour la plupart des civils. Sur les 251 personnes enlev\u00e9es, 91 se trouvent toujours \u00e0 Gaza, dont 34 seraient mortes, selon l&rsquo;arm\u00e9e isra\u00e9lienne. En repr\u00e9sailles, Isra\u00ebl a lanc\u00e9 une offensive dans la bande de Gaza, qui a fait au moins 47 000 morts, pour la plupart des civils, et provoqu\u00e9 une catastrophe humanitaire.<\/p>\n<p><strong>\u00a0<\/strong><\/p>\n<p><strong>M\u00e9t\u00e9o<\/strong> \u2013 Hausse du thermom\u00e8tre en Roumanie o\u00f9 les temp\u00e9ratures seront largement sup\u00e9rieures aux normales saisonni\u00e8res. Le ciel restera variable dans le sud-est, o\u00f9 de l\u00e9g\u00e8res averses sont attendues. Les temp\u00e9ratures maximales seront comprises entre 4 et 13 degr\u00e9s. 7 degr\u00e9s et un ciel couvert aujourd\u2019hui \u00e0 Bucarest.<\/p>\n","protected":false},"excerpt":{"rendered":"<p>Elections pr\u00e9sidentielles &#8211; Les lib\u00e9raux se r\u00e9unissent dimanche en Conseil national extraordinaire pour valider l\u2019ancien pr\u00e9sident du PNL Crin Antonescu comme candidat commun de la coalition au pouvoir en Roumanie aux \u00e9lections pr\u00e9sidentielles de mai. Dans le m\u00eame but, le PSD a fix\u00e9 un congr\u00e8s extraordinaire au 2 f\u00e9vrier, tandis que l&rsquo;UDMR votera au d\u00e9but [&hellip;]<\/p>\n","protected":false},"author":113,"featured_media":723357,"comment_status":"closed","ping_status":"closed","sticky":false,"template":"","format":"standard","meta":{"_acf_changed":false,"footnotes":""},"categories":[89002],"tags":[87096,116085,116087,90810,85567,85944,85700,85918,95075,85412,85661],"coauthors":[116091],"class_list":["post-854989","post","type-post","status-publish","format-standard","has-post-thumbnail","hentry","category-le-flash","tag-gouvernement","tag-hamas-fr","tag-israel-fr","tag-otages","tag-politique","tag-presse-roumaine","tag-protestations","tag-republique-de-moldova","tag-revue-de-presse","tag-roumanie","tag-russie"],"acf":[],"yoast_head":"<!-- This site is optimized with the Yoast SEO plugin v27.3 - https:\/\/yoast.com\/product\/yoast-seo-wordpress\/ -->\n<title>25.01.2025 - Radio Roumanie Internationale<\/title>\n<meta name=\"robots\" content=\"index, follow, max-snippet:-1, max-image-preview:large, max-video-preview:-1\" \/>\n<link rel=\"canonical\" href=\"https:\/\/www.rri.ro\/fr\/actualites\/le-flash\/25-01-2025-id854989.html\" \/>\n<meta property=\"og:locale\" content=\"fr_FR\" \/>\n<meta property=\"og:type\" content=\"article\" \/>\n<meta property=\"og:title\" content=\"25.01.2025 - Radio Roumanie Internationale\" \/>\n<meta property=\"og:description\" content=\"Elections pr\u00e9sidentielles &#8211; Les lib\u00e9raux se r\u00e9unissent dimanche en Conseil national extraordinaire pour valider l\u2019ancien pr\u00e9sident du PNL Crin Antonescu comme candidat commun de la coalition au pouvoir en Roumanie aux \u00e9lections pr\u00e9sidentielles de mai. Dans le m\u00eame but, le PSD a fix\u00e9 un congr\u00e8s extraordinaire au 2 f\u00e9vrier, tandis que l&rsquo;UDMR votera au d\u00e9but [&hellip;]\" \/>\n<meta property=\"og:url\" content=\"https:\/\/www.rri.ro\/fr\/actualites\/le-flash\/25-01-2025-id854989.html\" \/>\n<meta property=\"og:site_name\" content=\"Radio Roumanie Internationale\" \/>\n<meta property=\"article:published_time\" content=\"2025-01-25T10:45:00+00:00\" \/>\n<meta property=\"article:modified_time\" content=\"2025-01-25T11:25:32+00:00\" \/>\n<meta property=\"og:image\" content=\"https:\/\/www.rri.ro\/wp-content\/uploads\/2024\/03\/RRI-960x540-Le-flash-2-NOU.jpg\" \/>\n\t<meta property=\"og:image:width\" content=\"960\" \/>\n\t<meta property=\"og:image:height\" content=\"540\" \/>\n\t<meta property=\"og:image:type\" content=\"image\/jpeg\" \/>\n<meta name=\"author\" content=\"Newsroom\" \/>\n<meta name=\"twitter:card\" content=\"summary_large_image\" \/>\n<meta name=\"twitter:label1\" content=\"\u00c9crit par\" \/>\n\t<meta name=\"twitter:data1\" content=\"Newsroom\" \/>\n\t<meta name=\"twitter:label2\" content=\"Dur\u00e9e de lecture estim\u00e9e\" \/>\n\t<meta name=\"twitter:data2\" content=\"6 minutes\" \/>\n\t<meta name=\"twitter:label3\" content=\"Written by\" \/>\n\t<meta name=\"twitter:data3\" content=\"Newsroom\" \/>\n<script type=\"application\/ld+json\" class=\"yoast-schema-graph\">{\"@context\":\"https:\\\/\\\/schema.org\",\"@graph\":[{\"@type\":\"Article\",\"@id\":\"https:\\\/\\\/www.rri.ro\\\/fr\\\/actualites\\\/le-flash\\\/25-01-2025-id854989.html#article\",\"isPartOf\":{\"@id\":\"https:\\\/\\\/www.rri.ro\\\/fr\\\/actualites\\\/le-flash\\\/25-01-2025-id854989.html\"},\"author\":{\"name\":\"Newsroom\",\"@id\":\"https:\\\/\\\/www.rri.ro\\\/#\\\/schema\\\/person\\\/4a479940371b9fdefd194f561e8a7f88\"},\"headline\":\"25.01.2025\",\"datePublished\":\"2025-01-25T10:45:00+00:00\",\"dateModified\":\"2025-01-25T11:25:32+00:00\",\"mainEntityOfPage\":{\"@id\":\"https:\\\/\\\/www.rri.ro\\\/fr\\\/actualites\\\/le-flash\\\/25-01-2025-id854989.html\"},\"wordCount\":1176,\"image\":{\"@id\":\"https:\\\/\\\/www.rri.ro\\\/fr\\\/actualites\\\/le-flash\\\/25-01-2025-id854989.html#primaryimage\"},\"thumbnailUrl\":\"https:\\\/\\\/www.rri.ro\\\/wp-content\\\/uploads\\\/2024\\\/03\\\/RRI-960x540-Le-flash-2-NOU.jpg\",\"keywords\":[\"gouvernement\",\"Hamas\",\"Israel\",\"otages\",\"politique\",\"presse roumaine\",\"protestations\",\"R\u00e9publique de Moldova\",\"revue de presse\",\"Roumanie\",\"Russie\"],\"articleSection\":[\"Le flash\"],\"inLanguage\":\"fr-FR\"},{\"@type\":\"WebPage\",\"@id\":\"https:\\\/\\\/www.rri.ro\\\/fr\\\/actualites\\\/le-flash\\\/25-01-2025-id854989.html\",\"url\":\"https:\\\/\\\/www.rri.ro\\\/fr\\\/actualites\\\/le-flash\\\/25-01-2025-id854989.html\",\"name\":\"25.01.2025 - Radio Roumanie Internationale\",\"isPartOf\":{\"@id\":\"https:\\\/\\\/www.rri.ro\\\/#website\"},\"primaryImageOfPage\":{\"@id\":\"https:\\\/\\\/www.rri.ro\\\/fr\\\/actualites\\\/le-flash\\\/25-01-2025-id854989.html#primaryimage\"},\"image\":{\"@id\":\"https:\\\/\\\/www.rri.ro\\\/fr\\\/actualites\\\/le-flash\\\/25-01-2025-id854989.html#primaryimage\"},\"thumbnailUrl\":\"https:\\\/\\\/www.rri.ro\\\/wp-content\\\/uploads\\\/2024\\\/03\\\/RRI-960x540-Le-flash-2-NOU.jpg\",\"datePublished\":\"2025-01-25T10:45:00+00:00\",\"dateModified\":\"2025-01-25T11:25:32+00:00\",\"author\":{\"@id\":\"https:\\\/\\\/www.rri.ro\\\/#\\\/schema\\\/person\\\/4a479940371b9fdefd194f561e8a7f88\"},\"breadcrumb\":{\"@id\":\"https:\\\/\\\/www.rri.ro\\\/fr\\\/actualites\\\/le-flash\\\/25-01-2025-id854989.html#breadcrumb\"},\"inLanguage\":\"fr-FR\",\"potentialAction\":[{\"@type\":\"ReadAction\",\"target\":[\"https:\\\/\\\/www.rri.ro\\\/fr\\\/actualites\\\/le-flash\\\/25-01-2025-id854989.html\"]}]},{\"@type\":\"ImageObject\",\"inLanguage\":\"fr-FR\",\"@id\":\"https:\\\/\\\/www.rri.ro\\\/fr\\\/actualites\\\/le-flash\\\/25-01-2025-id854989.html#primaryimage\",\"url\":\"https:\\\/\\\/www.rri.ro\\\/wp-content\\\/uploads\\\/2024\\\/03\\\/RRI-960x540-Le-flash-2-NOU.jpg\",\"contentUrl\":\"https:\\\/\\\/www.rri.ro\\\/wp-content\\\/uploads\\\/2024\\\/03\\\/RRI-960x540-Le-flash-2-NOU.jpg\",\"width\":960,\"height\":540},{\"@type\":\"BreadcrumbList\",\"@id\":\"https:\\\/\\\/www.rri.ro\\\/fr\\\/actualites\\\/le-flash\\\/25-01-2025-id854989.html#breadcrumb\",\"itemListElement\":[{\"@type\":\"ListItem\",\"position\":1,\"name\":\"Page d'accueil\",\"item\":\"https:\\\/\\\/www.rri.ro\\\/fr\"},{\"@type\":\"ListItem\",\"position\":2,\"name\":\"Actualit\u00e9s\",\"item\":\"https:\\\/\\\/www.rri.ro\\\/fr\\\/actualites\"},{\"@type\":\"ListItem\",\"position\":3,\"name\":\"Le flash\",\"item\":\"https:\\\/\\\/www.rri.ro\\\/fr\\\/actualites\\\/le-flash\"},{\"@type\":\"ListItem\",\"position\":4,\"name\":\"25.01.2025\"}]},{\"@type\":\"WebSite\",\"@id\":\"https:\\\/\\\/www.rri.ro\\\/#website\",\"url\":\"https:\\\/\\\/www.rri.ro\\\/\",\"name\":\"Radio Roumanie Internationale\",\"description\":\"Totul despre Rom\u00e2nia \u015fi rom\u00e2ni, \u00een 13 limbi\\\/dialecte!\",\"inLanguage\":\"fr-FR\"},{\"@type\":\"Person\",\"@id\":\"https:\\\/\\\/www.rri.ro\\\/#\\\/schema\\\/person\\\/4a479940371b9fdefd194f561e8a7f88\",\"name\":\"Newsroom\",\"url\":\"https:\\\/\\\/www.rri.ro\\\/fr\\\/author\\\/newsroom\"}]}<\/script>\n<!-- \/ Yoast SEO plugin. -->","yoast_head_json":{"title":"25.01.2025 - Radio Roumanie Internationale","robots":{"index":"index","follow":"follow","max-snippet":"max-snippet:-1","max-image-preview":"max-image-preview:large","max-video-preview":"max-video-preview:-1"},"canonical":"https:\/\/www.rri.ro\/fr\/actualites\/le-flash\/25-01-2025-id854989.html","og_locale":"fr_FR","og_type":"article","og_title":"25.01.2025 - Radio Roumanie Internationale","og_description":"Elections pr\u00e9sidentielles &#8211; Les lib\u00e9raux se r\u00e9unissent dimanche en Conseil national extraordinaire pour valider l\u2019ancien pr\u00e9sident du PNL Crin Antonescu comme candidat commun de la coalition au pouvoir en Roumanie aux \u00e9lections pr\u00e9sidentielles de mai. Dans le m\u00eame but, le PSD a fix\u00e9 un congr\u00e8s extraordinaire au 2 f\u00e9vrier, tandis que l&rsquo;UDMR votera au d\u00e9but [&hellip;]","og_url":"https:\/\/www.rri.ro\/fr\/actualites\/le-flash\/25-01-2025-id854989.html","og_site_name":"Radio Roumanie Internationale","article_published_time":"2025-01-25T10:45:00+00:00","article_modified_time":"2025-01-25T11:25:32+00:00","og_image":[{"width":960,"height":540,"url":"https:\/\/www.rri.ro\/wp-content\/uploads\/2024\/03\/RRI-960x540-Le-flash-2-NOU.jpg","type":"image\/jpeg"}],"author":"Newsroom","twitter_card":"summary_large_image","twitter_misc":{"\u00c9crit par":"Newsroom","Dur\u00e9e de lecture estim\u00e9e":"6 minutes","Written by":"Newsroom"},"schema":{"@context":"https:\/\/schema.org","@graph":[{"@type":"Article","@id":"https:\/\/www.rri.ro\/fr\/actualites\/le-flash\/25-01-2025-id854989.html#article","isPartOf":{"@id":"https:\/\/www.rri.ro\/fr\/actualites\/le-flash\/25-01-2025-id854989.html"},"author":{"name":"Newsroom","@id":"https:\/\/www.rri.ro\/#\/schema\/person\/4a479940371b9fdefd194f561e8a7f88"},"headline":"25.01.2025","datePublished":"2025-01-25T10:45:00+00:00","dateModified":"2025-01-25T11:25:32+00:00","mainEntityOfPage":{"@id":"https:\/\/www.rri.ro\/fr\/actualites\/le-flash\/25-01-2025-id854989.html"},"wordCount":1176,"image":{"@id":"https:\/\/www.rri.ro\/fr\/actualites\/le-flash\/25-01-2025-id854989.html#primaryimage"},"thumbnailUrl":"https:\/\/www.rri.ro\/wp-content\/uploads\/2024\/03\/RRI-960x540-Le-flash-2-NOU.jpg","keywords":["gouvernement","Hamas","Israel","otages","politique","presse roumaine","protestations","R\u00e9publique de Moldova","revue de presse","Roumanie","Russie"],"articleSection":["Le flash"],"inLanguage":"fr-FR"},{"@type":"WebPage","@id":"https:\/\/www.rri.ro\/fr\/actualites\/le-flash\/25-01-2025-id854989.html","url":"https:\/\/www.rri.ro\/fr\/actualites\/le-flash\/25-01-2025-id854989.html","name":"25.01.2025 - Radio Roumanie Internationale","isPartOf":{"@id":"https:\/\/www.rri.ro\/#website"},"primaryImageOfPage":{"@id":"https:\/\/www.rri.ro\/fr\/actualites\/le-flash\/25-01-2025-id854989.html#primaryimage"},"image":{"@id":"https:\/\/www.rri.ro\/fr\/actualites\/le-flash\/25-01-2025-id854989.html#primaryimage"},"thumbnailUrl":"https:\/\/www.rri.ro\/wp-content\/uploads\/2024\/03\/RRI-960x540-Le-flash-2-NOU.jpg","datePublished":"2025-01-25T10:45:00+00:00","dateModified":"2025-01-25T11:25:32+00:00","author":{"@id":"https:\/\/www.rri.ro\/#\/schema\/person\/4a479940371b9fdefd194f561e8a7f88"},"breadcrumb":{"@id":"https:\/\/www.rri.ro\/fr\/actualites\/le-flash\/25-01-2025-id854989.html#breadcrumb"},"inLanguage":"fr-FR","potentialAction":[{"@type":"ReadAction","target":["https:\/\/www.rri.ro\/fr\/actualites\/le-flash\/25-01-2025-id854989.html"]}]},{"@type":"ImageObject","inLanguage":"fr-FR","@id":"https:\/\/www.rri.ro\/fr\/actualites\/le-flash\/25-01-2025-id854989.html#primaryimage","url":"https:\/\/www.rri.ro\/wp-content\/uploads\/2024\/03\/RRI-960x540-Le-flash-2-NOU.jpg","contentUrl":"https:\/\/www.rri.ro\/wp-content\/uploads\/2024\/03\/RRI-960x540-Le-flash-2-NOU.jpg","width":960,"height":540},{"@type":"BreadcrumbList","@id":"https:\/\/www.rri.ro\/fr\/actualites\/le-flash\/25-01-2025-id854989.html#breadcrumb","itemListElement":[{"@type":"ListItem","position":1,"name":"Page d'accueil","item":"https:\/\/www.rri.ro\/fr"},{"@type":"ListItem","position":2,"name":"Actualit\u00e9s","item":"https:\/\/www.rri.ro\/fr\/actualites"},{"@type":"ListItem","position":3,"name":"Le flash","item":"https:\/\/www.rri.ro\/fr\/actualites\/le-flash"},{"@type":"ListItem","position":4,"name":"25.01.2025"}]},{"@type":"WebSite","@id":"https:\/\/www.rri.ro\/#website","url":"https:\/\/www.rri.ro\/","name":"Radio Roumanie Internationale","description":"Totul despre Rom\u00e2nia \u015fi rom\u00e2ni, \u00een 13 limbi\/dialecte!","inLanguage":"fr-FR"},{"@type":"Person","@id":"https:\/\/www.rri.ro\/#\/schema\/person\/4a479940371b9fdefd194f561e8a7f88","name":"Newsroom","url":"https:\/\/www.rri.ro\/fr\/author\/newsroom"}]}},"_links":{"self":[{"href":"https:\/\/www.rri.ro\/fr\/wp-json\/wp\/v2\/posts\/854989","targetHints":{"allow":["GET"]}}],"collection":[{"href":"https:\/\/www.rri.ro\/fr\/wp-json\/wp\/v2\/posts"}],"about":[{"href":"https:\/\/www.rri.ro\/fr\/wp-json\/wp\/v2\/types\/post"}],"author":[{"embeddable":true,"href":"https:\/\/www.rri.ro\/fr\/wp-json\/wp\/v2\/users\/113"}],"replies":[{"embeddable":true,"href":"https:\/\/www.rri.ro\/fr\/wp-json\/wp\/v2\/comments?post=854989"}],"version-history":[{"count":0,"href":"https:\/\/www.rri.ro\/fr\/wp-json\/wp\/v2\/posts\/854989\/revisions"}],"wp:featuredmedia":[{"embeddable":true,"href":"https:\/\/www.rri.ro\/fr\/wp-json\/wp\/v2\/media\/723357"}],"wp:attachment":[{"href":"https:\/\/www.rri.ro\/fr\/wp-json\/wp\/v2\/media?parent=854989"}],"wp:term":[{"taxonomy":"category","embeddable":true,"href":"https:\/\/www.rri.ro\/fr\/wp-json\/wp\/v2\/categories?post=854989"},{"taxonomy":"post_tag","embeddable":true,"href":"https:\/\/www.rri.ro\/fr\/wp-json\/wp\/v2\/tags?post=854989"},{"taxonomy":"author","embeddable":true,"href":"https:\/\/www.rri.ro\/fr\/wp-json\/wp\/v2\/coauthors?post=854989"}],"curies":[{"name":"wp","href":"https:\/\/api.w.org\/{rel}","templated":true}]}}