{"id":856426,"date":"2025-01-29T17:49:04","date_gmt":"2025-01-29T15:49:04","guid":{"rendered":"https:\/\/www.rri.ro\/?p=856426"},"modified":"2025-01-29T17:49:04","modified_gmt":"2025-01-29T15:49:04","slug":"29-01-2025-mise-a-jour-1-2","status":"publish","type":"post","link":"https:\/\/www.rri.ro\/fr\/actualites\/le-flash\/29-01-2025-mise-a-jour-1-2-id856426.html","title":{"rendered":"29.01.2025 (mise \u00e0 jour 1)"},"content":{"rendered":"<p><strong>Descente des mineurs<\/strong> &#8211; L&rsquo;ancien chef du Service Roumain des Renseignements, Virgil M\u0103gureanu fait l\u2019objet de poursuites p\u00e9nales pour crimes contre l&rsquo;humanit\u00e9 dans l&rsquo;affaire de la \u00ab Descente des mineurs sur Bucarest les 13-15 juin 1990 \u00bb. Les procureurs de la Section militaire du Parquet aupr\u00e8s la Haute Cour de Cassation et de Justice ont ordonn\u00e9 ce mercredi l&rsquo;ouverture de la proc\u00e9dure p\u00e9nale et ont pr\u00e9cis\u00e9 que la qualification juridique des faits se fondait exclusivement sur les preuves administr\u00e9es apr\u00e8s le 4 juin 2021, date \u00e0 laquelle l&rsquo;affaire avait \u00e9t\u00e9 renvoy\u00e9e au Parquet de la Haute Cour de Cassation et de Justice. A ce moment-l\u00e0, les juges avaient d\u00e9cid\u00e9 d&rsquo;annuler toutes les preuves recueillies par les procureurs. Dans le m\u00eame dossier, des poursuites p\u00e9nales ont \u00e9galement \u00e9t\u00e9 lanc\u00e9es contre l&rsquo;ancien pr\u00e9sident roumain, Ion Iliescu, l&rsquo;ancien premier ministre, Petre Roman, l&rsquo;ancien vice-premier ministre Gelu Voican Voiculescu, l&rsquo;ancien conseiller du premier ministre, Adrian S\u00e2rbu, l&rsquo;ancien dirigeant syndical des mineurs de la vall\u00e9e de la Jiu, Miron Cozma, et les officiers militaires \u00e0 la retraite Vasile Dobrinoiu et Petre Peter.<\/p>\n<p>&nbsp;<\/p>\n<p><strong>Artefacts<\/strong> &#8211; De nouveaux \u00e9l\u00e9ments ont \u00e9t\u00e9 communiqu\u00e9s au sujet des pi\u00e8ces du tr\u00e9sor roumain vol\u00e9es dans la nuit de vendredi \u00e0 samedi dans un mus\u00e9e des Pays-Bas. La police n\u00e9erlandaise affirme avoir des preuves que plusieurs suspects du cambriolage sont originaires d&rsquo;une province du nord-ouest des Pays-Bas. Les autorit\u00e9s n\u00e9erlandaises indiquent \u00e9galement que des recherches techniques et tactiques approfondies ont \u00e9t\u00e9 men\u00e9es \u00e0 l&rsquo;int\u00e9rieur et autour du mus\u00e9e et qu&rsquo;une \u00e9quipe de quelques dizaines d&rsquo;enqu\u00eateurs et de sp\u00e9cialistes travaille sur l&rsquo;affaire afin d&rsquo;arr\u00eater les voleurs et de r\u00e9cup\u00e9rer les objets. Il s&rsquo;agit du casque en or de Co\u021bofene\u0219ti et de trois bracelets de la capitale dace de Sarmisegetuza Regia &#8211; des objets de patrimoine et des \u00e9l\u00e9ments essentiels de l&rsquo;histoire et de l&rsquo;identit\u00e9 du peuple roumain, un patrimoine culturel inestimable non seulement pour la Roumanie mais aussi pour le monde entier, comme l\u2019a d\u00e9clar\u00e9 la ministre de la culture de Bucarest, Natalia Intotero. La ministre a limog\u00e9 le directeur du Mus\u00e9e National d&rsquo;Histoire de la Roumanie, Ernest Oberl\u00e4nder-T\u00e2rnoveanu, en lui reprochant la mani\u00e8re dont il a communiqu\u00e9 publiquement et institutionnellement dans l&rsquo;affaire du vol des objets du tr\u00e9sor. Pour pr\u00e9cision, c\u2019est le mus\u00e9e d&rsquo;Histoire qui avait envoy\u00e9 les objets pour une exposition aux Pays-Bas.<\/p>\n<p>&nbsp;<\/p>\n<p><strong>Elections<\/strong> \u2013 A Bucarest, le gouvernement de la coalition form\u00e9e du PSD-PNL-UDMR a adopt\u00e9 mardi une d\u00e9cision fixant le calendrier \u00e9lectoral en vue du premier tour des \u00e9lections pr\u00e9sidentielles du 4 mai prochain. La p\u00e9riode \u00e9lectorale d\u00e9butera le 18 f\u00e9vrier, la date limite pour d\u00e9poser les candidatures aupr\u00e8s du Bureau Electoral Central \u00e9tant le 15 mars. Puis, la campagne \u00e9lectorale d\u00e9butera le 4 avril et se terminera le matin du 3 mai. Le vote en Roumanie aura lieu le dimanche 4 mai, alors que dans les 950 bureaux de l&rsquo;\u00e9tranger, le vote sera organis\u00e9 sur trois jours, soit les 2, 3 et 4 mai. Les Roumains de l&rsquo;\u00e9tranger peuvent \u00e9galement voter par correspondance en s&rsquo;inscrivant sur le site <a href=\"http:\/\/www.votstrainatate.ro\">www.votstrainatate.ro<\/a>.<\/p>\n<p><strong>\u00a0<\/strong><\/p>\n<p><strong>Budget<\/strong> &#8211; Les leaders de la coalition gouvernementale de Bucarest se penchent \u00e0 nouveau ce mercredi sur le projet de budget de cette ann\u00e9e. Il s&rsquo;agit des derniers calculs sur la mani\u00e8re dont l&rsquo;argent de l&rsquo;\u00c9tat sera distribu\u00e9, avant que le projet de loi ne soit soumis pour adoption au gouvernement, vendredi, et au Parlement, la semaine prochaine, pour \u00eatre vot\u00e9. Les sommes les plus importantes seront allou\u00e9es au paiement des pensions de retraite et aux investissements, tandis que les d\u00e9penses en mati\u00e8re de biens, salaires et services seront r\u00e9duites dans tous les minist\u00e8res et les institutions, selon le ministre des Finances. L&rsquo;objectif en est de r\u00e9duire les budgets des minist\u00e8res de 5 % par rapport \u00e0 l&rsquo;ann\u00e9e derni\u00e8re, \u00e0 l&rsquo;exception des portefeuilles de la Sant\u00e9, de l&rsquo;Int\u00e9rieur, de l&rsquo;Education, des Transports et de la D\u00e9fense nationale. Les investissements d\u00e9passeront les 7 % du PIB pour soutenir la croissance \u00e9conomique et le d\u00e9veloppement du pays. Pour l&rsquo;agriculture, les priorit\u00e9s envisag\u00e9es sont\u00a0: le soutien accord\u00e9 au d\u00e9veloppement du secteur de l&rsquo;\u00e9levage, la poursuite du programme national INVESTALIM pour la modernisation et la diversification de l\u2019industrie alimentaire et le financement des syst\u00e8mes d&rsquo;irrigation. En m\u00eame temps, le minist\u00e8re de l&rsquo;Economie poursuivra son soutien massif aux entrepreneurs \u00e0 travers les programmes Start-up Nation et Construct Plus, alors que l&rsquo;industrie de la d\u00e9fense b\u00e9n\u00e9ficiera cette ann\u00e9e encore de plus de 2 % du PIB. Le minist\u00e8re des Transports poursuivra \u00e9galement ses investissements, d\u00e9marr\u00e9s les ann\u00e9es pr\u00e9c\u00e9dentes, notamment pour la construction d&rsquo;autoroutes, de voies rapides et l&rsquo;am\u00e9lioration du r\u00e9seau routier national.<\/p>\n<p>&nbsp;<\/p>\n<p><strong>Diplomatie<\/strong> \u2013 A Bruxelles, le chef de la diplomatie roumaine, Emil Hurezeanu, a discut\u00e9 avec la vice-pr\u00e9sidente ex\u00e9cutive de la Commission europ\u00e9enne, charg\u00e9e des droits sociaux et des comp\u00e9tences, des emplois de qualit\u00e9 et de la formation, la Roumaine Roxana M\u00eenzatu, de plusieurs dossiers importants \u00e0 l&rsquo;agenda europ\u00e9en actuel. Continuer de soutenir le processus d&rsquo;\u00e9largissement de l&rsquo;UE, poursuivre le soutien accord\u00e9 \u00e0 l&rsquo;Ukraine en guerre et \u00e0 la R\u00e9publique de Moldova, d\u00e9velopper une vision strat\u00e9gique pour la mer Noire \u2013 autant de sujets abord\u00e9s par les deux responsables. Ils ont \u00e9galement discut\u00e9 de la promotion des objectifs de convergence et de coh\u00e9sion dans les n\u00e9gociations sur le prochain cadre financier pluriannuel d\u2019apr\u00e8s 2027 et du renforcement de l&rsquo;action europ\u00e9enne dans le domaine de la d\u00e9fense. A Bruxelles encore, le ministre roumain des AE a particip\u00e9 au Conseil des affaires \u00e9trang\u00e8res et a rencontr\u00e9 le secr\u00e9taire g\u00e9n\u00e9ral de l&rsquo;OTAN, Mark Rutte.<\/p>\n<p>&nbsp;<\/p>\n<p><strong>Acad\u00e9mie<\/strong> \u2013 L&rsquo;Acad\u00e9mie roumaine a lanc\u00e9 ce mercredi \u00ab L\u2019Ann\u00e9e du cardinal Iuliu Hossu \u00bb par une s\u00e9ance comm\u00e9morative. L&rsquo;ann\u00e9e 2025 a \u00e9t\u00e9 \u00e9tablie par la loi comme \u00ab Ann\u00e9e du cardinal Iuliu Hossu \u00bb en hommage \u00e0 sa vie, son \u0153uvre, sa personnalit\u00e9, son martyre, son r\u00f4le d\u00e9cisif dans la Grande Union et aux efforts qu&rsquo;il a d\u00e9ploy\u00e9s pour sauver les Juifs pendant l&rsquo;Holocauste. Brillant intellectuel de Transylvanie, le cardinal Iuliu Hossu fut une figure marquante de l&rsquo;histoire de la Roumanie. Il a \u00e9t\u00e9 arr\u00eat\u00e9 et enferm\u00e9 dans les prisons communistes pour avoir refus\u00e9 de renier sa foi grecque-catholique et pour son travail \u00e0 la d\u00e9fense des fid\u00e8les de cette \u00e9glise. A cette occasion, le pr\u00e9sident Klaus Iohannis a envoy\u00e9 un message rappelant les paroles du cardinal &#8211; \u00ab Notre foi est notre vie \u00bb &#8211; des mots qui, \u00e0 son avis, peuvent devenir un puissant appel \u00e0 la conscience civique, \u00e0 l&rsquo;unit\u00e9 et au courage, \u00e0 la solidarit\u00e9 avec nos semblables et avec l&rsquo;avenir du pays.<\/p>\n<p>&nbsp;<\/p>\n<p><strong>M\u00e9t\u00e9o<\/strong> \u2013 Il fait tr\u00e8s chaud ce mercredi sur l\u2019ensemble du pays, avec des maxima qui iront de 8 \u00e0 19 degr\u00e9s. Le ciel sera pourtant couvert sur l\u2019ouest, le centre et le nord-ouest o\u00f9 l\u2019on attend de la pluie par endroits. Les pr\u00e9cipitations sont mixtes en montagne, \u00e0 plus de 1 500 m d\u2019altitude. Nous avons une belle journ\u00e9e ensoleill\u00e9e \u00e0 Bucarest aussi avec une temp\u00e9rature maximale attendue de 17 degr\u00e9s.<\/p>\n","protected":false},"excerpt":{"rendered":"<p>Descente des mineurs &#8211; L&rsquo;ancien chef du Service Roumain des Renseignements, Virgil M\u0103gureanu fait l\u2019objet de poursuites p\u00e9nales pour crimes contre l&rsquo;humanit\u00e9 dans l&rsquo;affaire de la \u00ab Descente des mineurs sur Bucarest les 13-15 juin 1990 \u00bb. Les procureurs de la Section militaire du Parquet aupr\u00e8s la Haute Cour de Cassation et de Justice ont [&hellip;]<\/p>\n","protected":false},"author":113,"featured_media":723357,"comment_status":"closed","ping_status":"closed","sticky":false,"template":"","format":"standard","meta":{"_acf_changed":false,"footnotes":""},"categories":[89002],"tags":[132394,87096,85567,85944,85700,95075,85412],"coauthors":[116091],"class_list":["post-856426","post","type-post","status-publish","format-standard","has-post-thumbnail","hentry","category-le-flash","tag-elections-fr","tag-gouvernement","tag-politique","tag-presse-roumaine","tag-protestations","tag-revue-de-presse","tag-roumanie"],"acf":[],"yoast_head":"<!-- This site is optimized with the Yoast SEO plugin v27.3 - https:\/\/yoast.com\/product\/yoast-seo-wordpress\/ -->\n<title>29.01.2025 (mise \u00e0 jour 1) - Radio Roumanie Internationale<\/title>\n<meta name=\"robots\" content=\"index, follow, max-snippet:-1, max-image-preview:large, max-video-preview:-1\" \/>\n<link rel=\"canonical\" href=\"https:\/\/www.rri.ro\/fr\/actualites\/le-flash\/29-01-2025-mise-a-jour-1-2-id856426.html\" \/>\n<meta property=\"og:locale\" content=\"fr_FR\" \/>\n<meta property=\"og:type\" content=\"article\" \/>\n<meta property=\"og:title\" content=\"29.01.2025 (mise \u00e0 jour 1) - Radio Roumanie Internationale\" \/>\n<meta property=\"og:description\" content=\"Descente des mineurs &#8211; L&rsquo;ancien chef du Service Roumain des Renseignements, Virgil M\u0103gureanu fait l\u2019objet de poursuites p\u00e9nales pour crimes contre l&rsquo;humanit\u00e9 dans l&rsquo;affaire de la \u00ab Descente des mineurs sur Bucarest les 13-15 juin 1990 \u00bb. Les procureurs de la Section militaire du Parquet aupr\u00e8s la Haute Cour de Cassation et de Justice ont [&hellip;]\" \/>\n<meta property=\"og:url\" content=\"https:\/\/www.rri.ro\/fr\/actualites\/le-flash\/29-01-2025-mise-a-jour-1-2-id856426.html\" \/>\n<meta property=\"og:site_name\" content=\"Radio Roumanie Internationale\" \/>\n<meta property=\"article:published_time\" content=\"2025-01-29T15:49:04+00:00\" \/>\n<meta property=\"og:image\" content=\"https:\/\/www.rri.ro\/wp-content\/uploads\/2024\/03\/RRI-960x540-Le-flash-2-NOU.jpg\" \/>\n\t<meta property=\"og:image:width\" content=\"960\" \/>\n\t<meta property=\"og:image:height\" content=\"540\" \/>\n\t<meta property=\"og:image:type\" content=\"image\/jpeg\" \/>\n<meta name=\"author\" content=\"Newsroom\" \/>\n<meta name=\"twitter:card\" content=\"summary_large_image\" \/>\n<meta name=\"twitter:label1\" content=\"\u00c9crit par\" \/>\n\t<meta name=\"twitter:data1\" content=\"Newsroom\" \/>\n\t<meta name=\"twitter:label2\" content=\"Dur\u00e9e de lecture estim\u00e9e\" \/>\n\t<meta name=\"twitter:data2\" content=\"6 minutes\" \/>\n\t<meta name=\"twitter:label3\" content=\"Written by\" \/>\n\t<meta name=\"twitter:data3\" content=\"Newsroom\" \/>\n<script type=\"application\/ld+json\" class=\"yoast-schema-graph\">{\"@context\":\"https:\\\/\\\/schema.org\",\"@graph\":[{\"@type\":\"Article\",\"@id\":\"https:\\\/\\\/www.rri.ro\\\/fr\\\/actualites\\\/le-flash\\\/29-01-2025-mise-a-jour-1-2-id856426.html#article\",\"isPartOf\":{\"@id\":\"https:\\\/\\\/www.rri.ro\\\/fr\\\/actualites\\\/le-flash\\\/29-01-2025-mise-a-jour-1-2-id856426.html\"},\"author\":{\"name\":\"Newsroom\",\"@id\":\"https:\\\/\\\/www.rri.ro\\\/#\\\/schema\\\/person\\\/4a479940371b9fdefd194f561e8a7f88\"},\"headline\":\"29.01.2025 (mise \u00e0 jour 1)\",\"datePublished\":\"2025-01-29T15:49:04+00:00\",\"mainEntityOfPage\":{\"@id\":\"https:\\\/\\\/www.rri.ro\\\/fr\\\/actualites\\\/le-flash\\\/29-01-2025-mise-a-jour-1-2-id856426.html\"},\"wordCount\":1291,\"image\":{\"@id\":\"https:\\\/\\\/www.rri.ro\\\/fr\\\/actualites\\\/le-flash\\\/29-01-2025-mise-a-jour-1-2-id856426.html#primaryimage\"},\"thumbnailUrl\":\"https:\\\/\\\/www.rri.ro\\\/wp-content\\\/uploads\\\/2024\\\/03\\\/RRI-960x540-Le-flash-2-NOU.jpg\",\"keywords\":[\"elections\",\"gouvernement\",\"politique\",\"presse roumaine\",\"protestations\",\"revue de presse\",\"Roumanie\"],\"articleSection\":[\"Le flash\"],\"inLanguage\":\"fr-FR\"},{\"@type\":\"WebPage\",\"@id\":\"https:\\\/\\\/www.rri.ro\\\/fr\\\/actualites\\\/le-flash\\\/29-01-2025-mise-a-jour-1-2-id856426.html\",\"url\":\"https:\\\/\\\/www.rri.ro\\\/fr\\\/actualites\\\/le-flash\\\/29-01-2025-mise-a-jour-1-2-id856426.html\",\"name\":\"29.01.2025 (mise \u00e0 jour 1) - Radio Roumanie Internationale\",\"isPartOf\":{\"@id\":\"https:\\\/\\\/www.rri.ro\\\/#website\"},\"primaryImageOfPage\":{\"@id\":\"https:\\\/\\\/www.rri.ro\\\/fr\\\/actualites\\\/le-flash\\\/29-01-2025-mise-a-jour-1-2-id856426.html#primaryimage\"},\"image\":{\"@id\":\"https:\\\/\\\/www.rri.ro\\\/fr\\\/actualites\\\/le-flash\\\/29-01-2025-mise-a-jour-1-2-id856426.html#primaryimage\"},\"thumbnailUrl\":\"https:\\\/\\\/www.rri.ro\\\/wp-content\\\/uploads\\\/2024\\\/03\\\/RRI-960x540-Le-flash-2-NOU.jpg\",\"datePublished\":\"2025-01-29T15:49:04+00:00\",\"author\":{\"@id\":\"https:\\\/\\\/www.rri.ro\\\/#\\\/schema\\\/person\\\/4a479940371b9fdefd194f561e8a7f88\"},\"breadcrumb\":{\"@id\":\"https:\\\/\\\/www.rri.ro\\\/fr\\\/actualites\\\/le-flash\\\/29-01-2025-mise-a-jour-1-2-id856426.html#breadcrumb\"},\"inLanguage\":\"fr-FR\",\"potentialAction\":[{\"@type\":\"ReadAction\",\"target\":[\"https:\\\/\\\/www.rri.ro\\\/fr\\\/actualites\\\/le-flash\\\/29-01-2025-mise-a-jour-1-2-id856426.html\"]}]},{\"@type\":\"ImageObject\",\"inLanguage\":\"fr-FR\",\"@id\":\"https:\\\/\\\/www.rri.ro\\\/fr\\\/actualites\\\/le-flash\\\/29-01-2025-mise-a-jour-1-2-id856426.html#primaryimage\",\"url\":\"https:\\\/\\\/www.rri.ro\\\/wp-content\\\/uploads\\\/2024\\\/03\\\/RRI-960x540-Le-flash-2-NOU.jpg\",\"contentUrl\":\"https:\\\/\\\/www.rri.ro\\\/wp-content\\\/uploads\\\/2024\\\/03\\\/RRI-960x540-Le-flash-2-NOU.jpg\",\"width\":960,\"height\":540},{\"@type\":\"BreadcrumbList\",\"@id\":\"https:\\\/\\\/www.rri.ro\\\/fr\\\/actualites\\\/le-flash\\\/29-01-2025-mise-a-jour-1-2-id856426.html#breadcrumb\",\"itemListElement\":[{\"@type\":\"ListItem\",\"position\":1,\"name\":\"Page d'accueil\",\"item\":\"https:\\\/\\\/www.rri.ro\\\/fr\"},{\"@type\":\"ListItem\",\"position\":2,\"name\":\"Actualit\u00e9s\",\"item\":\"https:\\\/\\\/www.rri.ro\\\/fr\\\/actualites\"},{\"@type\":\"ListItem\",\"position\":3,\"name\":\"Le flash\",\"item\":\"https:\\\/\\\/www.rri.ro\\\/fr\\\/actualites\\\/le-flash\"},{\"@type\":\"ListItem\",\"position\":4,\"name\":\"29.01.2025 (mise \u00e0 jour 1)\"}]},{\"@type\":\"WebSite\",\"@id\":\"https:\\\/\\\/www.rri.ro\\\/#website\",\"url\":\"https:\\\/\\\/www.rri.ro\\\/\",\"name\":\"Radio Roumanie Internationale\",\"description\":\"Totul despre Rom\u00e2nia \u015fi rom\u00e2ni, \u00een 13 limbi\\\/dialecte!\",\"inLanguage\":\"fr-FR\"},{\"@type\":\"Person\",\"@id\":\"https:\\\/\\\/www.rri.ro\\\/#\\\/schema\\\/person\\\/4a479940371b9fdefd194f561e8a7f88\",\"name\":\"Newsroom\",\"url\":\"https:\\\/\\\/www.rri.ro\\\/fr\\\/author\\\/newsroom\"}]}<\/script>\n<!-- \/ Yoast SEO plugin. -->","yoast_head_json":{"title":"29.01.2025 (mise \u00e0 jour 1) - Radio Roumanie Internationale","robots":{"index":"index","follow":"follow","max-snippet":"max-snippet:-1","max-image-preview":"max-image-preview:large","max-video-preview":"max-video-preview:-1"},"canonical":"https:\/\/www.rri.ro\/fr\/actualites\/le-flash\/29-01-2025-mise-a-jour-1-2-id856426.html","og_locale":"fr_FR","og_type":"article","og_title":"29.01.2025 (mise \u00e0 jour 1) - Radio Roumanie Internationale","og_description":"Descente des mineurs &#8211; L&rsquo;ancien chef du Service Roumain des Renseignements, Virgil M\u0103gureanu fait l\u2019objet de poursuites p\u00e9nales pour crimes contre l&rsquo;humanit\u00e9 dans l&rsquo;affaire de la \u00ab Descente des mineurs sur Bucarest les 13-15 juin 1990 \u00bb. Les procureurs de la Section militaire du Parquet aupr\u00e8s la Haute Cour de Cassation et de Justice ont [&hellip;]","og_url":"https:\/\/www.rri.ro\/fr\/actualites\/le-flash\/29-01-2025-mise-a-jour-1-2-id856426.html","og_site_name":"Radio Roumanie Internationale","article_published_time":"2025-01-29T15:49:04+00:00","og_image":[{"width":960,"height":540,"url":"https:\/\/www.rri.ro\/wp-content\/uploads\/2024\/03\/RRI-960x540-Le-flash-2-NOU.jpg","type":"image\/jpeg"}],"author":"Newsroom","twitter_card":"summary_large_image","twitter_misc":{"\u00c9crit par":"Newsroom","Dur\u00e9e de lecture estim\u00e9e":"6 minutes","Written by":"Newsroom"},"schema":{"@context":"https:\/\/schema.org","@graph":[{"@type":"Article","@id":"https:\/\/www.rri.ro\/fr\/actualites\/le-flash\/29-01-2025-mise-a-jour-1-2-id856426.html#article","isPartOf":{"@id":"https:\/\/www.rri.ro\/fr\/actualites\/le-flash\/29-01-2025-mise-a-jour-1-2-id856426.html"},"author":{"name":"Newsroom","@id":"https:\/\/www.rri.ro\/#\/schema\/person\/4a479940371b9fdefd194f561e8a7f88"},"headline":"29.01.2025 (mise \u00e0 jour 1)","datePublished":"2025-01-29T15:49:04+00:00","mainEntityOfPage":{"@id":"https:\/\/www.rri.ro\/fr\/actualites\/le-flash\/29-01-2025-mise-a-jour-1-2-id856426.html"},"wordCount":1291,"image":{"@id":"https:\/\/www.rri.ro\/fr\/actualites\/le-flash\/29-01-2025-mise-a-jour-1-2-id856426.html#primaryimage"},"thumbnailUrl":"https:\/\/www.rri.ro\/wp-content\/uploads\/2024\/03\/RRI-960x540-Le-flash-2-NOU.jpg","keywords":["elections","gouvernement","politique","presse roumaine","protestations","revue de presse","Roumanie"],"articleSection":["Le flash"],"inLanguage":"fr-FR"},{"@type":"WebPage","@id":"https:\/\/www.rri.ro\/fr\/actualites\/le-flash\/29-01-2025-mise-a-jour-1-2-id856426.html","url":"https:\/\/www.rri.ro\/fr\/actualites\/le-flash\/29-01-2025-mise-a-jour-1-2-id856426.html","name":"29.01.2025 (mise \u00e0 jour 1) - Radio Roumanie Internationale","isPartOf":{"@id":"https:\/\/www.rri.ro\/#website"},"primaryImageOfPage":{"@id":"https:\/\/www.rri.ro\/fr\/actualites\/le-flash\/29-01-2025-mise-a-jour-1-2-id856426.html#primaryimage"},"image":{"@id":"https:\/\/www.rri.ro\/fr\/actualites\/le-flash\/29-01-2025-mise-a-jour-1-2-id856426.html#primaryimage"},"thumbnailUrl":"https:\/\/www.rri.ro\/wp-content\/uploads\/2024\/03\/RRI-960x540-Le-flash-2-NOU.jpg","datePublished":"2025-01-29T15:49:04+00:00","author":{"@id":"https:\/\/www.rri.ro\/#\/schema\/person\/4a479940371b9fdefd194f561e8a7f88"},"breadcrumb":{"@id":"https:\/\/www.rri.ro\/fr\/actualites\/le-flash\/29-01-2025-mise-a-jour-1-2-id856426.html#breadcrumb"},"inLanguage":"fr-FR","potentialAction":[{"@type":"ReadAction","target":["https:\/\/www.rri.ro\/fr\/actualites\/le-flash\/29-01-2025-mise-a-jour-1-2-id856426.html"]}]},{"@type":"ImageObject","inLanguage":"fr-FR","@id":"https:\/\/www.rri.ro\/fr\/actualites\/le-flash\/29-01-2025-mise-a-jour-1-2-id856426.html#primaryimage","url":"https:\/\/www.rri.ro\/wp-content\/uploads\/2024\/03\/RRI-960x540-Le-flash-2-NOU.jpg","contentUrl":"https:\/\/www.rri.ro\/wp-content\/uploads\/2024\/03\/RRI-960x540-Le-flash-2-NOU.jpg","width":960,"height":540},{"@type":"BreadcrumbList","@id":"https:\/\/www.rri.ro\/fr\/actualites\/le-flash\/29-01-2025-mise-a-jour-1-2-id856426.html#breadcrumb","itemListElement":[{"@type":"ListItem","position":1,"name":"Page d'accueil","item":"https:\/\/www.rri.ro\/fr"},{"@type":"ListItem","position":2,"name":"Actualit\u00e9s","item":"https:\/\/www.rri.ro\/fr\/actualites"},{"@type":"ListItem","position":3,"name":"Le flash","item":"https:\/\/www.rri.ro\/fr\/actualites\/le-flash"},{"@type":"ListItem","position":4,"name":"29.01.2025 (mise \u00e0 jour 1)"}]},{"@type":"WebSite","@id":"https:\/\/www.rri.ro\/#website","url":"https:\/\/www.rri.ro\/","name":"Radio Roumanie Internationale","description":"Totul despre Rom\u00e2nia \u015fi rom\u00e2ni, \u00een 13 limbi\/dialecte!","inLanguage":"fr-FR"},{"@type":"Person","@id":"https:\/\/www.rri.ro\/#\/schema\/person\/4a479940371b9fdefd194f561e8a7f88","name":"Newsroom","url":"https:\/\/www.rri.ro\/fr\/author\/newsroom"}]}},"_links":{"self":[{"href":"https:\/\/www.rri.ro\/fr\/wp-json\/wp\/v2\/posts\/856426","targetHints":{"allow":["GET"]}}],"collection":[{"href":"https:\/\/www.rri.ro\/fr\/wp-json\/wp\/v2\/posts"}],"about":[{"href":"https:\/\/www.rri.ro\/fr\/wp-json\/wp\/v2\/types\/post"}],"author":[{"embeddable":true,"href":"https:\/\/www.rri.ro\/fr\/wp-json\/wp\/v2\/users\/113"}],"replies":[{"embeddable":true,"href":"https:\/\/www.rri.ro\/fr\/wp-json\/wp\/v2\/comments?post=856426"}],"version-history":[{"count":0,"href":"https:\/\/www.rri.ro\/fr\/wp-json\/wp\/v2\/posts\/856426\/revisions"}],"wp:featuredmedia":[{"embeddable":true,"href":"https:\/\/www.rri.ro\/fr\/wp-json\/wp\/v2\/media\/723357"}],"wp:attachment":[{"href":"https:\/\/www.rri.ro\/fr\/wp-json\/wp\/v2\/media?parent=856426"}],"wp:term":[{"taxonomy":"category","embeddable":true,"href":"https:\/\/www.rri.ro\/fr\/wp-json\/wp\/v2\/categories?post=856426"},{"taxonomy":"post_tag","embeddable":true,"href":"https:\/\/www.rri.ro\/fr\/wp-json\/wp\/v2\/tags?post=856426"},{"taxonomy":"author","embeddable":true,"href":"https:\/\/www.rri.ro\/fr\/wp-json\/wp\/v2\/coauthors?post=856426"}],"curies":[{"name":"wp","href":"https:\/\/api.w.org\/{rel}","templated":true}]}}