{"id":857630,"date":"2025-02-03T11:59:24","date_gmt":"2025-02-03T09:59:24","guid":{"rendered":"https:\/\/www.rri.ro\/?p=857630"},"modified":"2025-02-03T11:59:24","modified_gmt":"2025-02-03T09:59:24","slug":"le-nouveau-budget-pour-2025-en-debat-au-parlement","status":"publish","type":"post","link":"https:\/\/www.rri.ro\/fr\/actualites\/complement-dactu\/le-nouveau-budget-pour-2025-en-debat-au-parlement-id857630.html","title":{"rendered":"Le nouveau budget pour 2025 en d\u00e9bat au Parlement"},"content":{"rendered":"<p><span style=\"font-weight: 400;\">Le gouvernement de Bucarest a approuv\u00e9 le projet de budget de la Roumanie pour cette ann\u00e9e, bas\u00e9 sur une croissance \u00e9conomique de 2,5 %, une inflation moyenne de 4,4 % et un d\u00e9ficit de 7 % du PIB. Apr\u00e8s son adoption, le ministre des finances, Tanczos Barna, a d\u00e9clar\u00e9 qu&rsquo;il s&rsquo;agissait d&rsquo;un budget sobre et \u00e9quilibr\u00e9, bas\u00e9 sur des pr\u00e9visions prudentes, mettant l&rsquo;accent sur les investissements avec des allocations record d\u2019environ 30 milliards d&rsquo;euros. Le ministre a \u00e9galement assur\u00e9 qu&rsquo;il y avait assez d&rsquo;argent pour les salaires, les retraites ainsi que pour les prestations sociales, pay\u00e9s toutefois au niveau de l\u2019ann\u00e9e 2024, apr\u00e8s que l&rsquo;ex\u00e9cutif a d\u00e9j\u00e0 gel\u00e9, d\u00e9but janvier, toute indexation ou augmentation de salaire pour de nombreux fonctionnaires par ordonnance gouvernementale, et que les pensions n&rsquo;ont plus \u00e9t\u00e9 index\u00e9es sur l&rsquo;inflation. Il a \u00e9galement \u00e9t\u00e9 annonc\u00e9 que les institutions publiques centrales et les entreprises publiques feraient l\u2019objet d\u2019une restructuration afin de r\u00e9duire leurs d\u00e9penses tout en offrant des services de qualit\u00e9.\u00a0<\/span><\/p>\n<p>&nbsp;<\/p>\n<h3><b>Poursuivre les investissements tout en r\u00e9duisant les d\u00e9penses<\/b><\/h3>\n<p><span style=\"font-weight: 400;\">Il est essentiel de maintenir l&rsquo;\u00e9quilibre budg\u00e9taire au cours des sept prochaines ann\u00e9es, jusqu&rsquo;\u00e0 ce qu&rsquo;il revienne \u00e0 un d\u00e9ficit de 3 %, afin de g\u00e9rer les vuln\u00e9rabilit\u00e9s structurelles de l&rsquo;\u00e9conomie nationale, a ajout\u00e9 le ministre des Finances Tanczos Barna. Les transports recevront des fonds suppl\u00e9mentaires pour poursuivre les projets d&rsquo;infrastructure d\u00e9j\u00e0 entam\u00e9s, tout comme les minist\u00e8res de l&rsquo;Energie, du Travail, de l&rsquo;\u00c9ducation, de la Sant\u00e9 et des fonds europ\u00e9ens, tandis que 2,5 % du produit int\u00e9rieur brut seront allou\u00e9s \u00e0 la d\u00e9fense pour moderniser l&rsquo;\u00e9quipement militaire. Les budgets des services de renseignement seront \u00e9galement plus \u00e9lev\u00e9s cette ann\u00e9e, l&rsquo;augmentation la plus importante concernant le Service sp\u00e9cial des t\u00e9l\u00e9communications, afin de moderniser l&rsquo;infrastructure informatique et de pr\u00e9parer les \u00e9lections pr\u00e9sidentielles et locales partielles. Parmi les institutions qui recevront moins d&rsquo;argent figurent le parlement, l&rsquo;administration pr\u00e9sidentielle et les minist\u00e8res de l&rsquo;Agriculture, du D\u00e9veloppement et de la Culture.\u00a0<\/span><\/p>\n<p>&nbsp;<\/p>\n<h3><b>Objectif : produire plus et emprunter moins<\/b><\/h3>\n<p><span style=\"font-weight: 400;\">Quant \u00e0 la dette publique, T\u00e1nczos Barna a expliqu\u00e9 qu&rsquo;elle est sur une pente descendante, mais que les effets des emprunts pass\u00e9s se feront sentir pendant longtemps. Selon lui, la Roumanie devrait produire plus et emprunter moins. Sur fond de protestations d&rsquo;une grande partie de la population roumaine m\u00e9contente du plafonnement de ses revenus et de l&rsquo;exigence imp\u00e9rative de la Commission europ\u00e9enne de r\u00e9duire le d\u00e9ficit, le projet de budget pour 2025 est maintenant parvenu au Parlement pour \u00eatre d\u00e9battu cette semaine en proc\u00e9dure d&rsquo;urgence, au tout d\u00e9but de la session parlementaire. Les d\u00e9bats et le vote devraient se d\u00e9rouler sans incident, car les d\u00e9put\u00e9s des partis de la coalition au pouvoir semblent d\u00e9j\u00e0 s\u2019accorder sur ces mesures. <\/span><\/p>\n","protected":false},"excerpt":{"rendered":"<p>Le gouvernement de Bucarest a approuv\u00e9 le projet de budget de la Roumanie pour cette ann\u00e9e, bas\u00e9 sur une croissance \u00e9conomique de 2,5 %, une inflation moyenne de 4,4 % et un d\u00e9ficit de 7 % du PIB. Apr\u00e8s son adoption, le ministre des finances, Tanczos Barna, a d\u00e9clar\u00e9 qu&rsquo;il s&rsquo;agissait d&rsquo;un budget sobre et [&hellip;]<\/p>\n","protected":false},"author":109,"featured_media":857532,"comment_status":"closed","ping_status":"closed","sticky":false,"template":"","format":"standard","meta":{"_acf_changed":false,"footnotes":""},"categories":[94412],"tags":[148511,87096,88121,88296,85567,85944,85412,87243,85583],"coauthors":[115219],"class_list":["post-857630","post","type-post","status-publish","format-standard","has-post-thumbnail","hentry","category-complement-dactu","tag-budget-fr","tag-gouvernement","tag-investissements","tag-parlement","tag-politique","tag-presse-roumaine","tag-roumanie","tag-salaires","tag-societe"],"acf":[],"yoast_head":"<!-- This site is optimized with the Yoast SEO plugin v27.3 - https:\/\/yoast.com\/product\/yoast-seo-wordpress\/ -->\n<title>Le nouveau budget pour 2025 en d\u00e9bat au Parlement - Radio Roumanie Internationale<\/title>\n<meta name=\"robots\" content=\"index, follow, max-snippet:-1, max-image-preview:large, max-video-preview:-1\" \/>\n<link rel=\"canonical\" href=\"https:\/\/www.rri.ro\/fr\/actualites\/complement-dactu\/le-nouveau-budget-pour-2025-en-debat-au-parlement-id857630.html\" \/>\n<meta property=\"og:locale\" content=\"fr_FR\" \/>\n<meta property=\"og:type\" content=\"article\" \/>\n<meta property=\"og:title\" content=\"Le nouveau budget pour 2025 en d\u00e9bat au Parlement - Radio Roumanie Internationale\" \/>\n<meta property=\"og:description\" content=\"Le gouvernement de Bucarest a approuv\u00e9 le projet de budget de la Roumanie pour cette ann\u00e9e, bas\u00e9 sur une croissance \u00e9conomique de 2,5 %, une inflation moyenne de 4,4 % et un d\u00e9ficit de 7 % du PIB. Apr\u00e8s son adoption, le ministre des finances, Tanczos Barna, a d\u00e9clar\u00e9 qu&rsquo;il s&rsquo;agissait d&rsquo;un budget sobre et [&hellip;]\" \/>\n<meta property=\"og:url\" content=\"https:\/\/www.rri.ro\/fr\/actualites\/complement-dactu\/le-nouveau-budget-pour-2025-en-debat-au-parlement-id857630.html\" \/>\n<meta property=\"og:site_name\" content=\"Radio Roumanie Internationale\" \/>\n<meta property=\"article:published_time\" content=\"2025-02-03T09:59:24+00:00\" \/>\n<meta property=\"og:image\" content=\"https:\/\/www.rri.ro\/wp-content\/uploads\/2025\/02\/parlament-reunit-gov-ro.jpeg\" \/>\n\t<meta property=\"og:image:width\" content=\"1200\" \/>\n\t<meta property=\"og:image:height\" content=\"702\" \/>\n\t<meta property=\"og:image:type\" content=\"image\/jpeg\" \/>\n<meta name=\"author\" content=\"Roxana Vasile\" \/>\n<meta name=\"twitter:card\" content=\"summary_large_image\" \/>\n<meta name=\"twitter:label1\" content=\"\u00c9crit par\" \/>\n\t<meta name=\"twitter:data1\" content=\"Roxana Vasile\" \/>\n\t<meta name=\"twitter:label2\" content=\"Dur\u00e9e de lecture estim\u00e9e\" \/>\n\t<meta name=\"twitter:data2\" content=\"2 minutes\" \/>\n\t<meta name=\"twitter:label3\" content=\"Written by\" \/>\n\t<meta name=\"twitter:data3\" content=\"Roxana Vasile\" \/>\n<script type=\"application\/ld+json\" class=\"yoast-schema-graph\">{\"@context\":\"https:\\\/\\\/schema.org\",\"@graph\":[{\"@type\":\"Article\",\"@id\":\"https:\\\/\\\/www.rri.ro\\\/fr\\\/actualites\\\/complement-dactu\\\/le-nouveau-budget-pour-2025-en-debat-au-parlement-id857630.html#article\",\"isPartOf\":{\"@id\":\"https:\\\/\\\/www.rri.ro\\\/fr\\\/actualites\\\/complement-dactu\\\/le-nouveau-budget-pour-2025-en-debat-au-parlement-id857630.html\"},\"author\":{\"name\":\"Roxana Vasile\",\"@id\":\"https:\\\/\\\/www.rri.ro\\\/#\\\/schema\\\/person\\\/0745b519f2d1287783422f162c4112af\"},\"headline\":\"Le nouveau budget pour 2025 en d\u00e9bat au Parlement\",\"datePublished\":\"2025-02-03T09:59:24+00:00\",\"mainEntityOfPage\":{\"@id\":\"https:\\\/\\\/www.rri.ro\\\/fr\\\/actualites\\\/complement-dactu\\\/le-nouveau-budget-pour-2025-en-debat-au-parlement-id857630.html\"},\"wordCount\":522,\"image\":{\"@id\":\"https:\\\/\\\/www.rri.ro\\\/fr\\\/actualites\\\/complement-dactu\\\/le-nouveau-budget-pour-2025-en-debat-au-parlement-id857630.html#primaryimage\"},\"thumbnailUrl\":\"https:\\\/\\\/www.rri.ro\\\/wp-content\\\/uploads\\\/2025\\\/02\\\/parlament-reunit-gov-ro.jpeg\",\"keywords\":[\"budget\",\"gouvernement\",\"investissements\",\"Parlement\",\"politique\",\"presse roumaine\",\"Roumanie\",\"salaires\",\"soci\u00e9t\u00e9\"],\"articleSection\":[\"Compl\u00e9ment d'actu\"],\"inLanguage\":\"fr-FR\"},{\"@type\":\"WebPage\",\"@id\":\"https:\\\/\\\/www.rri.ro\\\/fr\\\/actualites\\\/complement-dactu\\\/le-nouveau-budget-pour-2025-en-debat-au-parlement-id857630.html\",\"url\":\"https:\\\/\\\/www.rri.ro\\\/fr\\\/actualites\\\/complement-dactu\\\/le-nouveau-budget-pour-2025-en-debat-au-parlement-id857630.html\",\"name\":\"Le nouveau budget pour 2025 en d\u00e9bat au Parlement - Radio Roumanie Internationale\",\"isPartOf\":{\"@id\":\"https:\\\/\\\/www.rri.ro\\\/#website\"},\"primaryImageOfPage\":{\"@id\":\"https:\\\/\\\/www.rri.ro\\\/fr\\\/actualites\\\/complement-dactu\\\/le-nouveau-budget-pour-2025-en-debat-au-parlement-id857630.html#primaryimage\"},\"image\":{\"@id\":\"https:\\\/\\\/www.rri.ro\\\/fr\\\/actualites\\\/complement-dactu\\\/le-nouveau-budget-pour-2025-en-debat-au-parlement-id857630.html#primaryimage\"},\"thumbnailUrl\":\"https:\\\/\\\/www.rri.ro\\\/wp-content\\\/uploads\\\/2025\\\/02\\\/parlament-reunit-gov-ro.jpeg\",\"datePublished\":\"2025-02-03T09:59:24+00:00\",\"author\":{\"@id\":\"https:\\\/\\\/www.rri.ro\\\/#\\\/schema\\\/person\\\/0745b519f2d1287783422f162c4112af\"},\"breadcrumb\":{\"@id\":\"https:\\\/\\\/www.rri.ro\\\/fr\\\/actualites\\\/complement-dactu\\\/le-nouveau-budget-pour-2025-en-debat-au-parlement-id857630.html#breadcrumb\"},\"inLanguage\":\"fr-FR\",\"potentialAction\":[{\"@type\":\"ReadAction\",\"target\":[\"https:\\\/\\\/www.rri.ro\\\/fr\\\/actualites\\\/complement-dactu\\\/le-nouveau-budget-pour-2025-en-debat-au-parlement-id857630.html\"]}]},{\"@type\":\"ImageObject\",\"inLanguage\":\"fr-FR\",\"@id\":\"https:\\\/\\\/www.rri.ro\\\/fr\\\/actualites\\\/complement-dactu\\\/le-nouveau-budget-pour-2025-en-debat-au-parlement-id857630.html#primaryimage\",\"url\":\"https:\\\/\\\/www.rri.ro\\\/wp-content\\\/uploads\\\/2025\\\/02\\\/parlament-reunit-gov-ro.jpeg\",\"contentUrl\":\"https:\\\/\\\/www.rri.ro\\\/wp-content\\\/uploads\\\/2025\\\/02\\\/parlament-reunit-gov-ro.jpeg\",\"width\":1200,\"height\":702,\"caption\":\"Parliament of Romania (Photo: gov.ro)\"},{\"@type\":\"BreadcrumbList\",\"@id\":\"https:\\\/\\\/www.rri.ro\\\/fr\\\/actualites\\\/complement-dactu\\\/le-nouveau-budget-pour-2025-en-debat-au-parlement-id857630.html#breadcrumb\",\"itemListElement\":[{\"@type\":\"ListItem\",\"position\":1,\"name\":\"Page d'accueil\",\"item\":\"https:\\\/\\\/www.rri.ro\\\/fr\"},{\"@type\":\"ListItem\",\"position\":2,\"name\":\"Actualit\u00e9s\",\"item\":\"https:\\\/\\\/www.rri.ro\\\/fr\\\/actualites\"},{\"@type\":\"ListItem\",\"position\":3,\"name\":\"Compl\u00e9ment d'actu\",\"item\":\"https:\\\/\\\/www.rri.ro\\\/fr\\\/actualites\\\/complement-dactu\"},{\"@type\":\"ListItem\",\"position\":4,\"name\":\"Le nouveau budget pour 2025 en d\u00e9bat au Parlement\"}]},{\"@type\":\"WebSite\",\"@id\":\"https:\\\/\\\/www.rri.ro\\\/#website\",\"url\":\"https:\\\/\\\/www.rri.ro\\\/\",\"name\":\"Radio Roumanie Internationale\",\"description\":\"Totul despre Rom\u00e2nia \u015fi rom\u00e2ni, \u00een 13 limbi\\\/dialecte!\",\"inLanguage\":\"fr-FR\"},{\"@type\":\"Person\",\"@id\":\"https:\\\/\\\/www.rri.ro\\\/#\\\/schema\\\/person\\\/0745b519f2d1287783422f162c4112af\",\"name\":\"Roxana Vasile\",\"url\":\"https:\\\/\\\/www.rri.ro\\\/fr\\\/author\\\/roxana-vasile\"}]}<\/script>\n<!-- \/ Yoast SEO plugin. -->","yoast_head_json":{"title":"Le nouveau budget pour 2025 en d\u00e9bat au Parlement - Radio Roumanie Internationale","robots":{"index":"index","follow":"follow","max-snippet":"max-snippet:-1","max-image-preview":"max-image-preview:large","max-video-preview":"max-video-preview:-1"},"canonical":"https:\/\/www.rri.ro\/fr\/actualites\/complement-dactu\/le-nouveau-budget-pour-2025-en-debat-au-parlement-id857630.html","og_locale":"fr_FR","og_type":"article","og_title":"Le nouveau budget pour 2025 en d\u00e9bat au Parlement - Radio Roumanie Internationale","og_description":"Le gouvernement de Bucarest a approuv\u00e9 le projet de budget de la Roumanie pour cette ann\u00e9e, bas\u00e9 sur une croissance \u00e9conomique de 2,5 %, une inflation moyenne de 4,4 % et un d\u00e9ficit de 7 % du PIB. Apr\u00e8s son adoption, le ministre des finances, Tanczos Barna, a d\u00e9clar\u00e9 qu&rsquo;il s&rsquo;agissait d&rsquo;un budget sobre et [&hellip;]","og_url":"https:\/\/www.rri.ro\/fr\/actualites\/complement-dactu\/le-nouveau-budget-pour-2025-en-debat-au-parlement-id857630.html","og_site_name":"Radio Roumanie Internationale","article_published_time":"2025-02-03T09:59:24+00:00","og_image":[{"width":1200,"height":702,"url":"https:\/\/www.rri.ro\/wp-content\/uploads\/2025\/02\/parlament-reunit-gov-ro.jpeg","type":"image\/jpeg"}],"author":"Roxana Vasile","twitter_card":"summary_large_image","twitter_misc":{"\u00c9crit par":"Roxana Vasile","Dur\u00e9e de lecture estim\u00e9e":"2 minutes","Written by":"Roxana Vasile"},"schema":{"@context":"https:\/\/schema.org","@graph":[{"@type":"Article","@id":"https:\/\/www.rri.ro\/fr\/actualites\/complement-dactu\/le-nouveau-budget-pour-2025-en-debat-au-parlement-id857630.html#article","isPartOf":{"@id":"https:\/\/www.rri.ro\/fr\/actualites\/complement-dactu\/le-nouveau-budget-pour-2025-en-debat-au-parlement-id857630.html"},"author":{"name":"Roxana Vasile","@id":"https:\/\/www.rri.ro\/#\/schema\/person\/0745b519f2d1287783422f162c4112af"},"headline":"Le nouveau budget pour 2025 en d\u00e9bat au Parlement","datePublished":"2025-02-03T09:59:24+00:00","mainEntityOfPage":{"@id":"https:\/\/www.rri.ro\/fr\/actualites\/complement-dactu\/le-nouveau-budget-pour-2025-en-debat-au-parlement-id857630.html"},"wordCount":522,"image":{"@id":"https:\/\/www.rri.ro\/fr\/actualites\/complement-dactu\/le-nouveau-budget-pour-2025-en-debat-au-parlement-id857630.html#primaryimage"},"thumbnailUrl":"https:\/\/www.rri.ro\/wp-content\/uploads\/2025\/02\/parlament-reunit-gov-ro.jpeg","keywords":["budget","gouvernement","investissements","Parlement","politique","presse roumaine","Roumanie","salaires","soci\u00e9t\u00e9"],"articleSection":["Compl\u00e9ment d'actu"],"inLanguage":"fr-FR"},{"@type":"WebPage","@id":"https:\/\/www.rri.ro\/fr\/actualites\/complement-dactu\/le-nouveau-budget-pour-2025-en-debat-au-parlement-id857630.html","url":"https:\/\/www.rri.ro\/fr\/actualites\/complement-dactu\/le-nouveau-budget-pour-2025-en-debat-au-parlement-id857630.html","name":"Le nouveau budget pour 2025 en d\u00e9bat au Parlement - Radio Roumanie Internationale","isPartOf":{"@id":"https:\/\/www.rri.ro\/#website"},"primaryImageOfPage":{"@id":"https:\/\/www.rri.ro\/fr\/actualites\/complement-dactu\/le-nouveau-budget-pour-2025-en-debat-au-parlement-id857630.html#primaryimage"},"image":{"@id":"https:\/\/www.rri.ro\/fr\/actualites\/complement-dactu\/le-nouveau-budget-pour-2025-en-debat-au-parlement-id857630.html#primaryimage"},"thumbnailUrl":"https:\/\/www.rri.ro\/wp-content\/uploads\/2025\/02\/parlament-reunit-gov-ro.jpeg","datePublished":"2025-02-03T09:59:24+00:00","author":{"@id":"https:\/\/www.rri.ro\/#\/schema\/person\/0745b519f2d1287783422f162c4112af"},"breadcrumb":{"@id":"https:\/\/www.rri.ro\/fr\/actualites\/complement-dactu\/le-nouveau-budget-pour-2025-en-debat-au-parlement-id857630.html#breadcrumb"},"inLanguage":"fr-FR","potentialAction":[{"@type":"ReadAction","target":["https:\/\/www.rri.ro\/fr\/actualites\/complement-dactu\/le-nouveau-budget-pour-2025-en-debat-au-parlement-id857630.html"]}]},{"@type":"ImageObject","inLanguage":"fr-FR","@id":"https:\/\/www.rri.ro\/fr\/actualites\/complement-dactu\/le-nouveau-budget-pour-2025-en-debat-au-parlement-id857630.html#primaryimage","url":"https:\/\/www.rri.ro\/wp-content\/uploads\/2025\/02\/parlament-reunit-gov-ro.jpeg","contentUrl":"https:\/\/www.rri.ro\/wp-content\/uploads\/2025\/02\/parlament-reunit-gov-ro.jpeg","width":1200,"height":702,"caption":"Parliament of Romania (Photo: gov.ro)"},{"@type":"BreadcrumbList","@id":"https:\/\/www.rri.ro\/fr\/actualites\/complement-dactu\/le-nouveau-budget-pour-2025-en-debat-au-parlement-id857630.html#breadcrumb","itemListElement":[{"@type":"ListItem","position":1,"name":"Page d'accueil","item":"https:\/\/www.rri.ro\/fr"},{"@type":"ListItem","position":2,"name":"Actualit\u00e9s","item":"https:\/\/www.rri.ro\/fr\/actualites"},{"@type":"ListItem","position":3,"name":"Compl\u00e9ment d'actu","item":"https:\/\/www.rri.ro\/fr\/actualites\/complement-dactu"},{"@type":"ListItem","position":4,"name":"Le nouveau budget pour 2025 en d\u00e9bat au Parlement"}]},{"@type":"WebSite","@id":"https:\/\/www.rri.ro\/#website","url":"https:\/\/www.rri.ro\/","name":"Radio Roumanie Internationale","description":"Totul despre Rom\u00e2nia \u015fi rom\u00e2ni, \u00een 13 limbi\/dialecte!","inLanguage":"fr-FR"},{"@type":"Person","@id":"https:\/\/www.rri.ro\/#\/schema\/person\/0745b519f2d1287783422f162c4112af","name":"Roxana Vasile","url":"https:\/\/www.rri.ro\/fr\/author\/roxana-vasile"}]}},"_links":{"self":[{"href":"https:\/\/www.rri.ro\/fr\/wp-json\/wp\/v2\/posts\/857630","targetHints":{"allow":["GET"]}}],"collection":[{"href":"https:\/\/www.rri.ro\/fr\/wp-json\/wp\/v2\/posts"}],"about":[{"href":"https:\/\/www.rri.ro\/fr\/wp-json\/wp\/v2\/types\/post"}],"author":[{"embeddable":true,"href":"https:\/\/www.rri.ro\/fr\/wp-json\/wp\/v2\/users\/109"}],"replies":[{"embeddable":true,"href":"https:\/\/www.rri.ro\/fr\/wp-json\/wp\/v2\/comments?post=857630"}],"version-history":[{"count":0,"href":"https:\/\/www.rri.ro\/fr\/wp-json\/wp\/v2\/posts\/857630\/revisions"}],"wp:featuredmedia":[{"embeddable":true,"href":"https:\/\/www.rri.ro\/fr\/wp-json\/wp\/v2\/media\/857532"}],"wp:attachment":[{"href":"https:\/\/www.rri.ro\/fr\/wp-json\/wp\/v2\/media?parent=857630"}],"wp:term":[{"taxonomy":"category","embeddable":true,"href":"https:\/\/www.rri.ro\/fr\/wp-json\/wp\/v2\/categories?post=857630"},{"taxonomy":"post_tag","embeddable":true,"href":"https:\/\/www.rri.ro\/fr\/wp-json\/wp\/v2\/tags?post=857630"},{"taxonomy":"author","embeddable":true,"href":"https:\/\/www.rri.ro\/fr\/wp-json\/wp\/v2\/coauthors?post=857630"}],"curies":[{"name":"wp","href":"https:\/\/api.w.org\/{rel}","templated":true}]}}