{"id":858393,"date":"2025-02-04T20:15:24","date_gmt":"2025-02-04T18:15:24","guid":{"rendered":"https:\/\/www.rri.ro\/?p=858393"},"modified":"2025-02-04T20:40:16","modified_gmt":"2025-02-04T18:40:16","slug":"04-02-2025-mise-a-jour-2","status":"publish","type":"post","link":"https:\/\/www.rri.ro\/fr\/actualites\/le-flash\/04-02-2025-mise-a-jour-2-id858393.html","title":{"rendered":"04.02.2025 (mise \u00e0 jour 2)"},"content":{"rendered":"<p><strong>Budget<\/strong> &#8211; A Bucarest, le projet de loi sur le budget de l&rsquo;Etat 2025 et le projet de loi sur le budget de la S\u00e9curit\u00e9 sociale ont \u00e9t\u00e9 d\u00e9battus mardi par les commissions parlementaires. Mercredi, le S\u00e9nat et la Chambre des d\u00e9put\u00e9s se r\u00e9uniront en s\u00e9ance pl\u00e9ni\u00e8re pour d\u00e9battre des deux projets de loi. Le vote final est pr\u00e9vu pour jeudi. Les d\u00e9bats et le vote au Parlement devraient se d\u00e9rouler sans incident, la coalition Parti Socail-D\u00e9mocrate-Parti National Lib\u00e9ral &#8211; Union D\u00e9mocrate Magyare de Roumanie \u00e9tant majoritaire. Le projet de budget pour cette ann\u00e9e, bas\u00e9 sur une croissance \u00e9conomique de 2,5 % et un d\u00e9ficit budg\u00e9taire de 7 % du PIB, a \u00e9t\u00e9 approuv\u00e9 par l&rsquo;ex\u00e9cutif samedi : <em>\u00ab C&rsquo;est un budget sobre bas\u00e9 sur des pr\u00e9visions prudentes. C&rsquo;est un budget \u00e9quilibr\u00e9, en plus des investissements, nous avons suffisamment de fonds pour payer les salaires et les pensions<\/em> \u00bb, a d\u00e9clar\u00e9 le ministre des Finances, Tanczos Barna.<\/p>\n<p>&nbsp;<\/p>\n<p><strong>R\u00e9publique de Moldova<\/strong> \u00a0&#8211; L&rsquo;Union europ\u00e9enne a allou\u00e9 mardi une nouvelle enveloppe financi\u00e8re de 250 millions d&rsquo;euros pour aider la R\u00e9publique de Moldova en 2025 face au \u00ab chantage \u00e9nerg\u00e9tique \u00bb de Moscou, qui a interrompu les livraisons de gaz russe \u00e0 la r\u00e9gion s\u00e9paratiste de Transnistrie, rapporte l&rsquo;AFP. \u00ab Aujourd&rsquo;hui, nous prenons une mesure essentielle pour (&#8230;) aider la R\u00e9publique de Moldova \u00e0 reprendre le contr\u00f4le de son destin \u00e9nerg\u00e9tique \u00bb, a d\u00e9clar\u00e9 sur les r\u00e9seaux sociaux la commissaire europ\u00e9enne \u00e0 l&rsquo;Elargissement Marta Kos, en visite officielle \u00e0 Chisinau. Sur le m\u00eame r\u00e9seau social, la pr\u00e9sidente de la Commission europ\u00e9enne, Ursula von der Leyen, a d\u00e9nonc\u00e9 le \u00ab chantage \u00e9nerg\u00e9tique \u00bb de Moscou, promettant d&rsquo;offrir \u00e0 l&rsquo;ancienne r\u00e9publique sovi\u00e9tique \u00ab une int\u00e9gration compl\u00e8te dans le march\u00e9 de l&rsquo;\u00e9nergie de l&rsquo;UE, en la dissociant de la Russie \u00bb. Apr\u00e8s l&rsquo;\u00e9clatement de la guerre en Ukraine voisine, la R\u00e9publique de Moldova d\u00e9nonce une \u00ab guerre hybride \u00bb orchestr\u00e9e par le Kremlin, entre crise \u00e9nerg\u00e9tique, d\u00e9sinformation et ing\u00e9rence \u00e9lectorale. Chisinau doit faire face \u00e0 l&rsquo;interruption des livraisons de Gazprom \u00e0 la Transnistrie via l&rsquo;Ukraine, suite \u00e0 l&rsquo;expiration d&rsquo;un contrat de transit entre Kiev et Moscou.<\/p>\n<p>&nbsp;<\/p>\n<p><strong>Banque mondiale<\/strong> \u2013 La Roumanie est \u00ab un pays politiquement et \u00e9conomiquement s\u00fbr et stable \u00bb, orient\u00e9 vers les investissements et les r\u00e9formes, a affirm\u00e9 mardi le premier ministre roumain, Marcel Ciolacu, lors d\u2019une rencontre avec des repr\u00e9sentants de la Banque mondiale \u00e0 Bucarest. Selon un communiqu\u00e9 publi\u00e9 par l\u2019Ex\u00e9cutif, Bucarest consid\u00e8re la Banque mondiale comme un partenaire dans ses objectifs et continue \u00e0 compter sur le financement et l\u2019expertise offerts par le groupe. Au cours de la r\u00e9union, les projets dans les domaines de la sant\u00e9 et de la gestion des urgences d\u00e9velopp\u00e9s en partenariat ont \u00e9t\u00e9 analys\u00e9s. Les repr\u00e9sentants de la Banque mondiale ont salu\u00e9 le plan de r\u00e9forme du gouvernement et l\u2019accent mis sur les investissements, notant que la Roumanie est un partenaire solide et r\u00e9silient : \u00ab <em>Je suis convaincu qu\u2019ensemble nous continuerons \u00e0 mettre en \u0153uvre les projets en cours et \u00e0 \u00e9largir le portefeuille avec de nouveaux investissements dans l\u2019\u00e9nergie, la transition verte, les infrastructures et d\u2019autres domaines pr\u00e9sentant un potentiel de croissance<\/em>\u00a0\u00bb, a d\u00e9clar\u00e9 Eugene Rhuggenaath, directeur ex\u00e9cutif de la Banque mondiale. Les repr\u00e9sentants de l\u2019institution ont \u00e9galement salu\u00e9 le soutien de la Roumanie aux pays voisins, la R\u00e9publique de Moldova et l\u2019Ukraine, et sa contribution \u00e0 la stabilit\u00e9 de la r\u00e9gion.<\/p>\n<p>&nbsp;<\/p>\n<p><strong>Commission europ\u00e9enne<\/strong> \u2013 Le pr\u00e9sident Klaus Iohannis a soulign\u00e9 mardi, lors de sa rencontre avec la vice-pr\u00e9sidente ex\u00e9cutive de la Commission europ\u00e9enne, Roxana M\u00eenzatu, le r\u00f4le essentiel de l\u2019\u00e9ducation dans la lutte contre la d\u00e9sinformation et la manipulation et dans le renforcement de la r\u00e9silience d\u00e9mocratique des soci\u00e9t\u00e9s europ\u00e9ennes. Selon un communiqu\u00e9 de presse de l\u2019administration pr\u00e9sidentielle, la dimension sociale des politiques de l\u2019Union europ\u00e9enne, l\u2019augmentation de la comp\u00e9titivit\u00e9 globale de l\u2019UE, la strat\u00e9gie de l\u2019Union dans les domaines de la pr\u00e9paration et de la r\u00e9silience aux d\u00e9fis, les approches de l\u2019UE en mati\u00e8re d\u2019\u00e9ducation et l\u2019implication du syst\u00e8me \u00e9ducatif roumain dans le contexte europ\u00e9en figuraient parmi les sujets \u00e0 l\u2019ordre du jour des discussions \u00e0 Bucarest. La vice-pr\u00e9sidente ex\u00e9cutive de la Commission europ\u00e9enne a, \u00e0 son tour, pr\u00e9sent\u00e9 les priorit\u00e9s de la nouvelle Commission, y compris dans les domaines de l\u2019emploi, des droits sociaux et des programmes d\u2019\u00e9ducation financ\u00e9s par l\u2019UE en Roumanie, ainsi que de la pr\u00e9paration \u00e0 la crise. Lundi et mardi \u00e0 Bucarest, Roxana M\u00eenzatu a \u00e9galement discut\u00e9 avec le Premier ministre roumain Marcel Ciolacu, le pr\u00e9sident du S\u00e9nat, Ilie Bolojan, et le pr\u00e9sident de la Chambre des d\u00e9put\u00e9s, Ciprian \u0218erban, des priorit\u00e9s europ\u00e9ennes et nationales, en mettant l\u2019accent sur l\u2019\u00e9ducation, le march\u00e9 du travail, la coh\u00e9sion sociale et la gestion des fonds europ\u00e9ens.<\/p>\n<p>&nbsp;<\/p>\n<p><strong>D\u00e9fense<\/strong> \u2013 La d\u00e9fense europ\u00e9enne sans les \u00c9tats-Unis \u00ab ne fonctionnera pas, \u00bb a d\u00e9clar\u00e9 le secr\u00e9taire g\u00e9n\u00e9ral de l\u2019OTAN, Mark Rutte, lors d\u2019une r\u00e9union informelle des leaders europ\u00e9ens \u00e0 Bruxelles, consacr\u00e9e \u00e0 des sujets de d\u00e9fense. Le responsable de l\u2019Alliance a mis en avant l\u2019importance du partenariat OTAN-UE, en affirmant que la s\u00e9curit\u00e9 europ\u00e9enne repose sur la liaison transatlantique. L\u2019ancien premier ministre hollandais a plaid\u00e9 pour l\u2019augmentation du budget de la d\u00e9fense et de la production militaire. Le pr\u00e9sident roumain, Klaus Iohannis, a d\u00e9clar\u00e9 \u00e0 son tour que les industries europ\u00e9ennes de la d\u00e9fense devraient renforcer leur collaboration. Il a \u00e9galement r\u00e9it\u00e9r\u00e9 le fait que la Roumanie n\u2019est pas l\u2019adepte d\u2019une d\u00e9fense europ\u00e9enne s\u00e9par\u00e9e.<\/p>\n<p>&nbsp;<\/p>\n<p><strong>Douanes<\/strong>\u00a0\u2013 L\u2019Autorit\u00e9 douani\u00e8re roumaine a d\u00e9marr\u00e9 des proc\u00e9dures de surveillance en temps r\u00e9el des moyens de transport \u00e0 l\u2019aide des scell\u00e9s intelligents mis en place par des \u00e9quipes mobiles d\u2019inspecteurs de douanes agissant dans le cadre du Syst\u00e8me national RO e-Scell\u00e9. Ce syst\u00e8me d\u00e9courage les fraudes puisqu\u2019il rend transparent tout le processus de transport. Equip\u00e9s de capteurs qui recueillent des informations cruciales ces scell\u00e9s permettent la surveillance en temps r\u00e9el des moyens de transport et donc, si c\u2019est le cas, l\u2019intervention rapide des \u00e9quipes mobiles pour sanctionner les fraudes douani\u00e8res et fiscales et la manipulation frauduleuse des marchandises.<\/p>\n<p>&nbsp;<\/p>\n<p><strong>Eglise<\/strong> \u2013 L\u2019Eglise orthodoxe roumaine a f\u00eat\u00e9 ce mardi un si\u00e8cle depuis qu\u2019elle s\u2019est vu accorder le titre de Patriarcat. Selon le patriarche Daniel, \u00ab cet anniversaire n\u2019est pas qu\u2019une c\u00e9l\u00e9bration du pass\u00e9, mais aussi un appel \u00e0 la reconnaissance des m\u00e9rites de nos anc\u00eatres et du r\u00f4le de l\u2019Eglise dans la vie du peuple roumain. A son tour, le chef de l\u2019Etat, Klaus Iohannis, estime que l\u2019ann\u00e9e du centenaire du Patriarcat roumain marque un moment de grande importance historique pour toute l\u2019Eglise Orthodoxe roumaine et pour les fid\u00e8les de Roumanie et de la diaspora roumaine. Les experts rappellent que le Patriarcat orthodoxe roumain a \u00e9t\u00e9 fond\u00e9 le 4 f\u00e9vrier 1925 dans un contexte historique marqu\u00e9 par la Grande Union de 1918.<\/p>\n<p>&nbsp;<\/p>\n<p><strong>M\u00e9t\u00e9o<\/strong>\u00a0\u2013 En Roumanie, les temp\u00e9ratures seront proches des normales saisonnir\u00e8res, bien que l\u00e9g\u00e8rement plus \u00e9lev\u00e9es dans l\u2019ouest et le sud du pays.\u00a0 Le ciel sera variable dans l\u2019ouest et le sud-ouest du pays. Les maximas seront comprises entre moins 2 et 8 degr\u00e9s. 2 degr\u00e9s et un ciel variable aujourd\u2019hui \u00e0 Bucarest<\/p>\n","protected":false},"excerpt":{"rendered":"<p>Budget &#8211; A Bucarest, le projet de loi sur le budget de l&rsquo;Etat 2025 et le projet de loi sur le budget de la S\u00e9curit\u00e9 sociale ont \u00e9t\u00e9 d\u00e9battus mardi par les commissions parlementaires. Mercredi, le S\u00e9nat et la Chambre des d\u00e9put\u00e9s se r\u00e9uniront en s\u00e9ance pl\u00e9ni\u00e8re pour d\u00e9battre des deux projets de loi. Le [&hellip;]<\/p>\n","protected":false},"author":113,"featured_media":723357,"comment_status":"closed","ping_status":"closed","sticky":false,"template":"","format":"standard","meta":{"_acf_changed":false,"footnotes":""},"categories":[89002],"tags":[148511,87061,87096,88296,85567,85944,85918,95075,85412,143291],"coauthors":[116091],"class_list":["post-858393","post","type-post","status-publish","format-standard","has-post-thumbnail","hentry","category-le-flash","tag-budget-fr","tag-commission-europeenne","tag-gouvernement","tag-parlement","tag-politique","tag-presse-roumaine","tag-republique-de-moldova","tag-revue-de-presse","tag-roumanie","tag-ue-fr"],"acf":[],"yoast_head":"<!-- This site is optimized with the Yoast SEO plugin v27.3 - https:\/\/yoast.com\/product\/yoast-seo-wordpress\/ -->\n<title>04.02.2025 (mise \u00e0 jour 2) - Radio Roumanie Internationale<\/title>\n<meta name=\"robots\" content=\"index, follow, max-snippet:-1, max-image-preview:large, max-video-preview:-1\" \/>\n<link rel=\"canonical\" href=\"https:\/\/www.rri.ro\/fr\/actualites\/le-flash\/04-02-2025-mise-a-jour-2-id858393.html\" \/>\n<meta property=\"og:locale\" content=\"fr_FR\" \/>\n<meta property=\"og:type\" content=\"article\" \/>\n<meta property=\"og:title\" content=\"04.02.2025 (mise \u00e0 jour 2) - Radio Roumanie Internationale\" \/>\n<meta property=\"og:description\" content=\"Budget &#8211; A Bucarest, le projet de loi sur le budget de l&rsquo;Etat 2025 et le projet de loi sur le budget de la S\u00e9curit\u00e9 sociale ont \u00e9t\u00e9 d\u00e9battus mardi par les commissions parlementaires. Mercredi, le S\u00e9nat et la Chambre des d\u00e9put\u00e9s se r\u00e9uniront en s\u00e9ance pl\u00e9ni\u00e8re pour d\u00e9battre des deux projets de loi. Le [&hellip;]\" \/>\n<meta property=\"og:url\" content=\"https:\/\/www.rri.ro\/fr\/actualites\/le-flash\/04-02-2025-mise-a-jour-2-id858393.html\" \/>\n<meta property=\"og:site_name\" content=\"Radio Roumanie Internationale\" \/>\n<meta property=\"article:published_time\" content=\"2025-02-04T18:15:24+00:00\" \/>\n<meta property=\"article:modified_time\" content=\"2025-02-04T18:40:16+00:00\" \/>\n<meta property=\"og:image\" content=\"https:\/\/www.rri.ro\/wp-content\/uploads\/2024\/03\/RRI-960x540-Le-flash-2-NOU.jpg\" \/>\n\t<meta property=\"og:image:width\" content=\"960\" \/>\n\t<meta property=\"og:image:height\" content=\"540\" \/>\n\t<meta property=\"og:image:type\" content=\"image\/jpeg\" \/>\n<meta name=\"author\" content=\"Newsroom\" \/>\n<meta name=\"twitter:card\" content=\"summary_large_image\" \/>\n<meta name=\"twitter:label1\" content=\"\u00c9crit par\" \/>\n\t<meta name=\"twitter:data1\" content=\"Newsroom\" \/>\n\t<meta name=\"twitter:label2\" content=\"Dur\u00e9e de lecture estim\u00e9e\" \/>\n\t<meta name=\"twitter:data2\" content=\"7 minutes\" \/>\n\t<meta name=\"twitter:label3\" content=\"Written by\" \/>\n\t<meta name=\"twitter:data3\" content=\"Newsroom\" \/>\n<script type=\"application\/ld+json\" class=\"yoast-schema-graph\">{\"@context\":\"https:\\\/\\\/schema.org\",\"@graph\":[{\"@type\":\"Article\",\"@id\":\"https:\\\/\\\/www.rri.ro\\\/fr\\\/actualites\\\/le-flash\\\/04-02-2025-mise-a-jour-2-id858393.html#article\",\"isPartOf\":{\"@id\":\"https:\\\/\\\/www.rri.ro\\\/fr\\\/actualites\\\/le-flash\\\/04-02-2025-mise-a-jour-2-id858393.html\"},\"author\":{\"name\":\"Newsroom\",\"@id\":\"https:\\\/\\\/www.rri.ro\\\/#\\\/schema\\\/person\\\/4a479940371b9fdefd194f561e8a7f88\"},\"headline\":\"04.02.2025 (mise \u00e0 jour 2)\",\"datePublished\":\"2025-02-04T18:15:24+00:00\",\"dateModified\":\"2025-02-04T18:40:16+00:00\",\"mainEntityOfPage\":{\"@id\":\"https:\\\/\\\/www.rri.ro\\\/fr\\\/actualites\\\/le-flash\\\/04-02-2025-mise-a-jour-2-id858393.html\"},\"wordCount\":1345,\"image\":{\"@id\":\"https:\\\/\\\/www.rri.ro\\\/fr\\\/actualites\\\/le-flash\\\/04-02-2025-mise-a-jour-2-id858393.html#primaryimage\"},\"thumbnailUrl\":\"https:\\\/\\\/www.rri.ro\\\/wp-content\\\/uploads\\\/2024\\\/03\\\/RRI-960x540-Le-flash-2-NOU.jpg\",\"keywords\":[\"budget\",\"Commission europ\u00e9enne\",\"gouvernement\",\"Parlement\",\"politique\",\"presse roumaine\",\"R\u00e9publique de Moldova\",\"revue de presse\",\"Roumanie\",\"UE\"],\"articleSection\":[\"Le flash\"],\"inLanguage\":\"fr-FR\"},{\"@type\":\"WebPage\",\"@id\":\"https:\\\/\\\/www.rri.ro\\\/fr\\\/actualites\\\/le-flash\\\/04-02-2025-mise-a-jour-2-id858393.html\",\"url\":\"https:\\\/\\\/www.rri.ro\\\/fr\\\/actualites\\\/le-flash\\\/04-02-2025-mise-a-jour-2-id858393.html\",\"name\":\"04.02.2025 (mise \u00e0 jour 2) - Radio Roumanie Internationale\",\"isPartOf\":{\"@id\":\"https:\\\/\\\/www.rri.ro\\\/#website\"},\"primaryImageOfPage\":{\"@id\":\"https:\\\/\\\/www.rri.ro\\\/fr\\\/actualites\\\/le-flash\\\/04-02-2025-mise-a-jour-2-id858393.html#primaryimage\"},\"image\":{\"@id\":\"https:\\\/\\\/www.rri.ro\\\/fr\\\/actualites\\\/le-flash\\\/04-02-2025-mise-a-jour-2-id858393.html#primaryimage\"},\"thumbnailUrl\":\"https:\\\/\\\/www.rri.ro\\\/wp-content\\\/uploads\\\/2024\\\/03\\\/RRI-960x540-Le-flash-2-NOU.jpg\",\"datePublished\":\"2025-02-04T18:15:24+00:00\",\"dateModified\":\"2025-02-04T18:40:16+00:00\",\"author\":{\"@id\":\"https:\\\/\\\/www.rri.ro\\\/#\\\/schema\\\/person\\\/4a479940371b9fdefd194f561e8a7f88\"},\"breadcrumb\":{\"@id\":\"https:\\\/\\\/www.rri.ro\\\/fr\\\/actualites\\\/le-flash\\\/04-02-2025-mise-a-jour-2-id858393.html#breadcrumb\"},\"inLanguage\":\"fr-FR\",\"potentialAction\":[{\"@type\":\"ReadAction\",\"target\":[\"https:\\\/\\\/www.rri.ro\\\/fr\\\/actualites\\\/le-flash\\\/04-02-2025-mise-a-jour-2-id858393.html\"]}]},{\"@type\":\"ImageObject\",\"inLanguage\":\"fr-FR\",\"@id\":\"https:\\\/\\\/www.rri.ro\\\/fr\\\/actualites\\\/le-flash\\\/04-02-2025-mise-a-jour-2-id858393.html#primaryimage\",\"url\":\"https:\\\/\\\/www.rri.ro\\\/wp-content\\\/uploads\\\/2024\\\/03\\\/RRI-960x540-Le-flash-2-NOU.jpg\",\"contentUrl\":\"https:\\\/\\\/www.rri.ro\\\/wp-content\\\/uploads\\\/2024\\\/03\\\/RRI-960x540-Le-flash-2-NOU.jpg\",\"width\":960,\"height\":540},{\"@type\":\"BreadcrumbList\",\"@id\":\"https:\\\/\\\/www.rri.ro\\\/fr\\\/actualites\\\/le-flash\\\/04-02-2025-mise-a-jour-2-id858393.html#breadcrumb\",\"itemListElement\":[{\"@type\":\"ListItem\",\"position\":1,\"name\":\"Page d'accueil\",\"item\":\"https:\\\/\\\/www.rri.ro\\\/fr\"},{\"@type\":\"ListItem\",\"position\":2,\"name\":\"Actualit\u00e9s\",\"item\":\"https:\\\/\\\/www.rri.ro\\\/fr\\\/actualites\"},{\"@type\":\"ListItem\",\"position\":3,\"name\":\"Le flash\",\"item\":\"https:\\\/\\\/www.rri.ro\\\/fr\\\/actualites\\\/le-flash\"},{\"@type\":\"ListItem\",\"position\":4,\"name\":\"04.02.2025 (mise \u00e0 jour 2)\"}]},{\"@type\":\"WebSite\",\"@id\":\"https:\\\/\\\/www.rri.ro\\\/#website\",\"url\":\"https:\\\/\\\/www.rri.ro\\\/\",\"name\":\"Radio Roumanie Internationale\",\"description\":\"Totul despre Rom\u00e2nia \u015fi rom\u00e2ni, \u00een 13 limbi\\\/dialecte!\",\"inLanguage\":\"fr-FR\"},{\"@type\":\"Person\",\"@id\":\"https:\\\/\\\/www.rri.ro\\\/#\\\/schema\\\/person\\\/4a479940371b9fdefd194f561e8a7f88\",\"name\":\"Newsroom\",\"url\":\"https:\\\/\\\/www.rri.ro\\\/fr\\\/author\\\/newsroom\"}]}<\/script>\n<!-- \/ Yoast SEO plugin. -->","yoast_head_json":{"title":"04.02.2025 (mise \u00e0 jour 2) - Radio Roumanie Internationale","robots":{"index":"index","follow":"follow","max-snippet":"max-snippet:-1","max-image-preview":"max-image-preview:large","max-video-preview":"max-video-preview:-1"},"canonical":"https:\/\/www.rri.ro\/fr\/actualites\/le-flash\/04-02-2025-mise-a-jour-2-id858393.html","og_locale":"fr_FR","og_type":"article","og_title":"04.02.2025 (mise \u00e0 jour 2) - Radio Roumanie Internationale","og_description":"Budget &#8211; A Bucarest, le projet de loi sur le budget de l&rsquo;Etat 2025 et le projet de loi sur le budget de la S\u00e9curit\u00e9 sociale ont \u00e9t\u00e9 d\u00e9battus mardi par les commissions parlementaires. Mercredi, le S\u00e9nat et la Chambre des d\u00e9put\u00e9s se r\u00e9uniront en s\u00e9ance pl\u00e9ni\u00e8re pour d\u00e9battre des deux projets de loi. Le [&hellip;]","og_url":"https:\/\/www.rri.ro\/fr\/actualites\/le-flash\/04-02-2025-mise-a-jour-2-id858393.html","og_site_name":"Radio Roumanie Internationale","article_published_time":"2025-02-04T18:15:24+00:00","article_modified_time":"2025-02-04T18:40:16+00:00","og_image":[{"width":960,"height":540,"url":"https:\/\/www.rri.ro\/wp-content\/uploads\/2024\/03\/RRI-960x540-Le-flash-2-NOU.jpg","type":"image\/jpeg"}],"author":"Newsroom","twitter_card":"summary_large_image","twitter_misc":{"\u00c9crit par":"Newsroom","Dur\u00e9e de lecture estim\u00e9e":"7 minutes","Written by":"Newsroom"},"schema":{"@context":"https:\/\/schema.org","@graph":[{"@type":"Article","@id":"https:\/\/www.rri.ro\/fr\/actualites\/le-flash\/04-02-2025-mise-a-jour-2-id858393.html#article","isPartOf":{"@id":"https:\/\/www.rri.ro\/fr\/actualites\/le-flash\/04-02-2025-mise-a-jour-2-id858393.html"},"author":{"name":"Newsroom","@id":"https:\/\/www.rri.ro\/#\/schema\/person\/4a479940371b9fdefd194f561e8a7f88"},"headline":"04.02.2025 (mise \u00e0 jour 2)","datePublished":"2025-02-04T18:15:24+00:00","dateModified":"2025-02-04T18:40:16+00:00","mainEntityOfPage":{"@id":"https:\/\/www.rri.ro\/fr\/actualites\/le-flash\/04-02-2025-mise-a-jour-2-id858393.html"},"wordCount":1345,"image":{"@id":"https:\/\/www.rri.ro\/fr\/actualites\/le-flash\/04-02-2025-mise-a-jour-2-id858393.html#primaryimage"},"thumbnailUrl":"https:\/\/www.rri.ro\/wp-content\/uploads\/2024\/03\/RRI-960x540-Le-flash-2-NOU.jpg","keywords":["budget","Commission europ\u00e9enne","gouvernement","Parlement","politique","presse roumaine","R\u00e9publique de Moldova","revue de presse","Roumanie","UE"],"articleSection":["Le flash"],"inLanguage":"fr-FR"},{"@type":"WebPage","@id":"https:\/\/www.rri.ro\/fr\/actualites\/le-flash\/04-02-2025-mise-a-jour-2-id858393.html","url":"https:\/\/www.rri.ro\/fr\/actualites\/le-flash\/04-02-2025-mise-a-jour-2-id858393.html","name":"04.02.2025 (mise \u00e0 jour 2) - Radio Roumanie Internationale","isPartOf":{"@id":"https:\/\/www.rri.ro\/#website"},"primaryImageOfPage":{"@id":"https:\/\/www.rri.ro\/fr\/actualites\/le-flash\/04-02-2025-mise-a-jour-2-id858393.html#primaryimage"},"image":{"@id":"https:\/\/www.rri.ro\/fr\/actualites\/le-flash\/04-02-2025-mise-a-jour-2-id858393.html#primaryimage"},"thumbnailUrl":"https:\/\/www.rri.ro\/wp-content\/uploads\/2024\/03\/RRI-960x540-Le-flash-2-NOU.jpg","datePublished":"2025-02-04T18:15:24+00:00","dateModified":"2025-02-04T18:40:16+00:00","author":{"@id":"https:\/\/www.rri.ro\/#\/schema\/person\/4a479940371b9fdefd194f561e8a7f88"},"breadcrumb":{"@id":"https:\/\/www.rri.ro\/fr\/actualites\/le-flash\/04-02-2025-mise-a-jour-2-id858393.html#breadcrumb"},"inLanguage":"fr-FR","potentialAction":[{"@type":"ReadAction","target":["https:\/\/www.rri.ro\/fr\/actualites\/le-flash\/04-02-2025-mise-a-jour-2-id858393.html"]}]},{"@type":"ImageObject","inLanguage":"fr-FR","@id":"https:\/\/www.rri.ro\/fr\/actualites\/le-flash\/04-02-2025-mise-a-jour-2-id858393.html#primaryimage","url":"https:\/\/www.rri.ro\/wp-content\/uploads\/2024\/03\/RRI-960x540-Le-flash-2-NOU.jpg","contentUrl":"https:\/\/www.rri.ro\/wp-content\/uploads\/2024\/03\/RRI-960x540-Le-flash-2-NOU.jpg","width":960,"height":540},{"@type":"BreadcrumbList","@id":"https:\/\/www.rri.ro\/fr\/actualites\/le-flash\/04-02-2025-mise-a-jour-2-id858393.html#breadcrumb","itemListElement":[{"@type":"ListItem","position":1,"name":"Page d'accueil","item":"https:\/\/www.rri.ro\/fr"},{"@type":"ListItem","position":2,"name":"Actualit\u00e9s","item":"https:\/\/www.rri.ro\/fr\/actualites"},{"@type":"ListItem","position":3,"name":"Le flash","item":"https:\/\/www.rri.ro\/fr\/actualites\/le-flash"},{"@type":"ListItem","position":4,"name":"04.02.2025 (mise \u00e0 jour 2)"}]},{"@type":"WebSite","@id":"https:\/\/www.rri.ro\/#website","url":"https:\/\/www.rri.ro\/","name":"Radio Roumanie Internationale","description":"Totul despre Rom\u00e2nia \u015fi rom\u00e2ni, \u00een 13 limbi\/dialecte!","inLanguage":"fr-FR"},{"@type":"Person","@id":"https:\/\/www.rri.ro\/#\/schema\/person\/4a479940371b9fdefd194f561e8a7f88","name":"Newsroom","url":"https:\/\/www.rri.ro\/fr\/author\/newsroom"}]}},"_links":{"self":[{"href":"https:\/\/www.rri.ro\/fr\/wp-json\/wp\/v2\/posts\/858393","targetHints":{"allow":["GET"]}}],"collection":[{"href":"https:\/\/www.rri.ro\/fr\/wp-json\/wp\/v2\/posts"}],"about":[{"href":"https:\/\/www.rri.ro\/fr\/wp-json\/wp\/v2\/types\/post"}],"author":[{"embeddable":true,"href":"https:\/\/www.rri.ro\/fr\/wp-json\/wp\/v2\/users\/113"}],"replies":[{"embeddable":true,"href":"https:\/\/www.rri.ro\/fr\/wp-json\/wp\/v2\/comments?post=858393"}],"version-history":[{"count":0,"href":"https:\/\/www.rri.ro\/fr\/wp-json\/wp\/v2\/posts\/858393\/revisions"}],"wp:featuredmedia":[{"embeddable":true,"href":"https:\/\/www.rri.ro\/fr\/wp-json\/wp\/v2\/media\/723357"}],"wp:attachment":[{"href":"https:\/\/www.rri.ro\/fr\/wp-json\/wp\/v2\/media?parent=858393"}],"wp:term":[{"taxonomy":"category","embeddable":true,"href":"https:\/\/www.rri.ro\/fr\/wp-json\/wp\/v2\/categories?post=858393"},{"taxonomy":"post_tag","embeddable":true,"href":"https:\/\/www.rri.ro\/fr\/wp-json\/wp\/v2\/tags?post=858393"},{"taxonomy":"author","embeddable":true,"href":"https:\/\/www.rri.ro\/fr\/wp-json\/wp\/v2\/coauthors?post=858393"}],"curies":[{"name":"wp","href":"https:\/\/api.w.org\/{rel}","templated":true}]}}